{"id":2434,"date":"2026-02-10T20:28:00","date_gmt":"2026-02-11T02:28:00","guid":{"rendered":"https:\/\/creston.com.mx\/?p=2434"},"modified":"2026-02-11T21:24:12","modified_gmt":"2026-02-12T03:24:12","slug":"respaldo-absoluto-del-pri-a-trabajadores-del-sector-salud","status":"publish","type":"post","link":"https:\/\/creston.com.mx\/index.php\/02\/respaldo-absoluto-del-pri-a-trabajadores-del-sector-salud\/politica\/2026\/","title":{"rendered":"Respaldo absoluto del PRI a trabajadores del sector salud"},"content":{"rendered":"\n<p>.<\/p>\n\n\n\n<p class=\"has-medium-font-size\"><strong><em>Carlos Pe\u00f1a Badillo, afirm\u00f3 que el gobierno responde con indolencia y apat\u00eda a las demandas de pago por la profesionalizaci\u00f3n de enfermeras y trabajadoras sociales.<\/em><\/strong><\/p>\n\n\n\n<p>.<\/p>\n\n\n\n<p>El Presidente del Comit\u00e9 Directivo Estatal del PRI, Carlos Pe\u00f1a Badillo, reiter\u00f3 el respaldo absoluto del partido a las demandas y exigencias de las y los trabajadores del sector salud, ante la indolencia y falta de capacidad del gobierno estatal y federal para atender y resolver sus derechos laborales y de profesionalizaci\u00f3n.<\/p>\n\n\n\n<p>Pe\u00f1a Badillo expres\u00f3 su apoyo a m\u00e9dicos, enfermeras, personal administrativo y de trabajo social que hacen lo posible con los recursos que les proporcionan, pues no solo enfrentan la falta de medicamentos y material, sino tambi\u00e9n la ausencia de atenci\u00f3n, respaldo y di\u00e1logo por parte de las autoridades.<\/p>\n\n\n\n<p>En ese sentido, lament\u00f3 que el Secretario de Salud no tenga acercamiento con el Sindicato de Trabajadores del Sector Salud, \u201cporque no se entienden\u201d, cuando su obligaci\u00f3n es cumplir con su responsabilidad, atender y resolver las demandas.<\/p>\n\n\n<div class=\"wp-block-image\">\n<figure class=\"alignleft size-medium is-resized\"><img fetchpriority=\"high\" decoding=\"async\" width=\"300\" height=\"225\" src=\"https:\/\/creston.com.mx\/wp-content\/uploads\/2026\/02\/IMG-20260210-WA0014-300x225.jpg\" alt=\"\" class=\"wp-image-2436\" style=\"width:459px;height:auto\" srcset=\"https:\/\/creston.com.mx\/wp-content\/uploads\/2026\/02\/IMG-20260210-WA0014-300x225.jpg 300w, https:\/\/creston.com.mx\/wp-content\/uploads\/2026\/02\/IMG-20260210-WA0014-1024x768.jpg 1024w, https:\/\/creston.com.mx\/wp-content\/uploads\/2026\/02\/IMG-20260210-WA0014-768x576.jpg 768w, https:\/\/creston.com.mx\/wp-content\/uploads\/2026\/02\/IMG-20260210-WA0014-1536x1152.jpg 1536w, https:\/\/creston.com.mx\/wp-content\/uploads\/2026\/02\/IMG-20260210-WA0014-2048x1536.jpg 2048w\" sizes=\"(max-width: 300px) 100vw, 300px\" \/><\/figure>\n<\/div>\n\n\n<p>Adem\u00e1s, pidi\u00f3 no confundir la profesionalizaci\u00f3n con el escalaf\u00f3n, ya que son conceptos distintos y la obligaci\u00f3n de respetar los derechos adquiridos del Sindicato de Salud corresponde al gobierno estatal.<\/p>\n\n\n\n<p>Asimismo, conden\u00f3 que otros funcionarios del gobierno estatal se distraigan en asuntos y aspiraciones personales, y no atiendan los problemas torales del estado, como ocurre en la Secretar\u00eda General de Gobierno, donde, dijo, se enfocan en conocer las colonias de la capital en lugar de solucionar las verdaderas dificultades que enfrenta Zacatecas.<\/p>\n\n\n\n<p>\u201cEl PRI siempre alzar\u00e1 la voz por las demandas justas y necesarias\u201d, concluy\u00f3 el dirigente estatal priista.<\/p>\n\n\n\n<p>.<\/p>\n\n\n\n\n\n<p>.<\/p>\n\n\n<div class=\"wp-block-image\">\n<figure class=\"aligncenter size-medium is-resized\"><img decoding=\"async\" width=\"255\" height=\"300\" src=\"https:\/\/creston.com.mx\/wp-content\/uploads\/2025\/06\/Anuncio-salon-eventos-255x300.jpg\" alt=\"\" class=\"wp-image-966\" style=\"aspect-ratio:0.8500244259892525;width:531px;height:auto\" srcset=\"https:\/\/creston.com.mx\/wp-content\/uploads\/2025\/06\/Anuncio-salon-eventos-255x300.jpg 255w, https:\/\/creston.com.mx\/wp-content\/uploads\/2025\/06\/Anuncio-salon-eventos-870x1024.jpg 870w, https:\/\/creston.com.mx\/wp-content\/uploads\/2025\/06\/Anuncio-salon-eventos-768x904.jpg 768w, https:\/\/creston.com.mx\/wp-content\/uploads\/2025\/06\/Anuncio-salon-eventos.jpg 1275w\" sizes=\"(max-width: 255px) 100vw, 255px\" \/><\/figure>\n<\/div>\n\n\n<p><\/p>\n","protected":false},"excerpt":{"rendered":"<p>. Carlos Pe\u00f1a Badillo, afirm\u00f3 que el gobierno responde con indolencia y apat\u00eda a las demandas de pago por la profesionalizaci\u00f3n de enfermeras y trabajadoras sociales. . El Presidente del&hellip; <\/p>\n","protected":false},"author":1,"featured_media":2435,"comment_status":"open","ping_status":"closed","sticky":false,"template":"","format":"standard","meta":{"_jetpack_memberships_contains_paid_content":false,"footnotes":""},"categories":[2],"tags":[],"class_list":["post-2434","post","type-post","status-publish","format-standard","has-post-thumbnail","hentry","category-politica"],"yoast_head":"<!-- This site is optimized with the Yoast SEO plugin v24.2 - https:\/\/yoast.com\/wordpress\/plugins\/seo\/ -->\n<title>Respaldo absoluto del PRI a trabajadores del sector salud - Peri\u00f3dico Digital de Zacatecas<\/title>\n<meta name=\"robots\" content=\"index, follow, max-snippet:-1, max-image-preview:large, max-video-preview:-1\" \/>\n<link rel=\"canonical\" href=\"https:\/\/creston.com.mx\/index.php\/02\/respaldo-absoluto-del-pri-a-trabajadores-del-sector-salud\/politica\/2026\/\" \/>\n<meta property=\"og:locale\" content=\"es_ES\" \/>\n<meta property=\"og:type\" content=\"article\" \/>\n<meta property=\"og:title\" content=\"Respaldo absoluto del PRI a trabajadores del sector salud - Peri\u00f3dico Digital de Zacatecas\" \/>\n<meta property=\"og:description\" content=\". Carlos Pe\u00f1a Badillo, afirm\u00f3 que el gobierno responde con indolencia y apat\u00eda a las demandas de pago por la profesionalizaci\u00f3n de enfermeras y trabajadoras sociales. . El Presidente del&hellip;\" \/>\n<meta property=\"og:url\" content=\"https:\/\/creston.com.mx\/index.php\/02\/respaldo-absoluto-del-pri-a-trabajadores-del-sector-salud\/politica\/2026\/\" \/>\n<meta property=\"og:site_name\" content=\"Peri\u00f3dico Digital de Zacatecas\" \/>\n<meta property=\"article:published_time\" content=\"2026-02-11T02:28:00+00:00\" \/>\n<meta property=\"article:modified_time\" content=\"2026-02-12T03:24:12+00:00\" \/>\n<meta property=\"og:image\" content=\"https:\/\/creston.com.mx\/wp-content\/uploads\/2026\/02\/IMG-20260210-WA0011.jpg\" \/>\n\t<meta property=\"og:image:width\" content=\"1600\" \/>\n\t<meta property=\"og:image:height\" content=\"1069\" \/>\n\t<meta property=\"og:image:type\" content=\"image\/jpeg\" \/>\n<meta name=\"author\" content=\"Periodico Creston\" \/>\n<meta name=\"twitter:card\" content=\"summary_large_image\" \/>\n<meta name=\"twitter:label1\" content=\"Escrito por\" \/>\n\t<meta name=\"twitter:data1\" content=\"Periodico Creston\" \/>\n\t<meta name=\"twitter:label2\" content=\"Tiempo de lectura\" \/>\n\t<meta name=\"twitter:data2\" content=\"2 minutos\" \/>\n<script type=\"application\/ld+json\" class=\"yoast-schema-graph\">{\"@context\":\"https:\/\/schema.org\",\"@graph\":[{\"@type\":\"Article\",\"@id\":\"https:\/\/creston.com.mx\/index.php\/02\/respaldo-absoluto-del-pri-a-trabajadores-del-sector-salud\/politica\/2026\/#article\",\"isPartOf\":{\"@id\":\"https:\/\/creston.com.mx\/index.php\/02\/respaldo-absoluto-del-pri-a-trabajadores-del-sector-salud\/politica\/2026\/\"},\"author\":{\"name\":\"Periodico Creston\",\"@id\":\"https:\/\/creston.com.mx\/#\/schema\/person\/01f2ce9e289bc5300c759925ef768c1d\"},\"headline\":\"Respaldo absoluto del PRI a trabajadores del sector salud\",\"datePublished\":\"2026-02-11T02:28:00+00:00\",\"dateModified\":\"2026-02-12T03:24:12+00:00\",\"mainEntityOfPage\":{\"@id\":\"https:\/\/creston.com.mx\/index.php\/02\/respaldo-absoluto-del-pri-a-trabajadores-del-sector-salud\/politica\/2026\/\"},\"wordCount\":286,\"commentCount\":0,\"publisher\":{\"@id\":\"https:\/\/creston.com.mx\/#organization\"},\"image\":{\"@id\":\"https:\/\/creston.com.mx\/index.php\/02\/respaldo-absoluto-del-pri-a-trabajadores-del-sector-salud\/politica\/2026\/#primaryimage\"},\"thumbnailUrl\":\"https:\/\/creston.com.mx\/wp-content\/uploads\/2026\/02\/IMG-20260210-WA0011.jpg\",\"articleSection\":[\"Pol\u00edtica\"],\"inLanguage\":\"es\",\"potentialAction\":[{\"@type\":\"CommentAction\",\"name\":\"Comment\",\"target\":[\"https:\/\/creston.com.mx\/index.php\/02\/respaldo-absoluto-del-pri-a-trabajadores-del-sector-salud\/politica\/2026\/#respond\"]}]},{\"@type\":\"WebPage\",\"@id\":\"https:\/\/creston.com.mx\/index.php\/02\/respaldo-absoluto-del-pri-a-trabajadores-del-sector-salud\/politica\/2026\/\",\"url\":\"https:\/\/creston.com.mx\/index.php\/02\/respaldo-absoluto-del-pri-a-trabajadores-del-sector-salud\/politica\/2026\/\",\"name\":\"Respaldo absoluto del PRI a trabajadores del sector salud - Peri\u00f3dico Digital de Zacatecas\",\"isPartOf\":{\"@id\":\"https:\/\/creston.com.mx\/#website\"},\"primaryImageOfPage\":{\"@id\":\"https:\/\/creston.com.mx\/index.php\/02\/respaldo-absoluto-del-pri-a-trabajadores-del-sector-salud\/politica\/2026\/#primaryimage\"},\"image\":{\"@id\":\"https:\/\/creston.com.mx\/index.php\/02\/respaldo-absoluto-del-pri-a-trabajadores-del-sector-salud\/politica\/2026\/#primaryimage\"},\"thumbnailUrl\":\"https:\/\/creston.com.mx\/wp-content\/uploads\/2026\/02\/IMG-20260210-WA0011.jpg\",\"datePublished\":\"2026-02-11T02:28:00+00:00\",\"dateModified\":\"2026-02-12T03:24:12+00:00\",\"breadcrumb\":{\"@id\":\"https:\/\/creston.com.mx\/index.php\/02\/respaldo-absoluto-del-pri-a-trabajadores-del-sector-salud\/politica\/2026\/#breadcrumb\"},\"inLanguage\":\"es\",\"potentialAction\":[{\"@type\":\"ReadAction\",\"target\":[\"https:\/\/creston.com.mx\/index.php\/02\/respaldo-absoluto-del-pri-a-trabajadores-del-sector-salud\/politica\/2026\/\"]}]},{\"@type\":\"ImageObject\",\"inLanguage\":\"es\",\"@id\":\"https:\/\/creston.com.mx\/index.php\/02\/respaldo-absoluto-del-pri-a-trabajadores-del-sector-salud\/politica\/2026\/#primaryimage\",\"url\":\"https:\/\/creston.com.mx\/wp-content\/uploads\/2026\/02\/IMG-20260210-WA0011.jpg\",\"contentUrl\":\"https:\/\/creston.com.mx\/wp-content\/uploads\/2026\/02\/IMG-20260210-WA0011.jpg\",\"width\":1600,\"height\":1069},{\"@type\":\"BreadcrumbList\",\"@id\":\"https:\/\/creston.com.mx\/index.php\/02\/respaldo-absoluto-del-pri-a-trabajadores-del-sector-salud\/politica\/2026\/#breadcrumb\",\"itemListElement\":[{\"@type\":\"ListItem\",\"position\":1,\"name\":\"Portada\",\"item\":\"https:\/\/creston.com.mx\/\"},{\"@type\":\"ListItem\",\"position\":2,\"name\":\"Respaldo absoluto del PRI a trabajadores del sector salud\"}]},{\"@type\":\"WebSite\",\"@id\":\"https:\/\/creston.com.mx\/#website\",\"url\":\"https:\/\/creston.com.mx\/\",\"name\":\"Peri\u00f3dico Digital de Zacatecas\",\"description\":\"\",\"publisher\":{\"@id\":\"https:\/\/creston.com.mx\/#organization\"},\"potentialAction\":[{\"@type\":\"SearchAction\",\"target\":{\"@type\":\"EntryPoint\",\"urlTemplate\":\"https:\/\/creston.com.mx\/?s={search_term_string}\"},\"query-input\":{\"@type\":\"PropertyValueSpecification\",\"valueRequired\":true,\"valueName\":\"search_term_string\"}}],\"inLanguage\":\"es\"},{\"@type\":\"Organization\",\"@id\":\"https:\/\/creston.com.mx\/#organization\",\"name\":\"Peri\u00f3dico Digital de Zacatecas\",\"url\":\"https:\/\/creston.com.mx\/\",\"logo\":{\"@type\":\"ImageObject\",\"inLanguage\":\"es\",\"@id\":\"https:\/\/creston.com.mx\/#\/schema\/logo\/image\/\",\"url\":\"https:\/\/creston.com.mx\/wp-content\/uploads\/2026\/02\/cropped-Logo-Creston2.jpg\",\"contentUrl\":\"https:\/\/creston.com.mx\/wp-content\/uploads\/2026\/02\/cropped-Logo-Creston2.jpg\",\"width\":503,\"height\":194,\"caption\":\"Peri\u00f3dico Digital  de Zacatecas\"},\"image\":{\"@id\":\"https:\/\/creston.com.mx\/#\/schema\/logo\/image\/\"}},{\"@type\":\"Person\",\"@id\":\"https:\/\/creston.com.mx\/#\/schema\/person\/01f2ce9e289bc5300c759925ef768c1d\",\"name\":\"Periodico Creston\",\"image\":{\"@type\":\"ImageObject\",\"inLanguage\":\"es\",\"@id\":\"https:\/\/creston.com.mx\/#\/schema\/person\/image\/\",\"url\":\"https:\/\/secure.gravatar.com\/avatar\/c91eac1cf0d45897b6d294d474aa7713a194d460be0aaf72157553d050cda1c1?s=96&d=mm&r=g\",\"contentUrl\":\"https:\/\/secure.gravatar.com\/avatar\/c91eac1cf0d45897b6d294d474aa7713a194d460be0aaf72157553d050cda1c1?s=96&d=mm&r=g\",\"caption\":\"Periodico Creston\"},\"sameAs\":[\"https:\/\/creston.com.mx\"],\"url\":\"https:\/\/creston.com.mx\/index.php\/author\/cstnalja96\/\"}]}<\/script>\n<!-- \/ Yoast SEO plugin. -->","yoast_head_json":{"title":"Respaldo absoluto del PRI a trabajadores del sector salud - Peri\u00f3dico Digital de Zacatecas","robots":{"index":"index","follow":"follow","max-snippet":"max-snippet:-1","max-image-preview":"max-image-preview:large","max-video-preview":"max-video-preview:-1"},"canonical":"https:\/\/creston.com.mx\/index.php\/02\/respaldo-absoluto-del-pri-a-trabajadores-del-sector-salud\/politica\/2026\/","og_locale":"es_ES","og_type":"article","og_title":"Respaldo absoluto del PRI a trabajadores del sector salud - Peri\u00f3dico Digital de Zacatecas","og_description":". Carlos Pe\u00f1a Badillo, afirm\u00f3 que el gobierno responde con indolencia y apat\u00eda a las demandas de pago por la profesionalizaci\u00f3n de enfermeras y trabajadoras sociales. . El Presidente del&hellip;","og_url":"https:\/\/creston.com.mx\/index.php\/02\/respaldo-absoluto-del-pri-a-trabajadores-del-sector-salud\/politica\/2026\/","og_site_name":"Peri\u00f3dico Digital de Zacatecas","article_published_time":"2026-02-11T02:28:00+00:00","article_modified_time":"2026-02-12T03:24:12+00:00","og_image":[{"width":1600,"height":1069,"url":"https:\/\/creston.com.mx\/wp-content\/uploads\/2026\/02\/IMG-20260210-WA0011.jpg","type":"image\/jpeg"}],"author":"Periodico Creston","twitter_card":"summary_large_image","twitter_misc":{"Escrito por":"Periodico Creston","Tiempo de lectura":"2 minutos"},"schema":{"@context":"https:\/\/schema.org","@graph":[{"@type":"Article","@id":"https:\/\/creston.com.mx\/index.php\/02\/respaldo-absoluto-del-pri-a-trabajadores-del-sector-salud\/politica\/2026\/#article","isPartOf":{"@id":"https:\/\/creston.com.mx\/index.php\/02\/respaldo-absoluto-del-pri-a-trabajadores-del-sector-salud\/politica\/2026\/"},"author":{"name":"Periodico Creston","@id":"https:\/\/creston.com.mx\/#\/schema\/person\/01f2ce9e289bc5300c759925ef768c1d"},"headline":"Respaldo absoluto del PRI a trabajadores del sector salud","datePublished":"2026-02-11T02:28:00+00:00","dateModified":"2026-02-12T03:24:12+00:00","mainEntityOfPage":{"@id":"https:\/\/creston.com.mx\/index.php\/02\/respaldo-absoluto-del-pri-a-trabajadores-del-sector-salud\/politica\/2026\/"},"wordCount":286,"commentCount":0,"publisher":{"@id":"https:\/\/creston.com.mx\/#organization"},"image":{"@id":"https:\/\/creston.com.mx\/index.php\/02\/respaldo-absoluto-del-pri-a-trabajadores-del-sector-salud\/politica\/2026\/#primaryimage"},"thumbnailUrl":"https:\/\/creston.com.mx\/wp-content\/uploads\/2026\/02\/IMG-20260210-WA0011.jpg","articleSection":["Pol\u00edtica"],"inLanguage":"es","potentialAction":[{"@type":"CommentAction","name":"Comment","target":["https:\/\/creston.com.mx\/index.php\/02\/respaldo-absoluto-del-pri-a-trabajadores-del-sector-salud\/politica\/2026\/#respond"]}]},{"@type":"WebPage","@id":"https:\/\/creston.com.mx\/index.php\/02\/respaldo-absoluto-del-pri-a-trabajadores-del-sector-salud\/politica\/2026\/","url":"https:\/\/creston.com.mx\/index.php\/02\/respaldo-absoluto-del-pri-a-trabajadores-del-sector-salud\/politica\/2026\/","name":"Respaldo absoluto del PRI a trabajadores del sector salud - Peri\u00f3dico Digital de Zacatecas","isPartOf":{"@id":"https:\/\/creston.com.mx\/#website"},"primaryImageOfPage":{"@id":"https:\/\/creston.com.mx\/index.php\/02\/respaldo-absoluto-del-pri-a-trabajadores-del-sector-salud\/politica\/2026\/#primaryimage"},"image":{"@id":"https:\/\/creston.com.mx\/index.php\/02\/respaldo-absoluto-del-pri-a-trabajadores-del-sector-salud\/politica\/2026\/#primaryimage"},"thumbnailUrl":"https:\/\/creston.com.mx\/wp-content\/uploads\/2026\/02\/IMG-20260210-WA0011.jpg","datePublished":"2026-02-11T02:28:00+00:00","dateModified":"2026-02-12T03:24:12+00:00","breadcrumb":{"@id":"https:\/\/creston.com.mx\/index.php\/02\/respaldo-absoluto-del-pri-a-trabajadores-del-sector-salud\/politica\/2026\/#breadcrumb"},"inLanguage":"es","potentialAction":[{"@type":"ReadAction","target":["https:\/\/creston.com.mx\/index.php\/02\/respaldo-absoluto-del-pri-a-trabajadores-del-sector-salud\/politica\/2026\/"]}]},{"@type":"ImageObject","inLanguage":"es","@id":"https:\/\/creston.com.mx\/index.php\/02\/respaldo-absoluto-del-pri-a-trabajadores-del-sector-salud\/politica\/2026\/#primaryimage","url":"https:\/\/creston.com.mx\/wp-content\/uploads\/2026\/02\/IMG-20260210-WA0011.jpg","contentUrl":"https:\/\/creston.com.mx\/wp-content\/uploads\/2026\/02\/IMG-20260210-WA0011.jpg","width":1600,"height":1069},{"@type":"BreadcrumbList","@id":"https:\/\/creston.com.mx\/index.php\/02\/respaldo-absoluto-del-pri-a-trabajadores-del-sector-salud\/politica\/2026\/#breadcrumb","itemListElement":[{"@type":"ListItem","position":1,"name":"Portada","item":"https:\/\/creston.com.mx\/"},{"@type":"ListItem","position":2,"name":"Respaldo absoluto del PRI a trabajadores del sector salud"}]},{"@type":"WebSite","@id":"https:\/\/creston.com.mx\/#website","url":"https:\/\/creston.com.mx\/","name":"Peri\u00f3dico Digital de Zacatecas","description":"","publisher":{"@id":"https:\/\/creston.com.mx\/#organization"},"potentialAction":[{"@type":"SearchAction","target":{"@type":"EntryPoint","urlTemplate":"https:\/\/creston.com.mx\/?s={search_term_string}"},"query-input":{"@type":"PropertyValueSpecification","valueRequired":true,"valueName":"search_term_string"}}],"inLanguage":"es"},{"@type":"Organization","@id":"https:\/\/creston.com.mx\/#organization","name":"Peri\u00f3dico Digital de Zacatecas","url":"https:\/\/creston.com.mx\/","logo":{"@type":"ImageObject","inLanguage":"es","@id":"https:\/\/creston.com.mx\/#\/schema\/logo\/image\/","url":"https:\/\/creston.com.mx\/wp-content\/uploads\/2026\/02\/cropped-Logo-Creston2.jpg","contentUrl":"https:\/\/creston.com.mx\/wp-content\/uploads\/2026\/02\/cropped-Logo-Creston2.jpg","width":503,"height":194,"caption":"Peri\u00f3dico Digital  de Zacatecas"},"image":{"@id":"https:\/\/creston.com.mx\/#\/schema\/logo\/image\/"}},{"@type":"Person","@id":"https:\/\/creston.com.mx\/#\/schema\/person\/01f2ce9e289bc5300c759925ef768c1d","name":"Periodico Creston","image":{"@type":"ImageObject","inLanguage":"es","@id":"https:\/\/creston.com.mx\/#\/schema\/person\/image\/","url":"https:\/\/secure.gravatar.com\/avatar\/c91eac1cf0d45897b6d294d474aa7713a194d460be0aaf72157553d050cda1c1?s=96&d=mm&r=g","contentUrl":"https:\/\/secure.gravatar.com\/avatar\/c91eac1cf0d45897b6d294d474aa7713a194d460be0aaf72157553d050cda1c1?s=96&d=mm&r=g","caption":"Periodico Creston"},"sameAs":["https:\/\/creston.com.mx"],"url":"https:\/\/creston.com.mx\/index.php\/author\/cstnalja96\/"}]}},"jetpack_sharing_enabled":true,"jetpack_featured_media_url":"https:\/\/creston.com.mx\/wp-content\/uploads\/2026\/02\/IMG-20260210-WA0011.jpg","_links":{"self":[{"href":"https:\/\/creston.com.mx\/index.php\/wp-json\/wp\/v2\/posts\/2434","targetHints":{"allow":["GET"]}}],"collection":[{"href":"https:\/\/creston.com.mx\/index.php\/wp-json\/wp\/v2\/posts"}],"about":[{"href":"https:\/\/creston.com.mx\/index.php\/wp-json\/wp\/v2\/types\/post"}],"author":[{"embeddable":true,"href":"https:\/\/creston.com.mx\/index.php\/wp-json\/wp\/v2\/users\/1"}],"replies":[{"embeddable":true,"href":"https:\/\/creston.com.mx\/index.php\/wp-json\/wp\/v2\/comments?post=2434"}],"version-history":[{"count":3,"href":"https:\/\/creston.com.mx\/index.php\/wp-json\/wp\/v2\/posts\/2434\/revisions"}],"predecessor-version":[{"id":2451,"href":"https:\/\/creston.com.mx\/index.php\/wp-json\/wp\/v2\/posts\/2434\/revisions\/2451"}],"wp:featuredmedia":[{"embeddable":true,"href":"https:\/\/creston.com.mx\/index.php\/wp-json\/wp\/v2\/media\/2435"}],"wp:attachment":[{"href":"https:\/\/creston.com.mx\/index.php\/wp-json\/wp\/v2\/media?parent=2434"}],"wp:term":[{"taxonomy":"category","embeddable":true,"href":"https:\/\/creston.com.mx\/index.php\/wp-json\/wp\/v2\/categories?post=2434"},{"taxonomy":"post_tag","embeddable":true,"href":"https:\/\/creston.com.mx\/index.php\/wp-json\/wp\/v2\/tags?post=2434"}],"curies":[{"name":"wp","href":"https:\/\/api.w.org\/{rel}","templated":true}]}}