{"id":2431,"date":"2026-02-10T20:31:00","date_gmt":"2026-02-11T02:31:00","guid":{"rendered":"https:\/\/creston.com.mx\/?p=2431"},"modified":"2026-02-11T21:22:58","modified_gmt":"2026-02-12T03:22:58","slug":"va-pt-por-la-eliminacion-del-veto-de-bolsillo-en-zacatecas","status":"publish","type":"post","link":"https:\/\/creston.com.mx\/index.php\/02\/va-pt-por-la-eliminacion-del-veto-de-bolsillo-en-zacatecas\/politica\/2026\/","title":{"rendered":"Va PT por la eliminaci\u00f3n del veto de bolsillo en Zacatecas"},"content":{"rendered":"\n<p>.<\/p>\n\n\n\n<p class=\"has-medium-font-size\"><strong><em>Presentan iniciativa de ley para que se publique lo que aprueba el congreso, que leyes y decretos no queden sin efectos por la omisi\u00f3n del poder ejecutivo.<\/em><\/strong><\/p>\n\n\n\n<p>.<\/p>\n\n\n\n<p>La diputada Renata \u00c1vila Valadez, a nombre del Grupo Parlamentario del Partido del Trabajo (GPPT), present\u00f3 una iniciativa de decreto para erradicar el denominado veto de bolsillo en el estado de Zacatecas, una pr\u00e1ctica que permite que leyes y decretos aprobados por el Congreso queden sin efectos por la sola omisi\u00f3n del Poder Ejecutivo.<\/p>\n\n\n\n<p>Durante su intervenci\u00f3n ante el Pleno, la legisladora se\u00f1al\u00f3 que la discusi\u00f3n no es ideol\u00f3gica ni partidista, sino institucional y democr\u00e1tica, al cuestionar si las decisiones adoptadas por el legislativo deben cumplirse o pueden ser anuladas por la inacci\u00f3n.<\/p>\n\n\n\n<p>\u201cHoy venimos a discutir algo mucho m\u00e1s elemental: si las decisiones que adopta este congreso, como \u00f3rgano depositario de la representaci\u00f3n popular, deben cumplirse o pueden quedar anuladas por la simple omisi\u00f3n\u201d, apunt\u00f3. <\/p>\n\n\n\n<p>\u00c1vila Valadez explic\u00f3 que la iniciativa retoma el modelo previsto en el art\u00edculo 72 de la Constituci\u00f3n Federal, mediante el cual se garantiza la culminaci\u00f3n del proceso legislativo aun cuando el Ejecutivo no promulgue ni publique una ley dentro de los plazos constitucionales, por lo que subray\u00f3 que, aunque esta figura ya fue erradicada del \u00e1mbito federal desde 2010, Zacatecas mantiene un vac\u00edo normativo que permite su persistencia.<\/p>\n\n\n\n<p>La diputada advirti\u00f3 que este problema no es te\u00f3rico ni hipot\u00e9tico, pues en lo que va de la actual Legislatura existen 63 productos legislativos aprobados que no han sido publicados en el Peri\u00f3dico Oficial del Estado, pese a haber cumplido con todas las etapas del procedimiento constitucional.<\/p>\n\n\n\n<p>Se\u00f1al\u00f3 que cada ley no publicada representa derechos que se retrasan o se cancelan en los hechos, afectando directamente a la ciudadan\u00eda, particularmente a grupos en situaci\u00f3n de vulnerabilidad, por lo que el veto de bolsillo constituye tambi\u00e9n una forma de violaci\u00f3n indirecta a los derechos humanos.<\/p>\n\n\n\n<p>\u201cLas consecuencias de esto son graves. Cuando una ley no se publica no se afecta solo al legislativo, se afecta a toda la sociedad\u201d, dijo.<\/p>\n\n\n\n<p>Enfatiz\u00f3 que la iniciativa, presentada junto con el diputado Alfredo Femat Ba\u00f1uelos, no elimina el derecho de veto del Ejecutivo, sino que lo regula y lo hace responsable, fortaleciendo el equilibrio entre poderes, la certeza jur\u00eddica y el Estado democr\u00e1tico de derecho en Zacatecas.<\/p>\n\n\n\n<p>Finalmente, la legisladora destac\u00f3 que diversos estados del pa\u00eds ya cuentan con mecanismos similares, por lo que la reforma no representa una ocurrencia, sino una soluci\u00f3n institucional probada para cerrar definitivamente la puerta al veto de bolsillo.<\/p>\n\n\n\n<p>La iniciativa fue suscrita por diputadas y diputados de diversas fracciones parlamentarias y turnada a la Comisi\u00f3n de Puntos Constitucionales para su an\u00e1lisis.<\/p>\n\n\n\n<p>.<\/p>\n\n\n\n\n\n<p>.<\/p>\n\n\n<div class=\"wp-block-image\">\n<figure class=\"aligncenter size-large is-resized\"><img fetchpriority=\"high\" decoding=\"async\" width=\"870\" height=\"1024\" src=\"https:\/\/creston.com.mx\/wp-content\/uploads\/2025\/06\/Anuncio-salon-eventos-870x1024.jpg\" alt=\"\" class=\"wp-image-966\" style=\"aspect-ratio:0.8496112270054997;width:618px;height:auto\" srcset=\"https:\/\/creston.com.mx\/wp-content\/uploads\/2025\/06\/Anuncio-salon-eventos-870x1024.jpg 870w, https:\/\/creston.com.mx\/wp-content\/uploads\/2025\/06\/Anuncio-salon-eventos-255x300.jpg 255w, https:\/\/creston.com.mx\/wp-content\/uploads\/2025\/06\/Anuncio-salon-eventos-768x904.jpg 768w, https:\/\/creston.com.mx\/wp-content\/uploads\/2025\/06\/Anuncio-salon-eventos.jpg 1275w\" sizes=\"(max-width: 870px) 100vw, 870px\" \/><\/figure>\n<\/div>","protected":false},"excerpt":{"rendered":"<p>. Presentan iniciativa de ley para que se publique lo que aprueba el congreso, que leyes y decretos no queden sin efectos por la omisi\u00f3n del poder ejecutivo. . La&hellip; <\/p>\n","protected":false},"author":1,"featured_media":2433,"comment_status":"open","ping_status":"closed","sticky":false,"template":"","format":"standard","meta":{"_jetpack_memberships_contains_paid_content":false,"footnotes":""},"categories":[2],"tags":[],"class_list":["post-2431","post","type-post","status-publish","format-standard","has-post-thumbnail","hentry","category-politica"],"yoast_head":"<!-- This site is optimized with the Yoast SEO plugin v24.2 - https:\/\/yoast.com\/wordpress\/plugins\/seo\/ -->\n<title>Va PT por la eliminaci\u00f3n del veto de bolsillo en Zacatecas - Peri\u00f3dico Digital de Zacatecas<\/title>\n<meta name=\"robots\" content=\"index, follow, max-snippet:-1, max-image-preview:large, max-video-preview:-1\" \/>\n<link rel=\"canonical\" href=\"https:\/\/creston.com.mx\/index.php\/02\/va-pt-por-la-eliminacion-del-veto-de-bolsillo-en-zacatecas\/politica\/2026\/\" \/>\n<meta property=\"og:locale\" content=\"es_ES\" \/>\n<meta property=\"og:type\" content=\"article\" \/>\n<meta property=\"og:title\" content=\"Va PT por la eliminaci\u00f3n del veto de bolsillo en Zacatecas - Peri\u00f3dico Digital de Zacatecas\" \/>\n<meta property=\"og:description\" content=\". Presentan iniciativa de ley para que se publique lo que aprueba el congreso, que leyes y decretos no queden sin efectos por la omisi\u00f3n del poder ejecutivo. . La&hellip;\" \/>\n<meta property=\"og:url\" content=\"https:\/\/creston.com.mx\/index.php\/02\/va-pt-por-la-eliminacion-del-veto-de-bolsillo-en-zacatecas\/politica\/2026\/\" \/>\n<meta property=\"og:site_name\" content=\"Peri\u00f3dico Digital de Zacatecas\" \/>\n<meta property=\"article:published_time\" content=\"2026-02-11T02:31:00+00:00\" \/>\n<meta property=\"article:modified_time\" content=\"2026-02-12T03:22:58+00:00\" \/>\n<meta property=\"og:image\" content=\"https:\/\/creston.com.mx\/wp-content\/uploads\/2026\/02\/IMG-20260211-WA0002.jpg\" \/>\n\t<meta property=\"og:image:width\" content=\"1600\" \/>\n\t<meta property=\"og:image:height\" content=\"1066\" \/>\n\t<meta property=\"og:image:type\" content=\"image\/jpeg\" \/>\n<meta name=\"author\" content=\"Periodico Creston\" \/>\n<meta name=\"twitter:card\" content=\"summary_large_image\" \/>\n<meta name=\"twitter:label1\" content=\"Escrito por\" \/>\n\t<meta name=\"twitter:data1\" content=\"Periodico Creston\" \/>\n\t<meta name=\"twitter:label2\" content=\"Tiempo de lectura\" \/>\n\t<meta name=\"twitter:data2\" content=\"3 minutos\" \/>\n<script type=\"application\/ld+json\" class=\"yoast-schema-graph\">{\"@context\":\"https:\/\/schema.org\",\"@graph\":[{\"@type\":\"Article\",\"@id\":\"https:\/\/creston.com.mx\/index.php\/02\/va-pt-por-la-eliminacion-del-veto-de-bolsillo-en-zacatecas\/politica\/2026\/#article\",\"isPartOf\":{\"@id\":\"https:\/\/creston.com.mx\/index.php\/02\/va-pt-por-la-eliminacion-del-veto-de-bolsillo-en-zacatecas\/politica\/2026\/\"},\"author\":{\"name\":\"Periodico Creston\",\"@id\":\"https:\/\/creston.com.mx\/#\/schema\/person\/01f2ce9e289bc5300c759925ef768c1d\"},\"headline\":\"Va PT por la eliminaci\u00f3n del veto de bolsillo en Zacatecas\",\"datePublished\":\"2026-02-11T02:31:00+00:00\",\"dateModified\":\"2026-02-12T03:22:58+00:00\",\"mainEntityOfPage\":{\"@id\":\"https:\/\/creston.com.mx\/index.php\/02\/va-pt-por-la-eliminacion-del-veto-de-bolsillo-en-zacatecas\/politica\/2026\/\"},\"wordCount\":484,\"commentCount\":0,\"publisher\":{\"@id\":\"https:\/\/creston.com.mx\/#organization\"},\"image\":{\"@id\":\"https:\/\/creston.com.mx\/index.php\/02\/va-pt-por-la-eliminacion-del-veto-de-bolsillo-en-zacatecas\/politica\/2026\/#primaryimage\"},\"thumbnailUrl\":\"https:\/\/creston.com.mx\/wp-content\/uploads\/2026\/02\/IMG-20260211-WA0002.jpg\",\"articleSection\":[\"Pol\u00edtica\"],\"inLanguage\":\"es\",\"potentialAction\":[{\"@type\":\"CommentAction\",\"name\":\"Comment\",\"target\":[\"https:\/\/creston.com.mx\/index.php\/02\/va-pt-por-la-eliminacion-del-veto-de-bolsillo-en-zacatecas\/politica\/2026\/#respond\"]}]},{\"@type\":\"WebPage\",\"@id\":\"https:\/\/creston.com.mx\/index.php\/02\/va-pt-por-la-eliminacion-del-veto-de-bolsillo-en-zacatecas\/politica\/2026\/\",\"url\":\"https:\/\/creston.com.mx\/index.php\/02\/va-pt-por-la-eliminacion-del-veto-de-bolsillo-en-zacatecas\/politica\/2026\/\",\"name\":\"Va PT por la eliminaci\u00f3n del veto de bolsillo en Zacatecas - Peri\u00f3dico Digital de Zacatecas\",\"isPartOf\":{\"@id\":\"https:\/\/creston.com.mx\/#website\"},\"primaryImageOfPage\":{\"@id\":\"https:\/\/creston.com.mx\/index.php\/02\/va-pt-por-la-eliminacion-del-veto-de-bolsillo-en-zacatecas\/politica\/2026\/#primaryimage\"},\"image\":{\"@id\":\"https:\/\/creston.com.mx\/index.php\/02\/va-pt-por-la-eliminacion-del-veto-de-bolsillo-en-zacatecas\/politica\/2026\/#primaryimage\"},\"thumbnailUrl\":\"https:\/\/creston.com.mx\/wp-content\/uploads\/2026\/02\/IMG-20260211-WA0002.jpg\",\"datePublished\":\"2026-02-11T02:31:00+00:00\",\"dateModified\":\"2026-02-12T03:22:58+00:00\",\"breadcrumb\":{\"@id\":\"https:\/\/creston.com.mx\/index.php\/02\/va-pt-por-la-eliminacion-del-veto-de-bolsillo-en-zacatecas\/politica\/2026\/#breadcrumb\"},\"inLanguage\":\"es\",\"potentialAction\":[{\"@type\":\"ReadAction\",\"target\":[\"https:\/\/creston.com.mx\/index.php\/02\/va-pt-por-la-eliminacion-del-veto-de-bolsillo-en-zacatecas\/politica\/2026\/\"]}]},{\"@type\":\"ImageObject\",\"inLanguage\":\"es\",\"@id\":\"https:\/\/creston.com.mx\/index.php\/02\/va-pt-por-la-eliminacion-del-veto-de-bolsillo-en-zacatecas\/politica\/2026\/#primaryimage\",\"url\":\"https:\/\/creston.com.mx\/wp-content\/uploads\/2026\/02\/IMG-20260211-WA0002.jpg\",\"contentUrl\":\"https:\/\/creston.com.mx\/wp-content\/uploads\/2026\/02\/IMG-20260211-WA0002.jpg\",\"width\":1600,\"height\":1066},{\"@type\":\"BreadcrumbList\",\"@id\":\"https:\/\/creston.com.mx\/index.php\/02\/va-pt-por-la-eliminacion-del-veto-de-bolsillo-en-zacatecas\/politica\/2026\/#breadcrumb\",\"itemListElement\":[{\"@type\":\"ListItem\",\"position\":1,\"name\":\"Portada\",\"item\":\"https:\/\/creston.com.mx\/\"},{\"@type\":\"ListItem\",\"position\":2,\"name\":\"Va PT por la eliminaci\u00f3n del veto de bolsillo en Zacatecas\"}]},{\"@type\":\"WebSite\",\"@id\":\"https:\/\/creston.com.mx\/#website\",\"url\":\"https:\/\/creston.com.mx\/\",\"name\":\"Peri\u00f3dico Digital de Zacatecas\",\"description\":\"\",\"publisher\":{\"@id\":\"https:\/\/creston.com.mx\/#organization\"},\"potentialAction\":[{\"@type\":\"SearchAction\",\"target\":{\"@type\":\"EntryPoint\",\"urlTemplate\":\"https:\/\/creston.com.mx\/?s={search_term_string}\"},\"query-input\":{\"@type\":\"PropertyValueSpecification\",\"valueRequired\":true,\"valueName\":\"search_term_string\"}}],\"inLanguage\":\"es\"},{\"@type\":\"Organization\",\"@id\":\"https:\/\/creston.com.mx\/#organization\",\"name\":\"Peri\u00f3dico Digital de Zacatecas\",\"url\":\"https:\/\/creston.com.mx\/\",\"logo\":{\"@type\":\"ImageObject\",\"inLanguage\":\"es\",\"@id\":\"https:\/\/creston.com.mx\/#\/schema\/logo\/image\/\",\"url\":\"https:\/\/creston.com.mx\/wp-content\/uploads\/2026\/02\/cropped-Logo-Creston2.jpg\",\"contentUrl\":\"https:\/\/creston.com.mx\/wp-content\/uploads\/2026\/02\/cropped-Logo-Creston2.jpg\",\"width\":503,\"height\":194,\"caption\":\"Peri\u00f3dico Digital  de Zacatecas\"},\"image\":{\"@id\":\"https:\/\/creston.com.mx\/#\/schema\/logo\/image\/\"}},{\"@type\":\"Person\",\"@id\":\"https:\/\/creston.com.mx\/#\/schema\/person\/01f2ce9e289bc5300c759925ef768c1d\",\"name\":\"Periodico Creston\",\"image\":{\"@type\":\"ImageObject\",\"inLanguage\":\"es\",\"@id\":\"https:\/\/creston.com.mx\/#\/schema\/person\/image\/\",\"url\":\"https:\/\/secure.gravatar.com\/avatar\/c91eac1cf0d45897b6d294d474aa7713a194d460be0aaf72157553d050cda1c1?s=96&d=mm&r=g\",\"contentUrl\":\"https:\/\/secure.gravatar.com\/avatar\/c91eac1cf0d45897b6d294d474aa7713a194d460be0aaf72157553d050cda1c1?s=96&d=mm&r=g\",\"caption\":\"Periodico Creston\"},\"sameAs\":[\"https:\/\/creston.com.mx\"],\"url\":\"https:\/\/creston.com.mx\/index.php\/author\/cstnalja96\/\"}]}<\/script>\n<!-- \/ Yoast SEO plugin. -->","yoast_head_json":{"title":"Va PT por la eliminaci\u00f3n del veto de bolsillo en Zacatecas - Peri\u00f3dico Digital de Zacatecas","robots":{"index":"index","follow":"follow","max-snippet":"max-snippet:-1","max-image-preview":"max-image-preview:large","max-video-preview":"max-video-preview:-1"},"canonical":"https:\/\/creston.com.mx\/index.php\/02\/va-pt-por-la-eliminacion-del-veto-de-bolsillo-en-zacatecas\/politica\/2026\/","og_locale":"es_ES","og_type":"article","og_title":"Va PT por la eliminaci\u00f3n del veto de bolsillo en Zacatecas - Peri\u00f3dico Digital de Zacatecas","og_description":". Presentan iniciativa de ley para que se publique lo que aprueba el congreso, que leyes y decretos no queden sin efectos por la omisi\u00f3n del poder ejecutivo. . La&hellip;","og_url":"https:\/\/creston.com.mx\/index.php\/02\/va-pt-por-la-eliminacion-del-veto-de-bolsillo-en-zacatecas\/politica\/2026\/","og_site_name":"Peri\u00f3dico Digital de Zacatecas","article_published_time":"2026-02-11T02:31:00+00:00","article_modified_time":"2026-02-12T03:22:58+00:00","og_image":[{"width":1600,"height":1066,"url":"https:\/\/creston.com.mx\/wp-content\/uploads\/2026\/02\/IMG-20260211-WA0002.jpg","type":"image\/jpeg"}],"author":"Periodico Creston","twitter_card":"summary_large_image","twitter_misc":{"Escrito por":"Periodico Creston","Tiempo de lectura":"3 minutos"},"schema":{"@context":"https:\/\/schema.org","@graph":[{"@type":"Article","@id":"https:\/\/creston.com.mx\/index.php\/02\/va-pt-por-la-eliminacion-del-veto-de-bolsillo-en-zacatecas\/politica\/2026\/#article","isPartOf":{"@id":"https:\/\/creston.com.mx\/index.php\/02\/va-pt-por-la-eliminacion-del-veto-de-bolsillo-en-zacatecas\/politica\/2026\/"},"author":{"name":"Periodico Creston","@id":"https:\/\/creston.com.mx\/#\/schema\/person\/01f2ce9e289bc5300c759925ef768c1d"},"headline":"Va PT por la eliminaci\u00f3n del veto de bolsillo en Zacatecas","datePublished":"2026-02-11T02:31:00+00:00","dateModified":"2026-02-12T03:22:58+00:00","mainEntityOfPage":{"@id":"https:\/\/creston.com.mx\/index.php\/02\/va-pt-por-la-eliminacion-del-veto-de-bolsillo-en-zacatecas\/politica\/2026\/"},"wordCount":484,"commentCount":0,"publisher":{"@id":"https:\/\/creston.com.mx\/#organization"},"image":{"@id":"https:\/\/creston.com.mx\/index.php\/02\/va-pt-por-la-eliminacion-del-veto-de-bolsillo-en-zacatecas\/politica\/2026\/#primaryimage"},"thumbnailUrl":"https:\/\/creston.com.mx\/wp-content\/uploads\/2026\/02\/IMG-20260211-WA0002.jpg","articleSection":["Pol\u00edtica"],"inLanguage":"es","potentialAction":[{"@type":"CommentAction","name":"Comment","target":["https:\/\/creston.com.mx\/index.php\/02\/va-pt-por-la-eliminacion-del-veto-de-bolsillo-en-zacatecas\/politica\/2026\/#respond"]}]},{"@type":"WebPage","@id":"https:\/\/creston.com.mx\/index.php\/02\/va-pt-por-la-eliminacion-del-veto-de-bolsillo-en-zacatecas\/politica\/2026\/","url":"https:\/\/creston.com.mx\/index.php\/02\/va-pt-por-la-eliminacion-del-veto-de-bolsillo-en-zacatecas\/politica\/2026\/","name":"Va PT por la eliminaci\u00f3n del veto de bolsillo en Zacatecas - Peri\u00f3dico Digital de Zacatecas","isPartOf":{"@id":"https:\/\/creston.com.mx\/#website"},"primaryImageOfPage":{"@id":"https:\/\/creston.com.mx\/index.php\/02\/va-pt-por-la-eliminacion-del-veto-de-bolsillo-en-zacatecas\/politica\/2026\/#primaryimage"},"image":{"@id":"https:\/\/creston.com.mx\/index.php\/02\/va-pt-por-la-eliminacion-del-veto-de-bolsillo-en-zacatecas\/politica\/2026\/#primaryimage"},"thumbnailUrl":"https:\/\/creston.com.mx\/wp-content\/uploads\/2026\/02\/IMG-20260211-WA0002.jpg","datePublished":"2026-02-11T02:31:00+00:00","dateModified":"2026-02-12T03:22:58+00:00","breadcrumb":{"@id":"https:\/\/creston.com.mx\/index.php\/02\/va-pt-por-la-eliminacion-del-veto-de-bolsillo-en-zacatecas\/politica\/2026\/#breadcrumb"},"inLanguage":"es","potentialAction":[{"@type":"ReadAction","target":["https:\/\/creston.com.mx\/index.php\/02\/va-pt-por-la-eliminacion-del-veto-de-bolsillo-en-zacatecas\/politica\/2026\/"]}]},{"@type":"ImageObject","inLanguage":"es","@id":"https:\/\/creston.com.mx\/index.php\/02\/va-pt-por-la-eliminacion-del-veto-de-bolsillo-en-zacatecas\/politica\/2026\/#primaryimage","url":"https:\/\/creston.com.mx\/wp-content\/uploads\/2026\/02\/IMG-20260211-WA0002.jpg","contentUrl":"https:\/\/creston.com.mx\/wp-content\/uploads\/2026\/02\/IMG-20260211-WA0002.jpg","width":1600,"height":1066},{"@type":"BreadcrumbList","@id":"https:\/\/creston.com.mx\/index.php\/02\/va-pt-por-la-eliminacion-del-veto-de-bolsillo-en-zacatecas\/politica\/2026\/#breadcrumb","itemListElement":[{"@type":"ListItem","position":1,"name":"Portada","item":"https:\/\/creston.com.mx\/"},{"@type":"ListItem","position":2,"name":"Va PT por la eliminaci\u00f3n del veto de bolsillo en Zacatecas"}]},{"@type":"WebSite","@id":"https:\/\/creston.com.mx\/#website","url":"https:\/\/creston.com.mx\/","name":"Peri\u00f3dico Digital de Zacatecas","description":"","publisher":{"@id":"https:\/\/creston.com.mx\/#organization"},"potentialAction":[{"@type":"SearchAction","target":{"@type":"EntryPoint","urlTemplate":"https:\/\/creston.com.mx\/?s={search_term_string}"},"query-input":{"@type":"PropertyValueSpecification","valueRequired":true,"valueName":"search_term_string"}}],"inLanguage":"es"},{"@type":"Organization","@id":"https:\/\/creston.com.mx\/#organization","name":"Peri\u00f3dico Digital de Zacatecas","url":"https:\/\/creston.com.mx\/","logo":{"@type":"ImageObject","inLanguage":"es","@id":"https:\/\/creston.com.mx\/#\/schema\/logo\/image\/","url":"https:\/\/creston.com.mx\/wp-content\/uploads\/2026\/02\/cropped-Logo-Creston2.jpg","contentUrl":"https:\/\/creston.com.mx\/wp-content\/uploads\/2026\/02\/cropped-Logo-Creston2.jpg","width":503,"height":194,"caption":"Peri\u00f3dico Digital  de Zacatecas"},"image":{"@id":"https:\/\/creston.com.mx\/#\/schema\/logo\/image\/"}},{"@type":"Person","@id":"https:\/\/creston.com.mx\/#\/schema\/person\/01f2ce9e289bc5300c759925ef768c1d","name":"Periodico Creston","image":{"@type":"ImageObject","inLanguage":"es","@id":"https:\/\/creston.com.mx\/#\/schema\/person\/image\/","url":"https:\/\/secure.gravatar.com\/avatar\/c91eac1cf0d45897b6d294d474aa7713a194d460be0aaf72157553d050cda1c1?s=96&d=mm&r=g","contentUrl":"https:\/\/secure.gravatar.com\/avatar\/c91eac1cf0d45897b6d294d474aa7713a194d460be0aaf72157553d050cda1c1?s=96&d=mm&r=g","caption":"Periodico Creston"},"sameAs":["https:\/\/creston.com.mx"],"url":"https:\/\/creston.com.mx\/index.php\/author\/cstnalja96\/"}]}},"jetpack_sharing_enabled":true,"jetpack_featured_media_url":"https:\/\/creston.com.mx\/wp-content\/uploads\/2026\/02\/IMG-20260211-WA0002.jpg","_links":{"self":[{"href":"https:\/\/creston.com.mx\/index.php\/wp-json\/wp\/v2\/posts\/2431","targetHints":{"allow":["GET"]}}],"collection":[{"href":"https:\/\/creston.com.mx\/index.php\/wp-json\/wp\/v2\/posts"}],"about":[{"href":"https:\/\/creston.com.mx\/index.php\/wp-json\/wp\/v2\/types\/post"}],"author":[{"embeddable":true,"href":"https:\/\/creston.com.mx\/index.php\/wp-json\/wp\/v2\/users\/1"}],"replies":[{"embeddable":true,"href":"https:\/\/creston.com.mx\/index.php\/wp-json\/wp\/v2\/comments?post=2431"}],"version-history":[{"count":2,"href":"https:\/\/creston.com.mx\/index.php\/wp-json\/wp\/v2\/posts\/2431\/revisions"}],"predecessor-version":[{"id":2450,"href":"https:\/\/creston.com.mx\/index.php\/wp-json\/wp\/v2\/posts\/2431\/revisions\/2450"}],"wp:featuredmedia":[{"embeddable":true,"href":"https:\/\/creston.com.mx\/index.php\/wp-json\/wp\/v2\/media\/2433"}],"wp:attachment":[{"href":"https:\/\/creston.com.mx\/index.php\/wp-json\/wp\/v2\/media?parent=2431"}],"wp:term":[{"taxonomy":"category","embeddable":true,"href":"https:\/\/creston.com.mx\/index.php\/wp-json\/wp\/v2\/categories?post=2431"},{"taxonomy":"post_tag","embeddable":true,"href":"https:\/\/creston.com.mx\/index.php\/wp-json\/wp\/v2\/tags?post=2431"}],"curies":[{"name":"wp","href":"https:\/\/api.w.org\/{rel}","templated":true}]}}