{"id":2409,"date":"2026-02-08T20:30:00","date_gmt":"2026-02-09T02:30:00","guid":{"rendered":"https:\/\/creston.com.mx\/?p=2409"},"modified":"2026-02-08T23:43:55","modified_gmt":"2026-02-09T05:43:55","slug":"morena-debe-cuidar-el-proceso-interno-o-se-pierde-zacatecas-sma","status":"publish","type":"post","link":"https:\/\/creston.com.mx\/index.php\/02\/morena-debe-cuidar-el-proceso-interno-o-se-pierde-zacatecas-sma\/politica\/2026\/","title":{"rendered":"MORENA debe cuidar el proceso interno, o se pierde Zacatecas: SMA"},"content":{"rendered":"\n<p>.<\/p>\n\n\n\n<p class=\"has-medium-font-size\"><strong><em>M\u00e1s de dos mil personas, alientan a Sa\u00fal Monreal a seguir adelante.\u00a0 Pidi\u00f3 el Senador de la Rep\u00fablica respeto y unidad.<\/em><\/strong><\/p>\n\n\n\n<p>.<\/p>\n\n\n\n<p>Al reunirse con su estructura estatal en asamblea de evaluaci\u00f3n, el senador Sa\u00fal Monreal \u00c1vila exigi\u00f3 inclusi\u00f3n, respeto y escuchar a la militancia en el proceso interno que se avecina, de lo contrario se corre el riesgo de perder Zacatecas.<\/p>\n\n\n\n<p>\u201cIremos municipio por municipio, a nivel de colonia, vamos calle por calle y tocaremos casa por casa.\u201d \u201cYo voy a ir hasta donde ustedes quieran que vaya, yo no me rajo, vamos a recorrer todos los municipios, las colonias, tocaremos puerta por puerta\u201d.<\/p>\n\n\n<div class=\"wp-block-image\">\n<figure class=\"alignright size-large is-resized\"><img fetchpriority=\"high\" decoding=\"async\" width=\"1024\" height=\"672\" src=\"https:\/\/creston.com.mx\/wp-content\/uploads\/2026\/02\/DSCN9999-1024x672.jpg\" alt=\"\" class=\"wp-image-2410\" style=\"width:590px;height:auto\" srcset=\"https:\/\/creston.com.mx\/wp-content\/uploads\/2026\/02\/DSCN9999-1024x672.jpg 1024w, https:\/\/creston.com.mx\/wp-content\/uploads\/2026\/02\/DSCN9999-300x197.jpg 300w, https:\/\/creston.com.mx\/wp-content\/uploads\/2026\/02\/DSCN9999-768x504.jpg 768w, https:\/\/creston.com.mx\/wp-content\/uploads\/2026\/02\/DSCN9999-1536x1008.jpg 1536w, https:\/\/creston.com.mx\/wp-content\/uploads\/2026\/02\/DSCN9999-2048x1344.jpg 2048w\" sizes=\"(max-width: 1024px) 100vw, 1024px\" \/><\/figure>\n<\/div>\n\n\n<p>Al grito de \u201cgobernador, gobernador, gobernador\u201d, el Senador Monreal \u00c1vila fue recibido en conocido hotel, ah\u00ed, se reuni\u00f3 con la estructura para decidir si se contin\u00faa la lucha o no. Al tomar la palabra el pol\u00edtico de Fresnillo pregunt\u00f3 con fuerza a la asamblea: \u201cYo le pregunto, le paramos o seguimos con la lucha, yo voy a ir hasta donde ustedes as\u00ed lo quieren\u201d.<\/p>\n\n\n\n<p>Hoy quiero decirle que dependo de ustedes, a pesar, de que algunos quieren desestimar nuestro capital. \u201cHoy me acompa\u00f1an con plena convicci\u00f3n hombres y mujeres zacatecanos de pr\u00e1cticamente todos los municipios, gracias por estar aqu\u00ed\u201d.<\/p>\n\n\n<div class=\"wp-block-image\">\n<figure class=\"alignright size-large is-resized\"><img decoding=\"async\" width=\"1024\" height=\"664\" src=\"https:\/\/creston.com.mx\/wp-content\/uploads\/2026\/02\/DSCN9995-scaled-e1770615734924-1024x664.jpg\" alt=\"\" class=\"wp-image-2413\" style=\"width:573px;height:auto\" srcset=\"https:\/\/creston.com.mx\/wp-content\/uploads\/2026\/02\/DSCN9995-scaled-e1770615734924-1024x664.jpg 1024w, https:\/\/creston.com.mx\/wp-content\/uploads\/2026\/02\/DSCN9995-scaled-e1770615734924-300x195.jpg 300w, https:\/\/creston.com.mx\/wp-content\/uploads\/2026\/02\/DSCN9995-scaled-e1770615734924-768x498.jpg 768w, https:\/\/creston.com.mx\/wp-content\/uploads\/2026\/02\/DSCN9995-scaled-e1770615734924-1536x996.jpg 1536w, https:\/\/creston.com.mx\/wp-content\/uploads\/2026\/02\/DSCN9995-scaled-e1770615734924-2048x1328.jpg 2048w\" sizes=\"(max-width: 1024px) 100vw, 1024px\" \/><\/figure>\n<\/div>\n\n\n<p>Por otro lado, reproch\u00f3 Monreal \u00c1vila a aquellos pol\u00edticos de ocasi\u00f3n, que s\u00f3lo se aparecen en tiempos electorales, dizque saludando a la gente con humildad, tom\u00e1ndose fotos, llevando despensas, acariciando perritos, s\u00f3lo para decir que son pueblo, \u201cque quede claro, no hay nada para nadie en estos momentos, a pesar de algunos ilusos (as) quieren enga\u00f1ar\u201d.<\/p>\n\n\n\n<p>.<\/p>\n\n\n\n<p><strong><em>Yo voy hasta d\u00f3nde ustedes quieren que vaya<\/em><\/strong><\/p>\n\n\n\n<p>Que se escuche recio y fuerte, \u201cyo voy a donde ustedes quieran que vaya, no habr\u00e1 ning\u00fan lineamiento ni estatuto, que est\u00e9 por encima de la voluntad popular, de la exigencia de un pueblo que sigue esperando que el cambio contin\u00fae\u201d.<\/p>\n\n\n<div class=\"wp-block-image\">\n<figure class=\"alignright size-large is-resized\"><img decoding=\"async\" width=\"1024\" height=\"657\" src=\"https:\/\/creston.com.mx\/wp-content\/uploads\/2026\/02\/DSCN9992-scaled-e1770615783239-1024x657.jpg\" alt=\"\" class=\"wp-image-2414\" style=\"aspect-ratio:1.5586170118211715;width:572px;height:auto\" srcset=\"https:\/\/creston.com.mx\/wp-content\/uploads\/2026\/02\/DSCN9992-scaled-e1770615783239-1024x657.jpg 1024w, https:\/\/creston.com.mx\/wp-content\/uploads\/2026\/02\/DSCN9992-scaled-e1770615783239-300x193.jpg 300w, https:\/\/creston.com.mx\/wp-content\/uploads\/2026\/02\/DSCN9992-scaled-e1770615783239-768x493.jpg 768w, https:\/\/creston.com.mx\/wp-content\/uploads\/2026\/02\/DSCN9992-scaled-e1770615783239-1536x986.jpg 1536w, https:\/\/creston.com.mx\/wp-content\/uploads\/2026\/02\/DSCN9992-scaled-e1770615783239-2048x1314.jpg 2048w\" sizes=\"(max-width: 1024px) 100vw, 1024px\" \/><\/figure>\n<\/div>\n\n\n<p>Pidi\u00f3 el Senador Monreal, agotar el proceso interno del partido, en donde la dirigencia cuide el proceso interno, de lo contrario se corre de perder Zacatecas, por lo que, hago un llamado a las dirigencias nacional y estatal para que sean incluyentes con la militancia, con la base. Cuidado con las actitudes excluyente y m\u00e1s cuidado con hacer a nuestro movimiento a un lado.<\/p>\n\n\n\n<p>Aprovech\u00f3 el Senador la asistencia de campesinos, ganaderos, universitarios, deportistas, j\u00f3venes, comerciantes, de amas de casas, de maestro y personas con alguna discapacidad y de una asociaci\u00f3n de motociclistas para pedirles su apoyo. \u201cA partir de aqu\u00ed vamos a trabajar m\u00e1s fuerte\u201d.<\/p>\n\n\n\n<figure class=\"wp-block-image size-large\"><img loading=\"lazy\" decoding=\"async\" width=\"1024\" height=\"492\" src=\"https:\/\/creston.com.mx\/wp-content\/uploads\/2026\/02\/IMG-20260208-WA0017-1024x492.jpg\" alt=\"\" class=\"wp-image-2411\" srcset=\"https:\/\/creston.com.mx\/wp-content\/uploads\/2026\/02\/IMG-20260208-WA0017-1024x492.jpg 1024w, https:\/\/creston.com.mx\/wp-content\/uploads\/2026\/02\/IMG-20260208-WA0017-300x144.jpg 300w, https:\/\/creston.com.mx\/wp-content\/uploads\/2026\/02\/IMG-20260208-WA0017-768x369.jpg 768w, https:\/\/creston.com.mx\/wp-content\/uploads\/2026\/02\/IMG-20260208-WA0017-1536x737.jpg 1536w, https:\/\/creston.com.mx\/wp-content\/uploads\/2026\/02\/IMG-20260208-WA0017.jpg 1600w\" sizes=\"(max-width: 1024px) 100vw, 1024px\" \/><\/figure>\n\n\n\n<p>.<\/p>\n\n\n\n\n\n<p>.<\/p>\n\n\n<div class=\"wp-block-image\">\n<figure class=\"aligncenter size-large is-resized\"><img loading=\"lazy\" decoding=\"async\" width=\"870\" height=\"1024\" src=\"https:\/\/creston.com.mx\/wp-content\/uploads\/2025\/06\/Anuncio-salon-eventos-870x1024.jpg\" alt=\"\" class=\"wp-image-966\" style=\"aspect-ratio:0.8496112270054997;width:568px;height:auto\" srcset=\"https:\/\/creston.com.mx\/wp-content\/uploads\/2025\/06\/Anuncio-salon-eventos-870x1024.jpg 870w, https:\/\/creston.com.mx\/wp-content\/uploads\/2025\/06\/Anuncio-salon-eventos-255x300.jpg 255w, https:\/\/creston.com.mx\/wp-content\/uploads\/2025\/06\/Anuncio-salon-eventos-768x904.jpg 768w, https:\/\/creston.com.mx\/wp-content\/uploads\/2025\/06\/Anuncio-salon-eventos.jpg 1275w\" sizes=\"(max-width: 870px) 100vw, 870px\" \/><\/figure>\n<\/div>","protected":false},"excerpt":{"rendered":"<p>. M\u00e1s de dos mil personas, alientan a Sa\u00fal Monreal a seguir adelante.\u00a0 Pidi\u00f3 el Senador de la Rep\u00fablica respeto y unidad. . Al reunirse con su estructura estatal en&hellip; <\/p>\n","protected":false},"author":1,"featured_media":2412,"comment_status":"open","ping_status":"closed","sticky":false,"template":"","format":"standard","meta":{"_jetpack_memberships_contains_paid_content":false,"footnotes":""},"categories":[2],"tags":[],"class_list":["post-2409","post","type-post","status-publish","format-standard","has-post-thumbnail","hentry","category-politica"],"yoast_head":"<!-- This site is optimized with the Yoast SEO plugin v24.2 - https:\/\/yoast.com\/wordpress\/plugins\/seo\/ -->\n<title>MORENA debe cuidar el proceso interno, o se pierde Zacatecas: SMA - Peri\u00f3dico Digital de Zacatecas<\/title>\n<meta name=\"robots\" content=\"index, follow, max-snippet:-1, max-image-preview:large, max-video-preview:-1\" \/>\n<link rel=\"canonical\" href=\"https:\/\/creston.com.mx\/index.php\/02\/morena-debe-cuidar-el-proceso-interno-o-se-pierde-zacatecas-sma\/politica\/2026\/\" \/>\n<meta property=\"og:locale\" content=\"es_ES\" \/>\n<meta property=\"og:type\" content=\"article\" \/>\n<meta property=\"og:title\" content=\"MORENA debe cuidar el proceso interno, o se pierde Zacatecas: SMA - Peri\u00f3dico Digital de Zacatecas\" \/>\n<meta property=\"og:description\" content=\". M\u00e1s de dos mil personas, alientan a Sa\u00fal Monreal a seguir adelante.\u00a0 Pidi\u00f3 el Senador de la Rep\u00fablica respeto y unidad. . Al reunirse con su estructura estatal en&hellip;\" \/>\n<meta property=\"og:url\" content=\"https:\/\/creston.com.mx\/index.php\/02\/morena-debe-cuidar-el-proceso-interno-o-se-pierde-zacatecas-sma\/politica\/2026\/\" \/>\n<meta property=\"og:site_name\" content=\"Peri\u00f3dico Digital de Zacatecas\" \/>\n<meta property=\"article:published_time\" content=\"2026-02-09T02:30:00+00:00\" \/>\n<meta property=\"article:modified_time\" content=\"2026-02-09T05:43:55+00:00\" \/>\n<meta property=\"og:image\" content=\"https:\/\/creston.com.mx\/wp-content\/uploads\/2026\/02\/DSCN0011-scaled.jpg\" \/>\n\t<meta property=\"og:image:width\" content=\"2560\" \/>\n\t<meta property=\"og:image:height\" content=\"1920\" \/>\n\t<meta property=\"og:image:type\" content=\"image\/jpeg\" \/>\n<meta name=\"author\" content=\"Periodico Creston\" \/>\n<meta name=\"twitter:card\" content=\"summary_large_image\" \/>\n<meta name=\"twitter:label1\" content=\"Escrito por\" \/>\n\t<meta name=\"twitter:data1\" content=\"Periodico Creston\" \/>\n\t<meta name=\"twitter:label2\" content=\"Tiempo de lectura\" \/>\n\t<meta name=\"twitter:data2\" content=\"4 minutos\" \/>\n<script type=\"application\/ld+json\" class=\"yoast-schema-graph\">{\"@context\":\"https:\/\/schema.org\",\"@graph\":[{\"@type\":\"Article\",\"@id\":\"https:\/\/creston.com.mx\/index.php\/02\/morena-debe-cuidar-el-proceso-interno-o-se-pierde-zacatecas-sma\/politica\/2026\/#article\",\"isPartOf\":{\"@id\":\"https:\/\/creston.com.mx\/index.php\/02\/morena-debe-cuidar-el-proceso-interno-o-se-pierde-zacatecas-sma\/politica\/2026\/\"},\"author\":{\"name\":\"Periodico Creston\",\"@id\":\"https:\/\/creston.com.mx\/#\/schema\/person\/01f2ce9e289bc5300c759925ef768c1d\"},\"headline\":\"MORENA debe cuidar el proceso interno, o se pierde Zacatecas: SMA\",\"datePublished\":\"2026-02-09T02:30:00+00:00\",\"dateModified\":\"2026-02-09T05:43:55+00:00\",\"mainEntityOfPage\":{\"@id\":\"https:\/\/creston.com.mx\/index.php\/02\/morena-debe-cuidar-el-proceso-interno-o-se-pierde-zacatecas-sma\/politica\/2026\/\"},\"wordCount\":449,\"commentCount\":0,\"publisher\":{\"@id\":\"https:\/\/creston.com.mx\/#organization\"},\"image\":{\"@id\":\"https:\/\/creston.com.mx\/index.php\/02\/morena-debe-cuidar-el-proceso-interno-o-se-pierde-zacatecas-sma\/politica\/2026\/#primaryimage\"},\"thumbnailUrl\":\"https:\/\/creston.com.mx\/wp-content\/uploads\/2026\/02\/DSCN0011-scaled.jpg\",\"articleSection\":[\"Pol\u00edtica\"],\"inLanguage\":\"es\",\"potentialAction\":[{\"@type\":\"CommentAction\",\"name\":\"Comment\",\"target\":[\"https:\/\/creston.com.mx\/index.php\/02\/morena-debe-cuidar-el-proceso-interno-o-se-pierde-zacatecas-sma\/politica\/2026\/#respond\"]}]},{\"@type\":\"WebPage\",\"@id\":\"https:\/\/creston.com.mx\/index.php\/02\/morena-debe-cuidar-el-proceso-interno-o-se-pierde-zacatecas-sma\/politica\/2026\/\",\"url\":\"https:\/\/creston.com.mx\/index.php\/02\/morena-debe-cuidar-el-proceso-interno-o-se-pierde-zacatecas-sma\/politica\/2026\/\",\"name\":\"MORENA debe cuidar el proceso interno, o se pierde Zacatecas: SMA - Peri\u00f3dico Digital de Zacatecas\",\"isPartOf\":{\"@id\":\"https:\/\/creston.com.mx\/#website\"},\"primaryImageOfPage\":{\"@id\":\"https:\/\/creston.com.mx\/index.php\/02\/morena-debe-cuidar-el-proceso-interno-o-se-pierde-zacatecas-sma\/politica\/2026\/#primaryimage\"},\"image\":{\"@id\":\"https:\/\/creston.com.mx\/index.php\/02\/morena-debe-cuidar-el-proceso-interno-o-se-pierde-zacatecas-sma\/politica\/2026\/#primaryimage\"},\"thumbnailUrl\":\"https:\/\/creston.com.mx\/wp-content\/uploads\/2026\/02\/DSCN0011-scaled.jpg\",\"datePublished\":\"2026-02-09T02:30:00+00:00\",\"dateModified\":\"2026-02-09T05:43:55+00:00\",\"breadcrumb\":{\"@id\":\"https:\/\/creston.com.mx\/index.php\/02\/morena-debe-cuidar-el-proceso-interno-o-se-pierde-zacatecas-sma\/politica\/2026\/#breadcrumb\"},\"inLanguage\":\"es\",\"potentialAction\":[{\"@type\":\"ReadAction\",\"target\":[\"https:\/\/creston.com.mx\/index.php\/02\/morena-debe-cuidar-el-proceso-interno-o-se-pierde-zacatecas-sma\/politica\/2026\/\"]}]},{\"@type\":\"ImageObject\",\"inLanguage\":\"es\",\"@id\":\"https:\/\/creston.com.mx\/index.php\/02\/morena-debe-cuidar-el-proceso-interno-o-se-pierde-zacatecas-sma\/politica\/2026\/#primaryimage\",\"url\":\"https:\/\/creston.com.mx\/wp-content\/uploads\/2026\/02\/DSCN0011-scaled.jpg\",\"contentUrl\":\"https:\/\/creston.com.mx\/wp-content\/uploads\/2026\/02\/DSCN0011-scaled.jpg\",\"width\":2560,\"height\":1920},{\"@type\":\"BreadcrumbList\",\"@id\":\"https:\/\/creston.com.mx\/index.php\/02\/morena-debe-cuidar-el-proceso-interno-o-se-pierde-zacatecas-sma\/politica\/2026\/#breadcrumb\",\"itemListElement\":[{\"@type\":\"ListItem\",\"position\":1,\"name\":\"Portada\",\"item\":\"https:\/\/creston.com.mx\/\"},{\"@type\":\"ListItem\",\"position\":2,\"name\":\"MORENA debe cuidar el proceso interno, o se pierde Zacatecas: SMA\"}]},{\"@type\":\"WebSite\",\"@id\":\"https:\/\/creston.com.mx\/#website\",\"url\":\"https:\/\/creston.com.mx\/\",\"name\":\"Peri\u00f3dico Digital de Zacatecas\",\"description\":\"\",\"publisher\":{\"@id\":\"https:\/\/creston.com.mx\/#organization\"},\"potentialAction\":[{\"@type\":\"SearchAction\",\"target\":{\"@type\":\"EntryPoint\",\"urlTemplate\":\"https:\/\/creston.com.mx\/?s={search_term_string}\"},\"query-input\":{\"@type\":\"PropertyValueSpecification\",\"valueRequired\":true,\"valueName\":\"search_term_string\"}}],\"inLanguage\":\"es\"},{\"@type\":\"Organization\",\"@id\":\"https:\/\/creston.com.mx\/#organization\",\"name\":\"Peri\u00f3dico Digital de Zacatecas\",\"url\":\"https:\/\/creston.com.mx\/\",\"logo\":{\"@type\":\"ImageObject\",\"inLanguage\":\"es\",\"@id\":\"https:\/\/creston.com.mx\/#\/schema\/logo\/image\/\",\"url\":\"https:\/\/creston.com.mx\/wp-content\/uploads\/2026\/02\/cropped-Logo-Creston2.jpg\",\"contentUrl\":\"https:\/\/creston.com.mx\/wp-content\/uploads\/2026\/02\/cropped-Logo-Creston2.jpg\",\"width\":503,\"height\":194,\"caption\":\"Peri\u00f3dico Digital  de Zacatecas\"},\"image\":{\"@id\":\"https:\/\/creston.com.mx\/#\/schema\/logo\/image\/\"}},{\"@type\":\"Person\",\"@id\":\"https:\/\/creston.com.mx\/#\/schema\/person\/01f2ce9e289bc5300c759925ef768c1d\",\"name\":\"Periodico Creston\",\"image\":{\"@type\":\"ImageObject\",\"inLanguage\":\"es\",\"@id\":\"https:\/\/creston.com.mx\/#\/schema\/person\/image\/\",\"url\":\"https:\/\/secure.gravatar.com\/avatar\/c91eac1cf0d45897b6d294d474aa7713a194d460be0aaf72157553d050cda1c1?s=96&d=mm&r=g\",\"contentUrl\":\"https:\/\/secure.gravatar.com\/avatar\/c91eac1cf0d45897b6d294d474aa7713a194d460be0aaf72157553d050cda1c1?s=96&d=mm&r=g\",\"caption\":\"Periodico Creston\"},\"sameAs\":[\"https:\/\/creston.com.mx\"],\"url\":\"https:\/\/creston.com.mx\/index.php\/author\/cstnalja96\/\"}]}<\/script>\n<!-- \/ Yoast SEO plugin. -->","yoast_head_json":{"title":"MORENA debe cuidar el proceso interno, o se pierde Zacatecas: SMA - Peri\u00f3dico Digital de Zacatecas","robots":{"index":"index","follow":"follow","max-snippet":"max-snippet:-1","max-image-preview":"max-image-preview:large","max-video-preview":"max-video-preview:-1"},"canonical":"https:\/\/creston.com.mx\/index.php\/02\/morena-debe-cuidar-el-proceso-interno-o-se-pierde-zacatecas-sma\/politica\/2026\/","og_locale":"es_ES","og_type":"article","og_title":"MORENA debe cuidar el proceso interno, o se pierde Zacatecas: SMA - Peri\u00f3dico Digital de Zacatecas","og_description":". M\u00e1s de dos mil personas, alientan a Sa\u00fal Monreal a seguir adelante.\u00a0 Pidi\u00f3 el Senador de la Rep\u00fablica respeto y unidad. . Al reunirse con su estructura estatal en&hellip;","og_url":"https:\/\/creston.com.mx\/index.php\/02\/morena-debe-cuidar-el-proceso-interno-o-se-pierde-zacatecas-sma\/politica\/2026\/","og_site_name":"Peri\u00f3dico Digital de Zacatecas","article_published_time":"2026-02-09T02:30:00+00:00","article_modified_time":"2026-02-09T05:43:55+00:00","og_image":[{"width":2560,"height":1920,"url":"https:\/\/creston.com.mx\/wp-content\/uploads\/2026\/02\/DSCN0011-scaled.jpg","type":"image\/jpeg"}],"author":"Periodico Creston","twitter_card":"summary_large_image","twitter_misc":{"Escrito por":"Periodico Creston","Tiempo de lectura":"4 minutos"},"schema":{"@context":"https:\/\/schema.org","@graph":[{"@type":"Article","@id":"https:\/\/creston.com.mx\/index.php\/02\/morena-debe-cuidar-el-proceso-interno-o-se-pierde-zacatecas-sma\/politica\/2026\/#article","isPartOf":{"@id":"https:\/\/creston.com.mx\/index.php\/02\/morena-debe-cuidar-el-proceso-interno-o-se-pierde-zacatecas-sma\/politica\/2026\/"},"author":{"name":"Periodico Creston","@id":"https:\/\/creston.com.mx\/#\/schema\/person\/01f2ce9e289bc5300c759925ef768c1d"},"headline":"MORENA debe cuidar el proceso interno, o se pierde Zacatecas: SMA","datePublished":"2026-02-09T02:30:00+00:00","dateModified":"2026-02-09T05:43:55+00:00","mainEntityOfPage":{"@id":"https:\/\/creston.com.mx\/index.php\/02\/morena-debe-cuidar-el-proceso-interno-o-se-pierde-zacatecas-sma\/politica\/2026\/"},"wordCount":449,"commentCount":0,"publisher":{"@id":"https:\/\/creston.com.mx\/#organization"},"image":{"@id":"https:\/\/creston.com.mx\/index.php\/02\/morena-debe-cuidar-el-proceso-interno-o-se-pierde-zacatecas-sma\/politica\/2026\/#primaryimage"},"thumbnailUrl":"https:\/\/creston.com.mx\/wp-content\/uploads\/2026\/02\/DSCN0011-scaled.jpg","articleSection":["Pol\u00edtica"],"inLanguage":"es","potentialAction":[{"@type":"CommentAction","name":"Comment","target":["https:\/\/creston.com.mx\/index.php\/02\/morena-debe-cuidar-el-proceso-interno-o-se-pierde-zacatecas-sma\/politica\/2026\/#respond"]}]},{"@type":"WebPage","@id":"https:\/\/creston.com.mx\/index.php\/02\/morena-debe-cuidar-el-proceso-interno-o-se-pierde-zacatecas-sma\/politica\/2026\/","url":"https:\/\/creston.com.mx\/index.php\/02\/morena-debe-cuidar-el-proceso-interno-o-se-pierde-zacatecas-sma\/politica\/2026\/","name":"MORENA debe cuidar el proceso interno, o se pierde Zacatecas: SMA - Peri\u00f3dico Digital de Zacatecas","isPartOf":{"@id":"https:\/\/creston.com.mx\/#website"},"primaryImageOfPage":{"@id":"https:\/\/creston.com.mx\/index.php\/02\/morena-debe-cuidar-el-proceso-interno-o-se-pierde-zacatecas-sma\/politica\/2026\/#primaryimage"},"image":{"@id":"https:\/\/creston.com.mx\/index.php\/02\/morena-debe-cuidar-el-proceso-interno-o-se-pierde-zacatecas-sma\/politica\/2026\/#primaryimage"},"thumbnailUrl":"https:\/\/creston.com.mx\/wp-content\/uploads\/2026\/02\/DSCN0011-scaled.jpg","datePublished":"2026-02-09T02:30:00+00:00","dateModified":"2026-02-09T05:43:55+00:00","breadcrumb":{"@id":"https:\/\/creston.com.mx\/index.php\/02\/morena-debe-cuidar-el-proceso-interno-o-se-pierde-zacatecas-sma\/politica\/2026\/#breadcrumb"},"inLanguage":"es","potentialAction":[{"@type":"ReadAction","target":["https:\/\/creston.com.mx\/index.php\/02\/morena-debe-cuidar-el-proceso-interno-o-se-pierde-zacatecas-sma\/politica\/2026\/"]}]},{"@type":"ImageObject","inLanguage":"es","@id":"https:\/\/creston.com.mx\/index.php\/02\/morena-debe-cuidar-el-proceso-interno-o-se-pierde-zacatecas-sma\/politica\/2026\/#primaryimage","url":"https:\/\/creston.com.mx\/wp-content\/uploads\/2026\/02\/DSCN0011-scaled.jpg","contentUrl":"https:\/\/creston.com.mx\/wp-content\/uploads\/2026\/02\/DSCN0011-scaled.jpg","width":2560,"height":1920},{"@type":"BreadcrumbList","@id":"https:\/\/creston.com.mx\/index.php\/02\/morena-debe-cuidar-el-proceso-interno-o-se-pierde-zacatecas-sma\/politica\/2026\/#breadcrumb","itemListElement":[{"@type":"ListItem","position":1,"name":"Portada","item":"https:\/\/creston.com.mx\/"},{"@type":"ListItem","position":2,"name":"MORENA debe cuidar el proceso interno, o se pierde Zacatecas: SMA"}]},{"@type":"WebSite","@id":"https:\/\/creston.com.mx\/#website","url":"https:\/\/creston.com.mx\/","name":"Peri\u00f3dico Digital de Zacatecas","description":"","publisher":{"@id":"https:\/\/creston.com.mx\/#organization"},"potentialAction":[{"@type":"SearchAction","target":{"@type":"EntryPoint","urlTemplate":"https:\/\/creston.com.mx\/?s={search_term_string}"},"query-input":{"@type":"PropertyValueSpecification","valueRequired":true,"valueName":"search_term_string"}}],"inLanguage":"es"},{"@type":"Organization","@id":"https:\/\/creston.com.mx\/#organization","name":"Peri\u00f3dico Digital de Zacatecas","url":"https:\/\/creston.com.mx\/","logo":{"@type":"ImageObject","inLanguage":"es","@id":"https:\/\/creston.com.mx\/#\/schema\/logo\/image\/","url":"https:\/\/creston.com.mx\/wp-content\/uploads\/2026\/02\/cropped-Logo-Creston2.jpg","contentUrl":"https:\/\/creston.com.mx\/wp-content\/uploads\/2026\/02\/cropped-Logo-Creston2.jpg","width":503,"height":194,"caption":"Peri\u00f3dico Digital  de Zacatecas"},"image":{"@id":"https:\/\/creston.com.mx\/#\/schema\/logo\/image\/"}},{"@type":"Person","@id":"https:\/\/creston.com.mx\/#\/schema\/person\/01f2ce9e289bc5300c759925ef768c1d","name":"Periodico Creston","image":{"@type":"ImageObject","inLanguage":"es","@id":"https:\/\/creston.com.mx\/#\/schema\/person\/image\/","url":"https:\/\/secure.gravatar.com\/avatar\/c91eac1cf0d45897b6d294d474aa7713a194d460be0aaf72157553d050cda1c1?s=96&d=mm&r=g","contentUrl":"https:\/\/secure.gravatar.com\/avatar\/c91eac1cf0d45897b6d294d474aa7713a194d460be0aaf72157553d050cda1c1?s=96&d=mm&r=g","caption":"Periodico Creston"},"sameAs":["https:\/\/creston.com.mx"],"url":"https:\/\/creston.com.mx\/index.php\/author\/cstnalja96\/"}]}},"jetpack_sharing_enabled":true,"jetpack_featured_media_url":"https:\/\/creston.com.mx\/wp-content\/uploads\/2026\/02\/DSCN0011-scaled.jpg","_links":{"self":[{"href":"https:\/\/creston.com.mx\/index.php\/wp-json\/wp\/v2\/posts\/2409","targetHints":{"allow":["GET"]}}],"collection":[{"href":"https:\/\/creston.com.mx\/index.php\/wp-json\/wp\/v2\/posts"}],"about":[{"href":"https:\/\/creston.com.mx\/index.php\/wp-json\/wp\/v2\/types\/post"}],"author":[{"embeddable":true,"href":"https:\/\/creston.com.mx\/index.php\/wp-json\/wp\/v2\/users\/1"}],"replies":[{"embeddable":true,"href":"https:\/\/creston.com.mx\/index.php\/wp-json\/wp\/v2\/comments?post=2409"}],"version-history":[{"count":1,"href":"https:\/\/creston.com.mx\/index.php\/wp-json\/wp\/v2\/posts\/2409\/revisions"}],"predecessor-version":[{"id":2415,"href":"https:\/\/creston.com.mx\/index.php\/wp-json\/wp\/v2\/posts\/2409\/revisions\/2415"}],"wp:featuredmedia":[{"embeddable":true,"href":"https:\/\/creston.com.mx\/index.php\/wp-json\/wp\/v2\/media\/2412"}],"wp:attachment":[{"href":"https:\/\/creston.com.mx\/index.php\/wp-json\/wp\/v2\/media?parent=2409"}],"wp:term":[{"taxonomy":"category","embeddable":true,"href":"https:\/\/creston.com.mx\/index.php\/wp-json\/wp\/v2\/categories?post=2409"},{"taxonomy":"post_tag","embeddable":true,"href":"https:\/\/creston.com.mx\/index.php\/wp-json\/wp\/v2\/tags?post=2409"}],"curies":[{"name":"wp","href":"https:\/\/api.w.org\/{rel}","templated":true}]}}