{"id":2405,"date":"2026-02-08T20:18:00","date_gmt":"2026-02-09T02:18:00","guid":{"rendered":"https:\/\/creston.com.mx\/?p=2405"},"modified":"2026-02-08T23:29:56","modified_gmt":"2026-02-09T05:29:56","slug":"seguimos-avanzando-para-una-buena-comercializacion-del-frijol-jose-narro","status":"publish","type":"post","link":"https:\/\/creston.com.mx\/index.php\/02\/seguimos-avanzando-para-una-buena-comercializacion-del-frijol-jose-narro\/politica\/2026\/","title":{"rendered":"\u201cSeguimos avanzando para una buena comercializaci\u00f3n del frijol\u201d: Jos\u00e9 Narro"},"content":{"rendered":"\n<p>.<\/p>\n\n\n\n<p class=\"has-medium-font-size\"><strong><em>Demandar\u00e1 incrementar el volumen de compra de 80 mil toneladas que se encuentra actualmente y duplicarlo al menos a 160 mil.<\/em><\/strong><\/p>\n\n\n\n<p>.<\/p>\n\n\n\n<p>El diputado federal de Morena, Dr, Jos\u00e9 Narro C\u00e9spedes inform\u00f3 que luego de hacer recorridos por algunas regiones frijoleras, como Morelos, Villa de Cos y Fresnillo, se ha logrado que avance el programa de acopio y comercializaci\u00f3n a favor de los productores, pues lo que se pretende es que la entrega de costales no sea a trav\u00e9s de coyotes ni de tr\u00e1fico de influencias, sino directamente a los productores.<\/p>\n\n\n\n<p>Por ello, agreg\u00f3, se logr\u00f3 que la semana pasada estuviera en Zacatecas personal de oficinas centrales para fortalecer este papel y que la costalera sea entregada a los verdaderos productores. Y refiri\u00f3 que ya se logr\u00f3 entregar directamente en Morelos 25 mil costales; en Villa de Cos 10 mil y se sigue avanzando en regiones como Ba\u00f1\u00f3n y Fresnillo.<\/p>\n\n\n\n<p>En este escenario, anunci\u00f3 tambi\u00e9n que este lunes sostendr\u00e1 otra reuni\u00f3n con Mar\u00eda Luisa Albores Gonz\u00e1lez, directora general de Alimentaci\u00f3n para el Bienestar del Gobierno de M\u00e9xico, para que el programa se pueda consolidar y funcione bien en Zacatecas.<\/p>\n\n\n<div class=\"wp-block-image\">\n<figure class=\"alignright size-large is-resized\"><img fetchpriority=\"high\" decoding=\"async\" width=\"1024\" height=\"768\" src=\"https:\/\/creston.com.mx\/wp-content\/uploads\/2026\/02\/DSCN9985-1024x768.jpg\" alt=\"\" class=\"wp-image-2406\" style=\"width:605px;height:auto\" srcset=\"https:\/\/creston.com.mx\/wp-content\/uploads\/2026\/02\/DSCN9985-1024x768.jpg 1024w, https:\/\/creston.com.mx\/wp-content\/uploads\/2026\/02\/DSCN9985-300x225.jpg 300w, https:\/\/creston.com.mx\/wp-content\/uploads\/2026\/02\/DSCN9985-768x576.jpg 768w, https:\/\/creston.com.mx\/wp-content\/uploads\/2026\/02\/DSCN9985-1536x1152.jpg 1536w, https:\/\/creston.com.mx\/wp-content\/uploads\/2026\/02\/DSCN9985-2048x1536.jpg 2048w\" sizes=\"(max-width: 1024px) 100vw, 1024px\" \/><\/figure>\n<\/div>\n\n\n<p>\u201cEstamos pugnando para que Dos mil productores pendientes de acopio y comercializaci\u00f3n lo puedan hacer a la brevedad, y que se abran tambi\u00e9n los centros de acopio de El Mezquite y Seis de enero, en Fresnillo; en Ba\u00f1\u00f3n se acaba de abrir esta semana pasada y seguiremos pendientes para que la mayor\u00eda de la gente tenga donde entregar su producto\u201d, destac\u00f3.<\/p>\n\n\n\n<p>Asimismo, adelant\u00f3 que se demandar\u00e1 para incrementar el volumen de compra de 80 mil toneladas que se encuentra actualmente y duplicarlo al menos a 160 mil.<\/p>\n\n\n\n<p>En cuanto ma\u00edz, y luego de recorrer este fin de semana la zona de riego productiva de esta zona en los municipios de Tlaltenango y Tepechitl\u00e1n, afirm\u00f3 que se requiere abrir los centros de acopio para el ma\u00edz, en \u00e9sta y otras regiones del estado, luego de que actualmente se les compra a 4.10 pesos, lo que consider\u00f3 como un atraco, pues lo que se requiere es que haya justicia y un precio m\u00e1s competitivo para los productores.<\/p>\n\n\n\n<p>Finalmente, Jos\u00e9 Narro C\u00e9spedes dijo que esta semana se avocar\u00e1n en la agenda legislativa para el tema de la Reforma Laboral, con la semana de 40 horas para los trabajadores mexicanos, donde las grandes empresas no tienen dificultades, s\u00f3lo las peque\u00f1as empresas, y lo que se requiere es que \u00e9sta sea de forma gradual, con eficiencia y rentabilidad, principalmente para el peque\u00f1o empresariado mexicano. <\/p>\n\n\n\n<p>De igual forma, la Reforma Pol\u00edtico-Electoral que est\u00e1 agendada para esta segunda semana de febrero, con la que se pretende fortalecer el Art\u00edculo 39, que dicta que la soberan\u00eda reside en el pueblo y que sea el pueblo que tome en sus manos el poder y la democracia participativa, entre otros temas que tienen que ver con la representaci\u00f3n legislativa y el sistema de partidos, para consolidar una verdadera democracia en el pa\u00eds.<\/p>\n\n\n\n<p>.<\/p>\n\n\n\n\n\n<p>.<\/p>\n\n\n<div class=\"wp-block-image\">\n<figure class=\"aligncenter size-large is-resized\"><img decoding=\"async\" width=\"870\" height=\"1024\" src=\"https:\/\/creston.com.mx\/wp-content\/uploads\/2025\/06\/Anuncio-salon-eventos-870x1024.jpg\" alt=\"\" class=\"wp-image-966\" style=\"aspect-ratio:0.8496112270054997;width:578px;height:auto\" srcset=\"https:\/\/creston.com.mx\/wp-content\/uploads\/2025\/06\/Anuncio-salon-eventos-870x1024.jpg 870w, https:\/\/creston.com.mx\/wp-content\/uploads\/2025\/06\/Anuncio-salon-eventos-255x300.jpg 255w, https:\/\/creston.com.mx\/wp-content\/uploads\/2025\/06\/Anuncio-salon-eventos-768x904.jpg 768w, https:\/\/creston.com.mx\/wp-content\/uploads\/2025\/06\/Anuncio-salon-eventos.jpg 1275w\" sizes=\"(max-width: 870px) 100vw, 870px\" \/><\/figure>\n<\/div>","protected":false},"excerpt":{"rendered":"<p>. Demandar\u00e1 incrementar el volumen de compra de 80 mil toneladas que se encuentra actualmente y duplicarlo al menos a 160 mil. . El diputado federal de Morena, Dr, Jos\u00e9&hellip; <\/p>\n","protected":false},"author":1,"featured_media":2407,"comment_status":"open","ping_status":"closed","sticky":false,"template":"","format":"standard","meta":{"_jetpack_memberships_contains_paid_content":false,"footnotes":""},"categories":[2],"tags":[],"class_list":["post-2405","post","type-post","status-publish","format-standard","has-post-thumbnail","hentry","category-politica"],"yoast_head":"<!-- This site is optimized with the Yoast SEO plugin v24.2 - https:\/\/yoast.com\/wordpress\/plugins\/seo\/ -->\n<title>\u201cSeguimos avanzando para una buena comercializaci\u00f3n del frijol\u201d: Jos\u00e9 Narro - Peri\u00f3dico Digital de Zacatecas<\/title>\n<meta name=\"robots\" content=\"index, follow, max-snippet:-1, max-image-preview:large, max-video-preview:-1\" \/>\n<link rel=\"canonical\" href=\"https:\/\/creston.com.mx\/index.php\/02\/seguimos-avanzando-para-una-buena-comercializacion-del-frijol-jose-narro\/politica\/2026\/\" \/>\n<meta property=\"og:locale\" content=\"es_ES\" \/>\n<meta property=\"og:type\" content=\"article\" \/>\n<meta property=\"og:title\" content=\"\u201cSeguimos avanzando para una buena comercializaci\u00f3n del frijol\u201d: Jos\u00e9 Narro - Peri\u00f3dico Digital de Zacatecas\" \/>\n<meta property=\"og:description\" content=\". Demandar\u00e1 incrementar el volumen de compra de 80 mil toneladas que se encuentra actualmente y duplicarlo al menos a 160 mil. . El diputado federal de Morena, Dr, Jos\u00e9&hellip;\" \/>\n<meta property=\"og:url\" content=\"https:\/\/creston.com.mx\/index.php\/02\/seguimos-avanzando-para-una-buena-comercializacion-del-frijol-jose-narro\/politica\/2026\/\" \/>\n<meta property=\"og:site_name\" content=\"Peri\u00f3dico Digital de Zacatecas\" \/>\n<meta property=\"article:published_time\" content=\"2026-02-09T02:18:00+00:00\" \/>\n<meta property=\"article:modified_time\" content=\"2026-02-09T05:29:56+00:00\" \/>\n<meta property=\"og:image\" content=\"https:\/\/creston.com.mx\/wp-content\/uploads\/2026\/02\/DSCN9989-scaled.jpg\" \/>\n\t<meta property=\"og:image:width\" content=\"2560\" \/>\n\t<meta property=\"og:image:height\" content=\"1920\" \/>\n\t<meta property=\"og:image:type\" content=\"image\/jpeg\" \/>\n<meta name=\"author\" content=\"Periodico Creston\" \/>\n<meta name=\"twitter:card\" content=\"summary_large_image\" \/>\n<meta name=\"twitter:label1\" content=\"Escrito por\" \/>\n\t<meta name=\"twitter:data1\" content=\"Periodico Creston\" \/>\n\t<meta name=\"twitter:label2\" content=\"Tiempo de lectura\" \/>\n\t<meta name=\"twitter:data2\" content=\"3 minutos\" \/>\n<script type=\"application\/ld+json\" class=\"yoast-schema-graph\">{\"@context\":\"https:\/\/schema.org\",\"@graph\":[{\"@type\":\"Article\",\"@id\":\"https:\/\/creston.com.mx\/index.php\/02\/seguimos-avanzando-para-una-buena-comercializacion-del-frijol-jose-narro\/politica\/2026\/#article\",\"isPartOf\":{\"@id\":\"https:\/\/creston.com.mx\/index.php\/02\/seguimos-avanzando-para-una-buena-comercializacion-del-frijol-jose-narro\/politica\/2026\/\"},\"author\":{\"name\":\"Periodico Creston\",\"@id\":\"https:\/\/creston.com.mx\/#\/schema\/person\/01f2ce9e289bc5300c759925ef768c1d\"},\"headline\":\"\u201cSeguimos avanzando para una buena comercializaci\u00f3n del frijol\u201d: Jos\u00e9 Narro\",\"datePublished\":\"2026-02-09T02:18:00+00:00\",\"dateModified\":\"2026-02-09T05:29:56+00:00\",\"mainEntityOfPage\":{\"@id\":\"https:\/\/creston.com.mx\/index.php\/02\/seguimos-avanzando-para-una-buena-comercializacion-del-frijol-jose-narro\/politica\/2026\/\"},\"wordCount\":521,\"commentCount\":0,\"publisher\":{\"@id\":\"https:\/\/creston.com.mx\/#organization\"},\"image\":{\"@id\":\"https:\/\/creston.com.mx\/index.php\/02\/seguimos-avanzando-para-una-buena-comercializacion-del-frijol-jose-narro\/politica\/2026\/#primaryimage\"},\"thumbnailUrl\":\"https:\/\/creston.com.mx\/wp-content\/uploads\/2026\/02\/DSCN9989-scaled.jpg\",\"articleSection\":[\"Pol\u00edtica\"],\"inLanguage\":\"es\",\"potentialAction\":[{\"@type\":\"CommentAction\",\"name\":\"Comment\",\"target\":[\"https:\/\/creston.com.mx\/index.php\/02\/seguimos-avanzando-para-una-buena-comercializacion-del-frijol-jose-narro\/politica\/2026\/#respond\"]}]},{\"@type\":\"WebPage\",\"@id\":\"https:\/\/creston.com.mx\/index.php\/02\/seguimos-avanzando-para-una-buena-comercializacion-del-frijol-jose-narro\/politica\/2026\/\",\"url\":\"https:\/\/creston.com.mx\/index.php\/02\/seguimos-avanzando-para-una-buena-comercializacion-del-frijol-jose-narro\/politica\/2026\/\",\"name\":\"\u201cSeguimos avanzando para una buena comercializaci\u00f3n del frijol\u201d: Jos\u00e9 Narro - Peri\u00f3dico Digital de Zacatecas\",\"isPartOf\":{\"@id\":\"https:\/\/creston.com.mx\/#website\"},\"primaryImageOfPage\":{\"@id\":\"https:\/\/creston.com.mx\/index.php\/02\/seguimos-avanzando-para-una-buena-comercializacion-del-frijol-jose-narro\/politica\/2026\/#primaryimage\"},\"image\":{\"@id\":\"https:\/\/creston.com.mx\/index.php\/02\/seguimos-avanzando-para-una-buena-comercializacion-del-frijol-jose-narro\/politica\/2026\/#primaryimage\"},\"thumbnailUrl\":\"https:\/\/creston.com.mx\/wp-content\/uploads\/2026\/02\/DSCN9989-scaled.jpg\",\"datePublished\":\"2026-02-09T02:18:00+00:00\",\"dateModified\":\"2026-02-09T05:29:56+00:00\",\"breadcrumb\":{\"@id\":\"https:\/\/creston.com.mx\/index.php\/02\/seguimos-avanzando-para-una-buena-comercializacion-del-frijol-jose-narro\/politica\/2026\/#breadcrumb\"},\"inLanguage\":\"es\",\"potentialAction\":[{\"@type\":\"ReadAction\",\"target\":[\"https:\/\/creston.com.mx\/index.php\/02\/seguimos-avanzando-para-una-buena-comercializacion-del-frijol-jose-narro\/politica\/2026\/\"]}]},{\"@type\":\"ImageObject\",\"inLanguage\":\"es\",\"@id\":\"https:\/\/creston.com.mx\/index.php\/02\/seguimos-avanzando-para-una-buena-comercializacion-del-frijol-jose-narro\/politica\/2026\/#primaryimage\",\"url\":\"https:\/\/creston.com.mx\/wp-content\/uploads\/2026\/02\/DSCN9989-scaled.jpg\",\"contentUrl\":\"https:\/\/creston.com.mx\/wp-content\/uploads\/2026\/02\/DSCN9989-scaled.jpg\",\"width\":2560,\"height\":1920},{\"@type\":\"BreadcrumbList\",\"@id\":\"https:\/\/creston.com.mx\/index.php\/02\/seguimos-avanzando-para-una-buena-comercializacion-del-frijol-jose-narro\/politica\/2026\/#breadcrumb\",\"itemListElement\":[{\"@type\":\"ListItem\",\"position\":1,\"name\":\"Portada\",\"item\":\"https:\/\/creston.com.mx\/\"},{\"@type\":\"ListItem\",\"position\":2,\"name\":\"\u201cSeguimos avanzando para una buena comercializaci\u00f3n del frijol\u201d: Jos\u00e9 Narro\"}]},{\"@type\":\"WebSite\",\"@id\":\"https:\/\/creston.com.mx\/#website\",\"url\":\"https:\/\/creston.com.mx\/\",\"name\":\"Peri\u00f3dico Digital de Zacatecas\",\"description\":\"\",\"publisher\":{\"@id\":\"https:\/\/creston.com.mx\/#organization\"},\"potentialAction\":[{\"@type\":\"SearchAction\",\"target\":{\"@type\":\"EntryPoint\",\"urlTemplate\":\"https:\/\/creston.com.mx\/?s={search_term_string}\"},\"query-input\":{\"@type\":\"PropertyValueSpecification\",\"valueRequired\":true,\"valueName\":\"search_term_string\"}}],\"inLanguage\":\"es\"},{\"@type\":\"Organization\",\"@id\":\"https:\/\/creston.com.mx\/#organization\",\"name\":\"Peri\u00f3dico Digital de Zacatecas\",\"url\":\"https:\/\/creston.com.mx\/\",\"logo\":{\"@type\":\"ImageObject\",\"inLanguage\":\"es\",\"@id\":\"https:\/\/creston.com.mx\/#\/schema\/logo\/image\/\",\"url\":\"https:\/\/creston.com.mx\/wp-content\/uploads\/2026\/02\/cropped-Logo-Creston2.jpg\",\"contentUrl\":\"https:\/\/creston.com.mx\/wp-content\/uploads\/2026\/02\/cropped-Logo-Creston2.jpg\",\"width\":503,\"height\":194,\"caption\":\"Peri\u00f3dico Digital  de Zacatecas\"},\"image\":{\"@id\":\"https:\/\/creston.com.mx\/#\/schema\/logo\/image\/\"}},{\"@type\":\"Person\",\"@id\":\"https:\/\/creston.com.mx\/#\/schema\/person\/01f2ce9e289bc5300c759925ef768c1d\",\"name\":\"Periodico Creston\",\"image\":{\"@type\":\"ImageObject\",\"inLanguage\":\"es\",\"@id\":\"https:\/\/creston.com.mx\/#\/schema\/person\/image\/\",\"url\":\"https:\/\/secure.gravatar.com\/avatar\/c91eac1cf0d45897b6d294d474aa7713a194d460be0aaf72157553d050cda1c1?s=96&d=mm&r=g\",\"contentUrl\":\"https:\/\/secure.gravatar.com\/avatar\/c91eac1cf0d45897b6d294d474aa7713a194d460be0aaf72157553d050cda1c1?s=96&d=mm&r=g\",\"caption\":\"Periodico Creston\"},\"sameAs\":[\"https:\/\/creston.com.mx\"],\"url\":\"https:\/\/creston.com.mx\/index.php\/author\/cstnalja96\/\"}]}<\/script>\n<!-- \/ Yoast SEO plugin. -->","yoast_head_json":{"title":"\u201cSeguimos avanzando para una buena comercializaci\u00f3n del frijol\u201d: Jos\u00e9 Narro - Peri\u00f3dico Digital de Zacatecas","robots":{"index":"index","follow":"follow","max-snippet":"max-snippet:-1","max-image-preview":"max-image-preview:large","max-video-preview":"max-video-preview:-1"},"canonical":"https:\/\/creston.com.mx\/index.php\/02\/seguimos-avanzando-para-una-buena-comercializacion-del-frijol-jose-narro\/politica\/2026\/","og_locale":"es_ES","og_type":"article","og_title":"\u201cSeguimos avanzando para una buena comercializaci\u00f3n del frijol\u201d: Jos\u00e9 Narro - Peri\u00f3dico Digital de Zacatecas","og_description":". Demandar\u00e1 incrementar el volumen de compra de 80 mil toneladas que se encuentra actualmente y duplicarlo al menos a 160 mil. . El diputado federal de Morena, Dr, Jos\u00e9&hellip;","og_url":"https:\/\/creston.com.mx\/index.php\/02\/seguimos-avanzando-para-una-buena-comercializacion-del-frijol-jose-narro\/politica\/2026\/","og_site_name":"Peri\u00f3dico Digital de Zacatecas","article_published_time":"2026-02-09T02:18:00+00:00","article_modified_time":"2026-02-09T05:29:56+00:00","og_image":[{"width":2560,"height":1920,"url":"https:\/\/creston.com.mx\/wp-content\/uploads\/2026\/02\/DSCN9989-scaled.jpg","type":"image\/jpeg"}],"author":"Periodico Creston","twitter_card":"summary_large_image","twitter_misc":{"Escrito por":"Periodico Creston","Tiempo de lectura":"3 minutos"},"schema":{"@context":"https:\/\/schema.org","@graph":[{"@type":"Article","@id":"https:\/\/creston.com.mx\/index.php\/02\/seguimos-avanzando-para-una-buena-comercializacion-del-frijol-jose-narro\/politica\/2026\/#article","isPartOf":{"@id":"https:\/\/creston.com.mx\/index.php\/02\/seguimos-avanzando-para-una-buena-comercializacion-del-frijol-jose-narro\/politica\/2026\/"},"author":{"name":"Periodico Creston","@id":"https:\/\/creston.com.mx\/#\/schema\/person\/01f2ce9e289bc5300c759925ef768c1d"},"headline":"\u201cSeguimos avanzando para una buena comercializaci\u00f3n del frijol\u201d: Jos\u00e9 Narro","datePublished":"2026-02-09T02:18:00+00:00","dateModified":"2026-02-09T05:29:56+00:00","mainEntityOfPage":{"@id":"https:\/\/creston.com.mx\/index.php\/02\/seguimos-avanzando-para-una-buena-comercializacion-del-frijol-jose-narro\/politica\/2026\/"},"wordCount":521,"commentCount":0,"publisher":{"@id":"https:\/\/creston.com.mx\/#organization"},"image":{"@id":"https:\/\/creston.com.mx\/index.php\/02\/seguimos-avanzando-para-una-buena-comercializacion-del-frijol-jose-narro\/politica\/2026\/#primaryimage"},"thumbnailUrl":"https:\/\/creston.com.mx\/wp-content\/uploads\/2026\/02\/DSCN9989-scaled.jpg","articleSection":["Pol\u00edtica"],"inLanguage":"es","potentialAction":[{"@type":"CommentAction","name":"Comment","target":["https:\/\/creston.com.mx\/index.php\/02\/seguimos-avanzando-para-una-buena-comercializacion-del-frijol-jose-narro\/politica\/2026\/#respond"]}]},{"@type":"WebPage","@id":"https:\/\/creston.com.mx\/index.php\/02\/seguimos-avanzando-para-una-buena-comercializacion-del-frijol-jose-narro\/politica\/2026\/","url":"https:\/\/creston.com.mx\/index.php\/02\/seguimos-avanzando-para-una-buena-comercializacion-del-frijol-jose-narro\/politica\/2026\/","name":"\u201cSeguimos avanzando para una buena comercializaci\u00f3n del frijol\u201d: Jos\u00e9 Narro - Peri\u00f3dico Digital de Zacatecas","isPartOf":{"@id":"https:\/\/creston.com.mx\/#website"},"primaryImageOfPage":{"@id":"https:\/\/creston.com.mx\/index.php\/02\/seguimos-avanzando-para-una-buena-comercializacion-del-frijol-jose-narro\/politica\/2026\/#primaryimage"},"image":{"@id":"https:\/\/creston.com.mx\/index.php\/02\/seguimos-avanzando-para-una-buena-comercializacion-del-frijol-jose-narro\/politica\/2026\/#primaryimage"},"thumbnailUrl":"https:\/\/creston.com.mx\/wp-content\/uploads\/2026\/02\/DSCN9989-scaled.jpg","datePublished":"2026-02-09T02:18:00+00:00","dateModified":"2026-02-09T05:29:56+00:00","breadcrumb":{"@id":"https:\/\/creston.com.mx\/index.php\/02\/seguimos-avanzando-para-una-buena-comercializacion-del-frijol-jose-narro\/politica\/2026\/#breadcrumb"},"inLanguage":"es","potentialAction":[{"@type":"ReadAction","target":["https:\/\/creston.com.mx\/index.php\/02\/seguimos-avanzando-para-una-buena-comercializacion-del-frijol-jose-narro\/politica\/2026\/"]}]},{"@type":"ImageObject","inLanguage":"es","@id":"https:\/\/creston.com.mx\/index.php\/02\/seguimos-avanzando-para-una-buena-comercializacion-del-frijol-jose-narro\/politica\/2026\/#primaryimage","url":"https:\/\/creston.com.mx\/wp-content\/uploads\/2026\/02\/DSCN9989-scaled.jpg","contentUrl":"https:\/\/creston.com.mx\/wp-content\/uploads\/2026\/02\/DSCN9989-scaled.jpg","width":2560,"height":1920},{"@type":"BreadcrumbList","@id":"https:\/\/creston.com.mx\/index.php\/02\/seguimos-avanzando-para-una-buena-comercializacion-del-frijol-jose-narro\/politica\/2026\/#breadcrumb","itemListElement":[{"@type":"ListItem","position":1,"name":"Portada","item":"https:\/\/creston.com.mx\/"},{"@type":"ListItem","position":2,"name":"\u201cSeguimos avanzando para una buena comercializaci\u00f3n del frijol\u201d: Jos\u00e9 Narro"}]},{"@type":"WebSite","@id":"https:\/\/creston.com.mx\/#website","url":"https:\/\/creston.com.mx\/","name":"Peri\u00f3dico Digital de Zacatecas","description":"","publisher":{"@id":"https:\/\/creston.com.mx\/#organization"},"potentialAction":[{"@type":"SearchAction","target":{"@type":"EntryPoint","urlTemplate":"https:\/\/creston.com.mx\/?s={search_term_string}"},"query-input":{"@type":"PropertyValueSpecification","valueRequired":true,"valueName":"search_term_string"}}],"inLanguage":"es"},{"@type":"Organization","@id":"https:\/\/creston.com.mx\/#organization","name":"Peri\u00f3dico Digital de Zacatecas","url":"https:\/\/creston.com.mx\/","logo":{"@type":"ImageObject","inLanguage":"es","@id":"https:\/\/creston.com.mx\/#\/schema\/logo\/image\/","url":"https:\/\/creston.com.mx\/wp-content\/uploads\/2026\/02\/cropped-Logo-Creston2.jpg","contentUrl":"https:\/\/creston.com.mx\/wp-content\/uploads\/2026\/02\/cropped-Logo-Creston2.jpg","width":503,"height":194,"caption":"Peri\u00f3dico Digital  de Zacatecas"},"image":{"@id":"https:\/\/creston.com.mx\/#\/schema\/logo\/image\/"}},{"@type":"Person","@id":"https:\/\/creston.com.mx\/#\/schema\/person\/01f2ce9e289bc5300c759925ef768c1d","name":"Periodico Creston","image":{"@type":"ImageObject","inLanguage":"es","@id":"https:\/\/creston.com.mx\/#\/schema\/person\/image\/","url":"https:\/\/secure.gravatar.com\/avatar\/c91eac1cf0d45897b6d294d474aa7713a194d460be0aaf72157553d050cda1c1?s=96&d=mm&r=g","contentUrl":"https:\/\/secure.gravatar.com\/avatar\/c91eac1cf0d45897b6d294d474aa7713a194d460be0aaf72157553d050cda1c1?s=96&d=mm&r=g","caption":"Periodico Creston"},"sameAs":["https:\/\/creston.com.mx"],"url":"https:\/\/creston.com.mx\/index.php\/author\/cstnalja96\/"}]}},"jetpack_sharing_enabled":true,"jetpack_featured_media_url":"https:\/\/creston.com.mx\/wp-content\/uploads\/2026\/02\/DSCN9989-scaled.jpg","_links":{"self":[{"href":"https:\/\/creston.com.mx\/index.php\/wp-json\/wp\/v2\/posts\/2405","targetHints":{"allow":["GET"]}}],"collection":[{"href":"https:\/\/creston.com.mx\/index.php\/wp-json\/wp\/v2\/posts"}],"about":[{"href":"https:\/\/creston.com.mx\/index.php\/wp-json\/wp\/v2\/types\/post"}],"author":[{"embeddable":true,"href":"https:\/\/creston.com.mx\/index.php\/wp-json\/wp\/v2\/users\/1"}],"replies":[{"embeddable":true,"href":"https:\/\/creston.com.mx\/index.php\/wp-json\/wp\/v2\/comments?post=2405"}],"version-history":[{"count":1,"href":"https:\/\/creston.com.mx\/index.php\/wp-json\/wp\/v2\/posts\/2405\/revisions"}],"predecessor-version":[{"id":2408,"href":"https:\/\/creston.com.mx\/index.php\/wp-json\/wp\/v2\/posts\/2405\/revisions\/2408"}],"wp:featuredmedia":[{"embeddable":true,"href":"https:\/\/creston.com.mx\/index.php\/wp-json\/wp\/v2\/media\/2407"}],"wp:attachment":[{"href":"https:\/\/creston.com.mx\/index.php\/wp-json\/wp\/v2\/media?parent=2405"}],"wp:term":[{"taxonomy":"category","embeddable":true,"href":"https:\/\/creston.com.mx\/index.php\/wp-json\/wp\/v2\/categories?post=2405"},{"taxonomy":"post_tag","embeddable":true,"href":"https:\/\/creston.com.mx\/index.php\/wp-json\/wp\/v2\/tags?post=2405"}],"curies":[{"name":"wp","href":"https:\/\/api.w.org\/{rel}","templated":true}]}}