{"id":2401,"date":"2026-02-08T20:15:00","date_gmt":"2026-02-09T02:15:00","guid":{"rendered":"https:\/\/creston.com.mx\/?p=2401"},"modified":"2026-02-08T23:18:33","modified_gmt":"2026-02-09T05:18:33","slug":"ulises-mejia-llama-a-cerrar-filas-por-la-transformacion","status":"publish","type":"post","link":"https:\/\/creston.com.mx\/index.php\/02\/ulises-mejia-llama-a-cerrar-filas-por-la-transformacion\/informacion-general\/2026\/","title":{"rendered":"Ulises Mej\u00eda llama a cerrar filas por la transformaci\u00f3n"},"content":{"rendered":"\n<p>.<\/p>\n\n\n\n<p class=\"has-medium-font-size\"><strong><em>La reforma electoral fortalecer\u00e1 el sistema de partidos, las autoridades electorales y el voto ciudadano como eje de la vida democr\u00e1tica del pa\u00eds, sostuvo.<\/em><\/strong><\/p>\n\n\n\n<p>.<\/p>\n\n\n\n<p>Desde su asamblea legislativa n\u00famero 348, realizada en el municipio de Nochistl\u00e1n, el diputado federal por Zacatecas, Ulises Mej\u00eda Haro, convoc\u00f3 a cerrar filas para aprobar una reforma electoral que fortalezca el sistema de partidos, a las autoridades electorales y, sobre todo, al voto ciudadano como eje de la vida democr\u00e1tica del pa\u00eds.<\/p>\n\n\n\n<p>Al abordar este tema, explic\u00f3 que la reforma muy probablemente se centrar\u00e1 en eliminar las figuras de representaci\u00f3n plurinominal, con el objetivo de que toda persona que aspire a representar a la ciudadan\u00eda lo haga mediante el voto directo y no a trav\u00e9s del respaldo de grupos pol\u00edticos cupulares. Asimismo, se\u00f1al\u00f3 que otro eje central ser\u00e1 la disminuci\u00f3n del presupuesto a los partidos pol\u00edticos, para que cuenten \u00fanicamente con los recursos necesarios para organizar los procesos electorales y no, como ocurre actualmente, con financiamiento permanente.<\/p>\n\n\n\n<p>Durante su intervenci\u00f3n, el legislador morenista subray\u00f3 que las y los legisladores tienen la responsabilidad de regresar al territorio, no solo para informar sobre el trabajo que se realiza en el Congreso de la Uni\u00f3n, sino, sobre todo, para construir una agenda legislativa desde las comunidades, a partir de las problem\u00e1ticas que la gente plantea de manera directa y no desde la comodidad de una oficina, alejados de la realidad que se vive en el estado.<\/p>\n\n\n<div class=\"wp-block-image\">\n<figure class=\"alignright size-large is-resized\"><img fetchpriority=\"high\" decoding=\"async\" width=\"1024\" height=\"659\" src=\"https:\/\/creston.com.mx\/wp-content\/uploads\/2026\/02\/IMG-20260208-WA0025-1024x659.jpg\" alt=\"\" class=\"wp-image-2403\" style=\"aspect-ratio:1.553875236294896;width:595px;height:auto\" srcset=\"https:\/\/creston.com.mx\/wp-content\/uploads\/2026\/02\/IMG-20260208-WA0025-1024x659.jpg 1024w, https:\/\/creston.com.mx\/wp-content\/uploads\/2026\/02\/IMG-20260208-WA0025-300x193.jpg 300w, https:\/\/creston.com.mx\/wp-content\/uploads\/2026\/02\/IMG-20260208-WA0025-768x494.jpg 768w, https:\/\/creston.com.mx\/wp-content\/uploads\/2026\/02\/IMG-20260208-WA0025.jpg 1280w\" sizes=\"(max-width: 1024px) 100vw, 1024px\" \/><\/figure>\n<\/div>\n\n\n<p>En este marco, Mej\u00eda Haro expuso algunas de las prioridades que hoy forman parte de su trabajo legislativo, entre ellas la asignaci\u00f3n de presupuesto para el mejoramiento de las carreteras y el fortalecimiento de la conectividad regional; el respaldo al campo mediante el impulso a la agroindustria y a esquemas de agricultura por contrato que brinden certidumbre a las y los productores; as\u00ed como el apoyo al peque\u00f1o comercio, sector que sostiene buena parte de la econom\u00eda local y regional. A estas acciones se suman temas fundamentales como la educaci\u00f3n, el deporte y la salud.<\/p>\n\n\n\n<p>Finalmente, Ulises Mej\u00eda Haro destac\u00f3 que la presidenta Claudia Sheinbaum est\u00e1 realizando un gran esfuerzo para convertir a M\u00e9xico en la d\u00e9cima econom\u00eda del mundo, pero recalc\u00f3 que este objetivo solo ser\u00e1 posible si todas y todos reman con la misma energ\u00eda y en la misma direcci\u00f3n, para que la transformaci\u00f3n se refleje de manera tangible en cada regi\u00f3n de Zacatecas.<\/p>\n\n\n\n<p>.<\/p>\n\n\n\n\n\n<p>.<\/p>\n\n\n<div class=\"wp-block-image\">\n<figure class=\"aligncenter size-large is-resized\"><img decoding=\"async\" width=\"870\" height=\"1024\" src=\"https:\/\/creston.com.mx\/wp-content\/uploads\/2025\/06\/Anuncio-salon-eventos-870x1024.jpg\" alt=\"\" class=\"wp-image-966\" style=\"aspect-ratio:0.8496112270054997;width:586px;height:auto\" srcset=\"https:\/\/creston.com.mx\/wp-content\/uploads\/2025\/06\/Anuncio-salon-eventos-870x1024.jpg 870w, https:\/\/creston.com.mx\/wp-content\/uploads\/2025\/06\/Anuncio-salon-eventos-255x300.jpg 255w, https:\/\/creston.com.mx\/wp-content\/uploads\/2025\/06\/Anuncio-salon-eventos-768x904.jpg 768w, https:\/\/creston.com.mx\/wp-content\/uploads\/2025\/06\/Anuncio-salon-eventos.jpg 1275w\" sizes=\"(max-width: 870px) 100vw, 870px\" \/><\/figure>\n<\/div>","protected":false},"excerpt":{"rendered":"<p>. La reforma electoral fortalecer\u00e1 el sistema de partidos, las autoridades electorales y el voto ciudadano como eje de la vida democr\u00e1tica del pa\u00eds, sostuvo. . Desde su asamblea legislativa&hellip; <\/p>\n","protected":false},"author":1,"featured_media":2402,"comment_status":"open","ping_status":"closed","sticky":false,"template":"","format":"standard","meta":{"_jetpack_memberships_contains_paid_content":false,"footnotes":""},"categories":[4],"tags":[],"class_list":["post-2401","post","type-post","status-publish","format-standard","has-post-thumbnail","hentry","category-informacion-general"],"yoast_head":"<!-- This site is optimized with the Yoast SEO plugin v24.2 - https:\/\/yoast.com\/wordpress\/plugins\/seo\/ -->\n<title>Ulises Mej\u00eda llama a cerrar filas por la transformaci\u00f3n - Peri\u00f3dico Digital de Zacatecas<\/title>\n<meta name=\"robots\" content=\"index, follow, max-snippet:-1, max-image-preview:large, max-video-preview:-1\" \/>\n<link rel=\"canonical\" href=\"https:\/\/creston.com.mx\/index.php\/02\/ulises-mejia-llama-a-cerrar-filas-por-la-transformacion\/informacion-general\/2026\/\" \/>\n<meta property=\"og:locale\" content=\"es_ES\" \/>\n<meta property=\"og:type\" content=\"article\" \/>\n<meta property=\"og:title\" content=\"Ulises Mej\u00eda llama a cerrar filas por la transformaci\u00f3n - Peri\u00f3dico Digital de Zacatecas\" \/>\n<meta property=\"og:description\" content=\". La reforma electoral fortalecer\u00e1 el sistema de partidos, las autoridades electorales y el voto ciudadano como eje de la vida democr\u00e1tica del pa\u00eds, sostuvo. . Desde su asamblea legislativa&hellip;\" \/>\n<meta property=\"og:url\" content=\"https:\/\/creston.com.mx\/index.php\/02\/ulises-mejia-llama-a-cerrar-filas-por-la-transformacion\/informacion-general\/2026\/\" \/>\n<meta property=\"og:site_name\" content=\"Peri\u00f3dico Digital de Zacatecas\" \/>\n<meta property=\"article:published_time\" content=\"2026-02-09T02:15:00+00:00\" \/>\n<meta property=\"article:modified_time\" content=\"2026-02-09T05:18:33+00:00\" \/>\n<meta property=\"og:image\" content=\"https:\/\/creston.com.mx\/wp-content\/uploads\/2026\/02\/IMG-20260208-WA0020.jpg\" \/>\n\t<meta property=\"og:image:width\" content=\"1280\" \/>\n\t<meta property=\"og:image:height\" content=\"853\" \/>\n\t<meta property=\"og:image:type\" content=\"image\/jpeg\" \/>\n<meta name=\"author\" content=\"Periodico Creston\" \/>\n<meta name=\"twitter:card\" content=\"summary_large_image\" \/>\n<meta name=\"twitter:label1\" content=\"Escrito por\" \/>\n\t<meta name=\"twitter:data1\" content=\"Periodico Creston\" \/>\n\t<meta name=\"twitter:label2\" content=\"Tiempo de lectura\" \/>\n\t<meta name=\"twitter:data2\" content=\"3 minutos\" \/>\n<script type=\"application\/ld+json\" class=\"yoast-schema-graph\">{\"@context\":\"https:\/\/schema.org\",\"@graph\":[{\"@type\":\"Article\",\"@id\":\"https:\/\/creston.com.mx\/index.php\/02\/ulises-mejia-llama-a-cerrar-filas-por-la-transformacion\/informacion-general\/2026\/#article\",\"isPartOf\":{\"@id\":\"https:\/\/creston.com.mx\/index.php\/02\/ulises-mejia-llama-a-cerrar-filas-por-la-transformacion\/informacion-general\/2026\/\"},\"author\":{\"name\":\"Periodico Creston\",\"@id\":\"https:\/\/creston.com.mx\/#\/schema\/person\/01f2ce9e289bc5300c759925ef768c1d\"},\"headline\":\"Ulises Mej\u00eda llama a cerrar filas por la transformaci\u00f3n\",\"datePublished\":\"2026-02-09T02:15:00+00:00\",\"dateModified\":\"2026-02-09T05:18:33+00:00\",\"mainEntityOfPage\":{\"@id\":\"https:\/\/creston.com.mx\/index.php\/02\/ulises-mejia-llama-a-cerrar-filas-por-la-transformacion\/informacion-general\/2026\/\"},\"wordCount\":434,\"commentCount\":0,\"publisher\":{\"@id\":\"https:\/\/creston.com.mx\/#organization\"},\"image\":{\"@id\":\"https:\/\/creston.com.mx\/index.php\/02\/ulises-mejia-llama-a-cerrar-filas-por-la-transformacion\/informacion-general\/2026\/#primaryimage\"},\"thumbnailUrl\":\"https:\/\/creston.com.mx\/wp-content\/uploads\/2026\/02\/IMG-20260208-WA0020.jpg\",\"articleSection\":[\"Informaci\u00f3n General\"],\"inLanguage\":\"es\",\"potentialAction\":[{\"@type\":\"CommentAction\",\"name\":\"Comment\",\"target\":[\"https:\/\/creston.com.mx\/index.php\/02\/ulises-mejia-llama-a-cerrar-filas-por-la-transformacion\/informacion-general\/2026\/#respond\"]}]},{\"@type\":\"WebPage\",\"@id\":\"https:\/\/creston.com.mx\/index.php\/02\/ulises-mejia-llama-a-cerrar-filas-por-la-transformacion\/informacion-general\/2026\/\",\"url\":\"https:\/\/creston.com.mx\/index.php\/02\/ulises-mejia-llama-a-cerrar-filas-por-la-transformacion\/informacion-general\/2026\/\",\"name\":\"Ulises Mej\u00eda llama a cerrar filas por la transformaci\u00f3n - Peri\u00f3dico Digital de Zacatecas\",\"isPartOf\":{\"@id\":\"https:\/\/creston.com.mx\/#website\"},\"primaryImageOfPage\":{\"@id\":\"https:\/\/creston.com.mx\/index.php\/02\/ulises-mejia-llama-a-cerrar-filas-por-la-transformacion\/informacion-general\/2026\/#primaryimage\"},\"image\":{\"@id\":\"https:\/\/creston.com.mx\/index.php\/02\/ulises-mejia-llama-a-cerrar-filas-por-la-transformacion\/informacion-general\/2026\/#primaryimage\"},\"thumbnailUrl\":\"https:\/\/creston.com.mx\/wp-content\/uploads\/2026\/02\/IMG-20260208-WA0020.jpg\",\"datePublished\":\"2026-02-09T02:15:00+00:00\",\"dateModified\":\"2026-02-09T05:18:33+00:00\",\"breadcrumb\":{\"@id\":\"https:\/\/creston.com.mx\/index.php\/02\/ulises-mejia-llama-a-cerrar-filas-por-la-transformacion\/informacion-general\/2026\/#breadcrumb\"},\"inLanguage\":\"es\",\"potentialAction\":[{\"@type\":\"ReadAction\",\"target\":[\"https:\/\/creston.com.mx\/index.php\/02\/ulises-mejia-llama-a-cerrar-filas-por-la-transformacion\/informacion-general\/2026\/\"]}]},{\"@type\":\"ImageObject\",\"inLanguage\":\"es\",\"@id\":\"https:\/\/creston.com.mx\/index.php\/02\/ulises-mejia-llama-a-cerrar-filas-por-la-transformacion\/informacion-general\/2026\/#primaryimage\",\"url\":\"https:\/\/creston.com.mx\/wp-content\/uploads\/2026\/02\/IMG-20260208-WA0020.jpg\",\"contentUrl\":\"https:\/\/creston.com.mx\/wp-content\/uploads\/2026\/02\/IMG-20260208-WA0020.jpg\",\"width\":1280,\"height\":853},{\"@type\":\"BreadcrumbList\",\"@id\":\"https:\/\/creston.com.mx\/index.php\/02\/ulises-mejia-llama-a-cerrar-filas-por-la-transformacion\/informacion-general\/2026\/#breadcrumb\",\"itemListElement\":[{\"@type\":\"ListItem\",\"position\":1,\"name\":\"Portada\",\"item\":\"https:\/\/creston.com.mx\/\"},{\"@type\":\"ListItem\",\"position\":2,\"name\":\"Ulises Mej\u00eda llama a cerrar filas por la transformaci\u00f3n\"}]},{\"@type\":\"WebSite\",\"@id\":\"https:\/\/creston.com.mx\/#website\",\"url\":\"https:\/\/creston.com.mx\/\",\"name\":\"Peri\u00f3dico Digital de Zacatecas\",\"description\":\"\",\"publisher\":{\"@id\":\"https:\/\/creston.com.mx\/#organization\"},\"potentialAction\":[{\"@type\":\"SearchAction\",\"target\":{\"@type\":\"EntryPoint\",\"urlTemplate\":\"https:\/\/creston.com.mx\/?s={search_term_string}\"},\"query-input\":{\"@type\":\"PropertyValueSpecification\",\"valueRequired\":true,\"valueName\":\"search_term_string\"}}],\"inLanguage\":\"es\"},{\"@type\":\"Organization\",\"@id\":\"https:\/\/creston.com.mx\/#organization\",\"name\":\"Peri\u00f3dico Digital de Zacatecas\",\"url\":\"https:\/\/creston.com.mx\/\",\"logo\":{\"@type\":\"ImageObject\",\"inLanguage\":\"es\",\"@id\":\"https:\/\/creston.com.mx\/#\/schema\/logo\/image\/\",\"url\":\"https:\/\/creston.com.mx\/wp-content\/uploads\/2026\/02\/cropped-Logo-Creston2.jpg\",\"contentUrl\":\"https:\/\/creston.com.mx\/wp-content\/uploads\/2026\/02\/cropped-Logo-Creston2.jpg\",\"width\":503,\"height\":194,\"caption\":\"Peri\u00f3dico Digital  de Zacatecas\"},\"image\":{\"@id\":\"https:\/\/creston.com.mx\/#\/schema\/logo\/image\/\"}},{\"@type\":\"Person\",\"@id\":\"https:\/\/creston.com.mx\/#\/schema\/person\/01f2ce9e289bc5300c759925ef768c1d\",\"name\":\"Periodico Creston\",\"image\":{\"@type\":\"ImageObject\",\"inLanguage\":\"es\",\"@id\":\"https:\/\/creston.com.mx\/#\/schema\/person\/image\/\",\"url\":\"https:\/\/secure.gravatar.com\/avatar\/c91eac1cf0d45897b6d294d474aa7713a194d460be0aaf72157553d050cda1c1?s=96&d=mm&r=g\",\"contentUrl\":\"https:\/\/secure.gravatar.com\/avatar\/c91eac1cf0d45897b6d294d474aa7713a194d460be0aaf72157553d050cda1c1?s=96&d=mm&r=g\",\"caption\":\"Periodico Creston\"},\"sameAs\":[\"https:\/\/creston.com.mx\"],\"url\":\"https:\/\/creston.com.mx\/index.php\/author\/cstnalja96\/\"}]}<\/script>\n<!-- \/ Yoast SEO plugin. -->","yoast_head_json":{"title":"Ulises Mej\u00eda llama a cerrar filas por la transformaci\u00f3n - Peri\u00f3dico Digital de Zacatecas","robots":{"index":"index","follow":"follow","max-snippet":"max-snippet:-1","max-image-preview":"max-image-preview:large","max-video-preview":"max-video-preview:-1"},"canonical":"https:\/\/creston.com.mx\/index.php\/02\/ulises-mejia-llama-a-cerrar-filas-por-la-transformacion\/informacion-general\/2026\/","og_locale":"es_ES","og_type":"article","og_title":"Ulises Mej\u00eda llama a cerrar filas por la transformaci\u00f3n - Peri\u00f3dico Digital de Zacatecas","og_description":". La reforma electoral fortalecer\u00e1 el sistema de partidos, las autoridades electorales y el voto ciudadano como eje de la vida democr\u00e1tica del pa\u00eds, sostuvo. . Desde su asamblea legislativa&hellip;","og_url":"https:\/\/creston.com.mx\/index.php\/02\/ulises-mejia-llama-a-cerrar-filas-por-la-transformacion\/informacion-general\/2026\/","og_site_name":"Peri\u00f3dico Digital de Zacatecas","article_published_time":"2026-02-09T02:15:00+00:00","article_modified_time":"2026-02-09T05:18:33+00:00","og_image":[{"width":1280,"height":853,"url":"https:\/\/creston.com.mx\/wp-content\/uploads\/2026\/02\/IMG-20260208-WA0020.jpg","type":"image\/jpeg"}],"author":"Periodico Creston","twitter_card":"summary_large_image","twitter_misc":{"Escrito por":"Periodico Creston","Tiempo de lectura":"3 minutos"},"schema":{"@context":"https:\/\/schema.org","@graph":[{"@type":"Article","@id":"https:\/\/creston.com.mx\/index.php\/02\/ulises-mejia-llama-a-cerrar-filas-por-la-transformacion\/informacion-general\/2026\/#article","isPartOf":{"@id":"https:\/\/creston.com.mx\/index.php\/02\/ulises-mejia-llama-a-cerrar-filas-por-la-transformacion\/informacion-general\/2026\/"},"author":{"name":"Periodico Creston","@id":"https:\/\/creston.com.mx\/#\/schema\/person\/01f2ce9e289bc5300c759925ef768c1d"},"headline":"Ulises Mej\u00eda llama a cerrar filas por la transformaci\u00f3n","datePublished":"2026-02-09T02:15:00+00:00","dateModified":"2026-02-09T05:18:33+00:00","mainEntityOfPage":{"@id":"https:\/\/creston.com.mx\/index.php\/02\/ulises-mejia-llama-a-cerrar-filas-por-la-transformacion\/informacion-general\/2026\/"},"wordCount":434,"commentCount":0,"publisher":{"@id":"https:\/\/creston.com.mx\/#organization"},"image":{"@id":"https:\/\/creston.com.mx\/index.php\/02\/ulises-mejia-llama-a-cerrar-filas-por-la-transformacion\/informacion-general\/2026\/#primaryimage"},"thumbnailUrl":"https:\/\/creston.com.mx\/wp-content\/uploads\/2026\/02\/IMG-20260208-WA0020.jpg","articleSection":["Informaci\u00f3n General"],"inLanguage":"es","potentialAction":[{"@type":"CommentAction","name":"Comment","target":["https:\/\/creston.com.mx\/index.php\/02\/ulises-mejia-llama-a-cerrar-filas-por-la-transformacion\/informacion-general\/2026\/#respond"]}]},{"@type":"WebPage","@id":"https:\/\/creston.com.mx\/index.php\/02\/ulises-mejia-llama-a-cerrar-filas-por-la-transformacion\/informacion-general\/2026\/","url":"https:\/\/creston.com.mx\/index.php\/02\/ulises-mejia-llama-a-cerrar-filas-por-la-transformacion\/informacion-general\/2026\/","name":"Ulises Mej\u00eda llama a cerrar filas por la transformaci\u00f3n - Peri\u00f3dico Digital de Zacatecas","isPartOf":{"@id":"https:\/\/creston.com.mx\/#website"},"primaryImageOfPage":{"@id":"https:\/\/creston.com.mx\/index.php\/02\/ulises-mejia-llama-a-cerrar-filas-por-la-transformacion\/informacion-general\/2026\/#primaryimage"},"image":{"@id":"https:\/\/creston.com.mx\/index.php\/02\/ulises-mejia-llama-a-cerrar-filas-por-la-transformacion\/informacion-general\/2026\/#primaryimage"},"thumbnailUrl":"https:\/\/creston.com.mx\/wp-content\/uploads\/2026\/02\/IMG-20260208-WA0020.jpg","datePublished":"2026-02-09T02:15:00+00:00","dateModified":"2026-02-09T05:18:33+00:00","breadcrumb":{"@id":"https:\/\/creston.com.mx\/index.php\/02\/ulises-mejia-llama-a-cerrar-filas-por-la-transformacion\/informacion-general\/2026\/#breadcrumb"},"inLanguage":"es","potentialAction":[{"@type":"ReadAction","target":["https:\/\/creston.com.mx\/index.php\/02\/ulises-mejia-llama-a-cerrar-filas-por-la-transformacion\/informacion-general\/2026\/"]}]},{"@type":"ImageObject","inLanguage":"es","@id":"https:\/\/creston.com.mx\/index.php\/02\/ulises-mejia-llama-a-cerrar-filas-por-la-transformacion\/informacion-general\/2026\/#primaryimage","url":"https:\/\/creston.com.mx\/wp-content\/uploads\/2026\/02\/IMG-20260208-WA0020.jpg","contentUrl":"https:\/\/creston.com.mx\/wp-content\/uploads\/2026\/02\/IMG-20260208-WA0020.jpg","width":1280,"height":853},{"@type":"BreadcrumbList","@id":"https:\/\/creston.com.mx\/index.php\/02\/ulises-mejia-llama-a-cerrar-filas-por-la-transformacion\/informacion-general\/2026\/#breadcrumb","itemListElement":[{"@type":"ListItem","position":1,"name":"Portada","item":"https:\/\/creston.com.mx\/"},{"@type":"ListItem","position":2,"name":"Ulises Mej\u00eda llama a cerrar filas por la transformaci\u00f3n"}]},{"@type":"WebSite","@id":"https:\/\/creston.com.mx\/#website","url":"https:\/\/creston.com.mx\/","name":"Peri\u00f3dico Digital de Zacatecas","description":"","publisher":{"@id":"https:\/\/creston.com.mx\/#organization"},"potentialAction":[{"@type":"SearchAction","target":{"@type":"EntryPoint","urlTemplate":"https:\/\/creston.com.mx\/?s={search_term_string}"},"query-input":{"@type":"PropertyValueSpecification","valueRequired":true,"valueName":"search_term_string"}}],"inLanguage":"es"},{"@type":"Organization","@id":"https:\/\/creston.com.mx\/#organization","name":"Peri\u00f3dico Digital de Zacatecas","url":"https:\/\/creston.com.mx\/","logo":{"@type":"ImageObject","inLanguage":"es","@id":"https:\/\/creston.com.mx\/#\/schema\/logo\/image\/","url":"https:\/\/creston.com.mx\/wp-content\/uploads\/2026\/02\/cropped-Logo-Creston2.jpg","contentUrl":"https:\/\/creston.com.mx\/wp-content\/uploads\/2026\/02\/cropped-Logo-Creston2.jpg","width":503,"height":194,"caption":"Peri\u00f3dico Digital  de Zacatecas"},"image":{"@id":"https:\/\/creston.com.mx\/#\/schema\/logo\/image\/"}},{"@type":"Person","@id":"https:\/\/creston.com.mx\/#\/schema\/person\/01f2ce9e289bc5300c759925ef768c1d","name":"Periodico Creston","image":{"@type":"ImageObject","inLanguage":"es","@id":"https:\/\/creston.com.mx\/#\/schema\/person\/image\/","url":"https:\/\/secure.gravatar.com\/avatar\/c91eac1cf0d45897b6d294d474aa7713a194d460be0aaf72157553d050cda1c1?s=96&d=mm&r=g","contentUrl":"https:\/\/secure.gravatar.com\/avatar\/c91eac1cf0d45897b6d294d474aa7713a194d460be0aaf72157553d050cda1c1?s=96&d=mm&r=g","caption":"Periodico Creston"},"sameAs":["https:\/\/creston.com.mx"],"url":"https:\/\/creston.com.mx\/index.php\/author\/cstnalja96\/"}]}},"jetpack_sharing_enabled":true,"jetpack_featured_media_url":"https:\/\/creston.com.mx\/wp-content\/uploads\/2026\/02\/IMG-20260208-WA0020.jpg","_links":{"self":[{"href":"https:\/\/creston.com.mx\/index.php\/wp-json\/wp\/v2\/posts\/2401","targetHints":{"allow":["GET"]}}],"collection":[{"href":"https:\/\/creston.com.mx\/index.php\/wp-json\/wp\/v2\/posts"}],"about":[{"href":"https:\/\/creston.com.mx\/index.php\/wp-json\/wp\/v2\/types\/post"}],"author":[{"embeddable":true,"href":"https:\/\/creston.com.mx\/index.php\/wp-json\/wp\/v2\/users\/1"}],"replies":[{"embeddable":true,"href":"https:\/\/creston.com.mx\/index.php\/wp-json\/wp\/v2\/comments?post=2401"}],"version-history":[{"count":1,"href":"https:\/\/creston.com.mx\/index.php\/wp-json\/wp\/v2\/posts\/2401\/revisions"}],"predecessor-version":[{"id":2404,"href":"https:\/\/creston.com.mx\/index.php\/wp-json\/wp\/v2\/posts\/2401\/revisions\/2404"}],"wp:featuredmedia":[{"embeddable":true,"href":"https:\/\/creston.com.mx\/index.php\/wp-json\/wp\/v2\/media\/2402"}],"wp:attachment":[{"href":"https:\/\/creston.com.mx\/index.php\/wp-json\/wp\/v2\/media?parent=2401"}],"wp:term":[{"taxonomy":"category","embeddable":true,"href":"https:\/\/creston.com.mx\/index.php\/wp-json\/wp\/v2\/categories?post=2401"},{"taxonomy":"post_tag","embeddable":true,"href":"https:\/\/creston.com.mx\/index.php\/wp-json\/wp\/v2\/tags?post=2401"}],"curies":[{"name":"wp","href":"https:\/\/api.w.org\/{rel}","templated":true}]}}