{"id":2378,"date":"2026-02-04T20:42:00","date_gmt":"2026-02-05T02:42:00","guid":{"rendered":"https:\/\/creston.com.mx\/?p=2378"},"modified":"2026-02-06T12:01:20","modified_gmt":"2026-02-06T18:01:20","slug":"participa-senador-saul-monreal-en-parlamento-juvenil","status":"publish","type":"post","link":"https:\/\/creston.com.mx\/index.php\/02\/participa-senador-saul-monreal-en-parlamento-juvenil\/politica\/2026\/","title":{"rendered":"Participa Senador Sa\u00fal Monreal en Parlamento Juvenil"},"content":{"rendered":"\n<p>.<\/p>\n\n\n\n<p class=\"has-medium-font-size\"><strong><em>Capacitaron a 186 estudiantes de la Divisi\u00f3n Acad\u00e9mica de Ciencias Sociales y Humanidades de la Universidad de Ju\u00e1rez Aut\u00f3noma de Tabasco.<\/em><\/strong><\/p>\n\n\n\n<p>.<\/p>\n\n\n\n<p>En el marco del Segundo Parlamento Juvenil, el senador Sa\u00fal Monreal \u00c1vila,\u00a0 particip\u00f3 con 186 estudiantes de la Divisi\u00f3n Acad\u00e9mica de Ciencias Sociales y Humanidades de la Universidad Ju\u00e1rez Aut\u00f3noma de Tabasco, estudiantes de la licenciatura en Derecho, quienes fueron capacitados sobre el proceso legislativo y la elaboraci\u00f3n de leyes.<\/p>\n\n\n<div class=\"wp-block-image\">\n<figure class=\"alignright size-large is-resized\"><img fetchpriority=\"high\" decoding=\"async\" width=\"1024\" height=\"683\" src=\"https:\/\/creston.com.mx\/wp-content\/uploads\/2026\/02\/Parlamento-juv-sma-1-1024x683.jpeg\" alt=\"\" class=\"wp-image-2379\" style=\"aspect-ratio:1.4992732765254069;width:588px;height:auto\" srcset=\"https:\/\/creston.com.mx\/wp-content\/uploads\/2026\/02\/Parlamento-juv-sma-1-1024x683.jpeg 1024w, https:\/\/creston.com.mx\/wp-content\/uploads\/2026\/02\/Parlamento-juv-sma-1-300x200.jpeg 300w, https:\/\/creston.com.mx\/wp-content\/uploads\/2026\/02\/Parlamento-juv-sma-1-768x512.jpeg 768w, https:\/\/creston.com.mx\/wp-content\/uploads\/2026\/02\/Parlamento-juv-sma-1.jpeg 1280w\" sizes=\"(max-width: 1024px) 100vw, 1024px\" \/><\/figure>\n<\/div>\n\n\n<p>Durante la jornada, las y los participantes simularon una sesi\u00f3n del Senado, debatieron iniciativas, elaboraron dict\u00e1menes y fortalecieron sus habilidades de argumentaci\u00f3n, negociaci\u00f3n y construcci\u00f3n de consensos, incentivando as\u00ed su participaci\u00f3n activa en la vida pol\u00edtica del pa\u00eds.<\/p>\n\n\n\n<p>.<\/p>\n\n\n\n\n\n<p>.<\/p>\n\n\n<div class=\"wp-block-image\">\n<figure class=\"aligncenter size-large is-resized\"><img decoding=\"async\" width=\"870\" height=\"1024\" src=\"https:\/\/creston.com.mx\/wp-content\/uploads\/2025\/06\/Anuncio-salon-eventos-870x1024.jpg\" alt=\"\" class=\"wp-image-966\" style=\"aspect-ratio:0.8496112270054997;width:644px;height:auto\" srcset=\"https:\/\/creston.com.mx\/wp-content\/uploads\/2025\/06\/Anuncio-salon-eventos-870x1024.jpg 870w, https:\/\/creston.com.mx\/wp-content\/uploads\/2025\/06\/Anuncio-salon-eventos-255x300.jpg 255w, https:\/\/creston.com.mx\/wp-content\/uploads\/2025\/06\/Anuncio-salon-eventos-768x904.jpg 768w, https:\/\/creston.com.mx\/wp-content\/uploads\/2025\/06\/Anuncio-salon-eventos.jpg 1275w\" sizes=\"(max-width: 870px) 100vw, 870px\" \/><\/figure>\n<\/div>","protected":false},"excerpt":{"rendered":"<p>. Capacitaron a 186 estudiantes de la Divisi\u00f3n Acad\u00e9mica de Ciencias Sociales y Humanidades de la Universidad de Ju\u00e1rez Aut\u00f3noma de Tabasco. . En el marco del Segundo Parlamento Juvenil,&hellip; <\/p>\n","protected":false},"author":1,"featured_media":2380,"comment_status":"open","ping_status":"closed","sticky":false,"template":"","format":"standard","meta":{"_jetpack_memberships_contains_paid_content":false,"footnotes":""},"categories":[2],"tags":[],"class_list":["post-2378","post","type-post","status-publish","format-standard","has-post-thumbnail","hentry","category-politica"],"yoast_head":"<!-- This site is optimized with the Yoast SEO plugin v24.2 - https:\/\/yoast.com\/wordpress\/plugins\/seo\/ -->\n<title>Participa Senador Sa\u00fal Monreal en Parlamento Juvenil - Peri\u00f3dico Digital de Zacatecas<\/title>\n<meta name=\"robots\" content=\"index, follow, max-snippet:-1, max-image-preview:large, max-video-preview:-1\" \/>\n<link rel=\"canonical\" href=\"https:\/\/creston.com.mx\/index.php\/02\/participa-senador-saul-monreal-en-parlamento-juvenil\/politica\/2026\/\" \/>\n<meta property=\"og:locale\" content=\"es_ES\" \/>\n<meta property=\"og:type\" content=\"article\" \/>\n<meta property=\"og:title\" content=\"Participa Senador Sa\u00fal Monreal en Parlamento Juvenil - Peri\u00f3dico Digital de Zacatecas\" \/>\n<meta property=\"og:description\" content=\". Capacitaron a 186 estudiantes de la Divisi\u00f3n Acad\u00e9mica de Ciencias Sociales y Humanidades de la Universidad de Ju\u00e1rez Aut\u00f3noma de Tabasco. . En el marco del Segundo Parlamento Juvenil,&hellip;\" \/>\n<meta property=\"og:url\" content=\"https:\/\/creston.com.mx\/index.php\/02\/participa-senador-saul-monreal-en-parlamento-juvenil\/politica\/2026\/\" \/>\n<meta property=\"og:site_name\" content=\"Peri\u00f3dico Digital de Zacatecas\" \/>\n<meta property=\"article:published_time\" content=\"2026-02-05T02:42:00+00:00\" \/>\n<meta property=\"article:modified_time\" content=\"2026-02-06T18:01:20+00:00\" \/>\n<meta property=\"og:image\" content=\"https:\/\/creston.com.mx\/wp-content\/uploads\/2026\/02\/Parlamento-juv-sma-4.jpeg\" \/>\n\t<meta property=\"og:image:width\" content=\"1280\" \/>\n\t<meta property=\"og:image:height\" content=\"768\" \/>\n\t<meta property=\"og:image:type\" content=\"image\/jpeg\" \/>\n<meta name=\"author\" content=\"Periodico Creston\" \/>\n<meta name=\"twitter:card\" content=\"summary_large_image\" \/>\n<meta name=\"twitter:label1\" content=\"Escrito por\" \/>\n\t<meta name=\"twitter:data1\" content=\"Periodico Creston\" \/>\n\t<meta name=\"twitter:label2\" content=\"Tiempo de lectura\" \/>\n\t<meta name=\"twitter:data2\" content=\"2 minutos\" \/>\n<script type=\"application\/ld+json\" class=\"yoast-schema-graph\">{\"@context\":\"https:\/\/schema.org\",\"@graph\":[{\"@type\":\"Article\",\"@id\":\"https:\/\/creston.com.mx\/index.php\/02\/participa-senador-saul-monreal-en-parlamento-juvenil\/politica\/2026\/#article\",\"isPartOf\":{\"@id\":\"https:\/\/creston.com.mx\/index.php\/02\/participa-senador-saul-monreal-en-parlamento-juvenil\/politica\/2026\/\"},\"author\":{\"name\":\"Periodico Creston\",\"@id\":\"https:\/\/creston.com.mx\/#\/schema\/person\/01f2ce9e289bc5300c759925ef768c1d\"},\"headline\":\"Participa Senador Sa\u00fal Monreal en Parlamento Juvenil\",\"datePublished\":\"2026-02-05T02:42:00+00:00\",\"dateModified\":\"2026-02-06T18:01:20+00:00\",\"mainEntityOfPage\":{\"@id\":\"https:\/\/creston.com.mx\/index.php\/02\/participa-senador-saul-monreal-en-parlamento-juvenil\/politica\/2026\/\"},\"wordCount\":133,\"commentCount\":0,\"publisher\":{\"@id\":\"https:\/\/creston.com.mx\/#organization\"},\"image\":{\"@id\":\"https:\/\/creston.com.mx\/index.php\/02\/participa-senador-saul-monreal-en-parlamento-juvenil\/politica\/2026\/#primaryimage\"},\"thumbnailUrl\":\"https:\/\/creston.com.mx\/wp-content\/uploads\/2026\/02\/Parlamento-juv-sma-4.jpeg\",\"articleSection\":[\"Pol\u00edtica\"],\"inLanguage\":\"es\",\"potentialAction\":[{\"@type\":\"CommentAction\",\"name\":\"Comment\",\"target\":[\"https:\/\/creston.com.mx\/index.php\/02\/participa-senador-saul-monreal-en-parlamento-juvenil\/politica\/2026\/#respond\"]}]},{\"@type\":\"WebPage\",\"@id\":\"https:\/\/creston.com.mx\/index.php\/02\/participa-senador-saul-monreal-en-parlamento-juvenil\/politica\/2026\/\",\"url\":\"https:\/\/creston.com.mx\/index.php\/02\/participa-senador-saul-monreal-en-parlamento-juvenil\/politica\/2026\/\",\"name\":\"Participa Senador Sa\u00fal Monreal en Parlamento Juvenil - Peri\u00f3dico Digital de Zacatecas\",\"isPartOf\":{\"@id\":\"https:\/\/creston.com.mx\/#website\"},\"primaryImageOfPage\":{\"@id\":\"https:\/\/creston.com.mx\/index.php\/02\/participa-senador-saul-monreal-en-parlamento-juvenil\/politica\/2026\/#primaryimage\"},\"image\":{\"@id\":\"https:\/\/creston.com.mx\/index.php\/02\/participa-senador-saul-monreal-en-parlamento-juvenil\/politica\/2026\/#primaryimage\"},\"thumbnailUrl\":\"https:\/\/creston.com.mx\/wp-content\/uploads\/2026\/02\/Parlamento-juv-sma-4.jpeg\",\"datePublished\":\"2026-02-05T02:42:00+00:00\",\"dateModified\":\"2026-02-06T18:01:20+00:00\",\"breadcrumb\":{\"@id\":\"https:\/\/creston.com.mx\/index.php\/02\/participa-senador-saul-monreal-en-parlamento-juvenil\/politica\/2026\/#breadcrumb\"},\"inLanguage\":\"es\",\"potentialAction\":[{\"@type\":\"ReadAction\",\"target\":[\"https:\/\/creston.com.mx\/index.php\/02\/participa-senador-saul-monreal-en-parlamento-juvenil\/politica\/2026\/\"]}]},{\"@type\":\"ImageObject\",\"inLanguage\":\"es\",\"@id\":\"https:\/\/creston.com.mx\/index.php\/02\/participa-senador-saul-monreal-en-parlamento-juvenil\/politica\/2026\/#primaryimage\",\"url\":\"https:\/\/creston.com.mx\/wp-content\/uploads\/2026\/02\/Parlamento-juv-sma-4.jpeg\",\"contentUrl\":\"https:\/\/creston.com.mx\/wp-content\/uploads\/2026\/02\/Parlamento-juv-sma-4.jpeg\",\"width\":1280,\"height\":768},{\"@type\":\"BreadcrumbList\",\"@id\":\"https:\/\/creston.com.mx\/index.php\/02\/participa-senador-saul-monreal-en-parlamento-juvenil\/politica\/2026\/#breadcrumb\",\"itemListElement\":[{\"@type\":\"ListItem\",\"position\":1,\"name\":\"Portada\",\"item\":\"https:\/\/creston.com.mx\/\"},{\"@type\":\"ListItem\",\"position\":2,\"name\":\"Participa Senador Sa\u00fal Monreal en Parlamento Juvenil\"}]},{\"@type\":\"WebSite\",\"@id\":\"https:\/\/creston.com.mx\/#website\",\"url\":\"https:\/\/creston.com.mx\/\",\"name\":\"Peri\u00f3dico Digital de Zacatecas\",\"description\":\"\",\"publisher\":{\"@id\":\"https:\/\/creston.com.mx\/#organization\"},\"potentialAction\":[{\"@type\":\"SearchAction\",\"target\":{\"@type\":\"EntryPoint\",\"urlTemplate\":\"https:\/\/creston.com.mx\/?s={search_term_string}\"},\"query-input\":{\"@type\":\"PropertyValueSpecification\",\"valueRequired\":true,\"valueName\":\"search_term_string\"}}],\"inLanguage\":\"es\"},{\"@type\":\"Organization\",\"@id\":\"https:\/\/creston.com.mx\/#organization\",\"name\":\"Peri\u00f3dico Digital de Zacatecas\",\"url\":\"https:\/\/creston.com.mx\/\",\"logo\":{\"@type\":\"ImageObject\",\"inLanguage\":\"es\",\"@id\":\"https:\/\/creston.com.mx\/#\/schema\/logo\/image\/\",\"url\":\"https:\/\/creston.com.mx\/wp-content\/uploads\/2026\/02\/cropped-Logo-Creston2.jpg\",\"contentUrl\":\"https:\/\/creston.com.mx\/wp-content\/uploads\/2026\/02\/cropped-Logo-Creston2.jpg\",\"width\":503,\"height\":194,\"caption\":\"Peri\u00f3dico Digital  de Zacatecas\"},\"image\":{\"@id\":\"https:\/\/creston.com.mx\/#\/schema\/logo\/image\/\"}},{\"@type\":\"Person\",\"@id\":\"https:\/\/creston.com.mx\/#\/schema\/person\/01f2ce9e289bc5300c759925ef768c1d\",\"name\":\"Periodico Creston\",\"image\":{\"@type\":\"ImageObject\",\"inLanguage\":\"es\",\"@id\":\"https:\/\/creston.com.mx\/#\/schema\/person\/image\/\",\"url\":\"https:\/\/secure.gravatar.com\/avatar\/c91eac1cf0d45897b6d294d474aa7713a194d460be0aaf72157553d050cda1c1?s=96&d=mm&r=g\",\"contentUrl\":\"https:\/\/secure.gravatar.com\/avatar\/c91eac1cf0d45897b6d294d474aa7713a194d460be0aaf72157553d050cda1c1?s=96&d=mm&r=g\",\"caption\":\"Periodico Creston\"},\"sameAs\":[\"https:\/\/creston.com.mx\"],\"url\":\"https:\/\/creston.com.mx\/index.php\/author\/cstnalja96\/\"}]}<\/script>\n<!-- \/ Yoast SEO plugin. -->","yoast_head_json":{"title":"Participa Senador Sa\u00fal Monreal en Parlamento Juvenil - Peri\u00f3dico Digital de Zacatecas","robots":{"index":"index","follow":"follow","max-snippet":"max-snippet:-1","max-image-preview":"max-image-preview:large","max-video-preview":"max-video-preview:-1"},"canonical":"https:\/\/creston.com.mx\/index.php\/02\/participa-senador-saul-monreal-en-parlamento-juvenil\/politica\/2026\/","og_locale":"es_ES","og_type":"article","og_title":"Participa Senador Sa\u00fal Monreal en Parlamento Juvenil - Peri\u00f3dico Digital de Zacatecas","og_description":". Capacitaron a 186 estudiantes de la Divisi\u00f3n Acad\u00e9mica de Ciencias Sociales y Humanidades de la Universidad de Ju\u00e1rez Aut\u00f3noma de Tabasco. . En el marco del Segundo Parlamento Juvenil,&hellip;","og_url":"https:\/\/creston.com.mx\/index.php\/02\/participa-senador-saul-monreal-en-parlamento-juvenil\/politica\/2026\/","og_site_name":"Peri\u00f3dico Digital de Zacatecas","article_published_time":"2026-02-05T02:42:00+00:00","article_modified_time":"2026-02-06T18:01:20+00:00","og_image":[{"width":1280,"height":768,"url":"https:\/\/creston.com.mx\/wp-content\/uploads\/2026\/02\/Parlamento-juv-sma-4.jpeg","type":"image\/jpeg"}],"author":"Periodico Creston","twitter_card":"summary_large_image","twitter_misc":{"Escrito por":"Periodico Creston","Tiempo de lectura":"2 minutos"},"schema":{"@context":"https:\/\/schema.org","@graph":[{"@type":"Article","@id":"https:\/\/creston.com.mx\/index.php\/02\/participa-senador-saul-monreal-en-parlamento-juvenil\/politica\/2026\/#article","isPartOf":{"@id":"https:\/\/creston.com.mx\/index.php\/02\/participa-senador-saul-monreal-en-parlamento-juvenil\/politica\/2026\/"},"author":{"name":"Periodico Creston","@id":"https:\/\/creston.com.mx\/#\/schema\/person\/01f2ce9e289bc5300c759925ef768c1d"},"headline":"Participa Senador Sa\u00fal Monreal en Parlamento Juvenil","datePublished":"2026-02-05T02:42:00+00:00","dateModified":"2026-02-06T18:01:20+00:00","mainEntityOfPage":{"@id":"https:\/\/creston.com.mx\/index.php\/02\/participa-senador-saul-monreal-en-parlamento-juvenil\/politica\/2026\/"},"wordCount":133,"commentCount":0,"publisher":{"@id":"https:\/\/creston.com.mx\/#organization"},"image":{"@id":"https:\/\/creston.com.mx\/index.php\/02\/participa-senador-saul-monreal-en-parlamento-juvenil\/politica\/2026\/#primaryimage"},"thumbnailUrl":"https:\/\/creston.com.mx\/wp-content\/uploads\/2026\/02\/Parlamento-juv-sma-4.jpeg","articleSection":["Pol\u00edtica"],"inLanguage":"es","potentialAction":[{"@type":"CommentAction","name":"Comment","target":["https:\/\/creston.com.mx\/index.php\/02\/participa-senador-saul-monreal-en-parlamento-juvenil\/politica\/2026\/#respond"]}]},{"@type":"WebPage","@id":"https:\/\/creston.com.mx\/index.php\/02\/participa-senador-saul-monreal-en-parlamento-juvenil\/politica\/2026\/","url":"https:\/\/creston.com.mx\/index.php\/02\/participa-senador-saul-monreal-en-parlamento-juvenil\/politica\/2026\/","name":"Participa Senador Sa\u00fal Monreal en Parlamento Juvenil - Peri\u00f3dico Digital de Zacatecas","isPartOf":{"@id":"https:\/\/creston.com.mx\/#website"},"primaryImageOfPage":{"@id":"https:\/\/creston.com.mx\/index.php\/02\/participa-senador-saul-monreal-en-parlamento-juvenil\/politica\/2026\/#primaryimage"},"image":{"@id":"https:\/\/creston.com.mx\/index.php\/02\/participa-senador-saul-monreal-en-parlamento-juvenil\/politica\/2026\/#primaryimage"},"thumbnailUrl":"https:\/\/creston.com.mx\/wp-content\/uploads\/2026\/02\/Parlamento-juv-sma-4.jpeg","datePublished":"2026-02-05T02:42:00+00:00","dateModified":"2026-02-06T18:01:20+00:00","breadcrumb":{"@id":"https:\/\/creston.com.mx\/index.php\/02\/participa-senador-saul-monreal-en-parlamento-juvenil\/politica\/2026\/#breadcrumb"},"inLanguage":"es","potentialAction":[{"@type":"ReadAction","target":["https:\/\/creston.com.mx\/index.php\/02\/participa-senador-saul-monreal-en-parlamento-juvenil\/politica\/2026\/"]}]},{"@type":"ImageObject","inLanguage":"es","@id":"https:\/\/creston.com.mx\/index.php\/02\/participa-senador-saul-monreal-en-parlamento-juvenil\/politica\/2026\/#primaryimage","url":"https:\/\/creston.com.mx\/wp-content\/uploads\/2026\/02\/Parlamento-juv-sma-4.jpeg","contentUrl":"https:\/\/creston.com.mx\/wp-content\/uploads\/2026\/02\/Parlamento-juv-sma-4.jpeg","width":1280,"height":768},{"@type":"BreadcrumbList","@id":"https:\/\/creston.com.mx\/index.php\/02\/participa-senador-saul-monreal-en-parlamento-juvenil\/politica\/2026\/#breadcrumb","itemListElement":[{"@type":"ListItem","position":1,"name":"Portada","item":"https:\/\/creston.com.mx\/"},{"@type":"ListItem","position":2,"name":"Participa Senador Sa\u00fal Monreal en Parlamento Juvenil"}]},{"@type":"WebSite","@id":"https:\/\/creston.com.mx\/#website","url":"https:\/\/creston.com.mx\/","name":"Peri\u00f3dico Digital de Zacatecas","description":"","publisher":{"@id":"https:\/\/creston.com.mx\/#organization"},"potentialAction":[{"@type":"SearchAction","target":{"@type":"EntryPoint","urlTemplate":"https:\/\/creston.com.mx\/?s={search_term_string}"},"query-input":{"@type":"PropertyValueSpecification","valueRequired":true,"valueName":"search_term_string"}}],"inLanguage":"es"},{"@type":"Organization","@id":"https:\/\/creston.com.mx\/#organization","name":"Peri\u00f3dico Digital de Zacatecas","url":"https:\/\/creston.com.mx\/","logo":{"@type":"ImageObject","inLanguage":"es","@id":"https:\/\/creston.com.mx\/#\/schema\/logo\/image\/","url":"https:\/\/creston.com.mx\/wp-content\/uploads\/2026\/02\/cropped-Logo-Creston2.jpg","contentUrl":"https:\/\/creston.com.mx\/wp-content\/uploads\/2026\/02\/cropped-Logo-Creston2.jpg","width":503,"height":194,"caption":"Peri\u00f3dico Digital  de Zacatecas"},"image":{"@id":"https:\/\/creston.com.mx\/#\/schema\/logo\/image\/"}},{"@type":"Person","@id":"https:\/\/creston.com.mx\/#\/schema\/person\/01f2ce9e289bc5300c759925ef768c1d","name":"Periodico Creston","image":{"@type":"ImageObject","inLanguage":"es","@id":"https:\/\/creston.com.mx\/#\/schema\/person\/image\/","url":"https:\/\/secure.gravatar.com\/avatar\/c91eac1cf0d45897b6d294d474aa7713a194d460be0aaf72157553d050cda1c1?s=96&d=mm&r=g","contentUrl":"https:\/\/secure.gravatar.com\/avatar\/c91eac1cf0d45897b6d294d474aa7713a194d460be0aaf72157553d050cda1c1?s=96&d=mm&r=g","caption":"Periodico Creston"},"sameAs":["https:\/\/creston.com.mx"],"url":"https:\/\/creston.com.mx\/index.php\/author\/cstnalja96\/"}]}},"jetpack_sharing_enabled":true,"jetpack_featured_media_url":"https:\/\/creston.com.mx\/wp-content\/uploads\/2026\/02\/Parlamento-juv-sma-4.jpeg","_links":{"self":[{"href":"https:\/\/creston.com.mx\/index.php\/wp-json\/wp\/v2\/posts\/2378","targetHints":{"allow":["GET"]}}],"collection":[{"href":"https:\/\/creston.com.mx\/index.php\/wp-json\/wp\/v2\/posts"}],"about":[{"href":"https:\/\/creston.com.mx\/index.php\/wp-json\/wp\/v2\/types\/post"}],"author":[{"embeddable":true,"href":"https:\/\/creston.com.mx\/index.php\/wp-json\/wp\/v2\/users\/1"}],"replies":[{"embeddable":true,"href":"https:\/\/creston.com.mx\/index.php\/wp-json\/wp\/v2\/comments?post=2378"}],"version-history":[{"count":1,"href":"https:\/\/creston.com.mx\/index.php\/wp-json\/wp\/v2\/posts\/2378\/revisions"}],"predecessor-version":[{"id":2381,"href":"https:\/\/creston.com.mx\/index.php\/wp-json\/wp\/v2\/posts\/2378\/revisions\/2381"}],"wp:featuredmedia":[{"embeddable":true,"href":"https:\/\/creston.com.mx\/index.php\/wp-json\/wp\/v2\/media\/2380"}],"wp:attachment":[{"href":"https:\/\/creston.com.mx\/index.php\/wp-json\/wp\/v2\/media?parent=2378"}],"wp:term":[{"taxonomy":"category","embeddable":true,"href":"https:\/\/creston.com.mx\/index.php\/wp-json\/wp\/v2\/categories?post=2378"},{"taxonomy":"post_tag","embeddable":true,"href":"https:\/\/creston.com.mx\/index.php\/wp-json\/wp\/v2\/tags?post=2378"}],"curies":[{"name":"wp","href":"https:\/\/api.w.org\/{rel}","templated":true}]}}