{"id":2363,"date":"2026-02-04T20:32:00","date_gmt":"2026-02-05T02:32:00","guid":{"rendered":"https:\/\/creston.com.mx\/?p=2363"},"modified":"2026-02-06T11:53:18","modified_gmt":"2026-02-06T17:53:18","slug":"exige-pri-que-las-crisis-que-hay-las-enfrente-el-gobierno","status":"publish","type":"post","link":"https:\/\/creston.com.mx\/index.php\/02\/exige-pri-que-las-crisis-que-hay-las-enfrente-el-gobierno\/politica\/2026\/","title":{"rendered":"Exige PRI que las crisis que hay las enfrente el gobierno"},"content":{"rendered":"\n<p>.<\/p>\n\n\n\n<p class=\"has-medium-font-size\"><strong><em>El Presidente estatal del PRI, Carlos Pe\u00f1a Badillo reconoci\u00f3 a los legisladores zacatecanos por trabajar en equipo y en favor de la ciudadan\u00eda.<\/em><\/strong><\/p>\n\n\n\n<p>.<\/p>\n\n\n\n<p>El Presidente estatal del PRI, Carlos Pe\u00f1a Badillo, reconoci\u00f3 al Grupo Parlamentario del partido en las C\u00e1maras de Diputados y Senadores por su alto compromiso de seguir trabajando para rescatar a M\u00e9xico y defender sus instituciones, ante las malas decisiones de Morena que afectan a la ciudadan\u00eda.<\/p>\n\n\n\n<p>En ese sentido, Pe\u00f1a Badillo hizo especial reconocimiento a la Senadora Claudia Anaya Mota y a los Diputados Federales, Fuensanta Guerrero Esquivel y Miguel Alonso Reyes, quienes dijo, seguir\u00e1n trabajando y alzando la voz por Zacatecas, y acompa\u00f1ando las causas de las y los mexicanos.<\/p>\n\n\n\n<p>Destac\u00f3 que desde el PRI se tiene convicci\u00f3n y compromiso para rescatar a Zacatecas, porque siempre se han defendido las instituciones y el bienestar social. \u201cEl PRI siempre se\u00f1alar\u00e1,&nbsp; defender\u00e1 y actuar\u00e1&nbsp; con congruencia para rescatar a M\u00e9xico y a Zacatecas\u201d, sentenci\u00f3.<\/p>\n\n\n<div class=\"wp-block-image\">\n<figure class=\"alignright size-large is-resized\"><img fetchpriority=\"high\" decoding=\"async\" width=\"1024\" height=\"674\" src=\"https:\/\/creston.com.mx\/wp-content\/uploads\/2026\/02\/IMG-20260203-WA0014-e1770399451649-1024x674.jpg\" alt=\"\" class=\"wp-image-2366\" style=\"width:593px;height:auto\" srcset=\"https:\/\/creston.com.mx\/wp-content\/uploads\/2026\/02\/IMG-20260203-WA0014-e1770399451649-1024x674.jpg 1024w, https:\/\/creston.com.mx\/wp-content\/uploads\/2026\/02\/IMG-20260203-WA0014-e1770399451649-300x198.jpg 300w, https:\/\/creston.com.mx\/wp-content\/uploads\/2026\/02\/IMG-20260203-WA0014-e1770399451649-768x506.jpg 768w, https:\/\/creston.com.mx\/wp-content\/uploads\/2026\/02\/IMG-20260203-WA0014-e1770399451649.jpg 1280w\" sizes=\"(max-width: 1024px) 100vw, 1024px\" \/><\/figure>\n<\/div>\n\n\n<p>El Delegado General del CEN, Jos\u00e9 Marco Antonio Olvera Acevedo destac\u00f3 que el PRI de Zacatecas siempre estar\u00e1 a favor de esta agenda legislativa que busca la defensa de la democracia, el cumplimiento de responsabilidades para la seguridad de todas y todos, proteger la econom\u00eda familiar y seguridad social, la igualdad y protecci\u00f3n social, la reactivaci\u00f3n y competitividad econ\u00f3mica, as\u00ed como un futuro sano para la ni\u00f1ez y la juventud.<\/p>\n\n\n\n<p>En otro orden de ideas, Carlos Pe\u00f1a Badillo, reiter\u00f3 su respaldo al sector salud por las complejidades que enfrentan al no respetarse sus derechos y prestaciones adquiridas.<\/p>\n\n\n\n<p>Lament\u00f3 que los gobiernos del estado y federal no tengan capacidad ni sensibilidad para atender las demandas del personal de este sector.<\/p>\n\n\n\n<p>\u201cLas crisis que hay en Zacatecas las tiene que enfrentar el gobierno o al menos deben coadyuvar para encontrar soluciones\u201d, sentenci\u00f3.<\/p>\n\n\n\n<p>.<\/p>\n\n\n\n\n\n<p>.<\/p>\n\n\n<div class=\"wp-block-image\">\n<figure class=\"aligncenter size-large is-resized\"><img decoding=\"async\" width=\"870\" height=\"1024\" src=\"https:\/\/creston.com.mx\/wp-content\/uploads\/2025\/06\/Anuncio-salon-eventos-870x1024.jpg\" alt=\"\" class=\"wp-image-966\" style=\"aspect-ratio:0.8496112270054997;width:638px;height:auto\" srcset=\"https:\/\/creston.com.mx\/wp-content\/uploads\/2025\/06\/Anuncio-salon-eventos-870x1024.jpg 870w, https:\/\/creston.com.mx\/wp-content\/uploads\/2025\/06\/Anuncio-salon-eventos-255x300.jpg 255w, https:\/\/creston.com.mx\/wp-content\/uploads\/2025\/06\/Anuncio-salon-eventos-768x904.jpg 768w, https:\/\/creston.com.mx\/wp-content\/uploads\/2025\/06\/Anuncio-salon-eventos.jpg 1275w\" sizes=\"(max-width: 870px) 100vw, 870px\" \/><\/figure>\n<\/div>","protected":false},"excerpt":{"rendered":"<p>. El Presidente estatal del PRI, Carlos Pe\u00f1a Badillo reconoci\u00f3 a los legisladores zacatecanos por trabajar en equipo y en favor de la ciudadan\u00eda. . El Presidente estatal del PRI,&hellip; <\/p>\n","protected":false},"author":1,"featured_media":2364,"comment_status":"open","ping_status":"closed","sticky":false,"template":"","format":"standard","meta":{"_jetpack_memberships_contains_paid_content":false,"footnotes":""},"categories":[2],"tags":[],"class_list":["post-2363","post","type-post","status-publish","format-standard","has-post-thumbnail","hentry","category-politica"],"yoast_head":"<!-- This site is optimized with the Yoast SEO plugin v24.2 - https:\/\/yoast.com\/wordpress\/plugins\/seo\/ -->\n<title>Exige PRI que las crisis que hay las enfrente el gobierno - Peri\u00f3dico Digital de Zacatecas<\/title>\n<meta name=\"robots\" content=\"index, follow, max-snippet:-1, max-image-preview:large, max-video-preview:-1\" \/>\n<link rel=\"canonical\" href=\"https:\/\/creston.com.mx\/index.php\/02\/exige-pri-que-las-crisis-que-hay-las-enfrente-el-gobierno\/politica\/2026\/\" \/>\n<meta property=\"og:locale\" content=\"es_ES\" \/>\n<meta property=\"og:type\" content=\"article\" \/>\n<meta property=\"og:title\" content=\"Exige PRI que las crisis que hay las enfrente el gobierno - Peri\u00f3dico Digital de Zacatecas\" \/>\n<meta property=\"og:description\" content=\". El Presidente estatal del PRI, Carlos Pe\u00f1a Badillo reconoci\u00f3 a los legisladores zacatecanos por trabajar en equipo y en favor de la ciudadan\u00eda. . El Presidente estatal del PRI,&hellip;\" \/>\n<meta property=\"og:url\" content=\"https:\/\/creston.com.mx\/index.php\/02\/exige-pri-que-las-crisis-que-hay-las-enfrente-el-gobierno\/politica\/2026\/\" \/>\n<meta property=\"og:site_name\" content=\"Peri\u00f3dico Digital de Zacatecas\" \/>\n<meta property=\"article:published_time\" content=\"2026-02-05T02:32:00+00:00\" \/>\n<meta property=\"article:modified_time\" content=\"2026-02-06T17:53:18+00:00\" \/>\n<meta property=\"og:image\" content=\"https:\/\/creston.com.mx\/wp-content\/uploads\/2026\/02\/IMG-20260203-WA0013.jpg\" \/>\n\t<meta property=\"og:image:width\" content=\"1280\" \/>\n\t<meta property=\"og:image:height\" content=\"960\" \/>\n\t<meta property=\"og:image:type\" content=\"image\/jpeg\" \/>\n<meta name=\"author\" content=\"Periodico Creston\" \/>\n<meta name=\"twitter:card\" content=\"summary_large_image\" \/>\n<meta name=\"twitter:label1\" content=\"Escrito por\" \/>\n\t<meta name=\"twitter:data1\" content=\"Periodico Creston\" \/>\n\t<meta name=\"twitter:label2\" content=\"Tiempo de lectura\" \/>\n\t<meta name=\"twitter:data2\" content=\"2 minutos\" \/>\n<script type=\"application\/ld+json\" class=\"yoast-schema-graph\">{\"@context\":\"https:\/\/schema.org\",\"@graph\":[{\"@type\":\"Article\",\"@id\":\"https:\/\/creston.com.mx\/index.php\/02\/exige-pri-que-las-crisis-que-hay-las-enfrente-el-gobierno\/politica\/2026\/#article\",\"isPartOf\":{\"@id\":\"https:\/\/creston.com.mx\/index.php\/02\/exige-pri-que-las-crisis-que-hay-las-enfrente-el-gobierno\/politica\/2026\/\"},\"author\":{\"name\":\"Periodico Creston\",\"@id\":\"https:\/\/creston.com.mx\/#\/schema\/person\/01f2ce9e289bc5300c759925ef768c1d\"},\"headline\":\"Exige PRI que las crisis que hay las enfrente el gobierno\",\"datePublished\":\"2026-02-05T02:32:00+00:00\",\"dateModified\":\"2026-02-06T17:53:18+00:00\",\"mainEntityOfPage\":{\"@id\":\"https:\/\/creston.com.mx\/index.php\/02\/exige-pri-que-las-crisis-que-hay-las-enfrente-el-gobierno\/politica\/2026\/\"},\"wordCount\":328,\"commentCount\":0,\"publisher\":{\"@id\":\"https:\/\/creston.com.mx\/#organization\"},\"image\":{\"@id\":\"https:\/\/creston.com.mx\/index.php\/02\/exige-pri-que-las-crisis-que-hay-las-enfrente-el-gobierno\/politica\/2026\/#primaryimage\"},\"thumbnailUrl\":\"https:\/\/creston.com.mx\/wp-content\/uploads\/2026\/02\/IMG-20260203-WA0013.jpg\",\"articleSection\":[\"Pol\u00edtica\"],\"inLanguage\":\"es\",\"potentialAction\":[{\"@type\":\"CommentAction\",\"name\":\"Comment\",\"target\":[\"https:\/\/creston.com.mx\/index.php\/02\/exige-pri-que-las-crisis-que-hay-las-enfrente-el-gobierno\/politica\/2026\/#respond\"]}]},{\"@type\":\"WebPage\",\"@id\":\"https:\/\/creston.com.mx\/index.php\/02\/exige-pri-que-las-crisis-que-hay-las-enfrente-el-gobierno\/politica\/2026\/\",\"url\":\"https:\/\/creston.com.mx\/index.php\/02\/exige-pri-que-las-crisis-que-hay-las-enfrente-el-gobierno\/politica\/2026\/\",\"name\":\"Exige PRI que las crisis que hay las enfrente el gobierno - Peri\u00f3dico Digital de Zacatecas\",\"isPartOf\":{\"@id\":\"https:\/\/creston.com.mx\/#website\"},\"primaryImageOfPage\":{\"@id\":\"https:\/\/creston.com.mx\/index.php\/02\/exige-pri-que-las-crisis-que-hay-las-enfrente-el-gobierno\/politica\/2026\/#primaryimage\"},\"image\":{\"@id\":\"https:\/\/creston.com.mx\/index.php\/02\/exige-pri-que-las-crisis-que-hay-las-enfrente-el-gobierno\/politica\/2026\/#primaryimage\"},\"thumbnailUrl\":\"https:\/\/creston.com.mx\/wp-content\/uploads\/2026\/02\/IMG-20260203-WA0013.jpg\",\"datePublished\":\"2026-02-05T02:32:00+00:00\",\"dateModified\":\"2026-02-06T17:53:18+00:00\",\"breadcrumb\":{\"@id\":\"https:\/\/creston.com.mx\/index.php\/02\/exige-pri-que-las-crisis-que-hay-las-enfrente-el-gobierno\/politica\/2026\/#breadcrumb\"},\"inLanguage\":\"es\",\"potentialAction\":[{\"@type\":\"ReadAction\",\"target\":[\"https:\/\/creston.com.mx\/index.php\/02\/exige-pri-que-las-crisis-que-hay-las-enfrente-el-gobierno\/politica\/2026\/\"]}]},{\"@type\":\"ImageObject\",\"inLanguage\":\"es\",\"@id\":\"https:\/\/creston.com.mx\/index.php\/02\/exige-pri-que-las-crisis-que-hay-las-enfrente-el-gobierno\/politica\/2026\/#primaryimage\",\"url\":\"https:\/\/creston.com.mx\/wp-content\/uploads\/2026\/02\/IMG-20260203-WA0013.jpg\",\"contentUrl\":\"https:\/\/creston.com.mx\/wp-content\/uploads\/2026\/02\/IMG-20260203-WA0013.jpg\",\"width\":1280,\"height\":960},{\"@type\":\"BreadcrumbList\",\"@id\":\"https:\/\/creston.com.mx\/index.php\/02\/exige-pri-que-las-crisis-que-hay-las-enfrente-el-gobierno\/politica\/2026\/#breadcrumb\",\"itemListElement\":[{\"@type\":\"ListItem\",\"position\":1,\"name\":\"Portada\",\"item\":\"https:\/\/creston.com.mx\/\"},{\"@type\":\"ListItem\",\"position\":2,\"name\":\"Exige PRI que las crisis que hay las enfrente el gobierno\"}]},{\"@type\":\"WebSite\",\"@id\":\"https:\/\/creston.com.mx\/#website\",\"url\":\"https:\/\/creston.com.mx\/\",\"name\":\"Peri\u00f3dico Digital de Zacatecas\",\"description\":\"\",\"publisher\":{\"@id\":\"https:\/\/creston.com.mx\/#organization\"},\"potentialAction\":[{\"@type\":\"SearchAction\",\"target\":{\"@type\":\"EntryPoint\",\"urlTemplate\":\"https:\/\/creston.com.mx\/?s={search_term_string}\"},\"query-input\":{\"@type\":\"PropertyValueSpecification\",\"valueRequired\":true,\"valueName\":\"search_term_string\"}}],\"inLanguage\":\"es\"},{\"@type\":\"Organization\",\"@id\":\"https:\/\/creston.com.mx\/#organization\",\"name\":\"Peri\u00f3dico Digital de Zacatecas\",\"url\":\"https:\/\/creston.com.mx\/\",\"logo\":{\"@type\":\"ImageObject\",\"inLanguage\":\"es\",\"@id\":\"https:\/\/creston.com.mx\/#\/schema\/logo\/image\/\",\"url\":\"https:\/\/creston.com.mx\/wp-content\/uploads\/2026\/02\/cropped-Logo-Creston2.jpg\",\"contentUrl\":\"https:\/\/creston.com.mx\/wp-content\/uploads\/2026\/02\/cropped-Logo-Creston2.jpg\",\"width\":503,\"height\":194,\"caption\":\"Peri\u00f3dico Digital  de Zacatecas\"},\"image\":{\"@id\":\"https:\/\/creston.com.mx\/#\/schema\/logo\/image\/\"}},{\"@type\":\"Person\",\"@id\":\"https:\/\/creston.com.mx\/#\/schema\/person\/01f2ce9e289bc5300c759925ef768c1d\",\"name\":\"Periodico Creston\",\"image\":{\"@type\":\"ImageObject\",\"inLanguage\":\"es\",\"@id\":\"https:\/\/creston.com.mx\/#\/schema\/person\/image\/\",\"url\":\"https:\/\/secure.gravatar.com\/avatar\/c91eac1cf0d45897b6d294d474aa7713a194d460be0aaf72157553d050cda1c1?s=96&d=mm&r=g\",\"contentUrl\":\"https:\/\/secure.gravatar.com\/avatar\/c91eac1cf0d45897b6d294d474aa7713a194d460be0aaf72157553d050cda1c1?s=96&d=mm&r=g\",\"caption\":\"Periodico Creston\"},\"sameAs\":[\"https:\/\/creston.com.mx\"],\"url\":\"https:\/\/creston.com.mx\/index.php\/author\/cstnalja96\/\"}]}<\/script>\n<!-- \/ Yoast SEO plugin. -->","yoast_head_json":{"title":"Exige PRI que las crisis que hay las enfrente el gobierno - Peri\u00f3dico Digital de Zacatecas","robots":{"index":"index","follow":"follow","max-snippet":"max-snippet:-1","max-image-preview":"max-image-preview:large","max-video-preview":"max-video-preview:-1"},"canonical":"https:\/\/creston.com.mx\/index.php\/02\/exige-pri-que-las-crisis-que-hay-las-enfrente-el-gobierno\/politica\/2026\/","og_locale":"es_ES","og_type":"article","og_title":"Exige PRI que las crisis que hay las enfrente el gobierno - Peri\u00f3dico Digital de Zacatecas","og_description":". El Presidente estatal del PRI, Carlos Pe\u00f1a Badillo reconoci\u00f3 a los legisladores zacatecanos por trabajar en equipo y en favor de la ciudadan\u00eda. . El Presidente estatal del PRI,&hellip;","og_url":"https:\/\/creston.com.mx\/index.php\/02\/exige-pri-que-las-crisis-que-hay-las-enfrente-el-gobierno\/politica\/2026\/","og_site_name":"Peri\u00f3dico Digital de Zacatecas","article_published_time":"2026-02-05T02:32:00+00:00","article_modified_time":"2026-02-06T17:53:18+00:00","og_image":[{"width":1280,"height":960,"url":"https:\/\/creston.com.mx\/wp-content\/uploads\/2026\/02\/IMG-20260203-WA0013.jpg","type":"image\/jpeg"}],"author":"Periodico Creston","twitter_card":"summary_large_image","twitter_misc":{"Escrito por":"Periodico Creston","Tiempo de lectura":"2 minutos"},"schema":{"@context":"https:\/\/schema.org","@graph":[{"@type":"Article","@id":"https:\/\/creston.com.mx\/index.php\/02\/exige-pri-que-las-crisis-que-hay-las-enfrente-el-gobierno\/politica\/2026\/#article","isPartOf":{"@id":"https:\/\/creston.com.mx\/index.php\/02\/exige-pri-que-las-crisis-que-hay-las-enfrente-el-gobierno\/politica\/2026\/"},"author":{"name":"Periodico Creston","@id":"https:\/\/creston.com.mx\/#\/schema\/person\/01f2ce9e289bc5300c759925ef768c1d"},"headline":"Exige PRI que las crisis que hay las enfrente el gobierno","datePublished":"2026-02-05T02:32:00+00:00","dateModified":"2026-02-06T17:53:18+00:00","mainEntityOfPage":{"@id":"https:\/\/creston.com.mx\/index.php\/02\/exige-pri-que-las-crisis-que-hay-las-enfrente-el-gobierno\/politica\/2026\/"},"wordCount":328,"commentCount":0,"publisher":{"@id":"https:\/\/creston.com.mx\/#organization"},"image":{"@id":"https:\/\/creston.com.mx\/index.php\/02\/exige-pri-que-las-crisis-que-hay-las-enfrente-el-gobierno\/politica\/2026\/#primaryimage"},"thumbnailUrl":"https:\/\/creston.com.mx\/wp-content\/uploads\/2026\/02\/IMG-20260203-WA0013.jpg","articleSection":["Pol\u00edtica"],"inLanguage":"es","potentialAction":[{"@type":"CommentAction","name":"Comment","target":["https:\/\/creston.com.mx\/index.php\/02\/exige-pri-que-las-crisis-que-hay-las-enfrente-el-gobierno\/politica\/2026\/#respond"]}]},{"@type":"WebPage","@id":"https:\/\/creston.com.mx\/index.php\/02\/exige-pri-que-las-crisis-que-hay-las-enfrente-el-gobierno\/politica\/2026\/","url":"https:\/\/creston.com.mx\/index.php\/02\/exige-pri-que-las-crisis-que-hay-las-enfrente-el-gobierno\/politica\/2026\/","name":"Exige PRI que las crisis que hay las enfrente el gobierno - Peri\u00f3dico Digital de Zacatecas","isPartOf":{"@id":"https:\/\/creston.com.mx\/#website"},"primaryImageOfPage":{"@id":"https:\/\/creston.com.mx\/index.php\/02\/exige-pri-que-las-crisis-que-hay-las-enfrente-el-gobierno\/politica\/2026\/#primaryimage"},"image":{"@id":"https:\/\/creston.com.mx\/index.php\/02\/exige-pri-que-las-crisis-que-hay-las-enfrente-el-gobierno\/politica\/2026\/#primaryimage"},"thumbnailUrl":"https:\/\/creston.com.mx\/wp-content\/uploads\/2026\/02\/IMG-20260203-WA0013.jpg","datePublished":"2026-02-05T02:32:00+00:00","dateModified":"2026-02-06T17:53:18+00:00","breadcrumb":{"@id":"https:\/\/creston.com.mx\/index.php\/02\/exige-pri-que-las-crisis-que-hay-las-enfrente-el-gobierno\/politica\/2026\/#breadcrumb"},"inLanguage":"es","potentialAction":[{"@type":"ReadAction","target":["https:\/\/creston.com.mx\/index.php\/02\/exige-pri-que-las-crisis-que-hay-las-enfrente-el-gobierno\/politica\/2026\/"]}]},{"@type":"ImageObject","inLanguage":"es","@id":"https:\/\/creston.com.mx\/index.php\/02\/exige-pri-que-las-crisis-que-hay-las-enfrente-el-gobierno\/politica\/2026\/#primaryimage","url":"https:\/\/creston.com.mx\/wp-content\/uploads\/2026\/02\/IMG-20260203-WA0013.jpg","contentUrl":"https:\/\/creston.com.mx\/wp-content\/uploads\/2026\/02\/IMG-20260203-WA0013.jpg","width":1280,"height":960},{"@type":"BreadcrumbList","@id":"https:\/\/creston.com.mx\/index.php\/02\/exige-pri-que-las-crisis-que-hay-las-enfrente-el-gobierno\/politica\/2026\/#breadcrumb","itemListElement":[{"@type":"ListItem","position":1,"name":"Portada","item":"https:\/\/creston.com.mx\/"},{"@type":"ListItem","position":2,"name":"Exige PRI que las crisis que hay las enfrente el gobierno"}]},{"@type":"WebSite","@id":"https:\/\/creston.com.mx\/#website","url":"https:\/\/creston.com.mx\/","name":"Peri\u00f3dico Digital de Zacatecas","description":"","publisher":{"@id":"https:\/\/creston.com.mx\/#organization"},"potentialAction":[{"@type":"SearchAction","target":{"@type":"EntryPoint","urlTemplate":"https:\/\/creston.com.mx\/?s={search_term_string}"},"query-input":{"@type":"PropertyValueSpecification","valueRequired":true,"valueName":"search_term_string"}}],"inLanguage":"es"},{"@type":"Organization","@id":"https:\/\/creston.com.mx\/#organization","name":"Peri\u00f3dico Digital de Zacatecas","url":"https:\/\/creston.com.mx\/","logo":{"@type":"ImageObject","inLanguage":"es","@id":"https:\/\/creston.com.mx\/#\/schema\/logo\/image\/","url":"https:\/\/creston.com.mx\/wp-content\/uploads\/2026\/02\/cropped-Logo-Creston2.jpg","contentUrl":"https:\/\/creston.com.mx\/wp-content\/uploads\/2026\/02\/cropped-Logo-Creston2.jpg","width":503,"height":194,"caption":"Peri\u00f3dico Digital  de Zacatecas"},"image":{"@id":"https:\/\/creston.com.mx\/#\/schema\/logo\/image\/"}},{"@type":"Person","@id":"https:\/\/creston.com.mx\/#\/schema\/person\/01f2ce9e289bc5300c759925ef768c1d","name":"Periodico Creston","image":{"@type":"ImageObject","inLanguage":"es","@id":"https:\/\/creston.com.mx\/#\/schema\/person\/image\/","url":"https:\/\/secure.gravatar.com\/avatar\/c91eac1cf0d45897b6d294d474aa7713a194d460be0aaf72157553d050cda1c1?s=96&d=mm&r=g","contentUrl":"https:\/\/secure.gravatar.com\/avatar\/c91eac1cf0d45897b6d294d474aa7713a194d460be0aaf72157553d050cda1c1?s=96&d=mm&r=g","caption":"Periodico Creston"},"sameAs":["https:\/\/creston.com.mx"],"url":"https:\/\/creston.com.mx\/index.php\/author\/cstnalja96\/"}]}},"jetpack_sharing_enabled":true,"jetpack_featured_media_url":"https:\/\/creston.com.mx\/wp-content\/uploads\/2026\/02\/IMG-20260203-WA0013.jpg","_links":{"self":[{"href":"https:\/\/creston.com.mx\/index.php\/wp-json\/wp\/v2\/posts\/2363","targetHints":{"allow":["GET"]}}],"collection":[{"href":"https:\/\/creston.com.mx\/index.php\/wp-json\/wp\/v2\/posts"}],"about":[{"href":"https:\/\/creston.com.mx\/index.php\/wp-json\/wp\/v2\/types\/post"}],"author":[{"embeddable":true,"href":"https:\/\/creston.com.mx\/index.php\/wp-json\/wp\/v2\/users\/1"}],"replies":[{"embeddable":true,"href":"https:\/\/creston.com.mx\/index.php\/wp-json\/wp\/v2\/comments?post=2363"}],"version-history":[{"count":3,"href":"https:\/\/creston.com.mx\/index.php\/wp-json\/wp\/v2\/posts\/2363\/revisions"}],"predecessor-version":[{"id":2374,"href":"https:\/\/creston.com.mx\/index.php\/wp-json\/wp\/v2\/posts\/2363\/revisions\/2374"}],"wp:featuredmedia":[{"embeddable":true,"href":"https:\/\/creston.com.mx\/index.php\/wp-json\/wp\/v2\/media\/2364"}],"wp:attachment":[{"href":"https:\/\/creston.com.mx\/index.php\/wp-json\/wp\/v2\/media?parent=2363"}],"wp:term":[{"taxonomy":"category","embeddable":true,"href":"https:\/\/creston.com.mx\/index.php\/wp-json\/wp\/v2\/categories?post=2363"},{"taxonomy":"post_tag","embeddable":true,"href":"https:\/\/creston.com.mx\/index.php\/wp-json\/wp\/v2\/tags?post=2363"}],"curies":[{"name":"wp","href":"https:\/\/api.w.org\/{rel}","templated":true}]}}