{"id":2352,"date":"2026-02-03T19:45:00","date_gmt":"2026-02-04T01:45:00","guid":{"rendered":"https:\/\/creston.com.mx\/?p=2352"},"modified":"2026-02-04T15:49:45","modified_gmt":"2026-02-04T21:49:45","slug":"pt-apoyara-iniciativa-para-que-mexicanos-migrantes-puedan-elegir-a-sus-representantes","status":"publish","type":"post","link":"https:\/\/creston.com.mx\/index.php\/02\/pt-apoyara-iniciativa-para-que-mexicanos-migrantes-puedan-elegir-a-sus-representantes\/politica\/2026\/","title":{"rendered":"PT apoyar\u00e1 iniciativa para que mexicanos migrantes puedan elegir a sus representantes"},"content":{"rendered":"\n<p>.<\/p>\n\n\n\n<p class=\"has-medium-font-size\"><strong><em>Buscan dotar de derechos electorales a los connacionales que radican fuera de M\u00e9xico.<\/em><\/strong><\/p>\n\n\n\n<p>.<\/p>\n\n\n\n<p>El Partido del Trabajo respaldar\u00e1 la iniciativa de diversos colectivos migrantes que busca dotar de derechos electorales a los connacionales que radican fuera de M\u00e9xico, para que puedan elegir a sus representantes en el Congreso de la Uni\u00f3n.<\/p>\n\n\n\n<p>La senadora Geovanna Ba\u00f1uelos anunci\u00f3 en conferencia de prensa, que, en el marco del an\u00e1lisis y aprobaci\u00f3n de la Reforma Electoral que est\u00e1 pr\u00f3xima a discutirse en el Congreso, el Partido del Trabajo determin\u00f3 apoyar las propuestas para que se reconozca la plenitud los derechos de los mexicanos que viven en el exterior.<\/p>\n\n\n\n<p>\u201cPara el caso en particular de la reforma electoral hemos resuelto incluso adoptar como propia, iniciativas que distintos colectivos organizados de nuestros hermanos migrantes nos han hecho llegar para que sea este proceso legislativo el que por fin les dote de derechos a fin de que se pueda elegir no solamente a los titulares del Poder Ejecutivo como ya existe ahora en la ley, sino tambi\u00e9n a sus representantes en el Poder Legislativo\u201d, mencion\u00f3.<\/p>\n\n\n\n<p>Las y los mexicanos no deben de ver limitado el ejercicio pleno de sus derechos independientemente del lugar en el que se encuentren, por lo que resulta un sinsentido hablar de la aportaci\u00f3n econ\u00f3mica, cultural y social de los migrantes, mientras no se les da garant\u00eda al ejercicio pleno de sus derechos en materia electoral.<\/p>\n\n\n\n<p>El objetivo de la propuesta es que los connacionales en el extranjero tengan la posibilidad de elegir directamente a sus representantes y no los partidos pol\u00edticos a trav\u00e9s de la presentaci\u00f3n de sus listas de circunscripci\u00f3n como sucede actualmente en nuestro marco legal.&nbsp;&nbsp;<\/p>\n\n\n\n<p>Geovanna Ba\u00f1uelos destac\u00f3 que Zacatecas fue el primer estado en legislar la participaci\u00f3n de los migrantes en la representaci\u00f3n del Congreso Local, y despu\u00e9s siguieron otras entidades, pero hoy es necesario incluirlo en el marco jur\u00eddico nacional para el pr\u00f3ximo proceso electoral.<\/p>\n\n\n\n<p>.<\/p>\n\n\n\n\n\n<p>.<\/p>\n\n\n<div class=\"wp-block-image\">\n<figure class=\"aligncenter size-large is-resized\"><img fetchpriority=\"high\" decoding=\"async\" width=\"870\" height=\"1024\" src=\"https:\/\/creston.com.mx\/wp-content\/uploads\/2025\/06\/Anuncio-salon-eventos-870x1024.jpg\" alt=\"\" class=\"wp-image-966\" style=\"aspect-ratio:0.8496112270054997;width:602px;height:auto\" srcset=\"https:\/\/creston.com.mx\/wp-content\/uploads\/2025\/06\/Anuncio-salon-eventos-870x1024.jpg 870w, https:\/\/creston.com.mx\/wp-content\/uploads\/2025\/06\/Anuncio-salon-eventos-255x300.jpg 255w, https:\/\/creston.com.mx\/wp-content\/uploads\/2025\/06\/Anuncio-salon-eventos-768x904.jpg 768w, https:\/\/creston.com.mx\/wp-content\/uploads\/2025\/06\/Anuncio-salon-eventos.jpg 1275w\" sizes=\"(max-width: 870px) 100vw, 870px\" \/><\/figure>\n<\/div>","protected":false},"excerpt":{"rendered":"<p>. Buscan dotar de derechos electorales a los connacionales que radican fuera de M\u00e9xico. . El Partido del Trabajo respaldar\u00e1 la iniciativa de diversos colectivos migrantes que busca dotar de&hellip; <\/p>\n","protected":false},"author":1,"featured_media":2353,"comment_status":"open","ping_status":"closed","sticky":false,"template":"","format":"standard","meta":{"_jetpack_memberships_contains_paid_content":false,"footnotes":""},"categories":[2],"tags":[],"class_list":["post-2352","post","type-post","status-publish","format-standard","has-post-thumbnail","hentry","category-politica"],"yoast_head":"<!-- This site is optimized with the Yoast SEO plugin v24.2 - https:\/\/yoast.com\/wordpress\/plugins\/seo\/ -->\n<title>PT apoyar\u00e1 iniciativa para que mexicanos migrantes puedan elegir a sus representantes - Peri\u00f3dico Digital de Zacatecas<\/title>\n<meta name=\"robots\" content=\"index, follow, max-snippet:-1, max-image-preview:large, max-video-preview:-1\" \/>\n<link rel=\"canonical\" href=\"https:\/\/creston.com.mx\/index.php\/02\/pt-apoyara-iniciativa-para-que-mexicanos-migrantes-puedan-elegir-a-sus-representantes\/politica\/2026\/\" \/>\n<meta property=\"og:locale\" content=\"es_ES\" \/>\n<meta property=\"og:type\" content=\"article\" \/>\n<meta property=\"og:title\" content=\"PT apoyar\u00e1 iniciativa para que mexicanos migrantes puedan elegir a sus representantes - Peri\u00f3dico Digital de Zacatecas\" \/>\n<meta property=\"og:description\" content=\". Buscan dotar de derechos electorales a los connacionales que radican fuera de M\u00e9xico. . El Partido del Trabajo respaldar\u00e1 la iniciativa de diversos colectivos migrantes que busca dotar de&hellip;\" \/>\n<meta property=\"og:url\" content=\"https:\/\/creston.com.mx\/index.php\/02\/pt-apoyara-iniciativa-para-que-mexicanos-migrantes-puedan-elegir-a-sus-representantes\/politica\/2026\/\" \/>\n<meta property=\"og:site_name\" content=\"Peri\u00f3dico Digital de Zacatecas\" \/>\n<meta property=\"article:published_time\" content=\"2026-02-04T01:45:00+00:00\" \/>\n<meta property=\"article:modified_time\" content=\"2026-02-04T21:49:45+00:00\" \/>\n<meta property=\"og:image\" content=\"https:\/\/creston.com.mx\/wp-content\/uploads\/2026\/02\/IMG-20260203-WA0036-e1770241764427.jpg\" \/>\n\t<meta property=\"og:image:width\" content=\"950\" \/>\n\t<meta property=\"og:image:height\" content=\"838\" \/>\n\t<meta property=\"og:image:type\" content=\"image\/jpeg\" \/>\n<meta name=\"author\" content=\"Periodico Creston\" \/>\n<meta name=\"twitter:card\" content=\"summary_large_image\" \/>\n<meta name=\"twitter:label1\" content=\"Escrito por\" \/>\n\t<meta name=\"twitter:data1\" content=\"Periodico Creston\" \/>\n\t<meta name=\"twitter:label2\" content=\"Tiempo de lectura\" \/>\n\t<meta name=\"twitter:data2\" content=\"2 minutos\" \/>\n<script type=\"application\/ld+json\" class=\"yoast-schema-graph\">{\"@context\":\"https:\/\/schema.org\",\"@graph\":[{\"@type\":\"Article\",\"@id\":\"https:\/\/creston.com.mx\/index.php\/02\/pt-apoyara-iniciativa-para-que-mexicanos-migrantes-puedan-elegir-a-sus-representantes\/politica\/2026\/#article\",\"isPartOf\":{\"@id\":\"https:\/\/creston.com.mx\/index.php\/02\/pt-apoyara-iniciativa-para-que-mexicanos-migrantes-puedan-elegir-a-sus-representantes\/politica\/2026\/\"},\"author\":{\"name\":\"Periodico Creston\",\"@id\":\"https:\/\/creston.com.mx\/#\/schema\/person\/01f2ce9e289bc5300c759925ef768c1d\"},\"headline\":\"PT apoyar\u00e1 iniciativa para que mexicanos migrantes puedan elegir a sus representantes\",\"datePublished\":\"2026-02-04T01:45:00+00:00\",\"dateModified\":\"2026-02-04T21:49:45+00:00\",\"mainEntityOfPage\":{\"@id\":\"https:\/\/creston.com.mx\/index.php\/02\/pt-apoyara-iniciativa-para-que-mexicanos-migrantes-puedan-elegir-a-sus-representantes\/politica\/2026\/\"},\"wordCount\":353,\"commentCount\":0,\"publisher\":{\"@id\":\"https:\/\/creston.com.mx\/#organization\"},\"image\":{\"@id\":\"https:\/\/creston.com.mx\/index.php\/02\/pt-apoyara-iniciativa-para-que-mexicanos-migrantes-puedan-elegir-a-sus-representantes\/politica\/2026\/#primaryimage\"},\"thumbnailUrl\":\"https:\/\/creston.com.mx\/wp-content\/uploads\/2026\/02\/IMG-20260203-WA0036-e1770241764427.jpg\",\"articleSection\":[\"Pol\u00edtica\"],\"inLanguage\":\"es\",\"potentialAction\":[{\"@type\":\"CommentAction\",\"name\":\"Comment\",\"target\":[\"https:\/\/creston.com.mx\/index.php\/02\/pt-apoyara-iniciativa-para-que-mexicanos-migrantes-puedan-elegir-a-sus-representantes\/politica\/2026\/#respond\"]}]},{\"@type\":\"WebPage\",\"@id\":\"https:\/\/creston.com.mx\/index.php\/02\/pt-apoyara-iniciativa-para-que-mexicanos-migrantes-puedan-elegir-a-sus-representantes\/politica\/2026\/\",\"url\":\"https:\/\/creston.com.mx\/index.php\/02\/pt-apoyara-iniciativa-para-que-mexicanos-migrantes-puedan-elegir-a-sus-representantes\/politica\/2026\/\",\"name\":\"PT apoyar\u00e1 iniciativa para que mexicanos migrantes puedan elegir a sus representantes - Peri\u00f3dico Digital de Zacatecas\",\"isPartOf\":{\"@id\":\"https:\/\/creston.com.mx\/#website\"},\"primaryImageOfPage\":{\"@id\":\"https:\/\/creston.com.mx\/index.php\/02\/pt-apoyara-iniciativa-para-que-mexicanos-migrantes-puedan-elegir-a-sus-representantes\/politica\/2026\/#primaryimage\"},\"image\":{\"@id\":\"https:\/\/creston.com.mx\/index.php\/02\/pt-apoyara-iniciativa-para-que-mexicanos-migrantes-puedan-elegir-a-sus-representantes\/politica\/2026\/#primaryimage\"},\"thumbnailUrl\":\"https:\/\/creston.com.mx\/wp-content\/uploads\/2026\/02\/IMG-20260203-WA0036-e1770241764427.jpg\",\"datePublished\":\"2026-02-04T01:45:00+00:00\",\"dateModified\":\"2026-02-04T21:49:45+00:00\",\"breadcrumb\":{\"@id\":\"https:\/\/creston.com.mx\/index.php\/02\/pt-apoyara-iniciativa-para-que-mexicanos-migrantes-puedan-elegir-a-sus-representantes\/politica\/2026\/#breadcrumb\"},\"inLanguage\":\"es\",\"potentialAction\":[{\"@type\":\"ReadAction\",\"target\":[\"https:\/\/creston.com.mx\/index.php\/02\/pt-apoyara-iniciativa-para-que-mexicanos-migrantes-puedan-elegir-a-sus-representantes\/politica\/2026\/\"]}]},{\"@type\":\"ImageObject\",\"inLanguage\":\"es\",\"@id\":\"https:\/\/creston.com.mx\/index.php\/02\/pt-apoyara-iniciativa-para-que-mexicanos-migrantes-puedan-elegir-a-sus-representantes\/politica\/2026\/#primaryimage\",\"url\":\"https:\/\/creston.com.mx\/wp-content\/uploads\/2026\/02\/IMG-20260203-WA0036-e1770241764427.jpg\",\"contentUrl\":\"https:\/\/creston.com.mx\/wp-content\/uploads\/2026\/02\/IMG-20260203-WA0036-e1770241764427.jpg\",\"width\":950,\"height\":838},{\"@type\":\"BreadcrumbList\",\"@id\":\"https:\/\/creston.com.mx\/index.php\/02\/pt-apoyara-iniciativa-para-que-mexicanos-migrantes-puedan-elegir-a-sus-representantes\/politica\/2026\/#breadcrumb\",\"itemListElement\":[{\"@type\":\"ListItem\",\"position\":1,\"name\":\"Portada\",\"item\":\"https:\/\/creston.com.mx\/\"},{\"@type\":\"ListItem\",\"position\":2,\"name\":\"PT apoyar\u00e1 iniciativa para que mexicanos migrantes puedan elegir a sus representantes\"}]},{\"@type\":\"WebSite\",\"@id\":\"https:\/\/creston.com.mx\/#website\",\"url\":\"https:\/\/creston.com.mx\/\",\"name\":\"Peri\u00f3dico Digital de Zacatecas\",\"description\":\"\",\"publisher\":{\"@id\":\"https:\/\/creston.com.mx\/#organization\"},\"potentialAction\":[{\"@type\":\"SearchAction\",\"target\":{\"@type\":\"EntryPoint\",\"urlTemplate\":\"https:\/\/creston.com.mx\/?s={search_term_string}\"},\"query-input\":{\"@type\":\"PropertyValueSpecification\",\"valueRequired\":true,\"valueName\":\"search_term_string\"}}],\"inLanguage\":\"es\"},{\"@type\":\"Organization\",\"@id\":\"https:\/\/creston.com.mx\/#organization\",\"name\":\"Peri\u00f3dico Digital de Zacatecas\",\"url\":\"https:\/\/creston.com.mx\/\",\"logo\":{\"@type\":\"ImageObject\",\"inLanguage\":\"es\",\"@id\":\"https:\/\/creston.com.mx\/#\/schema\/logo\/image\/\",\"url\":\"https:\/\/creston.com.mx\/wp-content\/uploads\/2026\/02\/cropped-Logo-Creston2.jpg\",\"contentUrl\":\"https:\/\/creston.com.mx\/wp-content\/uploads\/2026\/02\/cropped-Logo-Creston2.jpg\",\"width\":503,\"height\":194,\"caption\":\"Peri\u00f3dico Digital  de Zacatecas\"},\"image\":{\"@id\":\"https:\/\/creston.com.mx\/#\/schema\/logo\/image\/\"}},{\"@type\":\"Person\",\"@id\":\"https:\/\/creston.com.mx\/#\/schema\/person\/01f2ce9e289bc5300c759925ef768c1d\",\"name\":\"Periodico Creston\",\"image\":{\"@type\":\"ImageObject\",\"inLanguage\":\"es\",\"@id\":\"https:\/\/creston.com.mx\/#\/schema\/person\/image\/\",\"url\":\"https:\/\/secure.gravatar.com\/avatar\/c91eac1cf0d45897b6d294d474aa7713a194d460be0aaf72157553d050cda1c1?s=96&d=mm&r=g\",\"contentUrl\":\"https:\/\/secure.gravatar.com\/avatar\/c91eac1cf0d45897b6d294d474aa7713a194d460be0aaf72157553d050cda1c1?s=96&d=mm&r=g\",\"caption\":\"Periodico Creston\"},\"sameAs\":[\"https:\/\/creston.com.mx\"],\"url\":\"https:\/\/creston.com.mx\/index.php\/author\/cstnalja96\/\"}]}<\/script>\n<!-- \/ Yoast SEO plugin. -->","yoast_head_json":{"title":"PT apoyar\u00e1 iniciativa para que mexicanos migrantes puedan elegir a sus representantes - Peri\u00f3dico Digital de Zacatecas","robots":{"index":"index","follow":"follow","max-snippet":"max-snippet:-1","max-image-preview":"max-image-preview:large","max-video-preview":"max-video-preview:-1"},"canonical":"https:\/\/creston.com.mx\/index.php\/02\/pt-apoyara-iniciativa-para-que-mexicanos-migrantes-puedan-elegir-a-sus-representantes\/politica\/2026\/","og_locale":"es_ES","og_type":"article","og_title":"PT apoyar\u00e1 iniciativa para que mexicanos migrantes puedan elegir a sus representantes - Peri\u00f3dico Digital de Zacatecas","og_description":". Buscan dotar de derechos electorales a los connacionales que radican fuera de M\u00e9xico. . El Partido del Trabajo respaldar\u00e1 la iniciativa de diversos colectivos migrantes que busca dotar de&hellip;","og_url":"https:\/\/creston.com.mx\/index.php\/02\/pt-apoyara-iniciativa-para-que-mexicanos-migrantes-puedan-elegir-a-sus-representantes\/politica\/2026\/","og_site_name":"Peri\u00f3dico Digital de Zacatecas","article_published_time":"2026-02-04T01:45:00+00:00","article_modified_time":"2026-02-04T21:49:45+00:00","og_image":[{"width":950,"height":838,"url":"https:\/\/creston.com.mx\/wp-content\/uploads\/2026\/02\/IMG-20260203-WA0036-e1770241764427.jpg","type":"image\/jpeg"}],"author":"Periodico Creston","twitter_card":"summary_large_image","twitter_misc":{"Escrito por":"Periodico Creston","Tiempo de lectura":"2 minutos"},"schema":{"@context":"https:\/\/schema.org","@graph":[{"@type":"Article","@id":"https:\/\/creston.com.mx\/index.php\/02\/pt-apoyara-iniciativa-para-que-mexicanos-migrantes-puedan-elegir-a-sus-representantes\/politica\/2026\/#article","isPartOf":{"@id":"https:\/\/creston.com.mx\/index.php\/02\/pt-apoyara-iniciativa-para-que-mexicanos-migrantes-puedan-elegir-a-sus-representantes\/politica\/2026\/"},"author":{"name":"Periodico Creston","@id":"https:\/\/creston.com.mx\/#\/schema\/person\/01f2ce9e289bc5300c759925ef768c1d"},"headline":"PT apoyar\u00e1 iniciativa para que mexicanos migrantes puedan elegir a sus representantes","datePublished":"2026-02-04T01:45:00+00:00","dateModified":"2026-02-04T21:49:45+00:00","mainEntityOfPage":{"@id":"https:\/\/creston.com.mx\/index.php\/02\/pt-apoyara-iniciativa-para-que-mexicanos-migrantes-puedan-elegir-a-sus-representantes\/politica\/2026\/"},"wordCount":353,"commentCount":0,"publisher":{"@id":"https:\/\/creston.com.mx\/#organization"},"image":{"@id":"https:\/\/creston.com.mx\/index.php\/02\/pt-apoyara-iniciativa-para-que-mexicanos-migrantes-puedan-elegir-a-sus-representantes\/politica\/2026\/#primaryimage"},"thumbnailUrl":"https:\/\/creston.com.mx\/wp-content\/uploads\/2026\/02\/IMG-20260203-WA0036-e1770241764427.jpg","articleSection":["Pol\u00edtica"],"inLanguage":"es","potentialAction":[{"@type":"CommentAction","name":"Comment","target":["https:\/\/creston.com.mx\/index.php\/02\/pt-apoyara-iniciativa-para-que-mexicanos-migrantes-puedan-elegir-a-sus-representantes\/politica\/2026\/#respond"]}]},{"@type":"WebPage","@id":"https:\/\/creston.com.mx\/index.php\/02\/pt-apoyara-iniciativa-para-que-mexicanos-migrantes-puedan-elegir-a-sus-representantes\/politica\/2026\/","url":"https:\/\/creston.com.mx\/index.php\/02\/pt-apoyara-iniciativa-para-que-mexicanos-migrantes-puedan-elegir-a-sus-representantes\/politica\/2026\/","name":"PT apoyar\u00e1 iniciativa para que mexicanos migrantes puedan elegir a sus representantes - Peri\u00f3dico Digital de Zacatecas","isPartOf":{"@id":"https:\/\/creston.com.mx\/#website"},"primaryImageOfPage":{"@id":"https:\/\/creston.com.mx\/index.php\/02\/pt-apoyara-iniciativa-para-que-mexicanos-migrantes-puedan-elegir-a-sus-representantes\/politica\/2026\/#primaryimage"},"image":{"@id":"https:\/\/creston.com.mx\/index.php\/02\/pt-apoyara-iniciativa-para-que-mexicanos-migrantes-puedan-elegir-a-sus-representantes\/politica\/2026\/#primaryimage"},"thumbnailUrl":"https:\/\/creston.com.mx\/wp-content\/uploads\/2026\/02\/IMG-20260203-WA0036-e1770241764427.jpg","datePublished":"2026-02-04T01:45:00+00:00","dateModified":"2026-02-04T21:49:45+00:00","breadcrumb":{"@id":"https:\/\/creston.com.mx\/index.php\/02\/pt-apoyara-iniciativa-para-que-mexicanos-migrantes-puedan-elegir-a-sus-representantes\/politica\/2026\/#breadcrumb"},"inLanguage":"es","potentialAction":[{"@type":"ReadAction","target":["https:\/\/creston.com.mx\/index.php\/02\/pt-apoyara-iniciativa-para-que-mexicanos-migrantes-puedan-elegir-a-sus-representantes\/politica\/2026\/"]}]},{"@type":"ImageObject","inLanguage":"es","@id":"https:\/\/creston.com.mx\/index.php\/02\/pt-apoyara-iniciativa-para-que-mexicanos-migrantes-puedan-elegir-a-sus-representantes\/politica\/2026\/#primaryimage","url":"https:\/\/creston.com.mx\/wp-content\/uploads\/2026\/02\/IMG-20260203-WA0036-e1770241764427.jpg","contentUrl":"https:\/\/creston.com.mx\/wp-content\/uploads\/2026\/02\/IMG-20260203-WA0036-e1770241764427.jpg","width":950,"height":838},{"@type":"BreadcrumbList","@id":"https:\/\/creston.com.mx\/index.php\/02\/pt-apoyara-iniciativa-para-que-mexicanos-migrantes-puedan-elegir-a-sus-representantes\/politica\/2026\/#breadcrumb","itemListElement":[{"@type":"ListItem","position":1,"name":"Portada","item":"https:\/\/creston.com.mx\/"},{"@type":"ListItem","position":2,"name":"PT apoyar\u00e1 iniciativa para que mexicanos migrantes puedan elegir a sus representantes"}]},{"@type":"WebSite","@id":"https:\/\/creston.com.mx\/#website","url":"https:\/\/creston.com.mx\/","name":"Peri\u00f3dico Digital de Zacatecas","description":"","publisher":{"@id":"https:\/\/creston.com.mx\/#organization"},"potentialAction":[{"@type":"SearchAction","target":{"@type":"EntryPoint","urlTemplate":"https:\/\/creston.com.mx\/?s={search_term_string}"},"query-input":{"@type":"PropertyValueSpecification","valueRequired":true,"valueName":"search_term_string"}}],"inLanguage":"es"},{"@type":"Organization","@id":"https:\/\/creston.com.mx\/#organization","name":"Peri\u00f3dico Digital de Zacatecas","url":"https:\/\/creston.com.mx\/","logo":{"@type":"ImageObject","inLanguage":"es","@id":"https:\/\/creston.com.mx\/#\/schema\/logo\/image\/","url":"https:\/\/creston.com.mx\/wp-content\/uploads\/2026\/02\/cropped-Logo-Creston2.jpg","contentUrl":"https:\/\/creston.com.mx\/wp-content\/uploads\/2026\/02\/cropped-Logo-Creston2.jpg","width":503,"height":194,"caption":"Peri\u00f3dico Digital  de Zacatecas"},"image":{"@id":"https:\/\/creston.com.mx\/#\/schema\/logo\/image\/"}},{"@type":"Person","@id":"https:\/\/creston.com.mx\/#\/schema\/person\/01f2ce9e289bc5300c759925ef768c1d","name":"Periodico Creston","image":{"@type":"ImageObject","inLanguage":"es","@id":"https:\/\/creston.com.mx\/#\/schema\/person\/image\/","url":"https:\/\/secure.gravatar.com\/avatar\/c91eac1cf0d45897b6d294d474aa7713a194d460be0aaf72157553d050cda1c1?s=96&d=mm&r=g","contentUrl":"https:\/\/secure.gravatar.com\/avatar\/c91eac1cf0d45897b6d294d474aa7713a194d460be0aaf72157553d050cda1c1?s=96&d=mm&r=g","caption":"Periodico Creston"},"sameAs":["https:\/\/creston.com.mx"],"url":"https:\/\/creston.com.mx\/index.php\/author\/cstnalja96\/"}]}},"jetpack_sharing_enabled":true,"jetpack_featured_media_url":"https:\/\/creston.com.mx\/wp-content\/uploads\/2026\/02\/IMG-20260203-WA0036-e1770241764427.jpg","_links":{"self":[{"href":"https:\/\/creston.com.mx\/index.php\/wp-json\/wp\/v2\/posts\/2352","targetHints":{"allow":["GET"]}}],"collection":[{"href":"https:\/\/creston.com.mx\/index.php\/wp-json\/wp\/v2\/posts"}],"about":[{"href":"https:\/\/creston.com.mx\/index.php\/wp-json\/wp\/v2\/types\/post"}],"author":[{"embeddable":true,"href":"https:\/\/creston.com.mx\/index.php\/wp-json\/wp\/v2\/users\/1"}],"replies":[{"embeddable":true,"href":"https:\/\/creston.com.mx\/index.php\/wp-json\/wp\/v2\/comments?post=2352"}],"version-history":[{"count":1,"href":"https:\/\/creston.com.mx\/index.php\/wp-json\/wp\/v2\/posts\/2352\/revisions"}],"predecessor-version":[{"id":2354,"href":"https:\/\/creston.com.mx\/index.php\/wp-json\/wp\/v2\/posts\/2352\/revisions\/2354"}],"wp:featuredmedia":[{"embeddable":true,"href":"https:\/\/creston.com.mx\/index.php\/wp-json\/wp\/v2\/media\/2353"}],"wp:attachment":[{"href":"https:\/\/creston.com.mx\/index.php\/wp-json\/wp\/v2\/media?parent=2352"}],"wp:term":[{"taxonomy":"category","embeddable":true,"href":"https:\/\/creston.com.mx\/index.php\/wp-json\/wp\/v2\/categories?post=2352"},{"taxonomy":"post_tag","embeddable":true,"href":"https:\/\/creston.com.mx\/index.php\/wp-json\/wp\/v2\/tags?post=2352"}],"curies":[{"name":"wp","href":"https:\/\/api.w.org\/{rel}","templated":true}]}}