{"id":2349,"date":"2026-02-03T19:42:00","date_gmt":"2026-02-04T01:42:00","guid":{"rendered":"https:\/\/creston.com.mx\/?p=2349"},"modified":"2026-02-04T15:45:15","modified_gmt":"2026-02-04T21:45:15","slug":"impulsan-reforma-electoral-con-derechos-plenos-para-la-comunidad-migrante","status":"publish","type":"post","link":"https:\/\/creston.com.mx\/index.php\/02\/impulsan-reforma-electoral-con-derechos-plenos-para-la-comunidad-migrante\/politica\/2026\/","title":{"rendered":"Impulsan reforma electoral con derechos plenos para la comunidad migrante"},"content":{"rendered":"\n<p>.<\/p>\n\n\n\n<p class=\"has-medium-font-size\"><strong><em>Ulises Mej\u00eda Haro particip\u00f3 en un encuentro de trabajo junto a senadoras, diputadas y colectivos migrantes.<\/em><\/strong><\/p>\n\n\n\n<p>.<\/p>\n\n\n\n<p>Desde el Senado de la Rep\u00fablica, el diputado federal Ulises Mej\u00eda Haro particip\u00f3 en un encuentro de trabajo junto a senadoras, diputadas y colectivos migrantes como Fuerza Migrante, donde se abord\u00f3 el fortalecimiento de los derechos pol\u00edticos de las mexicanas y mexicanos que residen en el exterior.<\/p>\n\n\n\n<p>Durante su intervenci\u00f3n, Ulises Mej\u00eda Haro refrend\u00f3 su impulso a la iniciativa de voto directo de la comunidad migrante para espacios de representaci\u00f3n popular, al se\u00f1alar que M\u00e9xico es una naci\u00f3n que trasciende fronteras y que esta realidad obliga a garantizar esquemas de mayor participaci\u00f3n pol\u00edtica. Subray\u00f3 la necesidad de fortalecer el derecho a votar acompa\u00f1ado del derecho efectivo a ser votadas y votados, mediante una representaci\u00f3n que surja del voto libre de quienes viven la realidad migrante y no de designaciones por la v\u00eda plurinominal.<\/p>\n\n\n\n<p>En el encuentro tambi\u00e9n particip\u00f3 la diputada federal Maribel Solache, as\u00ed como representantes de Fuerza Migrante, entre ellos Avelino Meza, quienes respaldaron la necesidad de mantener la unidad y la organizaci\u00f3n colectiva para defender el ejercicio pleno y efectivo de los derechos pol\u00edticos de las y los mexicanos residentes en el extranjero.<\/p>\n\n\n\n<p>El legislador federal Ulises Mej\u00eda Haro y la senadora Yeidckol Polevnsky reiteraron que tambi\u00e9n es fundamental fortalecer los v\u00ednculos binacionales en los \u00e1mbitos acad\u00e9mico, empresarial, cultural, tur\u00edstico y de infraestructura social en los municipios de origen, as\u00ed como promover que m\u00e1s ciudadanas y ciudadanos de ascendencia mexicana que residen en el exterior accedan a espacios de toma de decisiones dentro del sistema estadounidense, con el objetivo de consolidar una agenda pol\u00edtica binacional s\u00f3lida.<\/p>\n\n\n\n<p>Finalmente, las legisladoras y el legislador afirmaron que continuar\u00e1n acompa\u00f1ando estas causas con responsabilidad, desde el di\u00e1logo, las propuestas y el trabajo legislativo, convencidos de avanzar hacia derechos pol\u00edticos plenos para las y los mexicanos en el extranjero.<\/p>\n\n\n\n<p>.<\/p>\n\n\n\n\n\n<p>.<\/p>\n\n\n<div class=\"wp-block-image\">\n<figure class=\"aligncenter size-large is-resized\"><img fetchpriority=\"high\" decoding=\"async\" width=\"870\" height=\"1024\" src=\"https:\/\/creston.com.mx\/wp-content\/uploads\/2025\/06\/Anuncio-salon-eventos-870x1024.jpg\" alt=\"\" class=\"wp-image-966\" style=\"aspect-ratio:0.8496112270054997;width:586px;height:auto\" srcset=\"https:\/\/creston.com.mx\/wp-content\/uploads\/2025\/06\/Anuncio-salon-eventos-870x1024.jpg 870w, https:\/\/creston.com.mx\/wp-content\/uploads\/2025\/06\/Anuncio-salon-eventos-255x300.jpg 255w, https:\/\/creston.com.mx\/wp-content\/uploads\/2025\/06\/Anuncio-salon-eventos-768x904.jpg 768w, https:\/\/creston.com.mx\/wp-content\/uploads\/2025\/06\/Anuncio-salon-eventos.jpg 1275w\" sizes=\"(max-width: 870px) 100vw, 870px\" \/><\/figure>\n<\/div>","protected":false},"excerpt":{"rendered":"<p>. Ulises Mej\u00eda Haro particip\u00f3 en un encuentro de trabajo junto a senadoras, diputadas y colectivos migrantes. . Desde el Senado de la Rep\u00fablica, el diputado federal Ulises Mej\u00eda Haro&hellip; <\/p>\n","protected":false},"author":1,"featured_media":2350,"comment_status":"open","ping_status":"closed","sticky":false,"template":"","format":"standard","meta":{"_jetpack_memberships_contains_paid_content":false,"footnotes":""},"categories":[2],"tags":[],"class_list":["post-2349","post","type-post","status-publish","format-standard","has-post-thumbnail","hentry","category-politica"],"yoast_head":"<!-- This site is optimized with the Yoast SEO plugin v24.2 - https:\/\/yoast.com\/wordpress\/plugins\/seo\/ -->\n<title>Impulsan reforma electoral con derechos plenos para la comunidad migrante - Peri\u00f3dico Digital de Zacatecas<\/title>\n<meta name=\"robots\" content=\"index, follow, max-snippet:-1, max-image-preview:large, max-video-preview:-1\" \/>\n<link rel=\"canonical\" href=\"https:\/\/creston.com.mx\/index.php\/02\/impulsan-reforma-electoral-con-derechos-plenos-para-la-comunidad-migrante\/politica\/2026\/\" \/>\n<meta property=\"og:locale\" content=\"es_ES\" \/>\n<meta property=\"og:type\" content=\"article\" \/>\n<meta property=\"og:title\" content=\"Impulsan reforma electoral con derechos plenos para la comunidad migrante - Peri\u00f3dico Digital de Zacatecas\" \/>\n<meta property=\"og:description\" content=\". Ulises Mej\u00eda Haro particip\u00f3 en un encuentro de trabajo junto a senadoras, diputadas y colectivos migrantes. . Desde el Senado de la Rep\u00fablica, el diputado federal Ulises Mej\u00eda Haro&hellip;\" \/>\n<meta property=\"og:url\" content=\"https:\/\/creston.com.mx\/index.php\/02\/impulsan-reforma-electoral-con-derechos-plenos-para-la-comunidad-migrante\/politica\/2026\/\" \/>\n<meta property=\"og:site_name\" content=\"Peri\u00f3dico Digital de Zacatecas\" \/>\n<meta property=\"article:published_time\" content=\"2026-02-04T01:42:00+00:00\" \/>\n<meta property=\"article:modified_time\" content=\"2026-02-04T21:45:15+00:00\" \/>\n<meta property=\"og:image\" content=\"https:\/\/creston.com.mx\/wp-content\/uploads\/2026\/02\/IMG-20260202-WA0026.jpg\" \/>\n\t<meta property=\"og:image:width\" content=\"1040\" \/>\n\t<meta property=\"og:image:height\" content=\"780\" \/>\n\t<meta property=\"og:image:type\" content=\"image\/jpeg\" \/>\n<meta name=\"author\" content=\"Periodico Creston\" \/>\n<meta name=\"twitter:card\" content=\"summary_large_image\" \/>\n<meta name=\"twitter:label1\" content=\"Escrito por\" \/>\n\t<meta name=\"twitter:data1\" content=\"Periodico Creston\" \/>\n\t<meta name=\"twitter:label2\" content=\"Tiempo de lectura\" \/>\n\t<meta name=\"twitter:data2\" content=\"2 minutos\" \/>\n<script type=\"application\/ld+json\" class=\"yoast-schema-graph\">{\"@context\":\"https:\/\/schema.org\",\"@graph\":[{\"@type\":\"Article\",\"@id\":\"https:\/\/creston.com.mx\/index.php\/02\/impulsan-reforma-electoral-con-derechos-plenos-para-la-comunidad-migrante\/politica\/2026\/#article\",\"isPartOf\":{\"@id\":\"https:\/\/creston.com.mx\/index.php\/02\/impulsan-reforma-electoral-con-derechos-plenos-para-la-comunidad-migrante\/politica\/2026\/\"},\"author\":{\"name\":\"Periodico Creston\",\"@id\":\"https:\/\/creston.com.mx\/#\/schema\/person\/01f2ce9e289bc5300c759925ef768c1d\"},\"headline\":\"Impulsan reforma electoral con derechos plenos para la comunidad migrante\",\"datePublished\":\"2026-02-04T01:42:00+00:00\",\"dateModified\":\"2026-02-04T21:45:15+00:00\",\"mainEntityOfPage\":{\"@id\":\"https:\/\/creston.com.mx\/index.php\/02\/impulsan-reforma-electoral-con-derechos-plenos-para-la-comunidad-migrante\/politica\/2026\/\"},\"wordCount\":352,\"commentCount\":0,\"publisher\":{\"@id\":\"https:\/\/creston.com.mx\/#organization\"},\"image\":{\"@id\":\"https:\/\/creston.com.mx\/index.php\/02\/impulsan-reforma-electoral-con-derechos-plenos-para-la-comunidad-migrante\/politica\/2026\/#primaryimage\"},\"thumbnailUrl\":\"https:\/\/creston.com.mx\/wp-content\/uploads\/2026\/02\/IMG-20260202-WA0026.jpg\",\"articleSection\":[\"Pol\u00edtica\"],\"inLanguage\":\"es\",\"potentialAction\":[{\"@type\":\"CommentAction\",\"name\":\"Comment\",\"target\":[\"https:\/\/creston.com.mx\/index.php\/02\/impulsan-reforma-electoral-con-derechos-plenos-para-la-comunidad-migrante\/politica\/2026\/#respond\"]}]},{\"@type\":\"WebPage\",\"@id\":\"https:\/\/creston.com.mx\/index.php\/02\/impulsan-reforma-electoral-con-derechos-plenos-para-la-comunidad-migrante\/politica\/2026\/\",\"url\":\"https:\/\/creston.com.mx\/index.php\/02\/impulsan-reforma-electoral-con-derechos-plenos-para-la-comunidad-migrante\/politica\/2026\/\",\"name\":\"Impulsan reforma electoral con derechos plenos para la comunidad migrante - Peri\u00f3dico Digital de Zacatecas\",\"isPartOf\":{\"@id\":\"https:\/\/creston.com.mx\/#website\"},\"primaryImageOfPage\":{\"@id\":\"https:\/\/creston.com.mx\/index.php\/02\/impulsan-reforma-electoral-con-derechos-plenos-para-la-comunidad-migrante\/politica\/2026\/#primaryimage\"},\"image\":{\"@id\":\"https:\/\/creston.com.mx\/index.php\/02\/impulsan-reforma-electoral-con-derechos-plenos-para-la-comunidad-migrante\/politica\/2026\/#primaryimage\"},\"thumbnailUrl\":\"https:\/\/creston.com.mx\/wp-content\/uploads\/2026\/02\/IMG-20260202-WA0026.jpg\",\"datePublished\":\"2026-02-04T01:42:00+00:00\",\"dateModified\":\"2026-02-04T21:45:15+00:00\",\"breadcrumb\":{\"@id\":\"https:\/\/creston.com.mx\/index.php\/02\/impulsan-reforma-electoral-con-derechos-plenos-para-la-comunidad-migrante\/politica\/2026\/#breadcrumb\"},\"inLanguage\":\"es\",\"potentialAction\":[{\"@type\":\"ReadAction\",\"target\":[\"https:\/\/creston.com.mx\/index.php\/02\/impulsan-reforma-electoral-con-derechos-plenos-para-la-comunidad-migrante\/politica\/2026\/\"]}]},{\"@type\":\"ImageObject\",\"inLanguage\":\"es\",\"@id\":\"https:\/\/creston.com.mx\/index.php\/02\/impulsan-reforma-electoral-con-derechos-plenos-para-la-comunidad-migrante\/politica\/2026\/#primaryimage\",\"url\":\"https:\/\/creston.com.mx\/wp-content\/uploads\/2026\/02\/IMG-20260202-WA0026.jpg\",\"contentUrl\":\"https:\/\/creston.com.mx\/wp-content\/uploads\/2026\/02\/IMG-20260202-WA0026.jpg\",\"width\":1040,\"height\":780},{\"@type\":\"BreadcrumbList\",\"@id\":\"https:\/\/creston.com.mx\/index.php\/02\/impulsan-reforma-electoral-con-derechos-plenos-para-la-comunidad-migrante\/politica\/2026\/#breadcrumb\",\"itemListElement\":[{\"@type\":\"ListItem\",\"position\":1,\"name\":\"Portada\",\"item\":\"https:\/\/creston.com.mx\/\"},{\"@type\":\"ListItem\",\"position\":2,\"name\":\"Impulsan reforma electoral con derechos plenos para la comunidad migrante\"}]},{\"@type\":\"WebSite\",\"@id\":\"https:\/\/creston.com.mx\/#website\",\"url\":\"https:\/\/creston.com.mx\/\",\"name\":\"Peri\u00f3dico Digital de Zacatecas\",\"description\":\"\",\"publisher\":{\"@id\":\"https:\/\/creston.com.mx\/#organization\"},\"potentialAction\":[{\"@type\":\"SearchAction\",\"target\":{\"@type\":\"EntryPoint\",\"urlTemplate\":\"https:\/\/creston.com.mx\/?s={search_term_string}\"},\"query-input\":{\"@type\":\"PropertyValueSpecification\",\"valueRequired\":true,\"valueName\":\"search_term_string\"}}],\"inLanguage\":\"es\"},{\"@type\":\"Organization\",\"@id\":\"https:\/\/creston.com.mx\/#organization\",\"name\":\"Peri\u00f3dico Digital de Zacatecas\",\"url\":\"https:\/\/creston.com.mx\/\",\"logo\":{\"@type\":\"ImageObject\",\"inLanguage\":\"es\",\"@id\":\"https:\/\/creston.com.mx\/#\/schema\/logo\/image\/\",\"url\":\"https:\/\/creston.com.mx\/wp-content\/uploads\/2026\/02\/cropped-Logo-Creston2.jpg\",\"contentUrl\":\"https:\/\/creston.com.mx\/wp-content\/uploads\/2026\/02\/cropped-Logo-Creston2.jpg\",\"width\":503,\"height\":194,\"caption\":\"Peri\u00f3dico Digital  de Zacatecas\"},\"image\":{\"@id\":\"https:\/\/creston.com.mx\/#\/schema\/logo\/image\/\"}},{\"@type\":\"Person\",\"@id\":\"https:\/\/creston.com.mx\/#\/schema\/person\/01f2ce9e289bc5300c759925ef768c1d\",\"name\":\"Periodico Creston\",\"image\":{\"@type\":\"ImageObject\",\"inLanguage\":\"es\",\"@id\":\"https:\/\/creston.com.mx\/#\/schema\/person\/image\/\",\"url\":\"https:\/\/secure.gravatar.com\/avatar\/c91eac1cf0d45897b6d294d474aa7713a194d460be0aaf72157553d050cda1c1?s=96&d=mm&r=g\",\"contentUrl\":\"https:\/\/secure.gravatar.com\/avatar\/c91eac1cf0d45897b6d294d474aa7713a194d460be0aaf72157553d050cda1c1?s=96&d=mm&r=g\",\"caption\":\"Periodico Creston\"},\"sameAs\":[\"https:\/\/creston.com.mx\"],\"url\":\"https:\/\/creston.com.mx\/index.php\/author\/cstnalja96\/\"}]}<\/script>\n<!-- \/ Yoast SEO plugin. -->","yoast_head_json":{"title":"Impulsan reforma electoral con derechos plenos para la comunidad migrante - Peri\u00f3dico Digital de Zacatecas","robots":{"index":"index","follow":"follow","max-snippet":"max-snippet:-1","max-image-preview":"max-image-preview:large","max-video-preview":"max-video-preview:-1"},"canonical":"https:\/\/creston.com.mx\/index.php\/02\/impulsan-reforma-electoral-con-derechos-plenos-para-la-comunidad-migrante\/politica\/2026\/","og_locale":"es_ES","og_type":"article","og_title":"Impulsan reforma electoral con derechos plenos para la comunidad migrante - Peri\u00f3dico Digital de Zacatecas","og_description":". Ulises Mej\u00eda Haro particip\u00f3 en un encuentro de trabajo junto a senadoras, diputadas y colectivos migrantes. . Desde el Senado de la Rep\u00fablica, el diputado federal Ulises Mej\u00eda Haro&hellip;","og_url":"https:\/\/creston.com.mx\/index.php\/02\/impulsan-reforma-electoral-con-derechos-plenos-para-la-comunidad-migrante\/politica\/2026\/","og_site_name":"Peri\u00f3dico Digital de Zacatecas","article_published_time":"2026-02-04T01:42:00+00:00","article_modified_time":"2026-02-04T21:45:15+00:00","og_image":[{"width":1040,"height":780,"url":"https:\/\/creston.com.mx\/wp-content\/uploads\/2026\/02\/IMG-20260202-WA0026.jpg","type":"image\/jpeg"}],"author":"Periodico Creston","twitter_card":"summary_large_image","twitter_misc":{"Escrito por":"Periodico Creston","Tiempo de lectura":"2 minutos"},"schema":{"@context":"https:\/\/schema.org","@graph":[{"@type":"Article","@id":"https:\/\/creston.com.mx\/index.php\/02\/impulsan-reforma-electoral-con-derechos-plenos-para-la-comunidad-migrante\/politica\/2026\/#article","isPartOf":{"@id":"https:\/\/creston.com.mx\/index.php\/02\/impulsan-reforma-electoral-con-derechos-plenos-para-la-comunidad-migrante\/politica\/2026\/"},"author":{"name":"Periodico Creston","@id":"https:\/\/creston.com.mx\/#\/schema\/person\/01f2ce9e289bc5300c759925ef768c1d"},"headline":"Impulsan reforma electoral con derechos plenos para la comunidad migrante","datePublished":"2026-02-04T01:42:00+00:00","dateModified":"2026-02-04T21:45:15+00:00","mainEntityOfPage":{"@id":"https:\/\/creston.com.mx\/index.php\/02\/impulsan-reforma-electoral-con-derechos-plenos-para-la-comunidad-migrante\/politica\/2026\/"},"wordCount":352,"commentCount":0,"publisher":{"@id":"https:\/\/creston.com.mx\/#organization"},"image":{"@id":"https:\/\/creston.com.mx\/index.php\/02\/impulsan-reforma-electoral-con-derechos-plenos-para-la-comunidad-migrante\/politica\/2026\/#primaryimage"},"thumbnailUrl":"https:\/\/creston.com.mx\/wp-content\/uploads\/2026\/02\/IMG-20260202-WA0026.jpg","articleSection":["Pol\u00edtica"],"inLanguage":"es","potentialAction":[{"@type":"CommentAction","name":"Comment","target":["https:\/\/creston.com.mx\/index.php\/02\/impulsan-reforma-electoral-con-derechos-plenos-para-la-comunidad-migrante\/politica\/2026\/#respond"]}]},{"@type":"WebPage","@id":"https:\/\/creston.com.mx\/index.php\/02\/impulsan-reforma-electoral-con-derechos-plenos-para-la-comunidad-migrante\/politica\/2026\/","url":"https:\/\/creston.com.mx\/index.php\/02\/impulsan-reforma-electoral-con-derechos-plenos-para-la-comunidad-migrante\/politica\/2026\/","name":"Impulsan reforma electoral con derechos plenos para la comunidad migrante - Peri\u00f3dico Digital de Zacatecas","isPartOf":{"@id":"https:\/\/creston.com.mx\/#website"},"primaryImageOfPage":{"@id":"https:\/\/creston.com.mx\/index.php\/02\/impulsan-reforma-electoral-con-derechos-plenos-para-la-comunidad-migrante\/politica\/2026\/#primaryimage"},"image":{"@id":"https:\/\/creston.com.mx\/index.php\/02\/impulsan-reforma-electoral-con-derechos-plenos-para-la-comunidad-migrante\/politica\/2026\/#primaryimage"},"thumbnailUrl":"https:\/\/creston.com.mx\/wp-content\/uploads\/2026\/02\/IMG-20260202-WA0026.jpg","datePublished":"2026-02-04T01:42:00+00:00","dateModified":"2026-02-04T21:45:15+00:00","breadcrumb":{"@id":"https:\/\/creston.com.mx\/index.php\/02\/impulsan-reforma-electoral-con-derechos-plenos-para-la-comunidad-migrante\/politica\/2026\/#breadcrumb"},"inLanguage":"es","potentialAction":[{"@type":"ReadAction","target":["https:\/\/creston.com.mx\/index.php\/02\/impulsan-reforma-electoral-con-derechos-plenos-para-la-comunidad-migrante\/politica\/2026\/"]}]},{"@type":"ImageObject","inLanguage":"es","@id":"https:\/\/creston.com.mx\/index.php\/02\/impulsan-reforma-electoral-con-derechos-plenos-para-la-comunidad-migrante\/politica\/2026\/#primaryimage","url":"https:\/\/creston.com.mx\/wp-content\/uploads\/2026\/02\/IMG-20260202-WA0026.jpg","contentUrl":"https:\/\/creston.com.mx\/wp-content\/uploads\/2026\/02\/IMG-20260202-WA0026.jpg","width":1040,"height":780},{"@type":"BreadcrumbList","@id":"https:\/\/creston.com.mx\/index.php\/02\/impulsan-reforma-electoral-con-derechos-plenos-para-la-comunidad-migrante\/politica\/2026\/#breadcrumb","itemListElement":[{"@type":"ListItem","position":1,"name":"Portada","item":"https:\/\/creston.com.mx\/"},{"@type":"ListItem","position":2,"name":"Impulsan reforma electoral con derechos plenos para la comunidad migrante"}]},{"@type":"WebSite","@id":"https:\/\/creston.com.mx\/#website","url":"https:\/\/creston.com.mx\/","name":"Peri\u00f3dico Digital de Zacatecas","description":"","publisher":{"@id":"https:\/\/creston.com.mx\/#organization"},"potentialAction":[{"@type":"SearchAction","target":{"@type":"EntryPoint","urlTemplate":"https:\/\/creston.com.mx\/?s={search_term_string}"},"query-input":{"@type":"PropertyValueSpecification","valueRequired":true,"valueName":"search_term_string"}}],"inLanguage":"es"},{"@type":"Organization","@id":"https:\/\/creston.com.mx\/#organization","name":"Peri\u00f3dico Digital de Zacatecas","url":"https:\/\/creston.com.mx\/","logo":{"@type":"ImageObject","inLanguage":"es","@id":"https:\/\/creston.com.mx\/#\/schema\/logo\/image\/","url":"https:\/\/creston.com.mx\/wp-content\/uploads\/2026\/02\/cropped-Logo-Creston2.jpg","contentUrl":"https:\/\/creston.com.mx\/wp-content\/uploads\/2026\/02\/cropped-Logo-Creston2.jpg","width":503,"height":194,"caption":"Peri\u00f3dico Digital  de Zacatecas"},"image":{"@id":"https:\/\/creston.com.mx\/#\/schema\/logo\/image\/"}},{"@type":"Person","@id":"https:\/\/creston.com.mx\/#\/schema\/person\/01f2ce9e289bc5300c759925ef768c1d","name":"Periodico Creston","image":{"@type":"ImageObject","inLanguage":"es","@id":"https:\/\/creston.com.mx\/#\/schema\/person\/image\/","url":"https:\/\/secure.gravatar.com\/avatar\/c91eac1cf0d45897b6d294d474aa7713a194d460be0aaf72157553d050cda1c1?s=96&d=mm&r=g","contentUrl":"https:\/\/secure.gravatar.com\/avatar\/c91eac1cf0d45897b6d294d474aa7713a194d460be0aaf72157553d050cda1c1?s=96&d=mm&r=g","caption":"Periodico Creston"},"sameAs":["https:\/\/creston.com.mx"],"url":"https:\/\/creston.com.mx\/index.php\/author\/cstnalja96\/"}]}},"jetpack_sharing_enabled":true,"jetpack_featured_media_url":"https:\/\/creston.com.mx\/wp-content\/uploads\/2026\/02\/IMG-20260202-WA0026.jpg","_links":{"self":[{"href":"https:\/\/creston.com.mx\/index.php\/wp-json\/wp\/v2\/posts\/2349","targetHints":{"allow":["GET"]}}],"collection":[{"href":"https:\/\/creston.com.mx\/index.php\/wp-json\/wp\/v2\/posts"}],"about":[{"href":"https:\/\/creston.com.mx\/index.php\/wp-json\/wp\/v2\/types\/post"}],"author":[{"embeddable":true,"href":"https:\/\/creston.com.mx\/index.php\/wp-json\/wp\/v2\/users\/1"}],"replies":[{"embeddable":true,"href":"https:\/\/creston.com.mx\/index.php\/wp-json\/wp\/v2\/comments?post=2349"}],"version-history":[{"count":1,"href":"https:\/\/creston.com.mx\/index.php\/wp-json\/wp\/v2\/posts\/2349\/revisions"}],"predecessor-version":[{"id":2351,"href":"https:\/\/creston.com.mx\/index.php\/wp-json\/wp\/v2\/posts\/2349\/revisions\/2351"}],"wp:featuredmedia":[{"embeddable":true,"href":"https:\/\/creston.com.mx\/index.php\/wp-json\/wp\/v2\/media\/2350"}],"wp:attachment":[{"href":"https:\/\/creston.com.mx\/index.php\/wp-json\/wp\/v2\/media?parent=2349"}],"wp:term":[{"taxonomy":"category","embeddable":true,"href":"https:\/\/creston.com.mx\/index.php\/wp-json\/wp\/v2\/categories?post=2349"},{"taxonomy":"post_tag","embeddable":true,"href":"https:\/\/creston.com.mx\/index.php\/wp-json\/wp\/v2\/tags?post=2349"}],"curies":[{"name":"wp","href":"https:\/\/api.w.org\/{rel}","templated":true}]}}