{"id":2338,"date":"2026-02-01T20:28:00","date_gmt":"2026-02-02T02:28:00","guid":{"rendered":"https:\/\/creston.com.mx\/?p=2338"},"modified":"2026-02-04T15:17:37","modified_gmt":"2026-02-04T21:17:37","slug":"gestiona-miguel-varela-acuerdos-y-hermanamiento-en-espana","status":"publish","type":"post","link":"https:\/\/creston.com.mx\/index.php\/02\/gestiona-miguel-varela-acuerdos-y-hermanamiento-en-espana\/estado\/2026\/","title":{"rendered":"Gestiona Miguel Varela acuerdos y hermanamiento en Espa\u00f1a"},"content":{"rendered":"\n<p>.<\/p>\n\n\n\n<p class=\"has-medium-font-size\"><strong><em>El alcalde capitalino busca reactivar los lazos hist\u00f3ricos con esta ciudad europea para impulsar la econom\u00eda, la cultura y el turismo a trav\u00e9s de una agenda de resultados.<\/em><\/strong><\/p>\n\n\n\n<p>.<\/p>\n\n\n\n<p>En el marco de su gira de trabajo por el continente europeo, el presidente municipal de Zacatecas, Miguel Varela Pinedo, sostuvo una reuni\u00f3n de alto nivel con autoridades de Ontinyent, con el firme objetivo de consolidar un hermanamiento que detone el crecimiento econ\u00f3mico y cultural de la capital zacatecana.<\/p>\n\n\n\n<p>A trav\u00e9s de un comunicado se informa que durante el encuentro con el alcalde de Ontinyent, Jorge Rodr\u00edguez, Miguel Varela destac\u00f3 que esta ciudad espa\u00f1ola ha sido una aliada hist\u00f3rica de Zacatecas, siendo una de las primeras demarcaciones internacionales en abrir sus puertas a nuestra tierra hace algunos a\u00f1os, por lo que hoy se busca recuperar ese v\u00ednculo con una visi\u00f3n moderna y de resultados.<\/p>\n\n\n\n<p>El presidente Varela afirm\u00f3 que la intenci\u00f3n de esta visita es fortalecer los lazos de cooperaci\u00f3n y el hermanamiento cultural, construyendo v\u00ednculos que impulsen el intercambio y el desarrollo entre ambas comunidades.<\/p>\n\n\n\n<p>Mencion\u00f3 que esta relaci\u00f3n debe trascender lo protocolario para convertirse en una plataforma de oportunidades que potencie la econom\u00eda local, atraiga mayor turismo europeo y fomente programas de colaboraci\u00f3n que enriquezcan el talento de los artistas y acad\u00e9micos de nuestra capital, logrando as\u00ed una proyecci\u00f3n internacional que se refleje en el d\u00eda a d\u00eda de la ciudadan\u00eda.<\/p>\n\n\n\n<p>Miguel Varela enfatiz\u00f3 que estas gestiones forman parte de una visi\u00f3n de gobierno que prioriza la apertura de nuevos mercados y la diplomacia efectiva para generar estabilidad en la capital de Zacatecas.<\/p>\n\n\n\n<p>El alcalde agradeci\u00f3 la hospitalidad de las autoridades espa\u00f1olas, se\u00f1alando que esta gira marca la pauta para la firma de futuros convenios que traer\u00e1n beneficios reales, demostrando que con una gesti\u00f3n decidida y una planeaci\u00f3n estrat\u00e9gica, la capital retoma su lugar en el escenario mundial para beneficio de todos sus sectores productivos.<\/p>\n\n\n\n<p>.<\/p>\n\n\n\n\n\n<p>.<\/p>\n\n\n<div class=\"wp-block-image\">\n<figure class=\"aligncenter size-large is-resized\"><img fetchpriority=\"high\" decoding=\"async\" width=\"870\" height=\"1024\" src=\"https:\/\/creston.com.mx\/wp-content\/uploads\/2025\/06\/Anuncio-salon-eventos-870x1024.jpg\" alt=\"\" class=\"wp-image-966\" style=\"aspect-ratio:0.8496112270054997;width:584px;height:auto\" srcset=\"https:\/\/creston.com.mx\/wp-content\/uploads\/2025\/06\/Anuncio-salon-eventos-870x1024.jpg 870w, https:\/\/creston.com.mx\/wp-content\/uploads\/2025\/06\/Anuncio-salon-eventos-255x300.jpg 255w, https:\/\/creston.com.mx\/wp-content\/uploads\/2025\/06\/Anuncio-salon-eventos-768x904.jpg 768w, https:\/\/creston.com.mx\/wp-content\/uploads\/2025\/06\/Anuncio-salon-eventos.jpg 1275w\" sizes=\"(max-width: 870px) 100vw, 870px\" \/><\/figure>\n<\/div>","protected":false},"excerpt":{"rendered":"<p>. El alcalde capitalino busca reactivar los lazos hist\u00f3ricos con esta ciudad europea para impulsar la econom\u00eda, la cultura y el turismo a trav\u00e9s de una agenda de resultados. .&hellip; <\/p>\n","protected":false},"author":1,"featured_media":2339,"comment_status":"open","ping_status":"closed","sticky":false,"template":"","format":"standard","meta":{"_jetpack_memberships_contains_paid_content":false,"footnotes":""},"categories":[1],"tags":[],"class_list":["post-2338","post","type-post","status-publish","format-standard","has-post-thumbnail","hentry","category-estado"],"yoast_head":"<!-- This site is optimized with the Yoast SEO plugin v24.2 - https:\/\/yoast.com\/wordpress\/plugins\/seo\/ -->\n<title>Gestiona Miguel Varela acuerdos y hermanamiento en Espa\u00f1a - Peri\u00f3dico Digital de Zacatecas<\/title>\n<meta name=\"robots\" content=\"index, follow, max-snippet:-1, max-image-preview:large, max-video-preview:-1\" \/>\n<link rel=\"canonical\" href=\"https:\/\/creston.com.mx\/index.php\/02\/gestiona-miguel-varela-acuerdos-y-hermanamiento-en-espana\/estado\/2026\/\" \/>\n<meta property=\"og:locale\" content=\"es_ES\" \/>\n<meta property=\"og:type\" content=\"article\" \/>\n<meta property=\"og:title\" content=\"Gestiona Miguel Varela acuerdos y hermanamiento en Espa\u00f1a - Peri\u00f3dico Digital de Zacatecas\" \/>\n<meta property=\"og:description\" content=\". El alcalde capitalino busca reactivar los lazos hist\u00f3ricos con esta ciudad europea para impulsar la econom\u00eda, la cultura y el turismo a trav\u00e9s de una agenda de resultados. .&hellip;\" \/>\n<meta property=\"og:url\" content=\"https:\/\/creston.com.mx\/index.php\/02\/gestiona-miguel-varela-acuerdos-y-hermanamiento-en-espana\/estado\/2026\/\" \/>\n<meta property=\"og:site_name\" content=\"Peri\u00f3dico Digital de Zacatecas\" \/>\n<meta property=\"article:published_time\" content=\"2026-02-02T02:28:00+00:00\" \/>\n<meta property=\"article:modified_time\" content=\"2026-02-04T21:17:37+00:00\" \/>\n<meta property=\"og:image\" content=\"https:\/\/creston.com.mx\/wp-content\/uploads\/2026\/02\/IMG-20260201-WA0006.jpg\" \/>\n\t<meta property=\"og:image:width\" content=\"1450\" \/>\n\t<meta property=\"og:image:height\" content=\"1600\" \/>\n\t<meta property=\"og:image:type\" content=\"image\/jpeg\" \/>\n<meta name=\"author\" content=\"Periodico Creston\" \/>\n<meta name=\"twitter:card\" content=\"summary_large_image\" \/>\n<meta name=\"twitter:label1\" content=\"Escrito por\" \/>\n\t<meta name=\"twitter:data1\" content=\"Periodico Creston\" \/>\n\t<meta name=\"twitter:label2\" content=\"Tiempo de lectura\" \/>\n\t<meta name=\"twitter:data2\" content=\"2 minutos\" \/>\n<script type=\"application\/ld+json\" class=\"yoast-schema-graph\">{\"@context\":\"https:\/\/schema.org\",\"@graph\":[{\"@type\":\"Article\",\"@id\":\"https:\/\/creston.com.mx\/index.php\/02\/gestiona-miguel-varela-acuerdos-y-hermanamiento-en-espana\/estado\/2026\/#article\",\"isPartOf\":{\"@id\":\"https:\/\/creston.com.mx\/index.php\/02\/gestiona-miguel-varela-acuerdos-y-hermanamiento-en-espana\/estado\/2026\/\"},\"author\":{\"name\":\"Periodico Creston\",\"@id\":\"https:\/\/creston.com.mx\/#\/schema\/person\/01f2ce9e289bc5300c759925ef768c1d\"},\"headline\":\"Gestiona Miguel Varela acuerdos y hermanamiento en Espa\u00f1a\",\"datePublished\":\"2026-02-02T02:28:00+00:00\",\"dateModified\":\"2026-02-04T21:17:37+00:00\",\"mainEntityOfPage\":{\"@id\":\"https:\/\/creston.com.mx\/index.php\/02\/gestiona-miguel-varela-acuerdos-y-hermanamiento-en-espana\/estado\/2026\/\"},\"wordCount\":354,\"commentCount\":0,\"publisher\":{\"@id\":\"https:\/\/creston.com.mx\/#organization\"},\"image\":{\"@id\":\"https:\/\/creston.com.mx\/index.php\/02\/gestiona-miguel-varela-acuerdos-y-hermanamiento-en-espana\/estado\/2026\/#primaryimage\"},\"thumbnailUrl\":\"https:\/\/creston.com.mx\/wp-content\/uploads\/2026\/02\/IMG-20260201-WA0006.jpg\",\"articleSection\":[\"Estado\"],\"inLanguage\":\"es\",\"potentialAction\":[{\"@type\":\"CommentAction\",\"name\":\"Comment\",\"target\":[\"https:\/\/creston.com.mx\/index.php\/02\/gestiona-miguel-varela-acuerdos-y-hermanamiento-en-espana\/estado\/2026\/#respond\"]}]},{\"@type\":\"WebPage\",\"@id\":\"https:\/\/creston.com.mx\/index.php\/02\/gestiona-miguel-varela-acuerdos-y-hermanamiento-en-espana\/estado\/2026\/\",\"url\":\"https:\/\/creston.com.mx\/index.php\/02\/gestiona-miguel-varela-acuerdos-y-hermanamiento-en-espana\/estado\/2026\/\",\"name\":\"Gestiona Miguel Varela acuerdos y hermanamiento en Espa\u00f1a - Peri\u00f3dico Digital de Zacatecas\",\"isPartOf\":{\"@id\":\"https:\/\/creston.com.mx\/#website\"},\"primaryImageOfPage\":{\"@id\":\"https:\/\/creston.com.mx\/index.php\/02\/gestiona-miguel-varela-acuerdos-y-hermanamiento-en-espana\/estado\/2026\/#primaryimage\"},\"image\":{\"@id\":\"https:\/\/creston.com.mx\/index.php\/02\/gestiona-miguel-varela-acuerdos-y-hermanamiento-en-espana\/estado\/2026\/#primaryimage\"},\"thumbnailUrl\":\"https:\/\/creston.com.mx\/wp-content\/uploads\/2026\/02\/IMG-20260201-WA0006.jpg\",\"datePublished\":\"2026-02-02T02:28:00+00:00\",\"dateModified\":\"2026-02-04T21:17:37+00:00\",\"breadcrumb\":{\"@id\":\"https:\/\/creston.com.mx\/index.php\/02\/gestiona-miguel-varela-acuerdos-y-hermanamiento-en-espana\/estado\/2026\/#breadcrumb\"},\"inLanguage\":\"es\",\"potentialAction\":[{\"@type\":\"ReadAction\",\"target\":[\"https:\/\/creston.com.mx\/index.php\/02\/gestiona-miguel-varela-acuerdos-y-hermanamiento-en-espana\/estado\/2026\/\"]}]},{\"@type\":\"ImageObject\",\"inLanguage\":\"es\",\"@id\":\"https:\/\/creston.com.mx\/index.php\/02\/gestiona-miguel-varela-acuerdos-y-hermanamiento-en-espana\/estado\/2026\/#primaryimage\",\"url\":\"https:\/\/creston.com.mx\/wp-content\/uploads\/2026\/02\/IMG-20260201-WA0006.jpg\",\"contentUrl\":\"https:\/\/creston.com.mx\/wp-content\/uploads\/2026\/02\/IMG-20260201-WA0006.jpg\",\"width\":1450,\"height\":1600},{\"@type\":\"BreadcrumbList\",\"@id\":\"https:\/\/creston.com.mx\/index.php\/02\/gestiona-miguel-varela-acuerdos-y-hermanamiento-en-espana\/estado\/2026\/#breadcrumb\",\"itemListElement\":[{\"@type\":\"ListItem\",\"position\":1,\"name\":\"Portada\",\"item\":\"https:\/\/creston.com.mx\/\"},{\"@type\":\"ListItem\",\"position\":2,\"name\":\"Gestiona Miguel Varela acuerdos y hermanamiento en Espa\u00f1a\"}]},{\"@type\":\"WebSite\",\"@id\":\"https:\/\/creston.com.mx\/#website\",\"url\":\"https:\/\/creston.com.mx\/\",\"name\":\"Peri\u00f3dico Digital de Zacatecas\",\"description\":\"\",\"publisher\":{\"@id\":\"https:\/\/creston.com.mx\/#organization\"},\"potentialAction\":[{\"@type\":\"SearchAction\",\"target\":{\"@type\":\"EntryPoint\",\"urlTemplate\":\"https:\/\/creston.com.mx\/?s={search_term_string}\"},\"query-input\":{\"@type\":\"PropertyValueSpecification\",\"valueRequired\":true,\"valueName\":\"search_term_string\"}}],\"inLanguage\":\"es\"},{\"@type\":\"Organization\",\"@id\":\"https:\/\/creston.com.mx\/#organization\",\"name\":\"Peri\u00f3dico Digital de Zacatecas\",\"url\":\"https:\/\/creston.com.mx\/\",\"logo\":{\"@type\":\"ImageObject\",\"inLanguage\":\"es\",\"@id\":\"https:\/\/creston.com.mx\/#\/schema\/logo\/image\/\",\"url\":\"https:\/\/creston.com.mx\/wp-content\/uploads\/2026\/02\/cropped-Logo-Creston2.jpg\",\"contentUrl\":\"https:\/\/creston.com.mx\/wp-content\/uploads\/2026\/02\/cropped-Logo-Creston2.jpg\",\"width\":503,\"height\":194,\"caption\":\"Peri\u00f3dico Digital  de Zacatecas\"},\"image\":{\"@id\":\"https:\/\/creston.com.mx\/#\/schema\/logo\/image\/\"}},{\"@type\":\"Person\",\"@id\":\"https:\/\/creston.com.mx\/#\/schema\/person\/01f2ce9e289bc5300c759925ef768c1d\",\"name\":\"Periodico Creston\",\"image\":{\"@type\":\"ImageObject\",\"inLanguage\":\"es\",\"@id\":\"https:\/\/creston.com.mx\/#\/schema\/person\/image\/\",\"url\":\"https:\/\/secure.gravatar.com\/avatar\/c91eac1cf0d45897b6d294d474aa7713a194d460be0aaf72157553d050cda1c1?s=96&d=mm&r=g\",\"contentUrl\":\"https:\/\/secure.gravatar.com\/avatar\/c91eac1cf0d45897b6d294d474aa7713a194d460be0aaf72157553d050cda1c1?s=96&d=mm&r=g\",\"caption\":\"Periodico Creston\"},\"sameAs\":[\"https:\/\/creston.com.mx\"],\"url\":\"https:\/\/creston.com.mx\/index.php\/author\/cstnalja96\/\"}]}<\/script>\n<!-- \/ Yoast SEO plugin. -->","yoast_head_json":{"title":"Gestiona Miguel Varela acuerdos y hermanamiento en Espa\u00f1a - Peri\u00f3dico Digital de Zacatecas","robots":{"index":"index","follow":"follow","max-snippet":"max-snippet:-1","max-image-preview":"max-image-preview:large","max-video-preview":"max-video-preview:-1"},"canonical":"https:\/\/creston.com.mx\/index.php\/02\/gestiona-miguel-varela-acuerdos-y-hermanamiento-en-espana\/estado\/2026\/","og_locale":"es_ES","og_type":"article","og_title":"Gestiona Miguel Varela acuerdos y hermanamiento en Espa\u00f1a - Peri\u00f3dico Digital de Zacatecas","og_description":". El alcalde capitalino busca reactivar los lazos hist\u00f3ricos con esta ciudad europea para impulsar la econom\u00eda, la cultura y el turismo a trav\u00e9s de una agenda de resultados. .&hellip;","og_url":"https:\/\/creston.com.mx\/index.php\/02\/gestiona-miguel-varela-acuerdos-y-hermanamiento-en-espana\/estado\/2026\/","og_site_name":"Peri\u00f3dico Digital de Zacatecas","article_published_time":"2026-02-02T02:28:00+00:00","article_modified_time":"2026-02-04T21:17:37+00:00","og_image":[{"width":1450,"height":1600,"url":"https:\/\/creston.com.mx\/wp-content\/uploads\/2026\/02\/IMG-20260201-WA0006.jpg","type":"image\/jpeg"}],"author":"Periodico Creston","twitter_card":"summary_large_image","twitter_misc":{"Escrito por":"Periodico Creston","Tiempo de lectura":"2 minutos"},"schema":{"@context":"https:\/\/schema.org","@graph":[{"@type":"Article","@id":"https:\/\/creston.com.mx\/index.php\/02\/gestiona-miguel-varela-acuerdos-y-hermanamiento-en-espana\/estado\/2026\/#article","isPartOf":{"@id":"https:\/\/creston.com.mx\/index.php\/02\/gestiona-miguel-varela-acuerdos-y-hermanamiento-en-espana\/estado\/2026\/"},"author":{"name":"Periodico Creston","@id":"https:\/\/creston.com.mx\/#\/schema\/person\/01f2ce9e289bc5300c759925ef768c1d"},"headline":"Gestiona Miguel Varela acuerdos y hermanamiento en Espa\u00f1a","datePublished":"2026-02-02T02:28:00+00:00","dateModified":"2026-02-04T21:17:37+00:00","mainEntityOfPage":{"@id":"https:\/\/creston.com.mx\/index.php\/02\/gestiona-miguel-varela-acuerdos-y-hermanamiento-en-espana\/estado\/2026\/"},"wordCount":354,"commentCount":0,"publisher":{"@id":"https:\/\/creston.com.mx\/#organization"},"image":{"@id":"https:\/\/creston.com.mx\/index.php\/02\/gestiona-miguel-varela-acuerdos-y-hermanamiento-en-espana\/estado\/2026\/#primaryimage"},"thumbnailUrl":"https:\/\/creston.com.mx\/wp-content\/uploads\/2026\/02\/IMG-20260201-WA0006.jpg","articleSection":["Estado"],"inLanguage":"es","potentialAction":[{"@type":"CommentAction","name":"Comment","target":["https:\/\/creston.com.mx\/index.php\/02\/gestiona-miguel-varela-acuerdos-y-hermanamiento-en-espana\/estado\/2026\/#respond"]}]},{"@type":"WebPage","@id":"https:\/\/creston.com.mx\/index.php\/02\/gestiona-miguel-varela-acuerdos-y-hermanamiento-en-espana\/estado\/2026\/","url":"https:\/\/creston.com.mx\/index.php\/02\/gestiona-miguel-varela-acuerdos-y-hermanamiento-en-espana\/estado\/2026\/","name":"Gestiona Miguel Varela acuerdos y hermanamiento en Espa\u00f1a - Peri\u00f3dico Digital de Zacatecas","isPartOf":{"@id":"https:\/\/creston.com.mx\/#website"},"primaryImageOfPage":{"@id":"https:\/\/creston.com.mx\/index.php\/02\/gestiona-miguel-varela-acuerdos-y-hermanamiento-en-espana\/estado\/2026\/#primaryimage"},"image":{"@id":"https:\/\/creston.com.mx\/index.php\/02\/gestiona-miguel-varela-acuerdos-y-hermanamiento-en-espana\/estado\/2026\/#primaryimage"},"thumbnailUrl":"https:\/\/creston.com.mx\/wp-content\/uploads\/2026\/02\/IMG-20260201-WA0006.jpg","datePublished":"2026-02-02T02:28:00+00:00","dateModified":"2026-02-04T21:17:37+00:00","breadcrumb":{"@id":"https:\/\/creston.com.mx\/index.php\/02\/gestiona-miguel-varela-acuerdos-y-hermanamiento-en-espana\/estado\/2026\/#breadcrumb"},"inLanguage":"es","potentialAction":[{"@type":"ReadAction","target":["https:\/\/creston.com.mx\/index.php\/02\/gestiona-miguel-varela-acuerdos-y-hermanamiento-en-espana\/estado\/2026\/"]}]},{"@type":"ImageObject","inLanguage":"es","@id":"https:\/\/creston.com.mx\/index.php\/02\/gestiona-miguel-varela-acuerdos-y-hermanamiento-en-espana\/estado\/2026\/#primaryimage","url":"https:\/\/creston.com.mx\/wp-content\/uploads\/2026\/02\/IMG-20260201-WA0006.jpg","contentUrl":"https:\/\/creston.com.mx\/wp-content\/uploads\/2026\/02\/IMG-20260201-WA0006.jpg","width":1450,"height":1600},{"@type":"BreadcrumbList","@id":"https:\/\/creston.com.mx\/index.php\/02\/gestiona-miguel-varela-acuerdos-y-hermanamiento-en-espana\/estado\/2026\/#breadcrumb","itemListElement":[{"@type":"ListItem","position":1,"name":"Portada","item":"https:\/\/creston.com.mx\/"},{"@type":"ListItem","position":2,"name":"Gestiona Miguel Varela acuerdos y hermanamiento en Espa\u00f1a"}]},{"@type":"WebSite","@id":"https:\/\/creston.com.mx\/#website","url":"https:\/\/creston.com.mx\/","name":"Peri\u00f3dico Digital de Zacatecas","description":"","publisher":{"@id":"https:\/\/creston.com.mx\/#organization"},"potentialAction":[{"@type":"SearchAction","target":{"@type":"EntryPoint","urlTemplate":"https:\/\/creston.com.mx\/?s={search_term_string}"},"query-input":{"@type":"PropertyValueSpecification","valueRequired":true,"valueName":"search_term_string"}}],"inLanguage":"es"},{"@type":"Organization","@id":"https:\/\/creston.com.mx\/#organization","name":"Peri\u00f3dico Digital de Zacatecas","url":"https:\/\/creston.com.mx\/","logo":{"@type":"ImageObject","inLanguage":"es","@id":"https:\/\/creston.com.mx\/#\/schema\/logo\/image\/","url":"https:\/\/creston.com.mx\/wp-content\/uploads\/2026\/02\/cropped-Logo-Creston2.jpg","contentUrl":"https:\/\/creston.com.mx\/wp-content\/uploads\/2026\/02\/cropped-Logo-Creston2.jpg","width":503,"height":194,"caption":"Peri\u00f3dico Digital  de Zacatecas"},"image":{"@id":"https:\/\/creston.com.mx\/#\/schema\/logo\/image\/"}},{"@type":"Person","@id":"https:\/\/creston.com.mx\/#\/schema\/person\/01f2ce9e289bc5300c759925ef768c1d","name":"Periodico Creston","image":{"@type":"ImageObject","inLanguage":"es","@id":"https:\/\/creston.com.mx\/#\/schema\/person\/image\/","url":"https:\/\/secure.gravatar.com\/avatar\/c91eac1cf0d45897b6d294d474aa7713a194d460be0aaf72157553d050cda1c1?s=96&d=mm&r=g","contentUrl":"https:\/\/secure.gravatar.com\/avatar\/c91eac1cf0d45897b6d294d474aa7713a194d460be0aaf72157553d050cda1c1?s=96&d=mm&r=g","caption":"Periodico Creston"},"sameAs":["https:\/\/creston.com.mx"],"url":"https:\/\/creston.com.mx\/index.php\/author\/cstnalja96\/"}]}},"jetpack_sharing_enabled":true,"jetpack_featured_media_url":"https:\/\/creston.com.mx\/wp-content\/uploads\/2026\/02\/IMG-20260201-WA0006.jpg","_links":{"self":[{"href":"https:\/\/creston.com.mx\/index.php\/wp-json\/wp\/v2\/posts\/2338","targetHints":{"allow":["GET"]}}],"collection":[{"href":"https:\/\/creston.com.mx\/index.php\/wp-json\/wp\/v2\/posts"}],"about":[{"href":"https:\/\/creston.com.mx\/index.php\/wp-json\/wp\/v2\/types\/post"}],"author":[{"embeddable":true,"href":"https:\/\/creston.com.mx\/index.php\/wp-json\/wp\/v2\/users\/1"}],"replies":[{"embeddable":true,"href":"https:\/\/creston.com.mx\/index.php\/wp-json\/wp\/v2\/comments?post=2338"}],"version-history":[{"count":1,"href":"https:\/\/creston.com.mx\/index.php\/wp-json\/wp\/v2\/posts\/2338\/revisions"}],"predecessor-version":[{"id":2340,"href":"https:\/\/creston.com.mx\/index.php\/wp-json\/wp\/v2\/posts\/2338\/revisions\/2340"}],"wp:featuredmedia":[{"embeddable":true,"href":"https:\/\/creston.com.mx\/index.php\/wp-json\/wp\/v2\/media\/2339"}],"wp:attachment":[{"href":"https:\/\/creston.com.mx\/index.php\/wp-json\/wp\/v2\/media?parent=2338"}],"wp:term":[{"taxonomy":"category","embeddable":true,"href":"https:\/\/creston.com.mx\/index.php\/wp-json\/wp\/v2\/categories?post=2338"},{"taxonomy":"post_tag","embeddable":true,"href":"https:\/\/creston.com.mx\/index.php\/wp-json\/wp\/v2\/tags?post=2338"}],"curies":[{"name":"wp","href":"https:\/\/api.w.org\/{rel}","templated":true}]}}