{"id":2334,"date":"2026-02-01T20:26:00","date_gmt":"2026-02-02T02:26:00","guid":{"rendered":"https:\/\/creston.com.mx\/?p=2334"},"modified":"2026-02-04T15:13:49","modified_gmt":"2026-02-04T21:13:49","slug":"se-prioriza-atencion-a-migrantes-en-plenaria-de-morena-ulises","status":"publish","type":"post","link":"https:\/\/creston.com.mx\/index.php\/02\/se-prioriza-atencion-a-migrantes-en-plenaria-de-morena-ulises\/politica\/2026\/","title":{"rendered":"Se prioriza atenci\u00f3n a migrantes, en plenaria de morena: Ulises"},"content":{"rendered":"\n<p>.<\/p>\n\n\n\n<p class=\"has-medium-font-size\"><strong><em>El programa \u201cM\u00e9xico te Abraza\u201d es una pol\u00edtica p\u00fablica fundamental para garantizar una recepci\u00f3n digna, ordenada y humana de las y los mexicanos repatriados, destaca el legislador.<\/em><\/strong><\/p>\n\n\n\n<p>.<\/p>\n\n\n\n<p>En el marco de la Cuarta Reuni\u00f3n Plenaria del Grupo Parlamentario de Morena en la C\u00e1mara de Diputados, se cont\u00f3 con la participaci\u00f3n de la secretaria de Gobernaci\u00f3n, Rosa Icela Rodr\u00edguez Vel\u00e1zquez, quien reconoci\u00f3 el liderazgo parlamentario y el trabajo legislativo de la mayor\u00eda en la LXVI Legislatura, destacando la construcci\u00f3n de un andamiaje jur\u00eddico orientado a la igualdad sustantiva, la protecci\u00f3n de las mujeres, la soberan\u00eda nacional, la seguridad p\u00fablica, la justicia y la transformaci\u00f3n del Poder Judicial.<\/p>\n\n\n\n<p>Durante su intervenci\u00f3n, la titular de la Secretar\u00eda de Gobernaci\u00f3n subray\u00f3 que el Gobierno de M\u00e9xico impulsa una gobernabilidad democr\u00e1tica sustentada en la justicia social, el respeto irrestricto a los derechos humanos y el di\u00e1logo permanente como eje central para la prevenci\u00f3n y atenci\u00f3n de conflictos sociales, laborales, agrarios y comunitarios, mediante la coordinaci\u00f3n interinstitucional y la presencia territorial del Estado.<\/p>\n\n\n\n<p>En este contexto, el diputado federal Ulises Mej\u00eda Haro resalt\u00f3 la importancia del programa M\u00e9xico te Abraza como una pol\u00edtica p\u00fablica fundamental para garantizar una recepci\u00f3n digna, ordenada y humana de las y los mexicanos repatriados, particularmente de nuestras comunidades migrantes.<\/p>\n\n\n\n<p>Se\u00f1al\u00f3 que esta estrategia representa un compromiso claro del Estado mexicano con la defensa de los derechos humanos de las personas migrantes y con el reconocimiento de su aportaci\u00f3n econ\u00f3mica, social y cultural al pa\u00eds.<\/p>\n\n\n\n<p>Ulises Mej\u00eda Haro reconoci\u00f3 el trabajo de la Secretar\u00eda de Gobernaci\u00f3n al impulsar M\u00e9xico te Abraza, destacando que el programa no solo atiende la dimensi\u00f3n inmediata de la repatriaci\u00f3n, sino que establece un esquema integral de acompa\u00f1amiento institucional que incluye servicios de alojamiento, atenci\u00f3n social, orientaci\u00f3n jur\u00eddica, apoyo psicol\u00f3gico y vinculaci\u00f3n con programas sociales y de empleo, especialmente en las entidades fronterizas. Subray\u00f3 que es indispensable fortalecer la coordinaci\u00f3n entre los distintos \u00f3rdenes de gobierno para asegurar que las y los connacionales que regresan encuentren condiciones reales para su reintegraci\u00f3n productiva y social.<\/p>\n\n\n\n<p>Durante la reuni\u00f3n plenaria tambi\u00e9n se expusieron los avances en la estrategia de construcci\u00f3n de paz y atenci\u00f3n a las causas de la violencia, particularmente en municipios prioritarios, mediante la implementaci\u00f3n territorial de programas sociales, brigadas comunitarias, ferias de paz y acciones enfocadas en juventudes. Asimismo, se destac\u00f3 el impulso a los Consejos de Paz y Justicia C\u00edvica como mecanismos de corresponsabilidad comunitaria, con la meta de su instalaci\u00f3n en m\u00e1s de mil municipios para el a\u00f1o 2026.<\/p>\n\n\n<div class=\"wp-block-image\">\n<figure class=\"alignleft size-large is-resized\"><img fetchpriority=\"high\" decoding=\"async\" width=\"1024\" height=\"683\" src=\"https:\/\/creston.com.mx\/wp-content\/uploads\/2026\/02\/IMG-20260131-WA0020-1024x683.jpg\" alt=\"\" class=\"wp-image-2335\" style=\"aspect-ratio:1.4992732765254069;width:579px;height:auto\" srcset=\"https:\/\/creston.com.mx\/wp-content\/uploads\/2026\/02\/IMG-20260131-WA0020-1024x683.jpg 1024w, https:\/\/creston.com.mx\/wp-content\/uploads\/2026\/02\/IMG-20260131-WA0020-300x200.jpg 300w, https:\/\/creston.com.mx\/wp-content\/uploads\/2026\/02\/IMG-20260131-WA0020-768x512.jpg 768w, https:\/\/creston.com.mx\/wp-content\/uploads\/2026\/02\/IMG-20260131-WA0020-1536x1024.jpg 1536w, https:\/\/creston.com.mx\/wp-content\/uploads\/2026\/02\/IMG-20260131-WA0020-2048x1366.jpg 2048w\" sizes=\"(max-width: 1024px) 100vw, 1024px\" \/><\/figure>\n<\/div>\n\n\n<p>De igual forma, se inform\u00f3 sobre los resultados del programa \u201cS\u00ed al Desarme, S\u00ed a la Paz\u201d, el Tianguis del Bienestar como herramienta de justicia distributiva, las acciones en favor de los derechos de los pueblos ind\u00edgenas mediante procesos de consulta previa, libre e informada, as\u00ed como el cumplimiento de compromisos internacionales en materia de derechos humanos y reparaci\u00f3n integral a v\u00edctimas. <\/p>\n\n\n\n<p>Finalmente, la secretaria de Gobernaci\u00f3n, Rosa Icela Rodr\u00edguez Vel\u00e1zquez, abord\u00f3 temas estrat\u00e9gicos como la protecci\u00f3n a personas migrantes, el fortalecimiento de la democracia participativa a trav\u00e9s del di\u00e1logo social y las audiencias p\u00fablicas en materia de reforma electoral, la modernizaci\u00f3n del sistema de identidad nacional mediante la CURP f\u00edsica y digital, as\u00ed como la agenda legislativa pendiente en materia de justicia y seguridad, reiterando el compromiso del Gobierno de M\u00e9xico de seguir trabajando de manera coordinada con el Poder Legislativo para consolidar una transformaci\u00f3n con enfoque humanista y pleno respeto a los derechos humanos.<\/p>\n\n\n\n<p>.<\/p>\n\n\n\n\n\n<p>.<\/p>\n\n\n<div class=\"wp-block-image\">\n<figure class=\"aligncenter size-large is-resized\"><img decoding=\"async\" width=\"870\" height=\"1024\" src=\"https:\/\/creston.com.mx\/wp-content\/uploads\/2025\/06\/Anuncio-salon-eventos-870x1024.jpg\" alt=\"\" class=\"wp-image-966\" style=\"aspect-ratio:0.8496112270054997;width:576px;height:auto\" srcset=\"https:\/\/creston.com.mx\/wp-content\/uploads\/2025\/06\/Anuncio-salon-eventos-870x1024.jpg 870w, https:\/\/creston.com.mx\/wp-content\/uploads\/2025\/06\/Anuncio-salon-eventos-255x300.jpg 255w, https:\/\/creston.com.mx\/wp-content\/uploads\/2025\/06\/Anuncio-salon-eventos-768x904.jpg 768w, https:\/\/creston.com.mx\/wp-content\/uploads\/2025\/06\/Anuncio-salon-eventos.jpg 1275w\" sizes=\"(max-width: 870px) 100vw, 870px\" \/><\/figure>\n<\/div>","protected":false},"excerpt":{"rendered":"<p>. El programa \u201cM\u00e9xico te Abraza\u201d es una pol\u00edtica p\u00fablica fundamental para garantizar una recepci\u00f3n digna, ordenada y humana de las y los mexicanos repatriados, destaca el legislador. . En&hellip; <\/p>\n","protected":false},"author":1,"featured_media":2336,"comment_status":"open","ping_status":"closed","sticky":false,"template":"","format":"standard","meta":{"_jetpack_memberships_contains_paid_content":false,"footnotes":""},"categories":[2],"tags":[],"class_list":["post-2334","post","type-post","status-publish","format-standard","has-post-thumbnail","hentry","category-politica"],"yoast_head":"<!-- This site is optimized with the Yoast SEO plugin v24.2 - https:\/\/yoast.com\/wordpress\/plugins\/seo\/ -->\n<title>Se prioriza atenci\u00f3n a migrantes, en plenaria de morena: Ulises - Peri\u00f3dico Digital de Zacatecas<\/title>\n<meta name=\"robots\" content=\"index, follow, max-snippet:-1, max-image-preview:large, max-video-preview:-1\" \/>\n<link rel=\"canonical\" href=\"https:\/\/creston.com.mx\/index.php\/02\/se-prioriza-atencion-a-migrantes-en-plenaria-de-morena-ulises\/politica\/2026\/\" \/>\n<meta property=\"og:locale\" content=\"es_ES\" \/>\n<meta property=\"og:type\" content=\"article\" \/>\n<meta property=\"og:title\" content=\"Se prioriza atenci\u00f3n a migrantes, en plenaria de morena: Ulises - Peri\u00f3dico Digital de Zacatecas\" \/>\n<meta property=\"og:description\" content=\". El programa \u201cM\u00e9xico te Abraza\u201d es una pol\u00edtica p\u00fablica fundamental para garantizar una recepci\u00f3n digna, ordenada y humana de las y los mexicanos repatriados, destaca el legislador. . En&hellip;\" \/>\n<meta property=\"og:url\" content=\"https:\/\/creston.com.mx\/index.php\/02\/se-prioriza-atencion-a-migrantes-en-plenaria-de-morena-ulises\/politica\/2026\/\" \/>\n<meta property=\"og:site_name\" content=\"Peri\u00f3dico Digital de Zacatecas\" \/>\n<meta property=\"article:published_time\" content=\"2026-02-02T02:26:00+00:00\" \/>\n<meta property=\"article:modified_time\" content=\"2026-02-04T21:13:49+00:00\" \/>\n<meta property=\"og:image\" content=\"https:\/\/creston.com.mx\/wp-content\/uploads\/2026\/02\/IMG-20260131-WA0019-e1770239578909.jpg\" \/>\n\t<meta property=\"og:image:width\" content=\"1124\" \/>\n\t<meta property=\"og:image:height\" content=\"734\" \/>\n\t<meta property=\"og:image:type\" content=\"image\/jpeg\" \/>\n<meta name=\"author\" content=\"Periodico Creston\" \/>\n<meta name=\"twitter:card\" content=\"summary_large_image\" \/>\n<meta name=\"twitter:label1\" content=\"Escrito por\" \/>\n\t<meta name=\"twitter:data1\" content=\"Periodico Creston\" \/>\n\t<meta name=\"twitter:label2\" content=\"Tiempo de lectura\" \/>\n\t<meta name=\"twitter:data2\" content=\"4 minutos\" \/>\n<script type=\"application\/ld+json\" class=\"yoast-schema-graph\">{\"@context\":\"https:\/\/schema.org\",\"@graph\":[{\"@type\":\"Article\",\"@id\":\"https:\/\/creston.com.mx\/index.php\/02\/se-prioriza-atencion-a-migrantes-en-plenaria-de-morena-ulises\/politica\/2026\/#article\",\"isPartOf\":{\"@id\":\"https:\/\/creston.com.mx\/index.php\/02\/se-prioriza-atencion-a-migrantes-en-plenaria-de-morena-ulises\/politica\/2026\/\"},\"author\":{\"name\":\"Periodico Creston\",\"@id\":\"https:\/\/creston.com.mx\/#\/schema\/person\/01f2ce9e289bc5300c759925ef768c1d\"},\"headline\":\"Se prioriza atenci\u00f3n a migrantes, en plenaria de morena: Ulises\",\"datePublished\":\"2026-02-02T02:26:00+00:00\",\"dateModified\":\"2026-02-04T21:13:49+00:00\",\"mainEntityOfPage\":{\"@id\":\"https:\/\/creston.com.mx\/index.php\/02\/se-prioriza-atencion-a-migrantes-en-plenaria-de-morena-ulises\/politica\/2026\/\"},\"wordCount\":653,\"commentCount\":0,\"publisher\":{\"@id\":\"https:\/\/creston.com.mx\/#organization\"},\"image\":{\"@id\":\"https:\/\/creston.com.mx\/index.php\/02\/se-prioriza-atencion-a-migrantes-en-plenaria-de-morena-ulises\/politica\/2026\/#primaryimage\"},\"thumbnailUrl\":\"https:\/\/creston.com.mx\/wp-content\/uploads\/2026\/02\/IMG-20260131-WA0019-e1770239578909.jpg\",\"articleSection\":[\"Pol\u00edtica\"],\"inLanguage\":\"es\",\"potentialAction\":[{\"@type\":\"CommentAction\",\"name\":\"Comment\",\"target\":[\"https:\/\/creston.com.mx\/index.php\/02\/se-prioriza-atencion-a-migrantes-en-plenaria-de-morena-ulises\/politica\/2026\/#respond\"]}]},{\"@type\":\"WebPage\",\"@id\":\"https:\/\/creston.com.mx\/index.php\/02\/se-prioriza-atencion-a-migrantes-en-plenaria-de-morena-ulises\/politica\/2026\/\",\"url\":\"https:\/\/creston.com.mx\/index.php\/02\/se-prioriza-atencion-a-migrantes-en-plenaria-de-morena-ulises\/politica\/2026\/\",\"name\":\"Se prioriza atenci\u00f3n a migrantes, en plenaria de morena: Ulises - Peri\u00f3dico Digital de Zacatecas\",\"isPartOf\":{\"@id\":\"https:\/\/creston.com.mx\/#website\"},\"primaryImageOfPage\":{\"@id\":\"https:\/\/creston.com.mx\/index.php\/02\/se-prioriza-atencion-a-migrantes-en-plenaria-de-morena-ulises\/politica\/2026\/#primaryimage\"},\"image\":{\"@id\":\"https:\/\/creston.com.mx\/index.php\/02\/se-prioriza-atencion-a-migrantes-en-plenaria-de-morena-ulises\/politica\/2026\/#primaryimage\"},\"thumbnailUrl\":\"https:\/\/creston.com.mx\/wp-content\/uploads\/2026\/02\/IMG-20260131-WA0019-e1770239578909.jpg\",\"datePublished\":\"2026-02-02T02:26:00+00:00\",\"dateModified\":\"2026-02-04T21:13:49+00:00\",\"breadcrumb\":{\"@id\":\"https:\/\/creston.com.mx\/index.php\/02\/se-prioriza-atencion-a-migrantes-en-plenaria-de-morena-ulises\/politica\/2026\/#breadcrumb\"},\"inLanguage\":\"es\",\"potentialAction\":[{\"@type\":\"ReadAction\",\"target\":[\"https:\/\/creston.com.mx\/index.php\/02\/se-prioriza-atencion-a-migrantes-en-plenaria-de-morena-ulises\/politica\/2026\/\"]}]},{\"@type\":\"ImageObject\",\"inLanguage\":\"es\",\"@id\":\"https:\/\/creston.com.mx\/index.php\/02\/se-prioriza-atencion-a-migrantes-en-plenaria-de-morena-ulises\/politica\/2026\/#primaryimage\",\"url\":\"https:\/\/creston.com.mx\/wp-content\/uploads\/2026\/02\/IMG-20260131-WA0019-e1770239578909.jpg\",\"contentUrl\":\"https:\/\/creston.com.mx\/wp-content\/uploads\/2026\/02\/IMG-20260131-WA0019-e1770239578909.jpg\",\"width\":1124,\"height\":734},{\"@type\":\"BreadcrumbList\",\"@id\":\"https:\/\/creston.com.mx\/index.php\/02\/se-prioriza-atencion-a-migrantes-en-plenaria-de-morena-ulises\/politica\/2026\/#breadcrumb\",\"itemListElement\":[{\"@type\":\"ListItem\",\"position\":1,\"name\":\"Portada\",\"item\":\"https:\/\/creston.com.mx\/\"},{\"@type\":\"ListItem\",\"position\":2,\"name\":\"Se prioriza atenci\u00f3n a migrantes, en plenaria de morena: Ulises\"}]},{\"@type\":\"WebSite\",\"@id\":\"https:\/\/creston.com.mx\/#website\",\"url\":\"https:\/\/creston.com.mx\/\",\"name\":\"Peri\u00f3dico Digital de Zacatecas\",\"description\":\"\",\"publisher\":{\"@id\":\"https:\/\/creston.com.mx\/#organization\"},\"potentialAction\":[{\"@type\":\"SearchAction\",\"target\":{\"@type\":\"EntryPoint\",\"urlTemplate\":\"https:\/\/creston.com.mx\/?s={search_term_string}\"},\"query-input\":{\"@type\":\"PropertyValueSpecification\",\"valueRequired\":true,\"valueName\":\"search_term_string\"}}],\"inLanguage\":\"es\"},{\"@type\":\"Organization\",\"@id\":\"https:\/\/creston.com.mx\/#organization\",\"name\":\"Peri\u00f3dico Digital de Zacatecas\",\"url\":\"https:\/\/creston.com.mx\/\",\"logo\":{\"@type\":\"ImageObject\",\"inLanguage\":\"es\",\"@id\":\"https:\/\/creston.com.mx\/#\/schema\/logo\/image\/\",\"url\":\"https:\/\/creston.com.mx\/wp-content\/uploads\/2026\/02\/cropped-Logo-Creston2.jpg\",\"contentUrl\":\"https:\/\/creston.com.mx\/wp-content\/uploads\/2026\/02\/cropped-Logo-Creston2.jpg\",\"width\":503,\"height\":194,\"caption\":\"Peri\u00f3dico Digital  de Zacatecas\"},\"image\":{\"@id\":\"https:\/\/creston.com.mx\/#\/schema\/logo\/image\/\"}},{\"@type\":\"Person\",\"@id\":\"https:\/\/creston.com.mx\/#\/schema\/person\/01f2ce9e289bc5300c759925ef768c1d\",\"name\":\"Periodico Creston\",\"image\":{\"@type\":\"ImageObject\",\"inLanguage\":\"es\",\"@id\":\"https:\/\/creston.com.mx\/#\/schema\/person\/image\/\",\"url\":\"https:\/\/secure.gravatar.com\/avatar\/c91eac1cf0d45897b6d294d474aa7713a194d460be0aaf72157553d050cda1c1?s=96&d=mm&r=g\",\"contentUrl\":\"https:\/\/secure.gravatar.com\/avatar\/c91eac1cf0d45897b6d294d474aa7713a194d460be0aaf72157553d050cda1c1?s=96&d=mm&r=g\",\"caption\":\"Periodico Creston\"},\"sameAs\":[\"https:\/\/creston.com.mx\"],\"url\":\"https:\/\/creston.com.mx\/index.php\/author\/cstnalja96\/\"}]}<\/script>\n<!-- \/ Yoast SEO plugin. -->","yoast_head_json":{"title":"Se prioriza atenci\u00f3n a migrantes, en plenaria de morena: Ulises - Peri\u00f3dico Digital de Zacatecas","robots":{"index":"index","follow":"follow","max-snippet":"max-snippet:-1","max-image-preview":"max-image-preview:large","max-video-preview":"max-video-preview:-1"},"canonical":"https:\/\/creston.com.mx\/index.php\/02\/se-prioriza-atencion-a-migrantes-en-plenaria-de-morena-ulises\/politica\/2026\/","og_locale":"es_ES","og_type":"article","og_title":"Se prioriza atenci\u00f3n a migrantes, en plenaria de morena: Ulises - Peri\u00f3dico Digital de Zacatecas","og_description":". El programa \u201cM\u00e9xico te Abraza\u201d es una pol\u00edtica p\u00fablica fundamental para garantizar una recepci\u00f3n digna, ordenada y humana de las y los mexicanos repatriados, destaca el legislador. . En&hellip;","og_url":"https:\/\/creston.com.mx\/index.php\/02\/se-prioriza-atencion-a-migrantes-en-plenaria-de-morena-ulises\/politica\/2026\/","og_site_name":"Peri\u00f3dico Digital de Zacatecas","article_published_time":"2026-02-02T02:26:00+00:00","article_modified_time":"2026-02-04T21:13:49+00:00","og_image":[{"width":1124,"height":734,"url":"https:\/\/creston.com.mx\/wp-content\/uploads\/2026\/02\/IMG-20260131-WA0019-e1770239578909.jpg","type":"image\/jpeg"}],"author":"Periodico Creston","twitter_card":"summary_large_image","twitter_misc":{"Escrito por":"Periodico Creston","Tiempo de lectura":"4 minutos"},"schema":{"@context":"https:\/\/schema.org","@graph":[{"@type":"Article","@id":"https:\/\/creston.com.mx\/index.php\/02\/se-prioriza-atencion-a-migrantes-en-plenaria-de-morena-ulises\/politica\/2026\/#article","isPartOf":{"@id":"https:\/\/creston.com.mx\/index.php\/02\/se-prioriza-atencion-a-migrantes-en-plenaria-de-morena-ulises\/politica\/2026\/"},"author":{"name":"Periodico Creston","@id":"https:\/\/creston.com.mx\/#\/schema\/person\/01f2ce9e289bc5300c759925ef768c1d"},"headline":"Se prioriza atenci\u00f3n a migrantes, en plenaria de morena: Ulises","datePublished":"2026-02-02T02:26:00+00:00","dateModified":"2026-02-04T21:13:49+00:00","mainEntityOfPage":{"@id":"https:\/\/creston.com.mx\/index.php\/02\/se-prioriza-atencion-a-migrantes-en-plenaria-de-morena-ulises\/politica\/2026\/"},"wordCount":653,"commentCount":0,"publisher":{"@id":"https:\/\/creston.com.mx\/#organization"},"image":{"@id":"https:\/\/creston.com.mx\/index.php\/02\/se-prioriza-atencion-a-migrantes-en-plenaria-de-morena-ulises\/politica\/2026\/#primaryimage"},"thumbnailUrl":"https:\/\/creston.com.mx\/wp-content\/uploads\/2026\/02\/IMG-20260131-WA0019-e1770239578909.jpg","articleSection":["Pol\u00edtica"],"inLanguage":"es","potentialAction":[{"@type":"CommentAction","name":"Comment","target":["https:\/\/creston.com.mx\/index.php\/02\/se-prioriza-atencion-a-migrantes-en-plenaria-de-morena-ulises\/politica\/2026\/#respond"]}]},{"@type":"WebPage","@id":"https:\/\/creston.com.mx\/index.php\/02\/se-prioriza-atencion-a-migrantes-en-plenaria-de-morena-ulises\/politica\/2026\/","url":"https:\/\/creston.com.mx\/index.php\/02\/se-prioriza-atencion-a-migrantes-en-plenaria-de-morena-ulises\/politica\/2026\/","name":"Se prioriza atenci\u00f3n a migrantes, en plenaria de morena: Ulises - Peri\u00f3dico Digital de Zacatecas","isPartOf":{"@id":"https:\/\/creston.com.mx\/#website"},"primaryImageOfPage":{"@id":"https:\/\/creston.com.mx\/index.php\/02\/se-prioriza-atencion-a-migrantes-en-plenaria-de-morena-ulises\/politica\/2026\/#primaryimage"},"image":{"@id":"https:\/\/creston.com.mx\/index.php\/02\/se-prioriza-atencion-a-migrantes-en-plenaria-de-morena-ulises\/politica\/2026\/#primaryimage"},"thumbnailUrl":"https:\/\/creston.com.mx\/wp-content\/uploads\/2026\/02\/IMG-20260131-WA0019-e1770239578909.jpg","datePublished":"2026-02-02T02:26:00+00:00","dateModified":"2026-02-04T21:13:49+00:00","breadcrumb":{"@id":"https:\/\/creston.com.mx\/index.php\/02\/se-prioriza-atencion-a-migrantes-en-plenaria-de-morena-ulises\/politica\/2026\/#breadcrumb"},"inLanguage":"es","potentialAction":[{"@type":"ReadAction","target":["https:\/\/creston.com.mx\/index.php\/02\/se-prioriza-atencion-a-migrantes-en-plenaria-de-morena-ulises\/politica\/2026\/"]}]},{"@type":"ImageObject","inLanguage":"es","@id":"https:\/\/creston.com.mx\/index.php\/02\/se-prioriza-atencion-a-migrantes-en-plenaria-de-morena-ulises\/politica\/2026\/#primaryimage","url":"https:\/\/creston.com.mx\/wp-content\/uploads\/2026\/02\/IMG-20260131-WA0019-e1770239578909.jpg","contentUrl":"https:\/\/creston.com.mx\/wp-content\/uploads\/2026\/02\/IMG-20260131-WA0019-e1770239578909.jpg","width":1124,"height":734},{"@type":"BreadcrumbList","@id":"https:\/\/creston.com.mx\/index.php\/02\/se-prioriza-atencion-a-migrantes-en-plenaria-de-morena-ulises\/politica\/2026\/#breadcrumb","itemListElement":[{"@type":"ListItem","position":1,"name":"Portada","item":"https:\/\/creston.com.mx\/"},{"@type":"ListItem","position":2,"name":"Se prioriza atenci\u00f3n a migrantes, en plenaria de morena: Ulises"}]},{"@type":"WebSite","@id":"https:\/\/creston.com.mx\/#website","url":"https:\/\/creston.com.mx\/","name":"Peri\u00f3dico Digital de Zacatecas","description":"","publisher":{"@id":"https:\/\/creston.com.mx\/#organization"},"potentialAction":[{"@type":"SearchAction","target":{"@type":"EntryPoint","urlTemplate":"https:\/\/creston.com.mx\/?s={search_term_string}"},"query-input":{"@type":"PropertyValueSpecification","valueRequired":true,"valueName":"search_term_string"}}],"inLanguage":"es"},{"@type":"Organization","@id":"https:\/\/creston.com.mx\/#organization","name":"Peri\u00f3dico Digital de Zacatecas","url":"https:\/\/creston.com.mx\/","logo":{"@type":"ImageObject","inLanguage":"es","@id":"https:\/\/creston.com.mx\/#\/schema\/logo\/image\/","url":"https:\/\/creston.com.mx\/wp-content\/uploads\/2026\/02\/cropped-Logo-Creston2.jpg","contentUrl":"https:\/\/creston.com.mx\/wp-content\/uploads\/2026\/02\/cropped-Logo-Creston2.jpg","width":503,"height":194,"caption":"Peri\u00f3dico Digital  de Zacatecas"},"image":{"@id":"https:\/\/creston.com.mx\/#\/schema\/logo\/image\/"}},{"@type":"Person","@id":"https:\/\/creston.com.mx\/#\/schema\/person\/01f2ce9e289bc5300c759925ef768c1d","name":"Periodico Creston","image":{"@type":"ImageObject","inLanguage":"es","@id":"https:\/\/creston.com.mx\/#\/schema\/person\/image\/","url":"https:\/\/secure.gravatar.com\/avatar\/c91eac1cf0d45897b6d294d474aa7713a194d460be0aaf72157553d050cda1c1?s=96&d=mm&r=g","contentUrl":"https:\/\/secure.gravatar.com\/avatar\/c91eac1cf0d45897b6d294d474aa7713a194d460be0aaf72157553d050cda1c1?s=96&d=mm&r=g","caption":"Periodico Creston"},"sameAs":["https:\/\/creston.com.mx"],"url":"https:\/\/creston.com.mx\/index.php\/author\/cstnalja96\/"}]}},"jetpack_sharing_enabled":true,"jetpack_featured_media_url":"https:\/\/creston.com.mx\/wp-content\/uploads\/2026\/02\/IMG-20260131-WA0019-e1770239578909.jpg","_links":{"self":[{"href":"https:\/\/creston.com.mx\/index.php\/wp-json\/wp\/v2\/posts\/2334","targetHints":{"allow":["GET"]}}],"collection":[{"href":"https:\/\/creston.com.mx\/index.php\/wp-json\/wp\/v2\/posts"}],"about":[{"href":"https:\/\/creston.com.mx\/index.php\/wp-json\/wp\/v2\/types\/post"}],"author":[{"embeddable":true,"href":"https:\/\/creston.com.mx\/index.php\/wp-json\/wp\/v2\/users\/1"}],"replies":[{"embeddable":true,"href":"https:\/\/creston.com.mx\/index.php\/wp-json\/wp\/v2\/comments?post=2334"}],"version-history":[{"count":1,"href":"https:\/\/creston.com.mx\/index.php\/wp-json\/wp\/v2\/posts\/2334\/revisions"}],"predecessor-version":[{"id":2337,"href":"https:\/\/creston.com.mx\/index.php\/wp-json\/wp\/v2\/posts\/2334\/revisions\/2337"}],"wp:featuredmedia":[{"embeddable":true,"href":"https:\/\/creston.com.mx\/index.php\/wp-json\/wp\/v2\/media\/2336"}],"wp:attachment":[{"href":"https:\/\/creston.com.mx\/index.php\/wp-json\/wp\/v2\/media?parent=2334"}],"wp:term":[{"taxonomy":"category","embeddable":true,"href":"https:\/\/creston.com.mx\/index.php\/wp-json\/wp\/v2\/categories?post=2334"},{"taxonomy":"post_tag","embeddable":true,"href":"https:\/\/creston.com.mx\/index.php\/wp-json\/wp\/v2\/tags?post=2334"}],"curies":[{"name":"wp","href":"https:\/\/api.w.org\/{rel}","templated":true}]}}