{"id":2323,"date":"2026-01-29T19:53:00","date_gmt":"2026-01-30T01:53:00","guid":{"rendered":"https:\/\/creston.com.mx\/?p=2323"},"modified":"2026-01-30T10:57:12","modified_gmt":"2026-01-30T16:57:12","slug":"realizan-la-expo-feria-universitaria-en-guadalupe","status":"publish","type":"post","link":"https:\/\/creston.com.mx\/index.php\/01\/realizan-la-expo-feria-universitaria-en-guadalupe\/estado\/2026\/","title":{"rendered":"Realizan la Expo Feria Universitaria en Guadalupe"},"content":{"rendered":"\n<p>.<\/p>\n\n\n\n<p class=\"has-medium-font-size\"><strong><em>Se cont\u00f3 con la participaci\u00f3n de m\u00e1s de 50 instituciones educativas que ofertaron sus servicios para cientos de adolescentes y j\u00f3venes guadalupenses.<\/em><\/strong><\/p>\n\n\n\n<p>.<\/p>\n\n\n\n<p>Con el objetivo de que las y los j\u00f3venes guadalupenses conozcan de manera directa los planes de estudios, ofertas acad\u00e9micas y los servicios que brindan las distintas instituciones educativas de nivel medio superior y superior, el Gobierno de Pepe Sald\u00edvar a trav\u00e9s de la Direcci\u00f3n Municipal de la Juventud y la Secretar\u00eda del Bienestar Social, realiz\u00f3 la Expo Feria Universitaria (Expo Orienta) Guadalupe 2026.<\/p>\n\n\n\n<p>Fue en el auditorio municipal de la presidencia de Guadalupe, que instancias educativas p\u00fablicas y privadas brindaron para cientos de adolescentes y j\u00f3venes, informaci\u00f3n clara y confiable que les permitir\u00e1 tomar una decisi\u00f3n responsable sobre su futuro educativo y sus proyectos de vida.<\/p>\n\n\n<div class=\"wp-block-image\">\n<figure class=\"alignright size-large is-resized\"><img fetchpriority=\"high\" decoding=\"async\" width=\"1024\" height=\"655\" src=\"https:\/\/creston.com.mx\/wp-content\/uploads\/2026\/01\/IMG-20260129-WA0021-1024x655.jpg\" alt=\"\" class=\"wp-image-2326\" style=\"aspect-ratio:1.5633815104545323;width:512px;height:auto\" srcset=\"https:\/\/creston.com.mx\/wp-content\/uploads\/2026\/01\/IMG-20260129-WA0021-1024x655.jpg 1024w, https:\/\/creston.com.mx\/wp-content\/uploads\/2026\/01\/IMG-20260129-WA0021-300x192.jpg 300w, https:\/\/creston.com.mx\/wp-content\/uploads\/2026\/01\/IMG-20260129-WA0021-768x491.jpg 768w, https:\/\/creston.com.mx\/wp-content\/uploads\/2026\/01\/IMG-20260129-WA0021-1536x983.jpg 1536w, https:\/\/creston.com.mx\/wp-content\/uploads\/2026\/01\/IMG-20260129-WA0021-2048x1310.jpg 2048w\" sizes=\"(max-width: 1024px) 100vw, 1024px\" \/><\/figure>\n<\/div>\n\n\n<p>Acompa\u00f1ado de directivos, profesores, directores, regidores e incluso estudiantes de los planteles escolares, el Presidente Municipal Pepe Sald\u00edvar, afirm\u00f3 que la juventud es el presente y el futuro de Guadalupe, de Zacatecas y de M\u00e9xico, \u201cvamos estar hasta las tres de la tarde conociendo ofertas acad\u00e9micas muy buenas, tanto de instituciones p\u00fablicas como privadas\u201d, mencion\u00f3.<\/p>\n\n\n\n<p>Por otra parte, y durante un recorrido por los diferentes m\u00f3dulos de informaci\u00f3n, refiri\u00f3 que continuar\u00e1 trabajando por las y los j\u00f3venes del municipio en este a\u00f1o del progreso, asegurando que, en coordinaci\u00f3n con el Gobernador del Estado David Monreal, seguir\u00e1 apostando por pol\u00edticas p\u00fablicas que les permitan tener un mejor futuro.<\/p>\n\n\n\n<p>De igual manera. Aar\u00f3n Basurto Menchaca, Director de la Juventud del Municipio, a\u00f1adi\u00f3 que hubo una excelente respuesta tanto de los j\u00f3venes como de las escuelas que se registraron y que no solo eran de Guadalupe sino tambi\u00e9n de Zacatecas y otro municipios.<\/p>\n\n\n<div class=\"wp-block-image\">\n<figure class=\"alignleft size-large is-resized\"><img decoding=\"async\" width=\"1024\" height=\"768\" src=\"https:\/\/creston.com.mx\/wp-content\/uploads\/2026\/01\/IMG-20260129-WA0016-1024x768.jpg\" alt=\"\" class=\"wp-image-2325\" style=\"width:607px;height:auto\" srcset=\"https:\/\/creston.com.mx\/wp-content\/uploads\/2026\/01\/IMG-20260129-WA0016-1024x768.jpg 1024w, https:\/\/creston.com.mx\/wp-content\/uploads\/2026\/01\/IMG-20260129-WA0016-300x225.jpg 300w, https:\/\/creston.com.mx\/wp-content\/uploads\/2026\/01\/IMG-20260129-WA0016-768x576.jpg 768w, https:\/\/creston.com.mx\/wp-content\/uploads\/2026\/01\/IMG-20260129-WA0016.jpg 1280w\" sizes=\"(max-width: 1024px) 100vw, 1024px\" \/><\/figure>\n<\/div>\n\n\n<p>Finalmente cabe se\u00f1alar que Pepe Sald\u00edvar estuvo acompa\u00f1ado en esta Expo Orienta 2026 por Sa\u00fal Cordero Becerril, Diputado Local; Violeta Cerrillo, Rectora de la Universidad Tecnol\u00f3gica del Estado de Zacatecas, (UTZAC); Julio Reynoso Su\u00e1rez, Director del CECYT 18 Zacatecas del IPN y H\u00e9ctor M\u00e1rquez Medina, Encargado de la Secretar\u00eda del Bienestar.<\/p>\n\n\n\n<p>.<\/p>\n\n\n\n\n\n<p>.<\/p>\n\n\n<div class=\"wp-block-image\">\n<figure class=\"aligncenter size-large is-resized\"><img decoding=\"async\" width=\"870\" height=\"1024\" src=\"https:\/\/creston.com.mx\/wp-content\/uploads\/2025\/06\/Anuncio-salon-eventos-870x1024.jpg\" alt=\"\" class=\"wp-image-966\" style=\"aspect-ratio:0.8496112270054997;width:604px;height:auto\" srcset=\"https:\/\/creston.com.mx\/wp-content\/uploads\/2025\/06\/Anuncio-salon-eventos-870x1024.jpg 870w, https:\/\/creston.com.mx\/wp-content\/uploads\/2025\/06\/Anuncio-salon-eventos-255x300.jpg 255w, https:\/\/creston.com.mx\/wp-content\/uploads\/2025\/06\/Anuncio-salon-eventos-768x904.jpg 768w, https:\/\/creston.com.mx\/wp-content\/uploads\/2025\/06\/Anuncio-salon-eventos.jpg 1275w\" sizes=\"(max-width: 870px) 100vw, 870px\" \/><\/figure>\n<\/div>","protected":false},"excerpt":{"rendered":"<p>. Se cont\u00f3 con la participaci\u00f3n de m\u00e1s de 50 instituciones educativas que ofertaron sus servicios para cientos de adolescentes y j\u00f3venes guadalupenses. . Con el objetivo de que las&hellip; <\/p>\n","protected":false},"author":1,"featured_media":2324,"comment_status":"open","ping_status":"closed","sticky":false,"template":"","format":"standard","meta":{"_jetpack_memberships_contains_paid_content":false,"footnotes":""},"categories":[1],"tags":[],"class_list":["post-2323","post","type-post","status-publish","format-standard","has-post-thumbnail","hentry","category-estado"],"yoast_head":"<!-- This site is optimized with the Yoast SEO plugin v24.2 - https:\/\/yoast.com\/wordpress\/plugins\/seo\/ -->\n<title>Realizan la Expo Feria Universitaria en Guadalupe - Peri\u00f3dico Digital de Zacatecas<\/title>\n<meta name=\"robots\" content=\"index, follow, max-snippet:-1, max-image-preview:large, max-video-preview:-1\" \/>\n<link rel=\"canonical\" href=\"https:\/\/creston.com.mx\/index.php\/01\/realizan-la-expo-feria-universitaria-en-guadalupe\/estado\/2026\/\" \/>\n<meta property=\"og:locale\" content=\"es_ES\" \/>\n<meta property=\"og:type\" content=\"article\" \/>\n<meta property=\"og:title\" content=\"Realizan la Expo Feria Universitaria en Guadalupe - Peri\u00f3dico Digital de Zacatecas\" \/>\n<meta property=\"og:description\" content=\". Se cont\u00f3 con la participaci\u00f3n de m\u00e1s de 50 instituciones educativas que ofertaron sus servicios para cientos de adolescentes y j\u00f3venes guadalupenses. . Con el objetivo de que las&hellip;\" \/>\n<meta property=\"og:url\" content=\"https:\/\/creston.com.mx\/index.php\/01\/realizan-la-expo-feria-universitaria-en-guadalupe\/estado\/2026\/\" \/>\n<meta property=\"og:site_name\" content=\"Peri\u00f3dico Digital de Zacatecas\" \/>\n<meta property=\"article:published_time\" content=\"2026-01-30T01:53:00+00:00\" \/>\n<meta property=\"article:modified_time\" content=\"2026-01-30T16:57:12+00:00\" \/>\n<meta property=\"og:image\" content=\"https:\/\/creston.com.mx\/wp-content\/uploads\/2026\/01\/IMG-20260129-WA0015.jpg\" \/>\n\t<meta property=\"og:image:width\" content=\"2560\" \/>\n\t<meta property=\"og:image:height\" content=\"1708\" \/>\n\t<meta property=\"og:image:type\" content=\"image\/jpeg\" \/>\n<meta name=\"author\" content=\"Periodico Creston\" \/>\n<meta name=\"twitter:card\" content=\"summary_large_image\" \/>\n<meta name=\"twitter:label1\" content=\"Escrito por\" \/>\n\t<meta name=\"twitter:data1\" content=\"Periodico Creston\" \/>\n\t<meta name=\"twitter:label2\" content=\"Tiempo de lectura\" \/>\n\t<meta name=\"twitter:data2\" content=\"3 minutos\" \/>\n<script type=\"application\/ld+json\" class=\"yoast-schema-graph\">{\"@context\":\"https:\/\/schema.org\",\"@graph\":[{\"@type\":\"Article\",\"@id\":\"https:\/\/creston.com.mx\/index.php\/01\/realizan-la-expo-feria-universitaria-en-guadalupe\/estado\/2026\/#article\",\"isPartOf\":{\"@id\":\"https:\/\/creston.com.mx\/index.php\/01\/realizan-la-expo-feria-universitaria-en-guadalupe\/estado\/2026\/\"},\"author\":{\"name\":\"Periodico Creston\",\"@id\":\"https:\/\/creston.com.mx\/#\/schema\/person\/01f2ce9e289bc5300c759925ef768c1d\"},\"headline\":\"Realizan la Expo Feria Universitaria en Guadalupe\",\"datePublished\":\"2026-01-30T01:53:00+00:00\",\"dateModified\":\"2026-01-30T16:57:12+00:00\",\"mainEntityOfPage\":{\"@id\":\"https:\/\/creston.com.mx\/index.php\/01\/realizan-la-expo-feria-universitaria-en-guadalupe\/estado\/2026\/\"},\"wordCount\":371,\"commentCount\":0,\"publisher\":{\"@id\":\"https:\/\/creston.com.mx\/#organization\"},\"image\":{\"@id\":\"https:\/\/creston.com.mx\/index.php\/01\/realizan-la-expo-feria-universitaria-en-guadalupe\/estado\/2026\/#primaryimage\"},\"thumbnailUrl\":\"https:\/\/creston.com.mx\/wp-content\/uploads\/2026\/01\/IMG-20260129-WA0015.jpg\",\"articleSection\":[\"Estado\"],\"inLanguage\":\"es\",\"potentialAction\":[{\"@type\":\"CommentAction\",\"name\":\"Comment\",\"target\":[\"https:\/\/creston.com.mx\/index.php\/01\/realizan-la-expo-feria-universitaria-en-guadalupe\/estado\/2026\/#respond\"]}]},{\"@type\":\"WebPage\",\"@id\":\"https:\/\/creston.com.mx\/index.php\/01\/realizan-la-expo-feria-universitaria-en-guadalupe\/estado\/2026\/\",\"url\":\"https:\/\/creston.com.mx\/index.php\/01\/realizan-la-expo-feria-universitaria-en-guadalupe\/estado\/2026\/\",\"name\":\"Realizan la Expo Feria Universitaria en Guadalupe - Peri\u00f3dico Digital de Zacatecas\",\"isPartOf\":{\"@id\":\"https:\/\/creston.com.mx\/#website\"},\"primaryImageOfPage\":{\"@id\":\"https:\/\/creston.com.mx\/index.php\/01\/realizan-la-expo-feria-universitaria-en-guadalupe\/estado\/2026\/#primaryimage\"},\"image\":{\"@id\":\"https:\/\/creston.com.mx\/index.php\/01\/realizan-la-expo-feria-universitaria-en-guadalupe\/estado\/2026\/#primaryimage\"},\"thumbnailUrl\":\"https:\/\/creston.com.mx\/wp-content\/uploads\/2026\/01\/IMG-20260129-WA0015.jpg\",\"datePublished\":\"2026-01-30T01:53:00+00:00\",\"dateModified\":\"2026-01-30T16:57:12+00:00\",\"breadcrumb\":{\"@id\":\"https:\/\/creston.com.mx\/index.php\/01\/realizan-la-expo-feria-universitaria-en-guadalupe\/estado\/2026\/#breadcrumb\"},\"inLanguage\":\"es\",\"potentialAction\":[{\"@type\":\"ReadAction\",\"target\":[\"https:\/\/creston.com.mx\/index.php\/01\/realizan-la-expo-feria-universitaria-en-guadalupe\/estado\/2026\/\"]}]},{\"@type\":\"ImageObject\",\"inLanguage\":\"es\",\"@id\":\"https:\/\/creston.com.mx\/index.php\/01\/realizan-la-expo-feria-universitaria-en-guadalupe\/estado\/2026\/#primaryimage\",\"url\":\"https:\/\/creston.com.mx\/wp-content\/uploads\/2026\/01\/IMG-20260129-WA0015.jpg\",\"contentUrl\":\"https:\/\/creston.com.mx\/wp-content\/uploads\/2026\/01\/IMG-20260129-WA0015.jpg\",\"width\":2560,\"height\":1708},{\"@type\":\"BreadcrumbList\",\"@id\":\"https:\/\/creston.com.mx\/index.php\/01\/realizan-la-expo-feria-universitaria-en-guadalupe\/estado\/2026\/#breadcrumb\",\"itemListElement\":[{\"@type\":\"ListItem\",\"position\":1,\"name\":\"Portada\",\"item\":\"https:\/\/creston.com.mx\/\"},{\"@type\":\"ListItem\",\"position\":2,\"name\":\"Realizan la Expo Feria Universitaria en Guadalupe\"}]},{\"@type\":\"WebSite\",\"@id\":\"https:\/\/creston.com.mx\/#website\",\"url\":\"https:\/\/creston.com.mx\/\",\"name\":\"Peri\u00f3dico Digital de Zacatecas\",\"description\":\"\",\"publisher\":{\"@id\":\"https:\/\/creston.com.mx\/#organization\"},\"potentialAction\":[{\"@type\":\"SearchAction\",\"target\":{\"@type\":\"EntryPoint\",\"urlTemplate\":\"https:\/\/creston.com.mx\/?s={search_term_string}\"},\"query-input\":{\"@type\":\"PropertyValueSpecification\",\"valueRequired\":true,\"valueName\":\"search_term_string\"}}],\"inLanguage\":\"es\"},{\"@type\":\"Organization\",\"@id\":\"https:\/\/creston.com.mx\/#organization\",\"name\":\"Peri\u00f3dico Digital de Zacatecas\",\"url\":\"https:\/\/creston.com.mx\/\",\"logo\":{\"@type\":\"ImageObject\",\"inLanguage\":\"es\",\"@id\":\"https:\/\/creston.com.mx\/#\/schema\/logo\/image\/\",\"url\":\"https:\/\/creston.com.mx\/wp-content\/uploads\/2026\/02\/cropped-Logo-Creston2.jpg\",\"contentUrl\":\"https:\/\/creston.com.mx\/wp-content\/uploads\/2026\/02\/cropped-Logo-Creston2.jpg\",\"width\":503,\"height\":194,\"caption\":\"Peri\u00f3dico Digital  de Zacatecas\"},\"image\":{\"@id\":\"https:\/\/creston.com.mx\/#\/schema\/logo\/image\/\"}},{\"@type\":\"Person\",\"@id\":\"https:\/\/creston.com.mx\/#\/schema\/person\/01f2ce9e289bc5300c759925ef768c1d\",\"name\":\"Periodico Creston\",\"image\":{\"@type\":\"ImageObject\",\"inLanguage\":\"es\",\"@id\":\"https:\/\/creston.com.mx\/#\/schema\/person\/image\/\",\"url\":\"https:\/\/secure.gravatar.com\/avatar\/c91eac1cf0d45897b6d294d474aa7713a194d460be0aaf72157553d050cda1c1?s=96&d=mm&r=g\",\"contentUrl\":\"https:\/\/secure.gravatar.com\/avatar\/c91eac1cf0d45897b6d294d474aa7713a194d460be0aaf72157553d050cda1c1?s=96&d=mm&r=g\",\"caption\":\"Periodico Creston\"},\"sameAs\":[\"https:\/\/creston.com.mx\"],\"url\":\"https:\/\/creston.com.mx\/index.php\/author\/cstnalja96\/\"}]}<\/script>\n<!-- \/ Yoast SEO plugin. -->","yoast_head_json":{"title":"Realizan la Expo Feria Universitaria en Guadalupe - Peri\u00f3dico Digital de Zacatecas","robots":{"index":"index","follow":"follow","max-snippet":"max-snippet:-1","max-image-preview":"max-image-preview:large","max-video-preview":"max-video-preview:-1"},"canonical":"https:\/\/creston.com.mx\/index.php\/01\/realizan-la-expo-feria-universitaria-en-guadalupe\/estado\/2026\/","og_locale":"es_ES","og_type":"article","og_title":"Realizan la Expo Feria Universitaria en Guadalupe - Peri\u00f3dico Digital de Zacatecas","og_description":". Se cont\u00f3 con la participaci\u00f3n de m\u00e1s de 50 instituciones educativas que ofertaron sus servicios para cientos de adolescentes y j\u00f3venes guadalupenses. . Con el objetivo de que las&hellip;","og_url":"https:\/\/creston.com.mx\/index.php\/01\/realizan-la-expo-feria-universitaria-en-guadalupe\/estado\/2026\/","og_site_name":"Peri\u00f3dico Digital de Zacatecas","article_published_time":"2026-01-30T01:53:00+00:00","article_modified_time":"2026-01-30T16:57:12+00:00","og_image":[{"width":2560,"height":1708,"url":"https:\/\/creston.com.mx\/wp-content\/uploads\/2026\/01\/IMG-20260129-WA0015.jpg","type":"image\/jpeg"}],"author":"Periodico Creston","twitter_card":"summary_large_image","twitter_misc":{"Escrito por":"Periodico Creston","Tiempo de lectura":"3 minutos"},"schema":{"@context":"https:\/\/schema.org","@graph":[{"@type":"Article","@id":"https:\/\/creston.com.mx\/index.php\/01\/realizan-la-expo-feria-universitaria-en-guadalupe\/estado\/2026\/#article","isPartOf":{"@id":"https:\/\/creston.com.mx\/index.php\/01\/realizan-la-expo-feria-universitaria-en-guadalupe\/estado\/2026\/"},"author":{"name":"Periodico Creston","@id":"https:\/\/creston.com.mx\/#\/schema\/person\/01f2ce9e289bc5300c759925ef768c1d"},"headline":"Realizan la Expo Feria Universitaria en Guadalupe","datePublished":"2026-01-30T01:53:00+00:00","dateModified":"2026-01-30T16:57:12+00:00","mainEntityOfPage":{"@id":"https:\/\/creston.com.mx\/index.php\/01\/realizan-la-expo-feria-universitaria-en-guadalupe\/estado\/2026\/"},"wordCount":371,"commentCount":0,"publisher":{"@id":"https:\/\/creston.com.mx\/#organization"},"image":{"@id":"https:\/\/creston.com.mx\/index.php\/01\/realizan-la-expo-feria-universitaria-en-guadalupe\/estado\/2026\/#primaryimage"},"thumbnailUrl":"https:\/\/creston.com.mx\/wp-content\/uploads\/2026\/01\/IMG-20260129-WA0015.jpg","articleSection":["Estado"],"inLanguage":"es","potentialAction":[{"@type":"CommentAction","name":"Comment","target":["https:\/\/creston.com.mx\/index.php\/01\/realizan-la-expo-feria-universitaria-en-guadalupe\/estado\/2026\/#respond"]}]},{"@type":"WebPage","@id":"https:\/\/creston.com.mx\/index.php\/01\/realizan-la-expo-feria-universitaria-en-guadalupe\/estado\/2026\/","url":"https:\/\/creston.com.mx\/index.php\/01\/realizan-la-expo-feria-universitaria-en-guadalupe\/estado\/2026\/","name":"Realizan la Expo Feria Universitaria en Guadalupe - Peri\u00f3dico Digital de Zacatecas","isPartOf":{"@id":"https:\/\/creston.com.mx\/#website"},"primaryImageOfPage":{"@id":"https:\/\/creston.com.mx\/index.php\/01\/realizan-la-expo-feria-universitaria-en-guadalupe\/estado\/2026\/#primaryimage"},"image":{"@id":"https:\/\/creston.com.mx\/index.php\/01\/realizan-la-expo-feria-universitaria-en-guadalupe\/estado\/2026\/#primaryimage"},"thumbnailUrl":"https:\/\/creston.com.mx\/wp-content\/uploads\/2026\/01\/IMG-20260129-WA0015.jpg","datePublished":"2026-01-30T01:53:00+00:00","dateModified":"2026-01-30T16:57:12+00:00","breadcrumb":{"@id":"https:\/\/creston.com.mx\/index.php\/01\/realizan-la-expo-feria-universitaria-en-guadalupe\/estado\/2026\/#breadcrumb"},"inLanguage":"es","potentialAction":[{"@type":"ReadAction","target":["https:\/\/creston.com.mx\/index.php\/01\/realizan-la-expo-feria-universitaria-en-guadalupe\/estado\/2026\/"]}]},{"@type":"ImageObject","inLanguage":"es","@id":"https:\/\/creston.com.mx\/index.php\/01\/realizan-la-expo-feria-universitaria-en-guadalupe\/estado\/2026\/#primaryimage","url":"https:\/\/creston.com.mx\/wp-content\/uploads\/2026\/01\/IMG-20260129-WA0015.jpg","contentUrl":"https:\/\/creston.com.mx\/wp-content\/uploads\/2026\/01\/IMG-20260129-WA0015.jpg","width":2560,"height":1708},{"@type":"BreadcrumbList","@id":"https:\/\/creston.com.mx\/index.php\/01\/realizan-la-expo-feria-universitaria-en-guadalupe\/estado\/2026\/#breadcrumb","itemListElement":[{"@type":"ListItem","position":1,"name":"Portada","item":"https:\/\/creston.com.mx\/"},{"@type":"ListItem","position":2,"name":"Realizan la Expo Feria Universitaria en Guadalupe"}]},{"@type":"WebSite","@id":"https:\/\/creston.com.mx\/#website","url":"https:\/\/creston.com.mx\/","name":"Peri\u00f3dico Digital de Zacatecas","description":"","publisher":{"@id":"https:\/\/creston.com.mx\/#organization"},"potentialAction":[{"@type":"SearchAction","target":{"@type":"EntryPoint","urlTemplate":"https:\/\/creston.com.mx\/?s={search_term_string}"},"query-input":{"@type":"PropertyValueSpecification","valueRequired":true,"valueName":"search_term_string"}}],"inLanguage":"es"},{"@type":"Organization","@id":"https:\/\/creston.com.mx\/#organization","name":"Peri\u00f3dico Digital de Zacatecas","url":"https:\/\/creston.com.mx\/","logo":{"@type":"ImageObject","inLanguage":"es","@id":"https:\/\/creston.com.mx\/#\/schema\/logo\/image\/","url":"https:\/\/creston.com.mx\/wp-content\/uploads\/2026\/02\/cropped-Logo-Creston2.jpg","contentUrl":"https:\/\/creston.com.mx\/wp-content\/uploads\/2026\/02\/cropped-Logo-Creston2.jpg","width":503,"height":194,"caption":"Peri\u00f3dico Digital  de Zacatecas"},"image":{"@id":"https:\/\/creston.com.mx\/#\/schema\/logo\/image\/"}},{"@type":"Person","@id":"https:\/\/creston.com.mx\/#\/schema\/person\/01f2ce9e289bc5300c759925ef768c1d","name":"Periodico Creston","image":{"@type":"ImageObject","inLanguage":"es","@id":"https:\/\/creston.com.mx\/#\/schema\/person\/image\/","url":"https:\/\/secure.gravatar.com\/avatar\/c91eac1cf0d45897b6d294d474aa7713a194d460be0aaf72157553d050cda1c1?s=96&d=mm&r=g","contentUrl":"https:\/\/secure.gravatar.com\/avatar\/c91eac1cf0d45897b6d294d474aa7713a194d460be0aaf72157553d050cda1c1?s=96&d=mm&r=g","caption":"Periodico Creston"},"sameAs":["https:\/\/creston.com.mx"],"url":"https:\/\/creston.com.mx\/index.php\/author\/cstnalja96\/"}]}},"jetpack_sharing_enabled":true,"jetpack_featured_media_url":"https:\/\/creston.com.mx\/wp-content\/uploads\/2026\/01\/IMG-20260129-WA0015.jpg","_links":{"self":[{"href":"https:\/\/creston.com.mx\/index.php\/wp-json\/wp\/v2\/posts\/2323","targetHints":{"allow":["GET"]}}],"collection":[{"href":"https:\/\/creston.com.mx\/index.php\/wp-json\/wp\/v2\/posts"}],"about":[{"href":"https:\/\/creston.com.mx\/index.php\/wp-json\/wp\/v2\/types\/post"}],"author":[{"embeddable":true,"href":"https:\/\/creston.com.mx\/index.php\/wp-json\/wp\/v2\/users\/1"}],"replies":[{"embeddable":true,"href":"https:\/\/creston.com.mx\/index.php\/wp-json\/wp\/v2\/comments?post=2323"}],"version-history":[{"count":1,"href":"https:\/\/creston.com.mx\/index.php\/wp-json\/wp\/v2\/posts\/2323\/revisions"}],"predecessor-version":[{"id":2327,"href":"https:\/\/creston.com.mx\/index.php\/wp-json\/wp\/v2\/posts\/2323\/revisions\/2327"}],"wp:featuredmedia":[{"embeddable":true,"href":"https:\/\/creston.com.mx\/index.php\/wp-json\/wp\/v2\/media\/2324"}],"wp:attachment":[{"href":"https:\/\/creston.com.mx\/index.php\/wp-json\/wp\/v2\/media?parent=2323"}],"wp:term":[{"taxonomy":"category","embeddable":true,"href":"https:\/\/creston.com.mx\/index.php\/wp-json\/wp\/v2\/categories?post=2323"},{"taxonomy":"post_tag","embeddable":true,"href":"https:\/\/creston.com.mx\/index.php\/wp-json\/wp\/v2\/tags?post=2323"}],"curies":[{"name":"wp","href":"https:\/\/api.w.org\/{rel}","templated":true}]}}