{"id":2317,"date":"2026-01-29T19:45:00","date_gmt":"2026-01-30T01:45:00","guid":{"rendered":"https:\/\/creston.com.mx\/?p=2317"},"modified":"2026-01-30T10:49:23","modified_gmt":"2026-01-30T16:49:23","slug":"zacatecas-capital-fortalece-vinculos-nacionales-e-internacionales","status":"publish","type":"post","link":"https:\/\/creston.com.mx\/index.php\/01\/zacatecas-capital-fortalece-vinculos-nacionales-e-internacionales\/estado\/2026\/","title":{"rendered":"Zacatecas Capital fortalece v\u00ednculos nacionales e internacionales"},"content":{"rendered":"\n<p>.<\/p>\n\n\n\n<p class=\"has-medium-font-size\"><strong><em>Habr\u00e1 hermanamiento entre el Municipio de Zacatecas y el Municipio de San Nicol\u00e1s de los Garza.<\/em><\/strong><\/p>\n\n\n\n<p>.<\/p>\n\n\n\n<p>Durante la vig\u00e9sima quinta sesi\u00f3n extraordinaria de Cabildo, celebrada de manera virtual este 29 de enero, el Ayuntamiento de Zacatecas aprob\u00f3, por unanimidad de los presentes, el hermanamiento entre el Municipio de Zacatecas y el Municipio de San Nicol\u00e1s de los Garza, fortaleciendo as\u00ed los lazos de cooperaci\u00f3n intermunicipal a nivel nacional.<\/p>\n\n\n\n<p>La sesi\u00f3n fue encabezada por el presidente municipal de Zacatecas, Miguel Varela, quien destac\u00f3 la importancia de este hermanamiento como una herramienta estrat\u00e9gica para impulsar el intercambio de experiencias, el desarrollo econ\u00f3mico y la colaboraci\u00f3n institucional en beneficio de ambas ciudades.<\/p>\n\n\n\n<p>En el marco de esta sesi\u00f3n extraordinaria, se cont\u00f3 adem\u00e1s con la distinguida presencia del alcalde de Orihuela, Espa\u00f1a, Jos\u00e9 Vergara Dur\u00e1, quien expres\u00f3 su benepl\u00e1cito por participar en el encuentro y refrend\u00f3 la estrecha relaci\u00f3n que existe entre su municipio y la capital zacatecana.<\/p>\n\n\n\n<p>El presidente municipal Miguel Varela inform\u00f3 que, como parte de su visita a Espa\u00f1a, sostendr\u00e1 diversas reuniones con empresarios oriolanos interesados en ampliar y consolidar inversiones en la capital del estado. Se\u00f1al\u00f3 que estas gestiones buscan detonar nuevas oportunidades econ\u00f3micas y fortalecer sectores estrat\u00e9gicos para el desarrollo de Zacatecas.<\/p>\n\n\n\n<p>\u201cEsperamos que estas reuniones rindan fruto y que podamos lograr que haya m\u00e1s inversiones en Zacatecas por parte de empresarios de Orihuela. Adem\u00e1s, participaremos en el Festival Medieval, el m\u00e1s importante que se celebra en Orihuela, y por supuesto esperamos la participaci\u00f3n del alcalde Jos\u00e9 Vergara en el Festival de Ciudades Hermanas que se llevar\u00e1 a cabo en el mes de agosto\u201d, puntualiz\u00f3 Miguel Varela.<\/p>\n\n\n\n<p>Por su parte, el alcalde de Orihuela, Jos\u00e9 Vergara Dur\u00e1, destac\u00f3 que Zacatecas y Orihuela son ciudades que comparten una relaci\u00f3n de respeto, cercan\u00eda y afecto, con la capacidad de generar sinergias que dan pleno sentido a los hermanamientos.<\/p>\n\n\n\n<p>\u201cEl alcalde tendr\u00e1 reuniones con empresarios de Orihuela que tienen inter\u00e9s en la ciudad de Zacatecas, existe inter\u00e9s en proyectos relacionados con el equipo Mineros de Zacatecas y con la Universidad Aut\u00f3noma de Zacatecas. La relaci\u00f3n entre nuestras ciudades va m\u00e1s all\u00e1 de lo institucional, y estas sinergias fortalecen el hermanamiento\u201d, afirm\u00f3.<\/p>\n\n\n\n<p>Finalmente, Jos\u00e9 Vergara se\u00f1al\u00f3 que es un honor que el alcalde Miguel Varela se encuentre en Orihuela, reafirmando el compromiso de ambas ciudades por continuar fortaleciendo esta relaci\u00f3n de cooperaci\u00f3n y amistad internacional.<\/p>\n\n\n\n<p>.<\/p>\n\n\n\n\n\n<p>.<\/p>\n\n\n<div class=\"wp-block-image\">\n<figure class=\"aligncenter size-large is-resized\"><img fetchpriority=\"high\" decoding=\"async\" width=\"870\" height=\"1024\" src=\"https:\/\/creston.com.mx\/wp-content\/uploads\/2025\/06\/Anuncio-salon-eventos-870x1024.jpg\" alt=\"\" class=\"wp-image-966\" style=\"aspect-ratio:0.8496112270054997;width:576px;height:auto\" srcset=\"https:\/\/creston.com.mx\/wp-content\/uploads\/2025\/06\/Anuncio-salon-eventos-870x1024.jpg 870w, https:\/\/creston.com.mx\/wp-content\/uploads\/2025\/06\/Anuncio-salon-eventos-255x300.jpg 255w, https:\/\/creston.com.mx\/wp-content\/uploads\/2025\/06\/Anuncio-salon-eventos-768x904.jpg 768w, https:\/\/creston.com.mx\/wp-content\/uploads\/2025\/06\/Anuncio-salon-eventos.jpg 1275w\" sizes=\"(max-width: 870px) 100vw, 870px\" \/><\/figure>\n<\/div>","protected":false},"excerpt":{"rendered":"<p>. Habr\u00e1 hermanamiento entre el Municipio de Zacatecas y el Municipio de San Nicol\u00e1s de los Garza. . Durante la vig\u00e9sima quinta sesi\u00f3n extraordinaria de Cabildo, celebrada de manera virtual&hellip; <\/p>\n","protected":false},"author":1,"featured_media":2318,"comment_status":"open","ping_status":"closed","sticky":false,"template":"","format":"standard","meta":{"_jetpack_memberships_contains_paid_content":false,"footnotes":""},"categories":[1],"tags":[],"class_list":["post-2317","post","type-post","status-publish","format-standard","has-post-thumbnail","hentry","category-estado"],"yoast_head":"<!-- This site is optimized with the Yoast SEO plugin v24.2 - https:\/\/yoast.com\/wordpress\/plugins\/seo\/ -->\n<title>Zacatecas Capital fortalece v\u00ednculos nacionales e internacionales - Peri\u00f3dico Digital de Zacatecas<\/title>\n<meta name=\"robots\" content=\"index, follow, max-snippet:-1, max-image-preview:large, max-video-preview:-1\" \/>\n<link rel=\"canonical\" href=\"https:\/\/creston.com.mx\/index.php\/01\/zacatecas-capital-fortalece-vinculos-nacionales-e-internacionales\/estado\/2026\/\" \/>\n<meta property=\"og:locale\" content=\"es_ES\" \/>\n<meta property=\"og:type\" content=\"article\" \/>\n<meta property=\"og:title\" content=\"Zacatecas Capital fortalece v\u00ednculos nacionales e internacionales - Peri\u00f3dico Digital de Zacatecas\" \/>\n<meta property=\"og:description\" content=\". Habr\u00e1 hermanamiento entre el Municipio de Zacatecas y el Municipio de San Nicol\u00e1s de los Garza. . Durante la vig\u00e9sima quinta sesi\u00f3n extraordinaria de Cabildo, celebrada de manera virtual&hellip;\" \/>\n<meta property=\"og:url\" content=\"https:\/\/creston.com.mx\/index.php\/01\/zacatecas-capital-fortalece-vinculos-nacionales-e-internacionales\/estado\/2026\/\" \/>\n<meta property=\"og:site_name\" content=\"Peri\u00f3dico Digital de Zacatecas\" \/>\n<meta property=\"article:published_time\" content=\"2026-01-30T01:45:00+00:00\" \/>\n<meta property=\"article:modified_time\" content=\"2026-01-30T16:49:23+00:00\" \/>\n<meta property=\"og:image\" content=\"https:\/\/creston.com.mx\/wp-content\/uploads\/2026\/01\/IMG-20260129-WA0034.jpg\" \/>\n\t<meta property=\"og:image:width\" content=\"1040\" \/>\n\t<meta property=\"og:image:height\" content=\"564\" \/>\n\t<meta property=\"og:image:type\" content=\"image\/jpeg\" \/>\n<meta name=\"author\" content=\"Periodico Creston\" \/>\n<meta name=\"twitter:card\" content=\"summary_large_image\" \/>\n<meta name=\"twitter:label1\" content=\"Escrito por\" \/>\n\t<meta name=\"twitter:data1\" content=\"Periodico Creston\" \/>\n\t<meta name=\"twitter:label2\" content=\"Tiempo de lectura\" \/>\n\t<meta name=\"twitter:data2\" content=\"3 minutos\" \/>\n<script type=\"application\/ld+json\" class=\"yoast-schema-graph\">{\"@context\":\"https:\/\/schema.org\",\"@graph\":[{\"@type\":\"Article\",\"@id\":\"https:\/\/creston.com.mx\/index.php\/01\/zacatecas-capital-fortalece-vinculos-nacionales-e-internacionales\/estado\/2026\/#article\",\"isPartOf\":{\"@id\":\"https:\/\/creston.com.mx\/index.php\/01\/zacatecas-capital-fortalece-vinculos-nacionales-e-internacionales\/estado\/2026\/\"},\"author\":{\"name\":\"Periodico Creston\",\"@id\":\"https:\/\/creston.com.mx\/#\/schema\/person\/01f2ce9e289bc5300c759925ef768c1d\"},\"headline\":\"Zacatecas Capital fortalece v\u00ednculos nacionales e internacionales\",\"datePublished\":\"2026-01-30T01:45:00+00:00\",\"dateModified\":\"2026-01-30T16:49:23+00:00\",\"mainEntityOfPage\":{\"@id\":\"https:\/\/creston.com.mx\/index.php\/01\/zacatecas-capital-fortalece-vinculos-nacionales-e-internacionales\/estado\/2026\/\"},\"wordCount\":431,\"commentCount\":0,\"publisher\":{\"@id\":\"https:\/\/creston.com.mx\/#organization\"},\"image\":{\"@id\":\"https:\/\/creston.com.mx\/index.php\/01\/zacatecas-capital-fortalece-vinculos-nacionales-e-internacionales\/estado\/2026\/#primaryimage\"},\"thumbnailUrl\":\"https:\/\/creston.com.mx\/wp-content\/uploads\/2026\/01\/IMG-20260129-WA0034.jpg\",\"articleSection\":[\"Estado\"],\"inLanguage\":\"es\",\"potentialAction\":[{\"@type\":\"CommentAction\",\"name\":\"Comment\",\"target\":[\"https:\/\/creston.com.mx\/index.php\/01\/zacatecas-capital-fortalece-vinculos-nacionales-e-internacionales\/estado\/2026\/#respond\"]}]},{\"@type\":\"WebPage\",\"@id\":\"https:\/\/creston.com.mx\/index.php\/01\/zacatecas-capital-fortalece-vinculos-nacionales-e-internacionales\/estado\/2026\/\",\"url\":\"https:\/\/creston.com.mx\/index.php\/01\/zacatecas-capital-fortalece-vinculos-nacionales-e-internacionales\/estado\/2026\/\",\"name\":\"Zacatecas Capital fortalece v\u00ednculos nacionales e internacionales - Peri\u00f3dico Digital de Zacatecas\",\"isPartOf\":{\"@id\":\"https:\/\/creston.com.mx\/#website\"},\"primaryImageOfPage\":{\"@id\":\"https:\/\/creston.com.mx\/index.php\/01\/zacatecas-capital-fortalece-vinculos-nacionales-e-internacionales\/estado\/2026\/#primaryimage\"},\"image\":{\"@id\":\"https:\/\/creston.com.mx\/index.php\/01\/zacatecas-capital-fortalece-vinculos-nacionales-e-internacionales\/estado\/2026\/#primaryimage\"},\"thumbnailUrl\":\"https:\/\/creston.com.mx\/wp-content\/uploads\/2026\/01\/IMG-20260129-WA0034.jpg\",\"datePublished\":\"2026-01-30T01:45:00+00:00\",\"dateModified\":\"2026-01-30T16:49:23+00:00\",\"breadcrumb\":{\"@id\":\"https:\/\/creston.com.mx\/index.php\/01\/zacatecas-capital-fortalece-vinculos-nacionales-e-internacionales\/estado\/2026\/#breadcrumb\"},\"inLanguage\":\"es\",\"potentialAction\":[{\"@type\":\"ReadAction\",\"target\":[\"https:\/\/creston.com.mx\/index.php\/01\/zacatecas-capital-fortalece-vinculos-nacionales-e-internacionales\/estado\/2026\/\"]}]},{\"@type\":\"ImageObject\",\"inLanguage\":\"es\",\"@id\":\"https:\/\/creston.com.mx\/index.php\/01\/zacatecas-capital-fortalece-vinculos-nacionales-e-internacionales\/estado\/2026\/#primaryimage\",\"url\":\"https:\/\/creston.com.mx\/wp-content\/uploads\/2026\/01\/IMG-20260129-WA0034.jpg\",\"contentUrl\":\"https:\/\/creston.com.mx\/wp-content\/uploads\/2026\/01\/IMG-20260129-WA0034.jpg\",\"width\":1040,\"height\":564},{\"@type\":\"BreadcrumbList\",\"@id\":\"https:\/\/creston.com.mx\/index.php\/01\/zacatecas-capital-fortalece-vinculos-nacionales-e-internacionales\/estado\/2026\/#breadcrumb\",\"itemListElement\":[{\"@type\":\"ListItem\",\"position\":1,\"name\":\"Portada\",\"item\":\"https:\/\/creston.com.mx\/\"},{\"@type\":\"ListItem\",\"position\":2,\"name\":\"Zacatecas Capital fortalece v\u00ednculos nacionales e internacionales\"}]},{\"@type\":\"WebSite\",\"@id\":\"https:\/\/creston.com.mx\/#website\",\"url\":\"https:\/\/creston.com.mx\/\",\"name\":\"Peri\u00f3dico Digital de Zacatecas\",\"description\":\"\",\"publisher\":{\"@id\":\"https:\/\/creston.com.mx\/#organization\"},\"potentialAction\":[{\"@type\":\"SearchAction\",\"target\":{\"@type\":\"EntryPoint\",\"urlTemplate\":\"https:\/\/creston.com.mx\/?s={search_term_string}\"},\"query-input\":{\"@type\":\"PropertyValueSpecification\",\"valueRequired\":true,\"valueName\":\"search_term_string\"}}],\"inLanguage\":\"es\"},{\"@type\":\"Organization\",\"@id\":\"https:\/\/creston.com.mx\/#organization\",\"name\":\"Peri\u00f3dico Digital de Zacatecas\",\"url\":\"https:\/\/creston.com.mx\/\",\"logo\":{\"@type\":\"ImageObject\",\"inLanguage\":\"es\",\"@id\":\"https:\/\/creston.com.mx\/#\/schema\/logo\/image\/\",\"url\":\"https:\/\/creston.com.mx\/wp-content\/uploads\/2026\/02\/cropped-Logo-Creston2.jpg\",\"contentUrl\":\"https:\/\/creston.com.mx\/wp-content\/uploads\/2026\/02\/cropped-Logo-Creston2.jpg\",\"width\":503,\"height\":194,\"caption\":\"Peri\u00f3dico Digital  de Zacatecas\"},\"image\":{\"@id\":\"https:\/\/creston.com.mx\/#\/schema\/logo\/image\/\"}},{\"@type\":\"Person\",\"@id\":\"https:\/\/creston.com.mx\/#\/schema\/person\/01f2ce9e289bc5300c759925ef768c1d\",\"name\":\"Periodico Creston\",\"image\":{\"@type\":\"ImageObject\",\"inLanguage\":\"es\",\"@id\":\"https:\/\/creston.com.mx\/#\/schema\/person\/image\/\",\"url\":\"https:\/\/secure.gravatar.com\/avatar\/c91eac1cf0d45897b6d294d474aa7713a194d460be0aaf72157553d050cda1c1?s=96&d=mm&r=g\",\"contentUrl\":\"https:\/\/secure.gravatar.com\/avatar\/c91eac1cf0d45897b6d294d474aa7713a194d460be0aaf72157553d050cda1c1?s=96&d=mm&r=g\",\"caption\":\"Periodico Creston\"},\"sameAs\":[\"https:\/\/creston.com.mx\"],\"url\":\"https:\/\/creston.com.mx\/index.php\/author\/cstnalja96\/\"}]}<\/script>\n<!-- \/ Yoast SEO plugin. -->","yoast_head_json":{"title":"Zacatecas Capital fortalece v\u00ednculos nacionales e internacionales - Peri\u00f3dico Digital de Zacatecas","robots":{"index":"index","follow":"follow","max-snippet":"max-snippet:-1","max-image-preview":"max-image-preview:large","max-video-preview":"max-video-preview:-1"},"canonical":"https:\/\/creston.com.mx\/index.php\/01\/zacatecas-capital-fortalece-vinculos-nacionales-e-internacionales\/estado\/2026\/","og_locale":"es_ES","og_type":"article","og_title":"Zacatecas Capital fortalece v\u00ednculos nacionales e internacionales - Peri\u00f3dico Digital de Zacatecas","og_description":". Habr\u00e1 hermanamiento entre el Municipio de Zacatecas y el Municipio de San Nicol\u00e1s de los Garza. . Durante la vig\u00e9sima quinta sesi\u00f3n extraordinaria de Cabildo, celebrada de manera virtual&hellip;","og_url":"https:\/\/creston.com.mx\/index.php\/01\/zacatecas-capital-fortalece-vinculos-nacionales-e-internacionales\/estado\/2026\/","og_site_name":"Peri\u00f3dico Digital de Zacatecas","article_published_time":"2026-01-30T01:45:00+00:00","article_modified_time":"2026-01-30T16:49:23+00:00","og_image":[{"width":1040,"height":564,"url":"https:\/\/creston.com.mx\/wp-content\/uploads\/2026\/01\/IMG-20260129-WA0034.jpg","type":"image\/jpeg"}],"author":"Periodico Creston","twitter_card":"summary_large_image","twitter_misc":{"Escrito por":"Periodico Creston","Tiempo de lectura":"3 minutos"},"schema":{"@context":"https:\/\/schema.org","@graph":[{"@type":"Article","@id":"https:\/\/creston.com.mx\/index.php\/01\/zacatecas-capital-fortalece-vinculos-nacionales-e-internacionales\/estado\/2026\/#article","isPartOf":{"@id":"https:\/\/creston.com.mx\/index.php\/01\/zacatecas-capital-fortalece-vinculos-nacionales-e-internacionales\/estado\/2026\/"},"author":{"name":"Periodico Creston","@id":"https:\/\/creston.com.mx\/#\/schema\/person\/01f2ce9e289bc5300c759925ef768c1d"},"headline":"Zacatecas Capital fortalece v\u00ednculos nacionales e internacionales","datePublished":"2026-01-30T01:45:00+00:00","dateModified":"2026-01-30T16:49:23+00:00","mainEntityOfPage":{"@id":"https:\/\/creston.com.mx\/index.php\/01\/zacatecas-capital-fortalece-vinculos-nacionales-e-internacionales\/estado\/2026\/"},"wordCount":431,"commentCount":0,"publisher":{"@id":"https:\/\/creston.com.mx\/#organization"},"image":{"@id":"https:\/\/creston.com.mx\/index.php\/01\/zacatecas-capital-fortalece-vinculos-nacionales-e-internacionales\/estado\/2026\/#primaryimage"},"thumbnailUrl":"https:\/\/creston.com.mx\/wp-content\/uploads\/2026\/01\/IMG-20260129-WA0034.jpg","articleSection":["Estado"],"inLanguage":"es","potentialAction":[{"@type":"CommentAction","name":"Comment","target":["https:\/\/creston.com.mx\/index.php\/01\/zacatecas-capital-fortalece-vinculos-nacionales-e-internacionales\/estado\/2026\/#respond"]}]},{"@type":"WebPage","@id":"https:\/\/creston.com.mx\/index.php\/01\/zacatecas-capital-fortalece-vinculos-nacionales-e-internacionales\/estado\/2026\/","url":"https:\/\/creston.com.mx\/index.php\/01\/zacatecas-capital-fortalece-vinculos-nacionales-e-internacionales\/estado\/2026\/","name":"Zacatecas Capital fortalece v\u00ednculos nacionales e internacionales - Peri\u00f3dico Digital de Zacatecas","isPartOf":{"@id":"https:\/\/creston.com.mx\/#website"},"primaryImageOfPage":{"@id":"https:\/\/creston.com.mx\/index.php\/01\/zacatecas-capital-fortalece-vinculos-nacionales-e-internacionales\/estado\/2026\/#primaryimage"},"image":{"@id":"https:\/\/creston.com.mx\/index.php\/01\/zacatecas-capital-fortalece-vinculos-nacionales-e-internacionales\/estado\/2026\/#primaryimage"},"thumbnailUrl":"https:\/\/creston.com.mx\/wp-content\/uploads\/2026\/01\/IMG-20260129-WA0034.jpg","datePublished":"2026-01-30T01:45:00+00:00","dateModified":"2026-01-30T16:49:23+00:00","breadcrumb":{"@id":"https:\/\/creston.com.mx\/index.php\/01\/zacatecas-capital-fortalece-vinculos-nacionales-e-internacionales\/estado\/2026\/#breadcrumb"},"inLanguage":"es","potentialAction":[{"@type":"ReadAction","target":["https:\/\/creston.com.mx\/index.php\/01\/zacatecas-capital-fortalece-vinculos-nacionales-e-internacionales\/estado\/2026\/"]}]},{"@type":"ImageObject","inLanguage":"es","@id":"https:\/\/creston.com.mx\/index.php\/01\/zacatecas-capital-fortalece-vinculos-nacionales-e-internacionales\/estado\/2026\/#primaryimage","url":"https:\/\/creston.com.mx\/wp-content\/uploads\/2026\/01\/IMG-20260129-WA0034.jpg","contentUrl":"https:\/\/creston.com.mx\/wp-content\/uploads\/2026\/01\/IMG-20260129-WA0034.jpg","width":1040,"height":564},{"@type":"BreadcrumbList","@id":"https:\/\/creston.com.mx\/index.php\/01\/zacatecas-capital-fortalece-vinculos-nacionales-e-internacionales\/estado\/2026\/#breadcrumb","itemListElement":[{"@type":"ListItem","position":1,"name":"Portada","item":"https:\/\/creston.com.mx\/"},{"@type":"ListItem","position":2,"name":"Zacatecas Capital fortalece v\u00ednculos nacionales e internacionales"}]},{"@type":"WebSite","@id":"https:\/\/creston.com.mx\/#website","url":"https:\/\/creston.com.mx\/","name":"Peri\u00f3dico Digital de Zacatecas","description":"","publisher":{"@id":"https:\/\/creston.com.mx\/#organization"},"potentialAction":[{"@type":"SearchAction","target":{"@type":"EntryPoint","urlTemplate":"https:\/\/creston.com.mx\/?s={search_term_string}"},"query-input":{"@type":"PropertyValueSpecification","valueRequired":true,"valueName":"search_term_string"}}],"inLanguage":"es"},{"@type":"Organization","@id":"https:\/\/creston.com.mx\/#organization","name":"Peri\u00f3dico Digital de Zacatecas","url":"https:\/\/creston.com.mx\/","logo":{"@type":"ImageObject","inLanguage":"es","@id":"https:\/\/creston.com.mx\/#\/schema\/logo\/image\/","url":"https:\/\/creston.com.mx\/wp-content\/uploads\/2026\/02\/cropped-Logo-Creston2.jpg","contentUrl":"https:\/\/creston.com.mx\/wp-content\/uploads\/2026\/02\/cropped-Logo-Creston2.jpg","width":503,"height":194,"caption":"Peri\u00f3dico Digital  de Zacatecas"},"image":{"@id":"https:\/\/creston.com.mx\/#\/schema\/logo\/image\/"}},{"@type":"Person","@id":"https:\/\/creston.com.mx\/#\/schema\/person\/01f2ce9e289bc5300c759925ef768c1d","name":"Periodico Creston","image":{"@type":"ImageObject","inLanguage":"es","@id":"https:\/\/creston.com.mx\/#\/schema\/person\/image\/","url":"https:\/\/secure.gravatar.com\/avatar\/c91eac1cf0d45897b6d294d474aa7713a194d460be0aaf72157553d050cda1c1?s=96&d=mm&r=g","contentUrl":"https:\/\/secure.gravatar.com\/avatar\/c91eac1cf0d45897b6d294d474aa7713a194d460be0aaf72157553d050cda1c1?s=96&d=mm&r=g","caption":"Periodico Creston"},"sameAs":["https:\/\/creston.com.mx"],"url":"https:\/\/creston.com.mx\/index.php\/author\/cstnalja96\/"}]}},"jetpack_sharing_enabled":true,"jetpack_featured_media_url":"https:\/\/creston.com.mx\/wp-content\/uploads\/2026\/01\/IMG-20260129-WA0034.jpg","_links":{"self":[{"href":"https:\/\/creston.com.mx\/index.php\/wp-json\/wp\/v2\/posts\/2317","targetHints":{"allow":["GET"]}}],"collection":[{"href":"https:\/\/creston.com.mx\/index.php\/wp-json\/wp\/v2\/posts"}],"about":[{"href":"https:\/\/creston.com.mx\/index.php\/wp-json\/wp\/v2\/types\/post"}],"author":[{"embeddable":true,"href":"https:\/\/creston.com.mx\/index.php\/wp-json\/wp\/v2\/users\/1"}],"replies":[{"embeddable":true,"href":"https:\/\/creston.com.mx\/index.php\/wp-json\/wp\/v2\/comments?post=2317"}],"version-history":[{"count":1,"href":"https:\/\/creston.com.mx\/index.php\/wp-json\/wp\/v2\/posts\/2317\/revisions"}],"predecessor-version":[{"id":2319,"href":"https:\/\/creston.com.mx\/index.php\/wp-json\/wp\/v2\/posts\/2317\/revisions\/2319"}],"wp:featuredmedia":[{"embeddable":true,"href":"https:\/\/creston.com.mx\/index.php\/wp-json\/wp\/v2\/media\/2318"}],"wp:attachment":[{"href":"https:\/\/creston.com.mx\/index.php\/wp-json\/wp\/v2\/media?parent=2317"}],"wp:term":[{"taxonomy":"category","embeddable":true,"href":"https:\/\/creston.com.mx\/index.php\/wp-json\/wp\/v2\/categories?post=2317"},{"taxonomy":"post_tag","embeddable":true,"href":"https:\/\/creston.com.mx\/index.php\/wp-json\/wp\/v2\/tags?post=2317"}],"curies":[{"name":"wp","href":"https:\/\/api.w.org\/{rel}","templated":true}]}}