{"id":2306,"date":"2026-01-28T20:12:00","date_gmt":"2026-01-29T02:12:00","guid":{"rendered":"https:\/\/creston.com.mx\/?p=2306"},"modified":"2026-01-29T21:50:52","modified_gmt":"2026-01-30T03:50:52","slug":"primero-la-salud-y-la-dignidad-de-los-trabajadores-de-este-sector","status":"publish","type":"post","link":"https:\/\/creston.com.mx\/index.php\/01\/primero-la-salud-y-la-dignidad-de-los-trabajadores-de-este-sector\/politica\/2026\/","title":{"rendered":"Primero la salud y la dignidad de los trabajadores de este sector"},"content":{"rendered":"\n<p>.<\/p>\n\n\n\n<p class=\"has-medium-font-size\"><strong><em>El senador Sa\u00fal Monreal \u00c1vila reafirma su compromiso con el sector salud, la estabilidad laboral y el bienestar de las familias zacatecanas.<\/em><\/strong><\/p>\n\n\n\n<p>.<\/p>\n\n\n\n<p>Ante las recientes inquietudes laborales y administrativas que han llevado a la toma de las oficinas recaudadoras como una medida desesperada de presi\u00f3n, el senador Sa\u00fal Monreal \u00c1vila, hizo un llamado respetuoso pero en\u00e9rgico a las autoridades competentes para establecer mesas de di\u00e1logo permanentes que permitan atender las demandas leg\u00edtimas del personal m\u00e9dico, de enfermer\u00eda, administrativo y operativo.<\/p>\n\n\n\n<p>Subray\u00f3 que la estabilidad laboral, el pago puntual de salarios y prestaciones, as\u00ed como condiciones dignas de trabajo, no son concesiones, sino derechos fundamentales. \u201cNo puede haber un sistema de salud fuerte si quienes lo sostienen enfrentan incertidumbre\u201d, puntualiz\u00f3.<\/p>\n\n\n\n<p>Asimismo, reiter\u00f3 su disposici\u00f3n para acompa\u00f1ar institucionalmente las gestiones necesarias ante instancias federales y estatales, con el objetivo de garantizar soluciones de fondo y no \u00fanicamente medidas temporales.<\/p>\n\n\n\n<p>Coordinaci\u00f3n Institucional para Fortalecer los Servicios de Salud. El senador Monreal, se\u00f1al\u00f3 que es momento de fortalecer la coordinaci\u00f3n entre los distintos niveles de gobierno para asegurar que los procesos de transici\u00f3n, administraci\u00f3n y operaci\u00f3n del sistema de salud se realicen con orden, transparencia y responsabilidad.<\/p>\n\n\n\n<p>Destac\u00f3 que cualquier ajuste estructural debe tener como eje central a los trabajadores y a los pacientes, priorizando la continuidad de los servicios y evitando afectaciones a la ciudadan\u00eda.<\/p>\n\n\n\n<p>Compromiso Permanente con las Familias Zacatecanas. Finalmente, el legislador reiter\u00f3 que seguir\u00e1 trabajando igual que siempre, en campo , territorio&nbsp; y obviamente en la labor pol\u00edtica, pero que no descuidar\u00e1 su labor parlamentaria seguir\u00e1 enfocada en defender los derechos sociales, impulsar presupuestos suficientes para el sector salud y vigilar que los recursos p\u00fablicos se ejerzan con eficiencia y honestidad.<\/p>\n\n\n\n<p>\u201cZacatecas necesita instituciones s\u00f3lidas y servidores p\u00fablicos comprometidos. Nuestra responsabilidad es estar del lado de quienes trabajan y del lado de la gente\u201d, concluy\u00f3.<\/p>\n\n\n\n<p>.<\/p>\n\n\n\n\n\n<p>.<\/p>\n\n\n<div class=\"wp-block-image\">\n<figure class=\"aligncenter size-large is-resized\"><img fetchpriority=\"high\" decoding=\"async\" width=\"870\" height=\"1024\" src=\"https:\/\/creston.com.mx\/wp-content\/uploads\/2025\/06\/Anuncio-salon-eventos-870x1024.jpg\" alt=\"\" class=\"wp-image-966\" style=\"aspect-ratio:0.8496112270054997;width:586px;height:auto\" srcset=\"https:\/\/creston.com.mx\/wp-content\/uploads\/2025\/06\/Anuncio-salon-eventos-870x1024.jpg 870w, https:\/\/creston.com.mx\/wp-content\/uploads\/2025\/06\/Anuncio-salon-eventos-255x300.jpg 255w, https:\/\/creston.com.mx\/wp-content\/uploads\/2025\/06\/Anuncio-salon-eventos-768x904.jpg 768w, https:\/\/creston.com.mx\/wp-content\/uploads\/2025\/06\/Anuncio-salon-eventos.jpg 1275w\" sizes=\"(max-width: 870px) 100vw, 870px\" \/><\/figure>\n<\/div>","protected":false},"excerpt":{"rendered":"<p>. El senador Sa\u00fal Monreal \u00c1vila reafirma su compromiso con el sector salud, la estabilidad laboral y el bienestar de las familias zacatecanas. . Ante las recientes inquietudes laborales y&hellip; <\/p>\n","protected":false},"author":1,"featured_media":2307,"comment_status":"open","ping_status":"closed","sticky":false,"template":"","format":"standard","meta":{"_jetpack_memberships_contains_paid_content":false,"footnotes":""},"categories":[2],"tags":[],"class_list":["post-2306","post","type-post","status-publish","format-standard","has-post-thumbnail","hentry","category-politica"],"yoast_head":"<!-- This site is optimized with the Yoast SEO plugin v24.2 - https:\/\/yoast.com\/wordpress\/plugins\/seo\/ -->\n<title>Primero la salud y la dignidad de los trabajadores de este sector - Peri\u00f3dico Digital de Zacatecas<\/title>\n<meta name=\"robots\" content=\"index, follow, max-snippet:-1, max-image-preview:large, max-video-preview:-1\" \/>\n<link rel=\"canonical\" href=\"https:\/\/creston.com.mx\/index.php\/01\/primero-la-salud-y-la-dignidad-de-los-trabajadores-de-este-sector\/politica\/2026\/\" \/>\n<meta property=\"og:locale\" content=\"es_ES\" \/>\n<meta property=\"og:type\" content=\"article\" \/>\n<meta property=\"og:title\" content=\"Primero la salud y la dignidad de los trabajadores de este sector - Peri\u00f3dico Digital de Zacatecas\" \/>\n<meta property=\"og:description\" content=\". El senador Sa\u00fal Monreal \u00c1vila reafirma su compromiso con el sector salud, la estabilidad laboral y el bienestar de las familias zacatecanas. . Ante las recientes inquietudes laborales y&hellip;\" \/>\n<meta property=\"og:url\" content=\"https:\/\/creston.com.mx\/index.php\/01\/primero-la-salud-y-la-dignidad-de-los-trabajadores-de-este-sector\/politica\/2026\/\" \/>\n<meta property=\"og:site_name\" content=\"Peri\u00f3dico Digital de Zacatecas\" \/>\n<meta property=\"article:published_time\" content=\"2026-01-29T02:12:00+00:00\" \/>\n<meta property=\"article:modified_time\" content=\"2026-01-30T03:50:52+00:00\" \/>\n<meta property=\"og:image\" content=\"https:\/\/creston.com.mx\/wp-content\/uploads\/2026\/01\/IMG-20260128-WA0056.jpg\" \/>\n\t<meta property=\"og:image:width\" content=\"1600\" \/>\n\t<meta property=\"og:image:height\" content=\"1200\" \/>\n\t<meta property=\"og:image:type\" content=\"image\/jpeg\" \/>\n<meta name=\"author\" content=\"Periodico Creston\" \/>\n<meta name=\"twitter:card\" content=\"summary_large_image\" \/>\n<meta name=\"twitter:label1\" content=\"Escrito por\" \/>\n\t<meta name=\"twitter:data1\" content=\"Periodico Creston\" \/>\n\t<meta name=\"twitter:label2\" content=\"Tiempo de lectura\" \/>\n\t<meta name=\"twitter:data2\" content=\"2 minutos\" \/>\n<script type=\"application\/ld+json\" class=\"yoast-schema-graph\">{\"@context\":\"https:\/\/schema.org\",\"@graph\":[{\"@type\":\"Article\",\"@id\":\"https:\/\/creston.com.mx\/index.php\/01\/primero-la-salud-y-la-dignidad-de-los-trabajadores-de-este-sector\/politica\/2026\/#article\",\"isPartOf\":{\"@id\":\"https:\/\/creston.com.mx\/index.php\/01\/primero-la-salud-y-la-dignidad-de-los-trabajadores-de-este-sector\/politica\/2026\/\"},\"author\":{\"name\":\"Periodico Creston\",\"@id\":\"https:\/\/creston.com.mx\/#\/schema\/person\/01f2ce9e289bc5300c759925ef768c1d\"},\"headline\":\"Primero la salud y la dignidad de los trabajadores de este sector\",\"datePublished\":\"2026-01-29T02:12:00+00:00\",\"dateModified\":\"2026-01-30T03:50:52+00:00\",\"mainEntityOfPage\":{\"@id\":\"https:\/\/creston.com.mx\/index.php\/01\/primero-la-salud-y-la-dignidad-de-los-trabajadores-de-este-sector\/politica\/2026\/\"},\"wordCount\":338,\"commentCount\":0,\"publisher\":{\"@id\":\"https:\/\/creston.com.mx\/#organization\"},\"image\":{\"@id\":\"https:\/\/creston.com.mx\/index.php\/01\/primero-la-salud-y-la-dignidad-de-los-trabajadores-de-este-sector\/politica\/2026\/#primaryimage\"},\"thumbnailUrl\":\"https:\/\/creston.com.mx\/wp-content\/uploads\/2026\/01\/IMG-20260128-WA0056.jpg\",\"articleSection\":[\"Pol\u00edtica\"],\"inLanguage\":\"es\",\"potentialAction\":[{\"@type\":\"CommentAction\",\"name\":\"Comment\",\"target\":[\"https:\/\/creston.com.mx\/index.php\/01\/primero-la-salud-y-la-dignidad-de-los-trabajadores-de-este-sector\/politica\/2026\/#respond\"]}]},{\"@type\":\"WebPage\",\"@id\":\"https:\/\/creston.com.mx\/index.php\/01\/primero-la-salud-y-la-dignidad-de-los-trabajadores-de-este-sector\/politica\/2026\/\",\"url\":\"https:\/\/creston.com.mx\/index.php\/01\/primero-la-salud-y-la-dignidad-de-los-trabajadores-de-este-sector\/politica\/2026\/\",\"name\":\"Primero la salud y la dignidad de los trabajadores de este sector - Peri\u00f3dico Digital de Zacatecas\",\"isPartOf\":{\"@id\":\"https:\/\/creston.com.mx\/#website\"},\"primaryImageOfPage\":{\"@id\":\"https:\/\/creston.com.mx\/index.php\/01\/primero-la-salud-y-la-dignidad-de-los-trabajadores-de-este-sector\/politica\/2026\/#primaryimage\"},\"image\":{\"@id\":\"https:\/\/creston.com.mx\/index.php\/01\/primero-la-salud-y-la-dignidad-de-los-trabajadores-de-este-sector\/politica\/2026\/#primaryimage\"},\"thumbnailUrl\":\"https:\/\/creston.com.mx\/wp-content\/uploads\/2026\/01\/IMG-20260128-WA0056.jpg\",\"datePublished\":\"2026-01-29T02:12:00+00:00\",\"dateModified\":\"2026-01-30T03:50:52+00:00\",\"breadcrumb\":{\"@id\":\"https:\/\/creston.com.mx\/index.php\/01\/primero-la-salud-y-la-dignidad-de-los-trabajadores-de-este-sector\/politica\/2026\/#breadcrumb\"},\"inLanguage\":\"es\",\"potentialAction\":[{\"@type\":\"ReadAction\",\"target\":[\"https:\/\/creston.com.mx\/index.php\/01\/primero-la-salud-y-la-dignidad-de-los-trabajadores-de-este-sector\/politica\/2026\/\"]}]},{\"@type\":\"ImageObject\",\"inLanguage\":\"es\",\"@id\":\"https:\/\/creston.com.mx\/index.php\/01\/primero-la-salud-y-la-dignidad-de-los-trabajadores-de-este-sector\/politica\/2026\/#primaryimage\",\"url\":\"https:\/\/creston.com.mx\/wp-content\/uploads\/2026\/01\/IMG-20260128-WA0056.jpg\",\"contentUrl\":\"https:\/\/creston.com.mx\/wp-content\/uploads\/2026\/01\/IMG-20260128-WA0056.jpg\",\"width\":1600,\"height\":1200},{\"@type\":\"BreadcrumbList\",\"@id\":\"https:\/\/creston.com.mx\/index.php\/01\/primero-la-salud-y-la-dignidad-de-los-trabajadores-de-este-sector\/politica\/2026\/#breadcrumb\",\"itemListElement\":[{\"@type\":\"ListItem\",\"position\":1,\"name\":\"Portada\",\"item\":\"https:\/\/creston.com.mx\/\"},{\"@type\":\"ListItem\",\"position\":2,\"name\":\"Primero la salud y la dignidad de los trabajadores de este sector\"}]},{\"@type\":\"WebSite\",\"@id\":\"https:\/\/creston.com.mx\/#website\",\"url\":\"https:\/\/creston.com.mx\/\",\"name\":\"Peri\u00f3dico Digital de Zacatecas\",\"description\":\"\",\"publisher\":{\"@id\":\"https:\/\/creston.com.mx\/#organization\"},\"potentialAction\":[{\"@type\":\"SearchAction\",\"target\":{\"@type\":\"EntryPoint\",\"urlTemplate\":\"https:\/\/creston.com.mx\/?s={search_term_string}\"},\"query-input\":{\"@type\":\"PropertyValueSpecification\",\"valueRequired\":true,\"valueName\":\"search_term_string\"}}],\"inLanguage\":\"es\"},{\"@type\":\"Organization\",\"@id\":\"https:\/\/creston.com.mx\/#organization\",\"name\":\"Peri\u00f3dico Digital de Zacatecas\",\"url\":\"https:\/\/creston.com.mx\/\",\"logo\":{\"@type\":\"ImageObject\",\"inLanguage\":\"es\",\"@id\":\"https:\/\/creston.com.mx\/#\/schema\/logo\/image\/\",\"url\":\"https:\/\/creston.com.mx\/wp-content\/uploads\/2026\/02\/cropped-Logo-Creston2.jpg\",\"contentUrl\":\"https:\/\/creston.com.mx\/wp-content\/uploads\/2026\/02\/cropped-Logo-Creston2.jpg\",\"width\":503,\"height\":194,\"caption\":\"Peri\u00f3dico Digital  de Zacatecas\"},\"image\":{\"@id\":\"https:\/\/creston.com.mx\/#\/schema\/logo\/image\/\"}},{\"@type\":\"Person\",\"@id\":\"https:\/\/creston.com.mx\/#\/schema\/person\/01f2ce9e289bc5300c759925ef768c1d\",\"name\":\"Periodico Creston\",\"image\":{\"@type\":\"ImageObject\",\"inLanguage\":\"es\",\"@id\":\"https:\/\/creston.com.mx\/#\/schema\/person\/image\/\",\"url\":\"https:\/\/secure.gravatar.com\/avatar\/c91eac1cf0d45897b6d294d474aa7713a194d460be0aaf72157553d050cda1c1?s=96&d=mm&r=g\",\"contentUrl\":\"https:\/\/secure.gravatar.com\/avatar\/c91eac1cf0d45897b6d294d474aa7713a194d460be0aaf72157553d050cda1c1?s=96&d=mm&r=g\",\"caption\":\"Periodico Creston\"},\"sameAs\":[\"https:\/\/creston.com.mx\"],\"url\":\"https:\/\/creston.com.mx\/index.php\/author\/cstnalja96\/\"}]}<\/script>\n<!-- \/ Yoast SEO plugin. -->","yoast_head_json":{"title":"Primero la salud y la dignidad de los trabajadores de este sector - Peri\u00f3dico Digital de Zacatecas","robots":{"index":"index","follow":"follow","max-snippet":"max-snippet:-1","max-image-preview":"max-image-preview:large","max-video-preview":"max-video-preview:-1"},"canonical":"https:\/\/creston.com.mx\/index.php\/01\/primero-la-salud-y-la-dignidad-de-los-trabajadores-de-este-sector\/politica\/2026\/","og_locale":"es_ES","og_type":"article","og_title":"Primero la salud y la dignidad de los trabajadores de este sector - Peri\u00f3dico Digital de Zacatecas","og_description":". El senador Sa\u00fal Monreal \u00c1vila reafirma su compromiso con el sector salud, la estabilidad laboral y el bienestar de las familias zacatecanas. . Ante las recientes inquietudes laborales y&hellip;","og_url":"https:\/\/creston.com.mx\/index.php\/01\/primero-la-salud-y-la-dignidad-de-los-trabajadores-de-este-sector\/politica\/2026\/","og_site_name":"Peri\u00f3dico Digital de Zacatecas","article_published_time":"2026-01-29T02:12:00+00:00","article_modified_time":"2026-01-30T03:50:52+00:00","og_image":[{"width":1600,"height":1200,"url":"https:\/\/creston.com.mx\/wp-content\/uploads\/2026\/01\/IMG-20260128-WA0056.jpg","type":"image\/jpeg"}],"author":"Periodico Creston","twitter_card":"summary_large_image","twitter_misc":{"Escrito por":"Periodico Creston","Tiempo de lectura":"2 minutos"},"schema":{"@context":"https:\/\/schema.org","@graph":[{"@type":"Article","@id":"https:\/\/creston.com.mx\/index.php\/01\/primero-la-salud-y-la-dignidad-de-los-trabajadores-de-este-sector\/politica\/2026\/#article","isPartOf":{"@id":"https:\/\/creston.com.mx\/index.php\/01\/primero-la-salud-y-la-dignidad-de-los-trabajadores-de-este-sector\/politica\/2026\/"},"author":{"name":"Periodico Creston","@id":"https:\/\/creston.com.mx\/#\/schema\/person\/01f2ce9e289bc5300c759925ef768c1d"},"headline":"Primero la salud y la dignidad de los trabajadores de este sector","datePublished":"2026-01-29T02:12:00+00:00","dateModified":"2026-01-30T03:50:52+00:00","mainEntityOfPage":{"@id":"https:\/\/creston.com.mx\/index.php\/01\/primero-la-salud-y-la-dignidad-de-los-trabajadores-de-este-sector\/politica\/2026\/"},"wordCount":338,"commentCount":0,"publisher":{"@id":"https:\/\/creston.com.mx\/#organization"},"image":{"@id":"https:\/\/creston.com.mx\/index.php\/01\/primero-la-salud-y-la-dignidad-de-los-trabajadores-de-este-sector\/politica\/2026\/#primaryimage"},"thumbnailUrl":"https:\/\/creston.com.mx\/wp-content\/uploads\/2026\/01\/IMG-20260128-WA0056.jpg","articleSection":["Pol\u00edtica"],"inLanguage":"es","potentialAction":[{"@type":"CommentAction","name":"Comment","target":["https:\/\/creston.com.mx\/index.php\/01\/primero-la-salud-y-la-dignidad-de-los-trabajadores-de-este-sector\/politica\/2026\/#respond"]}]},{"@type":"WebPage","@id":"https:\/\/creston.com.mx\/index.php\/01\/primero-la-salud-y-la-dignidad-de-los-trabajadores-de-este-sector\/politica\/2026\/","url":"https:\/\/creston.com.mx\/index.php\/01\/primero-la-salud-y-la-dignidad-de-los-trabajadores-de-este-sector\/politica\/2026\/","name":"Primero la salud y la dignidad de los trabajadores de este sector - Peri\u00f3dico Digital de Zacatecas","isPartOf":{"@id":"https:\/\/creston.com.mx\/#website"},"primaryImageOfPage":{"@id":"https:\/\/creston.com.mx\/index.php\/01\/primero-la-salud-y-la-dignidad-de-los-trabajadores-de-este-sector\/politica\/2026\/#primaryimage"},"image":{"@id":"https:\/\/creston.com.mx\/index.php\/01\/primero-la-salud-y-la-dignidad-de-los-trabajadores-de-este-sector\/politica\/2026\/#primaryimage"},"thumbnailUrl":"https:\/\/creston.com.mx\/wp-content\/uploads\/2026\/01\/IMG-20260128-WA0056.jpg","datePublished":"2026-01-29T02:12:00+00:00","dateModified":"2026-01-30T03:50:52+00:00","breadcrumb":{"@id":"https:\/\/creston.com.mx\/index.php\/01\/primero-la-salud-y-la-dignidad-de-los-trabajadores-de-este-sector\/politica\/2026\/#breadcrumb"},"inLanguage":"es","potentialAction":[{"@type":"ReadAction","target":["https:\/\/creston.com.mx\/index.php\/01\/primero-la-salud-y-la-dignidad-de-los-trabajadores-de-este-sector\/politica\/2026\/"]}]},{"@type":"ImageObject","inLanguage":"es","@id":"https:\/\/creston.com.mx\/index.php\/01\/primero-la-salud-y-la-dignidad-de-los-trabajadores-de-este-sector\/politica\/2026\/#primaryimage","url":"https:\/\/creston.com.mx\/wp-content\/uploads\/2026\/01\/IMG-20260128-WA0056.jpg","contentUrl":"https:\/\/creston.com.mx\/wp-content\/uploads\/2026\/01\/IMG-20260128-WA0056.jpg","width":1600,"height":1200},{"@type":"BreadcrumbList","@id":"https:\/\/creston.com.mx\/index.php\/01\/primero-la-salud-y-la-dignidad-de-los-trabajadores-de-este-sector\/politica\/2026\/#breadcrumb","itemListElement":[{"@type":"ListItem","position":1,"name":"Portada","item":"https:\/\/creston.com.mx\/"},{"@type":"ListItem","position":2,"name":"Primero la salud y la dignidad de los trabajadores de este sector"}]},{"@type":"WebSite","@id":"https:\/\/creston.com.mx\/#website","url":"https:\/\/creston.com.mx\/","name":"Peri\u00f3dico Digital de Zacatecas","description":"","publisher":{"@id":"https:\/\/creston.com.mx\/#organization"},"potentialAction":[{"@type":"SearchAction","target":{"@type":"EntryPoint","urlTemplate":"https:\/\/creston.com.mx\/?s={search_term_string}"},"query-input":{"@type":"PropertyValueSpecification","valueRequired":true,"valueName":"search_term_string"}}],"inLanguage":"es"},{"@type":"Organization","@id":"https:\/\/creston.com.mx\/#organization","name":"Peri\u00f3dico Digital de Zacatecas","url":"https:\/\/creston.com.mx\/","logo":{"@type":"ImageObject","inLanguage":"es","@id":"https:\/\/creston.com.mx\/#\/schema\/logo\/image\/","url":"https:\/\/creston.com.mx\/wp-content\/uploads\/2026\/02\/cropped-Logo-Creston2.jpg","contentUrl":"https:\/\/creston.com.mx\/wp-content\/uploads\/2026\/02\/cropped-Logo-Creston2.jpg","width":503,"height":194,"caption":"Peri\u00f3dico Digital  de Zacatecas"},"image":{"@id":"https:\/\/creston.com.mx\/#\/schema\/logo\/image\/"}},{"@type":"Person","@id":"https:\/\/creston.com.mx\/#\/schema\/person\/01f2ce9e289bc5300c759925ef768c1d","name":"Periodico Creston","image":{"@type":"ImageObject","inLanguage":"es","@id":"https:\/\/creston.com.mx\/#\/schema\/person\/image\/","url":"https:\/\/secure.gravatar.com\/avatar\/c91eac1cf0d45897b6d294d474aa7713a194d460be0aaf72157553d050cda1c1?s=96&d=mm&r=g","contentUrl":"https:\/\/secure.gravatar.com\/avatar\/c91eac1cf0d45897b6d294d474aa7713a194d460be0aaf72157553d050cda1c1?s=96&d=mm&r=g","caption":"Periodico Creston"},"sameAs":["https:\/\/creston.com.mx"],"url":"https:\/\/creston.com.mx\/index.php\/author\/cstnalja96\/"}]}},"jetpack_sharing_enabled":true,"jetpack_featured_media_url":"https:\/\/creston.com.mx\/wp-content\/uploads\/2026\/01\/IMG-20260128-WA0056.jpg","_links":{"self":[{"href":"https:\/\/creston.com.mx\/index.php\/wp-json\/wp\/v2\/posts\/2306","targetHints":{"allow":["GET"]}}],"collection":[{"href":"https:\/\/creston.com.mx\/index.php\/wp-json\/wp\/v2\/posts"}],"about":[{"href":"https:\/\/creston.com.mx\/index.php\/wp-json\/wp\/v2\/types\/post"}],"author":[{"embeddable":true,"href":"https:\/\/creston.com.mx\/index.php\/wp-json\/wp\/v2\/users\/1"}],"replies":[{"embeddable":true,"href":"https:\/\/creston.com.mx\/index.php\/wp-json\/wp\/v2\/comments?post=2306"}],"version-history":[{"count":1,"href":"https:\/\/creston.com.mx\/index.php\/wp-json\/wp\/v2\/posts\/2306\/revisions"}],"predecessor-version":[{"id":2308,"href":"https:\/\/creston.com.mx\/index.php\/wp-json\/wp\/v2\/posts\/2306\/revisions\/2308"}],"wp:featuredmedia":[{"embeddable":true,"href":"https:\/\/creston.com.mx\/index.php\/wp-json\/wp\/v2\/media\/2307"}],"wp:attachment":[{"href":"https:\/\/creston.com.mx\/index.php\/wp-json\/wp\/v2\/media?parent=2306"}],"wp:term":[{"taxonomy":"category","embeddable":true,"href":"https:\/\/creston.com.mx\/index.php\/wp-json\/wp\/v2\/categories?post=2306"},{"taxonomy":"post_tag","embeddable":true,"href":"https:\/\/creston.com.mx\/index.php\/wp-json\/wp\/v2\/tags?post=2306"}],"curies":[{"name":"wp","href":"https:\/\/api.w.org\/{rel}","templated":true}]}}