{"id":2294,"date":"2026-01-28T20:15:00","date_gmt":"2026-01-29T02:15:00","guid":{"rendered":"https:\/\/creston.com.mx\/?p=2294"},"modified":"2026-01-29T21:50:20","modified_gmt":"2026-01-30T03:50:20","slug":"se-incrementaron-las-denuncias-un-9-por-ciento-respecto-al-ano-anterior","status":"publish","type":"post","link":"https:\/\/creston.com.mx\/index.php\/01\/se-incrementaron-las-denuncias-un-9-por-ciento-respecto-al-ano-anterior\/informacion-general\/2026\/","title":{"rendered":"Se incrementaron las denuncias un 9 por ciento respecto al a\u00f1o anterior"},"content":{"rendered":"\n<p>.<\/p>\n\n\n\n<p class=\"has-medium-font-size\"><strong>Informe de Actividades 2025 de la CDHEZ refleja mayor confianza ciudadana y fortalecimiento institucional<\/strong>.<\/p>\n\n\n\n<p>.<\/p>\n\n\n\n<p>La Dra. Maricela Dimas Reveles, Presidenta de la Comisi\u00f3n de Derechos Humanos del Estado de Zacatecas (CDHEZ) present\u00f3 su Tercer Informe de Actividades correspondiente al a\u00f1o 2025 al frente al Organismo, como un ejercicio de rendici\u00f3n de cuentas, transparencia y di\u00e1logo democr\u00e1tico, mediante el cual se dio cuenta de los avances, retos y resultados alcanzados en la defensa, protecci\u00f3n y promoci\u00f3n de los derechos humanos en la entidad.<\/p>\n\n\n\n<p>Dimas Reveles asegur\u00f3 que el 2025 represent\u00f3 la consolidaci\u00f3n de un ciclo de trabajo institucional iniciado en 2023, caracterizado por una planeaci\u00f3n estrat\u00e9gica orientada a resultados, por la profesionalizaci\u00f3n constante del personal y por una pol\u00edtica de derechos humanos centrada en las personas.<\/p>\n\n\n\n<p>La Ombudsperson indic\u00f3 que, de acuerdo con el Censo Nacional de Derechos Humanos Federal y Estatal del Instituto Nacional de Estad\u00edstica y Geograf\u00eda (INEGI), los resultados obtenidos durante los primeros tres a\u00f1os de su gesti\u00f3n posicionaron a la instituci\u00f3n como uno de los organismos p\u00fablicos con mayor despliegue operativo a nivel nacional, ubicando a Zacatecas entre las diez entidades con m\u00e1s servicios de atenci\u00f3n en el pa\u00eds, gracias al volumen de trabajo de campo y a su estructura organizacional.<\/p>\n\n\n\n<p>En el uso de la voz, el Mtro. Armando \u00c1valos Arellano, Coordinador General Jur\u00eddico, en representaci\u00f3n del Poder Ejecutivo, reconoci\u00f3 la labor de la Presidenta de la CDHEZ y su equipo de trabajo, porque detras de cada expediente hay personas que esperan una respuesta del Organismo Defensor de los Derechos Humanos.<\/p>\n\n\n<div class=\"wp-block-image\">\n<figure class=\"alignleft size-large is-resized\"><img fetchpriority=\"high\" decoding=\"async\" width=\"1024\" height=\"682\" src=\"https:\/\/creston.com.mx\/wp-content\/uploads\/2026\/01\/CDHEZ-01-26-5-1-1024x682.jpeg\" alt=\"\" class=\"wp-image-2299\" style=\"aspect-ratio:1.5014984159602707;width:583px;height:auto\" srcset=\"https:\/\/creston.com.mx\/wp-content\/uploads\/2026\/01\/CDHEZ-01-26-5-1-1024x682.jpeg 1024w, https:\/\/creston.com.mx\/wp-content\/uploads\/2026\/01\/CDHEZ-01-26-5-1-300x200.jpeg 300w, https:\/\/creston.com.mx\/wp-content\/uploads\/2026\/01\/CDHEZ-01-26-5-1-768x511.jpeg 768w, https:\/\/creston.com.mx\/wp-content\/uploads\/2026\/01\/CDHEZ-01-26-5-1.jpeg 1280w\" sizes=\"(max-width: 1024px) 100vw, 1024px\" \/><\/figure>\n<\/div>\n\n\n<p>\u00c1valos Arellano indic\u00f3 que este informe confirma que en Zacatecas, los derechos humanos est\u00e1n en todos los lugares, en la atenci\u00f3n directa, en el seguimiento a cada queja y en el acompa\u00f1amiento de quienes buscan a sus seres queridos, por lo que llam\u00f3 a los presentes a seguir trabajando para que la dignidad se la regla y nunca la excepci\u00f3n.<\/p>\n\n\n\n<p>Por su parte, la Diputada Georgia Fernanda Miranda Herrera, Presidenta de la Comisi\u00f3n de Derechos Humanos de la Sexag\u00e9sima Quinta Legislatura del Estado, resalt\u00f3 la labor del organismo, y por el especial inter\u00e9s en el seguimiento de expedientes, porque cuando un caso no se atiende o se queda archivado, se vuelve letra muerta.<\/p>\n\n\n\n<p>Durante el evento, se otorg\u00f3 un reconocimiento post mortem al Dr. Jaime Alfonso Cervantes Dur\u00e1n, por su trayectoria y compromiso con el servicio p\u00fablico, en el marco del 33 Aniversario de la creaci\u00f3n de la Comisi\u00f3n de Derechos Humanos del Estado de Zacatecas, al ser el primer Ombudsperson en la entidad.<\/p>\n\n\n\n<p>En el evento se cont\u00f3 con la presencia del Magistrado Carlos Villegas M\u00e1rquez, Presidente del Tribunal Superior de Justicia del Estado de Zacatecas (TSJEZ); el Mtro. Cristian Paul Camacho Osnaya, Fiscal General de Justicia del Estado y el Mtro. Francisco Fernando Torres Mireles, Consejero Consultivo de la CDHEZ.<\/p>\n\n\n\n<p><strong><em>M\u00e1s capacitaci\u00f3n y presencia territorial<\/em><\/strong><\/p>\n\n\n\n<p>En materia de promoci\u00f3n, capacitaci\u00f3n y cultura de paz, la Comisi\u00f3n inform\u00f3 que durante 2025 se firmaron 29 convenios de colaboraci\u00f3n con instituciones p\u00fablicas, educativas, empresas y organizaciones de la sociedad civil, mismos que tuvieron como resultado un total de 44 mil 232 personas capacitadas en todo el estado, lo que representa un incremento del 66 por ciento respecto a los tres a\u00f1os anteriores inmediatos.<\/p>\n\n\n<div class=\"wp-block-image\">\n<figure class=\"alignright size-large is-resized\"><img decoding=\"async\" width=\"1024\" height=\"697\" src=\"https:\/\/creston.com.mx\/wp-content\/uploads\/2026\/01\/DSCN9997-1024x697.jpg\" alt=\"\" class=\"wp-image-2295\" style=\"aspect-ratio:1.4691689008042896;width:540px;height:auto\" srcset=\"https:\/\/creston.com.mx\/wp-content\/uploads\/2026\/01\/DSCN9997-1024x697.jpg 1024w, https:\/\/creston.com.mx\/wp-content\/uploads\/2026\/01\/DSCN9997-300x204.jpg 300w, https:\/\/creston.com.mx\/wp-content\/uploads\/2026\/01\/DSCN9997-768x523.jpg 768w, https:\/\/creston.com.mx\/wp-content\/uploads\/2026\/01\/DSCN9997-1536x1046.jpg 1536w, https:\/\/creston.com.mx\/wp-content\/uploads\/2026\/01\/DSCN9997-2048x1395.jpg 2048w\" sizes=\"(max-width: 1024px) 100vw, 1024px\" \/><\/figure>\n<\/div>\n\n\n<p>Asimismo, se realizaron Ferias y Jornadas de Educaci\u00f3n en Derechos Humanos en diversos municipios y se llev\u00f3 a cabo el Congreso Nacional \u201cLos Derechos de las Infancias y Adolescencias en los entornos digitales\u201d, con la participaci\u00f3n de organismos nacionales e internacionales.<\/p>\n\n\n\n<p>Durante este periodo tambi\u00e9n se consolidaron diversos mecanismos de monitoreo, entre ellos el de los derechos de las personas de la comunidad LGBTTTIQ+, el Mecanismo Ciudadano para la Prevenci\u00f3n de la Violencia y el Suicidio y el Mecanismo Independiente de Monitoreo Estatal de la Convenci\u00f3n sobre los Derechos de las Personas con Discapacidad.<\/p>\n\n\n\n<p><strong><em>Incremento en atenci\u00f3n y quejas<\/em><\/strong><\/p>\n\n\n\n<p>En el rubro de garant\u00eda y defensa de los derechos humanos, la CDHEZ report\u00f3 la apertura de 5 mil 396 expedientes durante 2025, de los cuales 2 mil 842 correspondieron a asesor\u00edas, mil 32 a quejas y mil 522 a gestiones. Esta cifra representa un incremento del 9 por ciento en comparaci\u00f3n con el a\u00f1o anterior. De manera espec\u00edfica, las quejas aumentaron un 33.9 por ciento respecto a los tres a\u00f1os inmediatos anteriores, lo que, de acuerdo con la Comisi\u00f3n, refleja una mayor confianza ciudadana y un mayor conocimiento del papel del organismo.<\/p>\n\n\n<div class=\"wp-block-image\">\n<figure class=\"alignright size-large is-resized\"><img decoding=\"async\" width=\"1024\" height=\"768\" src=\"https:\/\/creston.com.mx\/wp-content\/uploads\/2026\/01\/DSCN0006-1024x768.jpg\" alt=\"\" class=\"wp-image-2297\" style=\"width:572px;height:auto\" srcset=\"https:\/\/creston.com.mx\/wp-content\/uploads\/2026\/01\/DSCN0006-1024x768.jpg 1024w, https:\/\/creston.com.mx\/wp-content\/uploads\/2026\/01\/DSCN0006-300x225.jpg 300w, https:\/\/creston.com.mx\/wp-content\/uploads\/2026\/01\/DSCN0006-768x576.jpg 768w, https:\/\/creston.com.mx\/wp-content\/uploads\/2026\/01\/DSCN0006-1536x1152.jpg 1536w, https:\/\/creston.com.mx\/wp-content\/uploads\/2026\/01\/DSCN0006-2048x1536.jpg 2048w\" sizes=\"(max-width: 1024px) 100vw, 1024px\" \/><\/figure>\n<\/div>\n\n\n<p>Asimismo, se inform\u00f3 que se logr\u00f3 el cumplimiento del 100 por ciento de m\u00e1s de 606 expedientes rezagados de resoluciones emitidas en administraciones anteriores, as\u00ed como la sanci\u00f3n de 573 servidores p\u00fablicos en el periodo 2023\u20132025, lo que representa un incremento del 116 por ciento respecto a los tres a\u00f1os previos.<\/p>\n\n\n\n<p><strong><em>Observancia y acompa\u00f1amiento a v\u00edctimas<\/em><\/strong><\/p>\n\n\n\n<p>En materia de observancia de los derechos humanos, durante 2025 se realizaron 818 acciones relacionadas con personas privadas de la libertad, adem\u00e1s del cumplimiento del 100 por ciento de las supervisiones a centros penitenciarios y separos preventivos.<\/p>\n\n\n\n<p>La Comisi\u00f3n tambi\u00e9n acompa\u00f1\u00f3 a familias de personas desaparecidas en diversas jornadas de b\u00fasqueda en municipios del estado, as\u00ed como en jornadas de revisi\u00f3n de carpetas de investigaci\u00f3n en coordinaci\u00f3n con autoridades estatales.<\/p>\n\n\n\n<p>A trav\u00e9s de la Unidad de Atenci\u00f3n a V\u00edctimas, se beneficiaron a mil 325 personas mediante atenci\u00f3n directa, asesor\u00edas, dict\u00e1menes psicol\u00f3gicos y acciones preventivas en instituciones educativas y espacios de atenci\u00f3n social. Asimismo, la CDHEZ particip\u00f3 como observadora en manifestaciones a petici\u00f3n expresa, para garantizar el derecho a la libre expresi\u00f3n.<\/p>\n\n\n\n<p>.<\/p>\n\n\n","protected":false},"excerpt":{"rendered":"<p>. Informe de Actividades 2025 de la CDHEZ refleja mayor confianza ciudadana y fortalecimiento institucional. . La Dra. Maricela Dimas Reveles, Presidenta de la Comisi\u00f3n de Derechos Humanos del Estado&hellip; <\/p>\n","protected":false},"author":1,"featured_media":2298,"comment_status":"open","ping_status":"closed","sticky":false,"template":"","format":"standard","meta":{"_jetpack_memberships_contains_paid_content":false,"footnotes":""},"categories":[4],"tags":[],"class_list":["post-2294","post","type-post","status-publish","format-standard","has-post-thumbnail","hentry","category-informacion-general"],"yoast_head":"<!-- This site is optimized with the Yoast SEO plugin v24.2 - https:\/\/yoast.com\/wordpress\/plugins\/seo\/ -->\n<title>Se incrementaron las denuncias un 9 por ciento respecto al a\u00f1o anterior - Peri\u00f3dico Digital de Zacatecas<\/title>\n<meta name=\"robots\" content=\"index, follow, max-snippet:-1, max-image-preview:large, max-video-preview:-1\" \/>\n<link rel=\"canonical\" href=\"https:\/\/creston.com.mx\/index.php\/01\/se-incrementaron-las-denuncias-un-9-por-ciento-respecto-al-ano-anterior\/informacion-general\/2026\/\" \/>\n<meta property=\"og:locale\" content=\"es_ES\" \/>\n<meta property=\"og:type\" content=\"article\" \/>\n<meta property=\"og:title\" content=\"Se incrementaron las denuncias un 9 por ciento respecto al a\u00f1o anterior - Peri\u00f3dico Digital de Zacatecas\" \/>\n<meta property=\"og:description\" content=\". Informe de Actividades 2025 de la CDHEZ refleja mayor confianza ciudadana y fortalecimiento institucional. . La Dra. Maricela Dimas Reveles, Presidenta de la Comisi\u00f3n de Derechos Humanos del Estado&hellip;\" \/>\n<meta property=\"og:url\" content=\"https:\/\/creston.com.mx\/index.php\/01\/se-incrementaron-las-denuncias-un-9-por-ciento-respecto-al-ano-anterior\/informacion-general\/2026\/\" \/>\n<meta property=\"og:site_name\" content=\"Peri\u00f3dico Digital de Zacatecas\" \/>\n<meta property=\"article:published_time\" content=\"2026-01-29T02:15:00+00:00\" \/>\n<meta property=\"article:modified_time\" content=\"2026-01-30T03:50:20+00:00\" \/>\n<meta property=\"og:image\" content=\"https:\/\/creston.com.mx\/wp-content\/uploads\/2026\/01\/CDHEZ-01-26-6.jpeg\" \/>\n\t<meta property=\"og:image:width\" content=\"1280\" \/>\n\t<meta property=\"og:image:height\" content=\"852\" \/>\n\t<meta property=\"og:image:type\" content=\"image\/jpeg\" \/>\n<meta name=\"author\" content=\"Periodico Creston\" \/>\n<meta name=\"twitter:card\" content=\"summary_large_image\" \/>\n<meta name=\"twitter:label1\" content=\"Escrito por\" \/>\n\t<meta name=\"twitter:data1\" content=\"Periodico Creston\" \/>\n\t<meta name=\"twitter:label2\" content=\"Tiempo de lectura\" \/>\n\t<meta name=\"twitter:data2\" content=\"5 minutos\" \/>\n<script type=\"application\/ld+json\" class=\"yoast-schema-graph\">{\"@context\":\"https:\/\/schema.org\",\"@graph\":[{\"@type\":\"Article\",\"@id\":\"https:\/\/creston.com.mx\/index.php\/01\/se-incrementaron-las-denuncias-un-9-por-ciento-respecto-al-ano-anterior\/informacion-general\/2026\/#article\",\"isPartOf\":{\"@id\":\"https:\/\/creston.com.mx\/index.php\/01\/se-incrementaron-las-denuncias-un-9-por-ciento-respecto-al-ano-anterior\/informacion-general\/2026\/\"},\"author\":{\"name\":\"Periodico Creston\",\"@id\":\"https:\/\/creston.com.mx\/#\/schema\/person\/01f2ce9e289bc5300c759925ef768c1d\"},\"headline\":\"Se incrementaron las denuncias un 9 por ciento respecto al a\u00f1o anterior\",\"datePublished\":\"2026-01-29T02:15:00+00:00\",\"dateModified\":\"2026-01-30T03:50:20+00:00\",\"mainEntityOfPage\":{\"@id\":\"https:\/\/creston.com.mx\/index.php\/01\/se-incrementaron-las-denuncias-un-9-por-ciento-respecto-al-ano-anterior\/informacion-general\/2026\/\"},\"wordCount\":969,\"commentCount\":0,\"publisher\":{\"@id\":\"https:\/\/creston.com.mx\/#organization\"},\"image\":{\"@id\":\"https:\/\/creston.com.mx\/index.php\/01\/se-incrementaron-las-denuncias-un-9-por-ciento-respecto-al-ano-anterior\/informacion-general\/2026\/#primaryimage\"},\"thumbnailUrl\":\"https:\/\/creston.com.mx\/wp-content\/uploads\/2026\/01\/CDHEZ-01-26-6.jpeg\",\"articleSection\":[\"Informaci\u00f3n General\"],\"inLanguage\":\"es\",\"potentialAction\":[{\"@type\":\"CommentAction\",\"name\":\"Comment\",\"target\":[\"https:\/\/creston.com.mx\/index.php\/01\/se-incrementaron-las-denuncias-un-9-por-ciento-respecto-al-ano-anterior\/informacion-general\/2026\/#respond\"]}]},{\"@type\":\"WebPage\",\"@id\":\"https:\/\/creston.com.mx\/index.php\/01\/se-incrementaron-las-denuncias-un-9-por-ciento-respecto-al-ano-anterior\/informacion-general\/2026\/\",\"url\":\"https:\/\/creston.com.mx\/index.php\/01\/se-incrementaron-las-denuncias-un-9-por-ciento-respecto-al-ano-anterior\/informacion-general\/2026\/\",\"name\":\"Se incrementaron las denuncias un 9 por ciento respecto al a\u00f1o anterior - Peri\u00f3dico Digital de Zacatecas\",\"isPartOf\":{\"@id\":\"https:\/\/creston.com.mx\/#website\"},\"primaryImageOfPage\":{\"@id\":\"https:\/\/creston.com.mx\/index.php\/01\/se-incrementaron-las-denuncias-un-9-por-ciento-respecto-al-ano-anterior\/informacion-general\/2026\/#primaryimage\"},\"image\":{\"@id\":\"https:\/\/creston.com.mx\/index.php\/01\/se-incrementaron-las-denuncias-un-9-por-ciento-respecto-al-ano-anterior\/informacion-general\/2026\/#primaryimage\"},\"thumbnailUrl\":\"https:\/\/creston.com.mx\/wp-content\/uploads\/2026\/01\/CDHEZ-01-26-6.jpeg\",\"datePublished\":\"2026-01-29T02:15:00+00:00\",\"dateModified\":\"2026-01-30T03:50:20+00:00\",\"breadcrumb\":{\"@id\":\"https:\/\/creston.com.mx\/index.php\/01\/se-incrementaron-las-denuncias-un-9-por-ciento-respecto-al-ano-anterior\/informacion-general\/2026\/#breadcrumb\"},\"inLanguage\":\"es\",\"potentialAction\":[{\"@type\":\"ReadAction\",\"target\":[\"https:\/\/creston.com.mx\/index.php\/01\/se-incrementaron-las-denuncias-un-9-por-ciento-respecto-al-ano-anterior\/informacion-general\/2026\/\"]}]},{\"@type\":\"ImageObject\",\"inLanguage\":\"es\",\"@id\":\"https:\/\/creston.com.mx\/index.php\/01\/se-incrementaron-las-denuncias-un-9-por-ciento-respecto-al-ano-anterior\/informacion-general\/2026\/#primaryimage\",\"url\":\"https:\/\/creston.com.mx\/wp-content\/uploads\/2026\/01\/CDHEZ-01-26-6.jpeg\",\"contentUrl\":\"https:\/\/creston.com.mx\/wp-content\/uploads\/2026\/01\/CDHEZ-01-26-6.jpeg\",\"width\":1280,\"height\":852},{\"@type\":\"BreadcrumbList\",\"@id\":\"https:\/\/creston.com.mx\/index.php\/01\/se-incrementaron-las-denuncias-un-9-por-ciento-respecto-al-ano-anterior\/informacion-general\/2026\/#breadcrumb\",\"itemListElement\":[{\"@type\":\"ListItem\",\"position\":1,\"name\":\"Portada\",\"item\":\"https:\/\/creston.com.mx\/\"},{\"@type\":\"ListItem\",\"position\":2,\"name\":\"Se incrementaron las denuncias un 9 por ciento respecto al a\u00f1o anterior\"}]},{\"@type\":\"WebSite\",\"@id\":\"https:\/\/creston.com.mx\/#website\",\"url\":\"https:\/\/creston.com.mx\/\",\"name\":\"Peri\u00f3dico Digital de Zacatecas\",\"description\":\"\",\"publisher\":{\"@id\":\"https:\/\/creston.com.mx\/#organization\"},\"potentialAction\":[{\"@type\":\"SearchAction\",\"target\":{\"@type\":\"EntryPoint\",\"urlTemplate\":\"https:\/\/creston.com.mx\/?s={search_term_string}\"},\"query-input\":{\"@type\":\"PropertyValueSpecification\",\"valueRequired\":true,\"valueName\":\"search_term_string\"}}],\"inLanguage\":\"es\"},{\"@type\":\"Organization\",\"@id\":\"https:\/\/creston.com.mx\/#organization\",\"name\":\"Peri\u00f3dico Digital de Zacatecas\",\"url\":\"https:\/\/creston.com.mx\/\",\"logo\":{\"@type\":\"ImageObject\",\"inLanguage\":\"es\",\"@id\":\"https:\/\/creston.com.mx\/#\/schema\/logo\/image\/\",\"url\":\"https:\/\/creston.com.mx\/wp-content\/uploads\/2026\/02\/cropped-Logo-Creston2.jpg\",\"contentUrl\":\"https:\/\/creston.com.mx\/wp-content\/uploads\/2026\/02\/cropped-Logo-Creston2.jpg\",\"width\":503,\"height\":194,\"caption\":\"Peri\u00f3dico Digital  de Zacatecas\"},\"image\":{\"@id\":\"https:\/\/creston.com.mx\/#\/schema\/logo\/image\/\"}},{\"@type\":\"Person\",\"@id\":\"https:\/\/creston.com.mx\/#\/schema\/person\/01f2ce9e289bc5300c759925ef768c1d\",\"name\":\"Periodico Creston\",\"image\":{\"@type\":\"ImageObject\",\"inLanguage\":\"es\",\"@id\":\"https:\/\/creston.com.mx\/#\/schema\/person\/image\/\",\"url\":\"https:\/\/secure.gravatar.com\/avatar\/c91eac1cf0d45897b6d294d474aa7713a194d460be0aaf72157553d050cda1c1?s=96&d=mm&r=g\",\"contentUrl\":\"https:\/\/secure.gravatar.com\/avatar\/c91eac1cf0d45897b6d294d474aa7713a194d460be0aaf72157553d050cda1c1?s=96&d=mm&r=g\",\"caption\":\"Periodico Creston\"},\"sameAs\":[\"https:\/\/creston.com.mx\"],\"url\":\"https:\/\/creston.com.mx\/index.php\/author\/cstnalja96\/\"}]}<\/script>\n<!-- \/ Yoast SEO plugin. -->","yoast_head_json":{"title":"Se incrementaron las denuncias un 9 por ciento respecto al a\u00f1o anterior - Peri\u00f3dico Digital de Zacatecas","robots":{"index":"index","follow":"follow","max-snippet":"max-snippet:-1","max-image-preview":"max-image-preview:large","max-video-preview":"max-video-preview:-1"},"canonical":"https:\/\/creston.com.mx\/index.php\/01\/se-incrementaron-las-denuncias-un-9-por-ciento-respecto-al-ano-anterior\/informacion-general\/2026\/","og_locale":"es_ES","og_type":"article","og_title":"Se incrementaron las denuncias un 9 por ciento respecto al a\u00f1o anterior - Peri\u00f3dico Digital de Zacatecas","og_description":". Informe de Actividades 2025 de la CDHEZ refleja mayor confianza ciudadana y fortalecimiento institucional. . La Dra. Maricela Dimas Reveles, Presidenta de la Comisi\u00f3n de Derechos Humanos del Estado&hellip;","og_url":"https:\/\/creston.com.mx\/index.php\/01\/se-incrementaron-las-denuncias-un-9-por-ciento-respecto-al-ano-anterior\/informacion-general\/2026\/","og_site_name":"Peri\u00f3dico Digital de Zacatecas","article_published_time":"2026-01-29T02:15:00+00:00","article_modified_time":"2026-01-30T03:50:20+00:00","og_image":[{"width":1280,"height":852,"url":"https:\/\/creston.com.mx\/wp-content\/uploads\/2026\/01\/CDHEZ-01-26-6.jpeg","type":"image\/jpeg"}],"author":"Periodico Creston","twitter_card":"summary_large_image","twitter_misc":{"Escrito por":"Periodico Creston","Tiempo de lectura":"5 minutos"},"schema":{"@context":"https:\/\/schema.org","@graph":[{"@type":"Article","@id":"https:\/\/creston.com.mx\/index.php\/01\/se-incrementaron-las-denuncias-un-9-por-ciento-respecto-al-ano-anterior\/informacion-general\/2026\/#article","isPartOf":{"@id":"https:\/\/creston.com.mx\/index.php\/01\/se-incrementaron-las-denuncias-un-9-por-ciento-respecto-al-ano-anterior\/informacion-general\/2026\/"},"author":{"name":"Periodico Creston","@id":"https:\/\/creston.com.mx\/#\/schema\/person\/01f2ce9e289bc5300c759925ef768c1d"},"headline":"Se incrementaron las denuncias un 9 por ciento respecto al a\u00f1o anterior","datePublished":"2026-01-29T02:15:00+00:00","dateModified":"2026-01-30T03:50:20+00:00","mainEntityOfPage":{"@id":"https:\/\/creston.com.mx\/index.php\/01\/se-incrementaron-las-denuncias-un-9-por-ciento-respecto-al-ano-anterior\/informacion-general\/2026\/"},"wordCount":969,"commentCount":0,"publisher":{"@id":"https:\/\/creston.com.mx\/#organization"},"image":{"@id":"https:\/\/creston.com.mx\/index.php\/01\/se-incrementaron-las-denuncias-un-9-por-ciento-respecto-al-ano-anterior\/informacion-general\/2026\/#primaryimage"},"thumbnailUrl":"https:\/\/creston.com.mx\/wp-content\/uploads\/2026\/01\/CDHEZ-01-26-6.jpeg","articleSection":["Informaci\u00f3n General"],"inLanguage":"es","potentialAction":[{"@type":"CommentAction","name":"Comment","target":["https:\/\/creston.com.mx\/index.php\/01\/se-incrementaron-las-denuncias-un-9-por-ciento-respecto-al-ano-anterior\/informacion-general\/2026\/#respond"]}]},{"@type":"WebPage","@id":"https:\/\/creston.com.mx\/index.php\/01\/se-incrementaron-las-denuncias-un-9-por-ciento-respecto-al-ano-anterior\/informacion-general\/2026\/","url":"https:\/\/creston.com.mx\/index.php\/01\/se-incrementaron-las-denuncias-un-9-por-ciento-respecto-al-ano-anterior\/informacion-general\/2026\/","name":"Se incrementaron las denuncias un 9 por ciento respecto al a\u00f1o anterior - Peri\u00f3dico Digital de Zacatecas","isPartOf":{"@id":"https:\/\/creston.com.mx\/#website"},"primaryImageOfPage":{"@id":"https:\/\/creston.com.mx\/index.php\/01\/se-incrementaron-las-denuncias-un-9-por-ciento-respecto-al-ano-anterior\/informacion-general\/2026\/#primaryimage"},"image":{"@id":"https:\/\/creston.com.mx\/index.php\/01\/se-incrementaron-las-denuncias-un-9-por-ciento-respecto-al-ano-anterior\/informacion-general\/2026\/#primaryimage"},"thumbnailUrl":"https:\/\/creston.com.mx\/wp-content\/uploads\/2026\/01\/CDHEZ-01-26-6.jpeg","datePublished":"2026-01-29T02:15:00+00:00","dateModified":"2026-01-30T03:50:20+00:00","breadcrumb":{"@id":"https:\/\/creston.com.mx\/index.php\/01\/se-incrementaron-las-denuncias-un-9-por-ciento-respecto-al-ano-anterior\/informacion-general\/2026\/#breadcrumb"},"inLanguage":"es","potentialAction":[{"@type":"ReadAction","target":["https:\/\/creston.com.mx\/index.php\/01\/se-incrementaron-las-denuncias-un-9-por-ciento-respecto-al-ano-anterior\/informacion-general\/2026\/"]}]},{"@type":"ImageObject","inLanguage":"es","@id":"https:\/\/creston.com.mx\/index.php\/01\/se-incrementaron-las-denuncias-un-9-por-ciento-respecto-al-ano-anterior\/informacion-general\/2026\/#primaryimage","url":"https:\/\/creston.com.mx\/wp-content\/uploads\/2026\/01\/CDHEZ-01-26-6.jpeg","contentUrl":"https:\/\/creston.com.mx\/wp-content\/uploads\/2026\/01\/CDHEZ-01-26-6.jpeg","width":1280,"height":852},{"@type":"BreadcrumbList","@id":"https:\/\/creston.com.mx\/index.php\/01\/se-incrementaron-las-denuncias-un-9-por-ciento-respecto-al-ano-anterior\/informacion-general\/2026\/#breadcrumb","itemListElement":[{"@type":"ListItem","position":1,"name":"Portada","item":"https:\/\/creston.com.mx\/"},{"@type":"ListItem","position":2,"name":"Se incrementaron las denuncias un 9 por ciento respecto al a\u00f1o anterior"}]},{"@type":"WebSite","@id":"https:\/\/creston.com.mx\/#website","url":"https:\/\/creston.com.mx\/","name":"Peri\u00f3dico Digital de Zacatecas","description":"","publisher":{"@id":"https:\/\/creston.com.mx\/#organization"},"potentialAction":[{"@type":"SearchAction","target":{"@type":"EntryPoint","urlTemplate":"https:\/\/creston.com.mx\/?s={search_term_string}"},"query-input":{"@type":"PropertyValueSpecification","valueRequired":true,"valueName":"search_term_string"}}],"inLanguage":"es"},{"@type":"Organization","@id":"https:\/\/creston.com.mx\/#organization","name":"Peri\u00f3dico Digital de Zacatecas","url":"https:\/\/creston.com.mx\/","logo":{"@type":"ImageObject","inLanguage":"es","@id":"https:\/\/creston.com.mx\/#\/schema\/logo\/image\/","url":"https:\/\/creston.com.mx\/wp-content\/uploads\/2026\/02\/cropped-Logo-Creston2.jpg","contentUrl":"https:\/\/creston.com.mx\/wp-content\/uploads\/2026\/02\/cropped-Logo-Creston2.jpg","width":503,"height":194,"caption":"Peri\u00f3dico Digital  de Zacatecas"},"image":{"@id":"https:\/\/creston.com.mx\/#\/schema\/logo\/image\/"}},{"@type":"Person","@id":"https:\/\/creston.com.mx\/#\/schema\/person\/01f2ce9e289bc5300c759925ef768c1d","name":"Periodico Creston","image":{"@type":"ImageObject","inLanguage":"es","@id":"https:\/\/creston.com.mx\/#\/schema\/person\/image\/","url":"https:\/\/secure.gravatar.com\/avatar\/c91eac1cf0d45897b6d294d474aa7713a194d460be0aaf72157553d050cda1c1?s=96&d=mm&r=g","contentUrl":"https:\/\/secure.gravatar.com\/avatar\/c91eac1cf0d45897b6d294d474aa7713a194d460be0aaf72157553d050cda1c1?s=96&d=mm&r=g","caption":"Periodico Creston"},"sameAs":["https:\/\/creston.com.mx"],"url":"https:\/\/creston.com.mx\/index.php\/author\/cstnalja96\/"}]}},"jetpack_sharing_enabled":true,"jetpack_featured_media_url":"https:\/\/creston.com.mx\/wp-content\/uploads\/2026\/01\/CDHEZ-01-26-6.jpeg","_links":{"self":[{"href":"https:\/\/creston.com.mx\/index.php\/wp-json\/wp\/v2\/posts\/2294","targetHints":{"allow":["GET"]}}],"collection":[{"href":"https:\/\/creston.com.mx\/index.php\/wp-json\/wp\/v2\/posts"}],"about":[{"href":"https:\/\/creston.com.mx\/index.php\/wp-json\/wp\/v2\/types\/post"}],"author":[{"embeddable":true,"href":"https:\/\/creston.com.mx\/index.php\/wp-json\/wp\/v2\/users\/1"}],"replies":[{"embeddable":true,"href":"https:\/\/creston.com.mx\/index.php\/wp-json\/wp\/v2\/comments?post=2294"}],"version-history":[{"count":1,"href":"https:\/\/creston.com.mx\/index.php\/wp-json\/wp\/v2\/posts\/2294\/revisions"}],"predecessor-version":[{"id":2300,"href":"https:\/\/creston.com.mx\/index.php\/wp-json\/wp\/v2\/posts\/2294\/revisions\/2300"}],"wp:featuredmedia":[{"embeddable":true,"href":"https:\/\/creston.com.mx\/index.php\/wp-json\/wp\/v2\/media\/2298"}],"wp:attachment":[{"href":"https:\/\/creston.com.mx\/index.php\/wp-json\/wp\/v2\/media?parent=2294"}],"wp:term":[{"taxonomy":"category","embeddable":true,"href":"https:\/\/creston.com.mx\/index.php\/wp-json\/wp\/v2\/categories?post=2294"},{"taxonomy":"post_tag","embeddable":true,"href":"https:\/\/creston.com.mx\/index.php\/wp-json\/wp\/v2\/tags?post=2294"}],"curies":[{"name":"wp","href":"https:\/\/api.w.org\/{rel}","templated":true}]}}