{"id":2291,"date":"2026-01-27T20:50:00","date_gmt":"2026-01-28T02:50:00","guid":{"rendered":"https:\/\/creston.com.mx\/?p=2291"},"modified":"2026-01-29T11:53:57","modified_gmt":"2026-01-29T17:53:57","slug":"se-agudiza-la-crisis-en-salud-pri","status":"publish","type":"post","link":"https:\/\/creston.com.mx\/index.php\/01\/se-agudiza-la-crisis-en-salud-pri\/informacion-general\/2026\/","title":{"rendered":"Se agudiza la crisis en salud: PRI"},"content":{"rendered":"\n<p>.<\/p>\n\n\n\n<p class=\"has-medium-font-size\"><strong><em>Mientras Morena presenta sus \u201ccarritos del bienestar\u201d, las y los mexicanos padecen la falta de medicamentos en hospitales.<\/em><\/strong><\/p>\n\n\n\n<p>.<\/p>\n\n\n\n<p>El Delegado General del CEN del PRI en Zacatecas, Jos\u00e9 Marco Antonio Olvera Acevedo asever\u00f3 que el gobierno federal ha destacado por un desastroso manejo de la salud p\u00fablica, en la que se ha evidenciado la falta de una pol\u00edtica de vacunaci\u00f3n que ha derivado en diversas afectaciones a la salud de las y los mexicanos, como el m\u00e1s reciente brote de sarampi\u00f3n.<\/p>\n\n\n\n<p>Subray\u00f3 que el gobierno de Claudia Sheinbaum se ha destacado por la ausencia de una estrategia nacional de vacunaci\u00f3n y por tener a M\u00e9xico frente a una ca\u00edda sostenida en coberturas de vacunaci\u00f3n.<\/p>\n\n\n\n<p>Mencion\u00f3 que el brote de sarampi\u00f3n que se extendi\u00f3 en 2025 y continua en 2026, mostr\u00f3 que la pol\u00edtica de vacunaci\u00f3n no funcion\u00f3 y es la mejor muestra del fracaso de la pol\u00edtica de salud del gobierno de Morena, pues la transmisi\u00f3n no se contuvo a tiempo, lo que indica fallas en: detecci\u00f3n temprana, cercos epidemiol\u00f3gicos y cobertura previa.<\/p>\n\n\n\n<p>El sarampi\u00f3n es una enfermedad totalmente prevenible con vacunaci\u00f3n, por lo<\/p>\n\n\n\n<p>que su expansi\u00f3n evidenci\u00f3 una omisi\u00f3n del gobierno federal, sostuvo.<\/p>\n\n\n\n<p>El Delegado General del CEN, Jos\u00e9 Marco Antonio Olvera Acevedo enfatiz\u00f3 que derivado de ello, M\u00e9xico est\u00e1 en riesgo de perder el estatus adquirido como pa\u00eds libre de sarampi\u00f3n. Adem\u00e1s, dijo, las y los mexicanos padecen mientras Morena presenta sus \u201ccarritos del bienestar\u201d.<\/p>\n\n\n\n<p>En este sentido, mostr\u00f3 su respaldo a las y los trabajadores del sector salud en Zacatecas, quienes tambi\u00e9n han padecido las malas decisiones de los gobiernos de Morena, que han llevado al colapso no solo al sector salud, sino a la educaci\u00f3n, al campo y a las y los jubilados y pensionados del ISSSTEZAC.<\/p>\n\n\n\n<p>Por ello, Olvera Acevedo exigi\u00f3 una respuesta inmediata al gobierno federal ante el brote de sarampi\u00f3n, as\u00ed como la implementaci\u00f3n de una estrategia de salud p\u00fablica a largo plazo, recordando las exitosas pol\u00edticas de salud de los gobiernos priistas que tuvieron reconocimiento internacional como la creaci\u00f3n de la cartilla de vacunaci\u00f3n, la erradicaci\u00f3n del sarampi\u00f3n y polio, as\u00ed como la cobertura total del territorio nacional.<\/p>\n\n\n\n<p>.<\/p>\n\n\n\n\n\n<p>.<\/p>\n\n\n<div class=\"wp-block-image\">\n<figure class=\"aligncenter size-large is-resized\"><img fetchpriority=\"high\" decoding=\"async\" width=\"870\" height=\"1024\" src=\"https:\/\/creston.com.mx\/wp-content\/uploads\/2025\/06\/Anuncio-salon-eventos-870x1024.jpg\" alt=\"\" class=\"wp-image-966\" style=\"aspect-ratio:0.8496112270054997;width:576px;height:auto\" srcset=\"https:\/\/creston.com.mx\/wp-content\/uploads\/2025\/06\/Anuncio-salon-eventos-870x1024.jpg 870w, https:\/\/creston.com.mx\/wp-content\/uploads\/2025\/06\/Anuncio-salon-eventos-255x300.jpg 255w, https:\/\/creston.com.mx\/wp-content\/uploads\/2025\/06\/Anuncio-salon-eventos-768x904.jpg 768w, https:\/\/creston.com.mx\/wp-content\/uploads\/2025\/06\/Anuncio-salon-eventos.jpg 1275w\" sizes=\"(max-width: 870px) 100vw, 870px\" \/><\/figure>\n<\/div>","protected":false},"excerpt":{"rendered":"<p>. Mientras Morena presenta sus \u201ccarritos del bienestar\u201d, las y los mexicanos padecen la falta de medicamentos en hospitales. . El Delegado General del CEN del PRI en Zacatecas, Jos\u00e9&hellip; <\/p>\n","protected":false},"author":1,"featured_media":2292,"comment_status":"open","ping_status":"closed","sticky":false,"template":"","format":"standard","meta":{"_jetpack_memberships_contains_paid_content":false,"footnotes":""},"categories":[4],"tags":[],"class_list":["post-2291","post","type-post","status-publish","format-standard","has-post-thumbnail","hentry","category-informacion-general"],"yoast_head":"<!-- This site is optimized with the Yoast SEO plugin v24.2 - https:\/\/yoast.com\/wordpress\/plugins\/seo\/ -->\n<title>Se agudiza la crisis en salud: PRI - Peri\u00f3dico Digital de Zacatecas<\/title>\n<meta name=\"robots\" content=\"index, follow, max-snippet:-1, max-image-preview:large, max-video-preview:-1\" \/>\n<link rel=\"canonical\" href=\"https:\/\/creston.com.mx\/index.php\/01\/se-agudiza-la-crisis-en-salud-pri\/informacion-general\/2026\/\" \/>\n<meta property=\"og:locale\" content=\"es_ES\" \/>\n<meta property=\"og:type\" content=\"article\" \/>\n<meta property=\"og:title\" content=\"Se agudiza la crisis en salud: PRI - Peri\u00f3dico Digital de Zacatecas\" \/>\n<meta property=\"og:description\" content=\". Mientras Morena presenta sus \u201ccarritos del bienestar\u201d, las y los mexicanos padecen la falta de medicamentos en hospitales. . El Delegado General del CEN del PRI en Zacatecas, Jos\u00e9&hellip;\" \/>\n<meta property=\"og:url\" content=\"https:\/\/creston.com.mx\/index.php\/01\/se-agudiza-la-crisis-en-salud-pri\/informacion-general\/2026\/\" \/>\n<meta property=\"og:site_name\" content=\"Peri\u00f3dico Digital de Zacatecas\" \/>\n<meta property=\"article:published_time\" content=\"2026-01-28T02:50:00+00:00\" \/>\n<meta property=\"article:modified_time\" content=\"2026-01-29T17:53:57+00:00\" \/>\n<meta property=\"og:image\" content=\"https:\/\/creston.com.mx\/wp-content\/uploads\/2026\/01\/JMA-Olvera-confer-pri2.jpeg\" \/>\n\t<meta property=\"og:image:width\" content=\"1600\" \/>\n\t<meta property=\"og:image:height\" content=\"1069\" \/>\n\t<meta property=\"og:image:type\" content=\"image\/jpeg\" \/>\n<meta name=\"author\" content=\"Periodico Creston\" \/>\n<meta name=\"twitter:card\" content=\"summary_large_image\" \/>\n<meta name=\"twitter:label1\" content=\"Escrito por\" \/>\n\t<meta name=\"twitter:data1\" content=\"Periodico Creston\" \/>\n\t<meta name=\"twitter:label2\" content=\"Tiempo de lectura\" \/>\n\t<meta name=\"twitter:data2\" content=\"3 minutos\" \/>\n<script type=\"application\/ld+json\" class=\"yoast-schema-graph\">{\"@context\":\"https:\/\/schema.org\",\"@graph\":[{\"@type\":\"Article\",\"@id\":\"https:\/\/creston.com.mx\/index.php\/01\/se-agudiza-la-crisis-en-salud-pri\/informacion-general\/2026\/#article\",\"isPartOf\":{\"@id\":\"https:\/\/creston.com.mx\/index.php\/01\/se-agudiza-la-crisis-en-salud-pri\/informacion-general\/2026\/\"},\"author\":{\"name\":\"Periodico Creston\",\"@id\":\"https:\/\/creston.com.mx\/#\/schema\/person\/01f2ce9e289bc5300c759925ef768c1d\"},\"headline\":\"Se agudiza la crisis en salud: PRI\",\"datePublished\":\"2026-01-28T02:50:00+00:00\",\"dateModified\":\"2026-01-29T17:53:57+00:00\",\"mainEntityOfPage\":{\"@id\":\"https:\/\/creston.com.mx\/index.php\/01\/se-agudiza-la-crisis-en-salud-pri\/informacion-general\/2026\/\"},\"wordCount\":395,\"commentCount\":0,\"publisher\":{\"@id\":\"https:\/\/creston.com.mx\/#organization\"},\"image\":{\"@id\":\"https:\/\/creston.com.mx\/index.php\/01\/se-agudiza-la-crisis-en-salud-pri\/informacion-general\/2026\/#primaryimage\"},\"thumbnailUrl\":\"https:\/\/creston.com.mx\/wp-content\/uploads\/2026\/01\/JMA-Olvera-confer-pri2.jpeg\",\"articleSection\":[\"Informaci\u00f3n General\"],\"inLanguage\":\"es\",\"potentialAction\":[{\"@type\":\"CommentAction\",\"name\":\"Comment\",\"target\":[\"https:\/\/creston.com.mx\/index.php\/01\/se-agudiza-la-crisis-en-salud-pri\/informacion-general\/2026\/#respond\"]}]},{\"@type\":\"WebPage\",\"@id\":\"https:\/\/creston.com.mx\/index.php\/01\/se-agudiza-la-crisis-en-salud-pri\/informacion-general\/2026\/\",\"url\":\"https:\/\/creston.com.mx\/index.php\/01\/se-agudiza-la-crisis-en-salud-pri\/informacion-general\/2026\/\",\"name\":\"Se agudiza la crisis en salud: PRI - Peri\u00f3dico Digital de Zacatecas\",\"isPartOf\":{\"@id\":\"https:\/\/creston.com.mx\/#website\"},\"primaryImageOfPage\":{\"@id\":\"https:\/\/creston.com.mx\/index.php\/01\/se-agudiza-la-crisis-en-salud-pri\/informacion-general\/2026\/#primaryimage\"},\"image\":{\"@id\":\"https:\/\/creston.com.mx\/index.php\/01\/se-agudiza-la-crisis-en-salud-pri\/informacion-general\/2026\/#primaryimage\"},\"thumbnailUrl\":\"https:\/\/creston.com.mx\/wp-content\/uploads\/2026\/01\/JMA-Olvera-confer-pri2.jpeg\",\"datePublished\":\"2026-01-28T02:50:00+00:00\",\"dateModified\":\"2026-01-29T17:53:57+00:00\",\"breadcrumb\":{\"@id\":\"https:\/\/creston.com.mx\/index.php\/01\/se-agudiza-la-crisis-en-salud-pri\/informacion-general\/2026\/#breadcrumb\"},\"inLanguage\":\"es\",\"potentialAction\":[{\"@type\":\"ReadAction\",\"target\":[\"https:\/\/creston.com.mx\/index.php\/01\/se-agudiza-la-crisis-en-salud-pri\/informacion-general\/2026\/\"]}]},{\"@type\":\"ImageObject\",\"inLanguage\":\"es\",\"@id\":\"https:\/\/creston.com.mx\/index.php\/01\/se-agudiza-la-crisis-en-salud-pri\/informacion-general\/2026\/#primaryimage\",\"url\":\"https:\/\/creston.com.mx\/wp-content\/uploads\/2026\/01\/JMA-Olvera-confer-pri2.jpeg\",\"contentUrl\":\"https:\/\/creston.com.mx\/wp-content\/uploads\/2026\/01\/JMA-Olvera-confer-pri2.jpeg\",\"width\":1600,\"height\":1069},{\"@type\":\"BreadcrumbList\",\"@id\":\"https:\/\/creston.com.mx\/index.php\/01\/se-agudiza-la-crisis-en-salud-pri\/informacion-general\/2026\/#breadcrumb\",\"itemListElement\":[{\"@type\":\"ListItem\",\"position\":1,\"name\":\"Portada\",\"item\":\"https:\/\/creston.com.mx\/\"},{\"@type\":\"ListItem\",\"position\":2,\"name\":\"Se agudiza la crisis en salud: PRI\"}]},{\"@type\":\"WebSite\",\"@id\":\"https:\/\/creston.com.mx\/#website\",\"url\":\"https:\/\/creston.com.mx\/\",\"name\":\"Peri\u00f3dico Digital de Zacatecas\",\"description\":\"\",\"publisher\":{\"@id\":\"https:\/\/creston.com.mx\/#organization\"},\"potentialAction\":[{\"@type\":\"SearchAction\",\"target\":{\"@type\":\"EntryPoint\",\"urlTemplate\":\"https:\/\/creston.com.mx\/?s={search_term_string}\"},\"query-input\":{\"@type\":\"PropertyValueSpecification\",\"valueRequired\":true,\"valueName\":\"search_term_string\"}}],\"inLanguage\":\"es\"},{\"@type\":\"Organization\",\"@id\":\"https:\/\/creston.com.mx\/#organization\",\"name\":\"Peri\u00f3dico Digital de Zacatecas\",\"url\":\"https:\/\/creston.com.mx\/\",\"logo\":{\"@type\":\"ImageObject\",\"inLanguage\":\"es\",\"@id\":\"https:\/\/creston.com.mx\/#\/schema\/logo\/image\/\",\"url\":\"https:\/\/creston.com.mx\/wp-content\/uploads\/2026\/02\/cropped-Logo-Creston2.jpg\",\"contentUrl\":\"https:\/\/creston.com.mx\/wp-content\/uploads\/2026\/02\/cropped-Logo-Creston2.jpg\",\"width\":503,\"height\":194,\"caption\":\"Peri\u00f3dico Digital  de Zacatecas\"},\"image\":{\"@id\":\"https:\/\/creston.com.mx\/#\/schema\/logo\/image\/\"}},{\"@type\":\"Person\",\"@id\":\"https:\/\/creston.com.mx\/#\/schema\/person\/01f2ce9e289bc5300c759925ef768c1d\",\"name\":\"Periodico Creston\",\"image\":{\"@type\":\"ImageObject\",\"inLanguage\":\"es\",\"@id\":\"https:\/\/creston.com.mx\/#\/schema\/person\/image\/\",\"url\":\"https:\/\/secure.gravatar.com\/avatar\/c91eac1cf0d45897b6d294d474aa7713a194d460be0aaf72157553d050cda1c1?s=96&d=mm&r=g\",\"contentUrl\":\"https:\/\/secure.gravatar.com\/avatar\/c91eac1cf0d45897b6d294d474aa7713a194d460be0aaf72157553d050cda1c1?s=96&d=mm&r=g\",\"caption\":\"Periodico Creston\"},\"sameAs\":[\"https:\/\/creston.com.mx\"],\"url\":\"https:\/\/creston.com.mx\/index.php\/author\/cstnalja96\/\"}]}<\/script>\n<!-- \/ Yoast SEO plugin. -->","yoast_head_json":{"title":"Se agudiza la crisis en salud: PRI - Peri\u00f3dico Digital de Zacatecas","robots":{"index":"index","follow":"follow","max-snippet":"max-snippet:-1","max-image-preview":"max-image-preview:large","max-video-preview":"max-video-preview:-1"},"canonical":"https:\/\/creston.com.mx\/index.php\/01\/se-agudiza-la-crisis-en-salud-pri\/informacion-general\/2026\/","og_locale":"es_ES","og_type":"article","og_title":"Se agudiza la crisis en salud: PRI - Peri\u00f3dico Digital de Zacatecas","og_description":". Mientras Morena presenta sus \u201ccarritos del bienestar\u201d, las y los mexicanos padecen la falta de medicamentos en hospitales. . El Delegado General del CEN del PRI en Zacatecas, Jos\u00e9&hellip;","og_url":"https:\/\/creston.com.mx\/index.php\/01\/se-agudiza-la-crisis-en-salud-pri\/informacion-general\/2026\/","og_site_name":"Peri\u00f3dico Digital de Zacatecas","article_published_time":"2026-01-28T02:50:00+00:00","article_modified_time":"2026-01-29T17:53:57+00:00","og_image":[{"width":1600,"height":1069,"url":"https:\/\/creston.com.mx\/wp-content\/uploads\/2026\/01\/JMA-Olvera-confer-pri2.jpeg","type":"image\/jpeg"}],"author":"Periodico Creston","twitter_card":"summary_large_image","twitter_misc":{"Escrito por":"Periodico Creston","Tiempo de lectura":"3 minutos"},"schema":{"@context":"https:\/\/schema.org","@graph":[{"@type":"Article","@id":"https:\/\/creston.com.mx\/index.php\/01\/se-agudiza-la-crisis-en-salud-pri\/informacion-general\/2026\/#article","isPartOf":{"@id":"https:\/\/creston.com.mx\/index.php\/01\/se-agudiza-la-crisis-en-salud-pri\/informacion-general\/2026\/"},"author":{"name":"Periodico Creston","@id":"https:\/\/creston.com.mx\/#\/schema\/person\/01f2ce9e289bc5300c759925ef768c1d"},"headline":"Se agudiza la crisis en salud: PRI","datePublished":"2026-01-28T02:50:00+00:00","dateModified":"2026-01-29T17:53:57+00:00","mainEntityOfPage":{"@id":"https:\/\/creston.com.mx\/index.php\/01\/se-agudiza-la-crisis-en-salud-pri\/informacion-general\/2026\/"},"wordCount":395,"commentCount":0,"publisher":{"@id":"https:\/\/creston.com.mx\/#organization"},"image":{"@id":"https:\/\/creston.com.mx\/index.php\/01\/se-agudiza-la-crisis-en-salud-pri\/informacion-general\/2026\/#primaryimage"},"thumbnailUrl":"https:\/\/creston.com.mx\/wp-content\/uploads\/2026\/01\/JMA-Olvera-confer-pri2.jpeg","articleSection":["Informaci\u00f3n General"],"inLanguage":"es","potentialAction":[{"@type":"CommentAction","name":"Comment","target":["https:\/\/creston.com.mx\/index.php\/01\/se-agudiza-la-crisis-en-salud-pri\/informacion-general\/2026\/#respond"]}]},{"@type":"WebPage","@id":"https:\/\/creston.com.mx\/index.php\/01\/se-agudiza-la-crisis-en-salud-pri\/informacion-general\/2026\/","url":"https:\/\/creston.com.mx\/index.php\/01\/se-agudiza-la-crisis-en-salud-pri\/informacion-general\/2026\/","name":"Se agudiza la crisis en salud: PRI - Peri\u00f3dico Digital de Zacatecas","isPartOf":{"@id":"https:\/\/creston.com.mx\/#website"},"primaryImageOfPage":{"@id":"https:\/\/creston.com.mx\/index.php\/01\/se-agudiza-la-crisis-en-salud-pri\/informacion-general\/2026\/#primaryimage"},"image":{"@id":"https:\/\/creston.com.mx\/index.php\/01\/se-agudiza-la-crisis-en-salud-pri\/informacion-general\/2026\/#primaryimage"},"thumbnailUrl":"https:\/\/creston.com.mx\/wp-content\/uploads\/2026\/01\/JMA-Olvera-confer-pri2.jpeg","datePublished":"2026-01-28T02:50:00+00:00","dateModified":"2026-01-29T17:53:57+00:00","breadcrumb":{"@id":"https:\/\/creston.com.mx\/index.php\/01\/se-agudiza-la-crisis-en-salud-pri\/informacion-general\/2026\/#breadcrumb"},"inLanguage":"es","potentialAction":[{"@type":"ReadAction","target":["https:\/\/creston.com.mx\/index.php\/01\/se-agudiza-la-crisis-en-salud-pri\/informacion-general\/2026\/"]}]},{"@type":"ImageObject","inLanguage":"es","@id":"https:\/\/creston.com.mx\/index.php\/01\/se-agudiza-la-crisis-en-salud-pri\/informacion-general\/2026\/#primaryimage","url":"https:\/\/creston.com.mx\/wp-content\/uploads\/2026\/01\/JMA-Olvera-confer-pri2.jpeg","contentUrl":"https:\/\/creston.com.mx\/wp-content\/uploads\/2026\/01\/JMA-Olvera-confer-pri2.jpeg","width":1600,"height":1069},{"@type":"BreadcrumbList","@id":"https:\/\/creston.com.mx\/index.php\/01\/se-agudiza-la-crisis-en-salud-pri\/informacion-general\/2026\/#breadcrumb","itemListElement":[{"@type":"ListItem","position":1,"name":"Portada","item":"https:\/\/creston.com.mx\/"},{"@type":"ListItem","position":2,"name":"Se agudiza la crisis en salud: PRI"}]},{"@type":"WebSite","@id":"https:\/\/creston.com.mx\/#website","url":"https:\/\/creston.com.mx\/","name":"Peri\u00f3dico Digital de Zacatecas","description":"","publisher":{"@id":"https:\/\/creston.com.mx\/#organization"},"potentialAction":[{"@type":"SearchAction","target":{"@type":"EntryPoint","urlTemplate":"https:\/\/creston.com.mx\/?s={search_term_string}"},"query-input":{"@type":"PropertyValueSpecification","valueRequired":true,"valueName":"search_term_string"}}],"inLanguage":"es"},{"@type":"Organization","@id":"https:\/\/creston.com.mx\/#organization","name":"Peri\u00f3dico Digital de Zacatecas","url":"https:\/\/creston.com.mx\/","logo":{"@type":"ImageObject","inLanguage":"es","@id":"https:\/\/creston.com.mx\/#\/schema\/logo\/image\/","url":"https:\/\/creston.com.mx\/wp-content\/uploads\/2026\/02\/cropped-Logo-Creston2.jpg","contentUrl":"https:\/\/creston.com.mx\/wp-content\/uploads\/2026\/02\/cropped-Logo-Creston2.jpg","width":503,"height":194,"caption":"Peri\u00f3dico Digital  de Zacatecas"},"image":{"@id":"https:\/\/creston.com.mx\/#\/schema\/logo\/image\/"}},{"@type":"Person","@id":"https:\/\/creston.com.mx\/#\/schema\/person\/01f2ce9e289bc5300c759925ef768c1d","name":"Periodico Creston","image":{"@type":"ImageObject","inLanguage":"es","@id":"https:\/\/creston.com.mx\/#\/schema\/person\/image\/","url":"https:\/\/secure.gravatar.com\/avatar\/c91eac1cf0d45897b6d294d474aa7713a194d460be0aaf72157553d050cda1c1?s=96&d=mm&r=g","contentUrl":"https:\/\/secure.gravatar.com\/avatar\/c91eac1cf0d45897b6d294d474aa7713a194d460be0aaf72157553d050cda1c1?s=96&d=mm&r=g","caption":"Periodico Creston"},"sameAs":["https:\/\/creston.com.mx"],"url":"https:\/\/creston.com.mx\/index.php\/author\/cstnalja96\/"}]}},"jetpack_sharing_enabled":true,"jetpack_featured_media_url":"https:\/\/creston.com.mx\/wp-content\/uploads\/2026\/01\/JMA-Olvera-confer-pri2.jpeg","_links":{"self":[{"href":"https:\/\/creston.com.mx\/index.php\/wp-json\/wp\/v2\/posts\/2291","targetHints":{"allow":["GET"]}}],"collection":[{"href":"https:\/\/creston.com.mx\/index.php\/wp-json\/wp\/v2\/posts"}],"about":[{"href":"https:\/\/creston.com.mx\/index.php\/wp-json\/wp\/v2\/types\/post"}],"author":[{"embeddable":true,"href":"https:\/\/creston.com.mx\/index.php\/wp-json\/wp\/v2\/users\/1"}],"replies":[{"embeddable":true,"href":"https:\/\/creston.com.mx\/index.php\/wp-json\/wp\/v2\/comments?post=2291"}],"version-history":[{"count":1,"href":"https:\/\/creston.com.mx\/index.php\/wp-json\/wp\/v2\/posts\/2291\/revisions"}],"predecessor-version":[{"id":2293,"href":"https:\/\/creston.com.mx\/index.php\/wp-json\/wp\/v2\/posts\/2291\/revisions\/2293"}],"wp:featuredmedia":[{"embeddable":true,"href":"https:\/\/creston.com.mx\/index.php\/wp-json\/wp\/v2\/media\/2292"}],"wp:attachment":[{"href":"https:\/\/creston.com.mx\/index.php\/wp-json\/wp\/v2\/media?parent=2291"}],"wp:term":[{"taxonomy":"category","embeddable":true,"href":"https:\/\/creston.com.mx\/index.php\/wp-json\/wp\/v2\/categories?post=2291"},{"taxonomy":"post_tag","embeddable":true,"href":"https:\/\/creston.com.mx\/index.php\/wp-json\/wp\/v2\/tags?post=2291"}],"curies":[{"name":"wp","href":"https:\/\/api.w.org\/{rel}","templated":true}]}}