{"id":2249,"date":"2026-01-21T19:58:00","date_gmt":"2026-01-22T01:58:00","guid":{"rendered":"https:\/\/creston.com.mx\/?p=2249"},"modified":"2026-01-28T22:10:55","modified_gmt":"2026-01-29T04:10:55","slug":"ulises-mejia-mexico-no-termina-en-sus-fronteras","status":"publish","type":"post","link":"https:\/\/creston.com.mx\/index.php\/01\/ulises-mejia-mexico-no-termina-en-sus-fronteras\/informacion-general\/2026\/","title":{"rendered":"Ulises Mej\u00eda: M\u00e9xico no termina en sus fronteras"},"content":{"rendered":"\n<p>.<\/p>\n\n\n\n<p class=\"has-medium-font-size\"><strong><em>Reconoce el legislador la labor de los migrantes de Forthword, Texas en el marco de su aniversario.<\/em><\/strong><\/p>\n\n\n\n<p>.<\/p>\n\n\n\n<p>En el marco del 23 aniversario de la Federaci\u00f3n de Clubes Zacatecanos en Estados Unidos, el diputado federal Ulises Mej\u00eda Haro reconoci\u00f3 el trabajo, la organizaci\u00f3n y el compromiso social de las y los zacatecanos radicados en el exterior, as\u00ed como la labor de la dirigencia encabezada por su presidente, Sigifredo Mu\u00f1oz, a quienes calific\u00f3 como un pilar fundamental para el desarrollo de sus comunidades de origen y para el fortalecimiento de la identidad zacatecana m\u00e1s all\u00e1 de las fronteras.<\/p>\n\n\n\n<p>Durante su mensaje, Ulises Mej\u00eda Haro destac\u00f3 que la historia de esta Federaci\u00f3n es reflejo del esfuerzo colectivo de miles de mujeres y hombres que, aun lejos de su tierra, han mantenido un v\u00ednculo permanente con Zacatecas a trav\u00e9s de la solidaridad, la organizaci\u00f3n comunitaria y el trabajo constante.<\/p>\n\n\n\n<p>En este contexto, el legislador subray\u00f3 que desde el Congreso de la Uni\u00f3n se impulsa una iniciativa para fortalecer el voto y la representaci\u00f3n pol\u00edtica de las y los mexicanos en el exterior, con el objetivo de que su participaci\u00f3n sea efectiva y su voz se refleje de manera real en las decisiones nacionales.<\/p>\n\n\n\n<p>Asimismo, se\u00f1al\u00f3 que es fundamental fortalecer los apoyos a las familias y comunidades de origen mediante obras de infraestructura social, as\u00ed como a trav\u00e9s de convenios que fortalezcan a los comercios locales con el mercado nostalgia, impulsando el consumo de productos zacatecanos en el exterior y generando mejores oportunidades econ\u00f3micas para las regiones del estado.<\/p>\n\n\n\n<p>De igual forma, destac\u00f3 la importancia de promover la vinculaci\u00f3n acad\u00e9mica, tur\u00edstica y cultural entre Zacatecas y las comunidades migrantes, como una v\u00eda para fortalecer la identidad, el intercambio de conocimientos y el desarrollo integral de ambas regiones.<\/p>\n\n\n\n<p>El diputado federal afirm\u00f3 que las y los migrantes son ciudadanas y ciudadanos plenos, con derecho a participar, opinar y ser representados. \u201cM\u00e9xico no termina en sus fronteras. M\u00e9xico tambi\u00e9n vive en sus comunidades migrantes\u201d, expres\u00f3.<\/p>\n\n\n\n<p>Finalmente, Ulises Mej\u00eda Haro reconoci\u00f3 la visi\u00f3n de la presidenta Claudia Sheinbaum, quien ha impulsado el programa M\u00e9xico te Abraza como una estrategia para acompa\u00f1ar, proteger y reconocer a las comunidades migrantes como parte esencial de la naci\u00f3n. Desde el Poder Legislativo, se\u00f1al\u00f3, se asume esa responsabilidad con seriedad y compromiso.<\/p>\n\n\n\n<p>.<\/p>\n\n\n\n\n\n<p>.<\/p>\n\n\n<div class=\"wp-block-image\">\n<figure class=\"aligncenter size-large is-resized\"><img fetchpriority=\"high\" decoding=\"async\" width=\"870\" height=\"1024\" src=\"https:\/\/creston.com.mx\/wp-content\/uploads\/2025\/06\/Anuncio-salon-eventos-870x1024.jpg\" alt=\"\" class=\"wp-image-966\" style=\"aspect-ratio:0.8496112270054997;width:564px;height:auto\" srcset=\"https:\/\/creston.com.mx\/wp-content\/uploads\/2025\/06\/Anuncio-salon-eventos-870x1024.jpg 870w, https:\/\/creston.com.mx\/wp-content\/uploads\/2025\/06\/Anuncio-salon-eventos-255x300.jpg 255w, https:\/\/creston.com.mx\/wp-content\/uploads\/2025\/06\/Anuncio-salon-eventos-768x904.jpg 768w, https:\/\/creston.com.mx\/wp-content\/uploads\/2025\/06\/Anuncio-salon-eventos.jpg 1275w\" sizes=\"(max-width: 870px) 100vw, 870px\" \/><\/figure>\n<\/div>","protected":false},"excerpt":{"rendered":"<p>. Reconoce el legislador la labor de los migrantes de Forthword, Texas en el marco de su aniversario. . En el marco del 23 aniversario de la Federaci\u00f3n de Clubes&hellip; <\/p>\n","protected":false},"author":1,"featured_media":2250,"comment_status":"open","ping_status":"closed","sticky":false,"template":"","format":"standard","meta":{"_jetpack_memberships_contains_paid_content":false,"footnotes":""},"categories":[4],"tags":[],"class_list":["post-2249","post","type-post","status-publish","format-standard","has-post-thumbnail","hentry","category-informacion-general"],"yoast_head":"<!-- This site is optimized with the Yoast SEO plugin v24.2 - https:\/\/yoast.com\/wordpress\/plugins\/seo\/ -->\n<title>Ulises Mej\u00eda: M\u00e9xico no termina en sus fronteras - Peri\u00f3dico Digital de Zacatecas<\/title>\n<meta name=\"robots\" content=\"index, follow, max-snippet:-1, max-image-preview:large, max-video-preview:-1\" \/>\n<link rel=\"canonical\" href=\"https:\/\/creston.com.mx\/index.php\/01\/ulises-mejia-mexico-no-termina-en-sus-fronteras\/informacion-general\/2026\/\" \/>\n<meta property=\"og:locale\" content=\"es_ES\" \/>\n<meta property=\"og:type\" content=\"article\" \/>\n<meta property=\"og:title\" content=\"Ulises Mej\u00eda: M\u00e9xico no termina en sus fronteras - Peri\u00f3dico Digital de Zacatecas\" \/>\n<meta property=\"og:description\" content=\". Reconoce el legislador la labor de los migrantes de Forthword, Texas en el marco de su aniversario. . En el marco del 23 aniversario de la Federaci\u00f3n de Clubes&hellip;\" \/>\n<meta property=\"og:url\" content=\"https:\/\/creston.com.mx\/index.php\/01\/ulises-mejia-mexico-no-termina-en-sus-fronteras\/informacion-general\/2026\/\" \/>\n<meta property=\"og:site_name\" content=\"Peri\u00f3dico Digital de Zacatecas\" \/>\n<meta property=\"article:published_time\" content=\"2026-01-22T01:58:00+00:00\" \/>\n<meta property=\"article:modified_time\" content=\"2026-01-29T04:10:55+00:00\" \/>\n<meta property=\"og:image\" content=\"https:\/\/creston.com.mx\/wp-content\/uploads\/2026\/01\/IMG-20260118-WA0006.jpg\" \/>\n\t<meta property=\"og:image:width\" content=\"1600\" \/>\n\t<meta property=\"og:image:height\" content=\"1066\" \/>\n\t<meta property=\"og:image:type\" content=\"image\/jpeg\" \/>\n<meta name=\"author\" content=\"Periodico Creston\" \/>\n<meta name=\"twitter:card\" content=\"summary_large_image\" \/>\n<meta name=\"twitter:label1\" content=\"Escrito por\" \/>\n\t<meta name=\"twitter:data1\" content=\"Periodico Creston\" \/>\n\t<meta name=\"twitter:label2\" content=\"Tiempo de lectura\" \/>\n\t<meta name=\"twitter:data2\" content=\"3 minutos\" \/>\n<script type=\"application\/ld+json\" class=\"yoast-schema-graph\">{\"@context\":\"https:\/\/schema.org\",\"@graph\":[{\"@type\":\"Article\",\"@id\":\"https:\/\/creston.com.mx\/index.php\/01\/ulises-mejia-mexico-no-termina-en-sus-fronteras\/informacion-general\/2026\/#article\",\"isPartOf\":{\"@id\":\"https:\/\/creston.com.mx\/index.php\/01\/ulises-mejia-mexico-no-termina-en-sus-fronteras\/informacion-general\/2026\/\"},\"author\":{\"name\":\"Periodico Creston\",\"@id\":\"https:\/\/creston.com.mx\/#\/schema\/person\/01f2ce9e289bc5300c759925ef768c1d\"},\"headline\":\"Ulises Mej\u00eda: M\u00e9xico no termina en sus fronteras\",\"datePublished\":\"2026-01-22T01:58:00+00:00\",\"dateModified\":\"2026-01-29T04:10:55+00:00\",\"mainEntityOfPage\":{\"@id\":\"https:\/\/creston.com.mx\/index.php\/01\/ulises-mejia-mexico-no-termina-en-sus-fronteras\/informacion-general\/2026\/\"},\"wordCount\":419,\"commentCount\":0,\"publisher\":{\"@id\":\"https:\/\/creston.com.mx\/#organization\"},\"image\":{\"@id\":\"https:\/\/creston.com.mx\/index.php\/01\/ulises-mejia-mexico-no-termina-en-sus-fronteras\/informacion-general\/2026\/#primaryimage\"},\"thumbnailUrl\":\"https:\/\/creston.com.mx\/wp-content\/uploads\/2026\/01\/IMG-20260118-WA0006.jpg\",\"articleSection\":[\"Informaci\u00f3n General\"],\"inLanguage\":\"es\",\"potentialAction\":[{\"@type\":\"CommentAction\",\"name\":\"Comment\",\"target\":[\"https:\/\/creston.com.mx\/index.php\/01\/ulises-mejia-mexico-no-termina-en-sus-fronteras\/informacion-general\/2026\/#respond\"]}]},{\"@type\":\"WebPage\",\"@id\":\"https:\/\/creston.com.mx\/index.php\/01\/ulises-mejia-mexico-no-termina-en-sus-fronteras\/informacion-general\/2026\/\",\"url\":\"https:\/\/creston.com.mx\/index.php\/01\/ulises-mejia-mexico-no-termina-en-sus-fronteras\/informacion-general\/2026\/\",\"name\":\"Ulises Mej\u00eda: M\u00e9xico no termina en sus fronteras - Peri\u00f3dico Digital de Zacatecas\",\"isPartOf\":{\"@id\":\"https:\/\/creston.com.mx\/#website\"},\"primaryImageOfPage\":{\"@id\":\"https:\/\/creston.com.mx\/index.php\/01\/ulises-mejia-mexico-no-termina-en-sus-fronteras\/informacion-general\/2026\/#primaryimage\"},\"image\":{\"@id\":\"https:\/\/creston.com.mx\/index.php\/01\/ulises-mejia-mexico-no-termina-en-sus-fronteras\/informacion-general\/2026\/#primaryimage\"},\"thumbnailUrl\":\"https:\/\/creston.com.mx\/wp-content\/uploads\/2026\/01\/IMG-20260118-WA0006.jpg\",\"datePublished\":\"2026-01-22T01:58:00+00:00\",\"dateModified\":\"2026-01-29T04:10:55+00:00\",\"breadcrumb\":{\"@id\":\"https:\/\/creston.com.mx\/index.php\/01\/ulises-mejia-mexico-no-termina-en-sus-fronteras\/informacion-general\/2026\/#breadcrumb\"},\"inLanguage\":\"es\",\"potentialAction\":[{\"@type\":\"ReadAction\",\"target\":[\"https:\/\/creston.com.mx\/index.php\/01\/ulises-mejia-mexico-no-termina-en-sus-fronteras\/informacion-general\/2026\/\"]}]},{\"@type\":\"ImageObject\",\"inLanguage\":\"es\",\"@id\":\"https:\/\/creston.com.mx\/index.php\/01\/ulises-mejia-mexico-no-termina-en-sus-fronteras\/informacion-general\/2026\/#primaryimage\",\"url\":\"https:\/\/creston.com.mx\/wp-content\/uploads\/2026\/01\/IMG-20260118-WA0006.jpg\",\"contentUrl\":\"https:\/\/creston.com.mx\/wp-content\/uploads\/2026\/01\/IMG-20260118-WA0006.jpg\",\"width\":1600,\"height\":1066},{\"@type\":\"BreadcrumbList\",\"@id\":\"https:\/\/creston.com.mx\/index.php\/01\/ulises-mejia-mexico-no-termina-en-sus-fronteras\/informacion-general\/2026\/#breadcrumb\",\"itemListElement\":[{\"@type\":\"ListItem\",\"position\":1,\"name\":\"Portada\",\"item\":\"https:\/\/creston.com.mx\/\"},{\"@type\":\"ListItem\",\"position\":2,\"name\":\"Ulises Mej\u00eda: M\u00e9xico no termina en sus fronteras\"}]},{\"@type\":\"WebSite\",\"@id\":\"https:\/\/creston.com.mx\/#website\",\"url\":\"https:\/\/creston.com.mx\/\",\"name\":\"Peri\u00f3dico Digital de Zacatecas\",\"description\":\"\",\"publisher\":{\"@id\":\"https:\/\/creston.com.mx\/#organization\"},\"potentialAction\":[{\"@type\":\"SearchAction\",\"target\":{\"@type\":\"EntryPoint\",\"urlTemplate\":\"https:\/\/creston.com.mx\/?s={search_term_string}\"},\"query-input\":{\"@type\":\"PropertyValueSpecification\",\"valueRequired\":true,\"valueName\":\"search_term_string\"}}],\"inLanguage\":\"es\"},{\"@type\":\"Organization\",\"@id\":\"https:\/\/creston.com.mx\/#organization\",\"name\":\"Peri\u00f3dico Digital de Zacatecas\",\"url\":\"https:\/\/creston.com.mx\/\",\"logo\":{\"@type\":\"ImageObject\",\"inLanguage\":\"es\",\"@id\":\"https:\/\/creston.com.mx\/#\/schema\/logo\/image\/\",\"url\":\"https:\/\/creston.com.mx\/wp-content\/uploads\/2026\/02\/cropped-Logo-Creston2.jpg\",\"contentUrl\":\"https:\/\/creston.com.mx\/wp-content\/uploads\/2026\/02\/cropped-Logo-Creston2.jpg\",\"width\":503,\"height\":194,\"caption\":\"Peri\u00f3dico Digital  de Zacatecas\"},\"image\":{\"@id\":\"https:\/\/creston.com.mx\/#\/schema\/logo\/image\/\"}},{\"@type\":\"Person\",\"@id\":\"https:\/\/creston.com.mx\/#\/schema\/person\/01f2ce9e289bc5300c759925ef768c1d\",\"name\":\"Periodico Creston\",\"image\":{\"@type\":\"ImageObject\",\"inLanguage\":\"es\",\"@id\":\"https:\/\/creston.com.mx\/#\/schema\/person\/image\/\",\"url\":\"https:\/\/secure.gravatar.com\/avatar\/c91eac1cf0d45897b6d294d474aa7713a194d460be0aaf72157553d050cda1c1?s=96&d=mm&r=g\",\"contentUrl\":\"https:\/\/secure.gravatar.com\/avatar\/c91eac1cf0d45897b6d294d474aa7713a194d460be0aaf72157553d050cda1c1?s=96&d=mm&r=g\",\"caption\":\"Periodico Creston\"},\"sameAs\":[\"https:\/\/creston.com.mx\"],\"url\":\"https:\/\/creston.com.mx\/index.php\/author\/cstnalja96\/\"}]}<\/script>\n<!-- \/ Yoast SEO plugin. -->","yoast_head_json":{"title":"Ulises Mej\u00eda: M\u00e9xico no termina en sus fronteras - Peri\u00f3dico Digital de Zacatecas","robots":{"index":"index","follow":"follow","max-snippet":"max-snippet:-1","max-image-preview":"max-image-preview:large","max-video-preview":"max-video-preview:-1"},"canonical":"https:\/\/creston.com.mx\/index.php\/01\/ulises-mejia-mexico-no-termina-en-sus-fronteras\/informacion-general\/2026\/","og_locale":"es_ES","og_type":"article","og_title":"Ulises Mej\u00eda: M\u00e9xico no termina en sus fronteras - Peri\u00f3dico Digital de Zacatecas","og_description":". Reconoce el legislador la labor de los migrantes de Forthword, Texas en el marco de su aniversario. . En el marco del 23 aniversario de la Federaci\u00f3n de Clubes&hellip;","og_url":"https:\/\/creston.com.mx\/index.php\/01\/ulises-mejia-mexico-no-termina-en-sus-fronteras\/informacion-general\/2026\/","og_site_name":"Peri\u00f3dico Digital de Zacatecas","article_published_time":"2026-01-22T01:58:00+00:00","article_modified_time":"2026-01-29T04:10:55+00:00","og_image":[{"width":1600,"height":1066,"url":"https:\/\/creston.com.mx\/wp-content\/uploads\/2026\/01\/IMG-20260118-WA0006.jpg","type":"image\/jpeg"}],"author":"Periodico Creston","twitter_card":"summary_large_image","twitter_misc":{"Escrito por":"Periodico Creston","Tiempo de lectura":"3 minutos"},"schema":{"@context":"https:\/\/schema.org","@graph":[{"@type":"Article","@id":"https:\/\/creston.com.mx\/index.php\/01\/ulises-mejia-mexico-no-termina-en-sus-fronteras\/informacion-general\/2026\/#article","isPartOf":{"@id":"https:\/\/creston.com.mx\/index.php\/01\/ulises-mejia-mexico-no-termina-en-sus-fronteras\/informacion-general\/2026\/"},"author":{"name":"Periodico Creston","@id":"https:\/\/creston.com.mx\/#\/schema\/person\/01f2ce9e289bc5300c759925ef768c1d"},"headline":"Ulises Mej\u00eda: M\u00e9xico no termina en sus fronteras","datePublished":"2026-01-22T01:58:00+00:00","dateModified":"2026-01-29T04:10:55+00:00","mainEntityOfPage":{"@id":"https:\/\/creston.com.mx\/index.php\/01\/ulises-mejia-mexico-no-termina-en-sus-fronteras\/informacion-general\/2026\/"},"wordCount":419,"commentCount":0,"publisher":{"@id":"https:\/\/creston.com.mx\/#organization"},"image":{"@id":"https:\/\/creston.com.mx\/index.php\/01\/ulises-mejia-mexico-no-termina-en-sus-fronteras\/informacion-general\/2026\/#primaryimage"},"thumbnailUrl":"https:\/\/creston.com.mx\/wp-content\/uploads\/2026\/01\/IMG-20260118-WA0006.jpg","articleSection":["Informaci\u00f3n General"],"inLanguage":"es","potentialAction":[{"@type":"CommentAction","name":"Comment","target":["https:\/\/creston.com.mx\/index.php\/01\/ulises-mejia-mexico-no-termina-en-sus-fronteras\/informacion-general\/2026\/#respond"]}]},{"@type":"WebPage","@id":"https:\/\/creston.com.mx\/index.php\/01\/ulises-mejia-mexico-no-termina-en-sus-fronteras\/informacion-general\/2026\/","url":"https:\/\/creston.com.mx\/index.php\/01\/ulises-mejia-mexico-no-termina-en-sus-fronteras\/informacion-general\/2026\/","name":"Ulises Mej\u00eda: M\u00e9xico no termina en sus fronteras - Peri\u00f3dico Digital de Zacatecas","isPartOf":{"@id":"https:\/\/creston.com.mx\/#website"},"primaryImageOfPage":{"@id":"https:\/\/creston.com.mx\/index.php\/01\/ulises-mejia-mexico-no-termina-en-sus-fronteras\/informacion-general\/2026\/#primaryimage"},"image":{"@id":"https:\/\/creston.com.mx\/index.php\/01\/ulises-mejia-mexico-no-termina-en-sus-fronteras\/informacion-general\/2026\/#primaryimage"},"thumbnailUrl":"https:\/\/creston.com.mx\/wp-content\/uploads\/2026\/01\/IMG-20260118-WA0006.jpg","datePublished":"2026-01-22T01:58:00+00:00","dateModified":"2026-01-29T04:10:55+00:00","breadcrumb":{"@id":"https:\/\/creston.com.mx\/index.php\/01\/ulises-mejia-mexico-no-termina-en-sus-fronteras\/informacion-general\/2026\/#breadcrumb"},"inLanguage":"es","potentialAction":[{"@type":"ReadAction","target":["https:\/\/creston.com.mx\/index.php\/01\/ulises-mejia-mexico-no-termina-en-sus-fronteras\/informacion-general\/2026\/"]}]},{"@type":"ImageObject","inLanguage":"es","@id":"https:\/\/creston.com.mx\/index.php\/01\/ulises-mejia-mexico-no-termina-en-sus-fronteras\/informacion-general\/2026\/#primaryimage","url":"https:\/\/creston.com.mx\/wp-content\/uploads\/2026\/01\/IMG-20260118-WA0006.jpg","contentUrl":"https:\/\/creston.com.mx\/wp-content\/uploads\/2026\/01\/IMG-20260118-WA0006.jpg","width":1600,"height":1066},{"@type":"BreadcrumbList","@id":"https:\/\/creston.com.mx\/index.php\/01\/ulises-mejia-mexico-no-termina-en-sus-fronteras\/informacion-general\/2026\/#breadcrumb","itemListElement":[{"@type":"ListItem","position":1,"name":"Portada","item":"https:\/\/creston.com.mx\/"},{"@type":"ListItem","position":2,"name":"Ulises Mej\u00eda: M\u00e9xico no termina en sus fronteras"}]},{"@type":"WebSite","@id":"https:\/\/creston.com.mx\/#website","url":"https:\/\/creston.com.mx\/","name":"Peri\u00f3dico Digital de Zacatecas","description":"","publisher":{"@id":"https:\/\/creston.com.mx\/#organization"},"potentialAction":[{"@type":"SearchAction","target":{"@type":"EntryPoint","urlTemplate":"https:\/\/creston.com.mx\/?s={search_term_string}"},"query-input":{"@type":"PropertyValueSpecification","valueRequired":true,"valueName":"search_term_string"}}],"inLanguage":"es"},{"@type":"Organization","@id":"https:\/\/creston.com.mx\/#organization","name":"Peri\u00f3dico Digital de Zacatecas","url":"https:\/\/creston.com.mx\/","logo":{"@type":"ImageObject","inLanguage":"es","@id":"https:\/\/creston.com.mx\/#\/schema\/logo\/image\/","url":"https:\/\/creston.com.mx\/wp-content\/uploads\/2026\/02\/cropped-Logo-Creston2.jpg","contentUrl":"https:\/\/creston.com.mx\/wp-content\/uploads\/2026\/02\/cropped-Logo-Creston2.jpg","width":503,"height":194,"caption":"Peri\u00f3dico Digital  de Zacatecas"},"image":{"@id":"https:\/\/creston.com.mx\/#\/schema\/logo\/image\/"}},{"@type":"Person","@id":"https:\/\/creston.com.mx\/#\/schema\/person\/01f2ce9e289bc5300c759925ef768c1d","name":"Periodico Creston","image":{"@type":"ImageObject","inLanguage":"es","@id":"https:\/\/creston.com.mx\/#\/schema\/person\/image\/","url":"https:\/\/secure.gravatar.com\/avatar\/c91eac1cf0d45897b6d294d474aa7713a194d460be0aaf72157553d050cda1c1?s=96&d=mm&r=g","contentUrl":"https:\/\/secure.gravatar.com\/avatar\/c91eac1cf0d45897b6d294d474aa7713a194d460be0aaf72157553d050cda1c1?s=96&d=mm&r=g","caption":"Periodico Creston"},"sameAs":["https:\/\/creston.com.mx"],"url":"https:\/\/creston.com.mx\/index.php\/author\/cstnalja96\/"}]}},"jetpack_sharing_enabled":true,"jetpack_featured_media_url":"https:\/\/creston.com.mx\/wp-content\/uploads\/2026\/01\/IMG-20260118-WA0006.jpg","_links":{"self":[{"href":"https:\/\/creston.com.mx\/index.php\/wp-json\/wp\/v2\/posts\/2249","targetHints":{"allow":["GET"]}}],"collection":[{"href":"https:\/\/creston.com.mx\/index.php\/wp-json\/wp\/v2\/posts"}],"about":[{"href":"https:\/\/creston.com.mx\/index.php\/wp-json\/wp\/v2\/types\/post"}],"author":[{"embeddable":true,"href":"https:\/\/creston.com.mx\/index.php\/wp-json\/wp\/v2\/users\/1"}],"replies":[{"embeddable":true,"href":"https:\/\/creston.com.mx\/index.php\/wp-json\/wp\/v2\/comments?post=2249"}],"version-history":[{"count":1,"href":"https:\/\/creston.com.mx\/index.php\/wp-json\/wp\/v2\/posts\/2249\/revisions"}],"predecessor-version":[{"id":2251,"href":"https:\/\/creston.com.mx\/index.php\/wp-json\/wp\/v2\/posts\/2249\/revisions\/2251"}],"wp:featuredmedia":[{"embeddable":true,"href":"https:\/\/creston.com.mx\/index.php\/wp-json\/wp\/v2\/media\/2250"}],"wp:attachment":[{"href":"https:\/\/creston.com.mx\/index.php\/wp-json\/wp\/v2\/media?parent=2249"}],"wp:term":[{"taxonomy":"category","embeddable":true,"href":"https:\/\/creston.com.mx\/index.php\/wp-json\/wp\/v2\/categories?post=2249"},{"taxonomy":"post_tag","embeddable":true,"href":"https:\/\/creston.com.mx\/index.php\/wp-json\/wp\/v2\/tags?post=2249"}],"curies":[{"name":"wp","href":"https:\/\/api.w.org\/{rel}","templated":true}]}}