{"id":2210,"date":"2026-01-15T20:13:00","date_gmt":"2026-01-16T02:13:00","guid":{"rendered":"https:\/\/creston.com.mx\/?p=2210"},"modified":"2026-01-22T22:17:24","modified_gmt":"2026-01-23T04:17:24","slug":"en-guadalupe-preparan-el-festival-de-la-candelaria","status":"publish","type":"post","link":"https:\/\/creston.com.mx\/index.php\/01\/en-guadalupe-preparan-el-festival-de-la-candelaria\/estado\/2026\/","title":{"rendered":"En Guadalupe preparan el \u201cFestival de la Candelaria\u201d"},"content":{"rendered":"\n<p>.<\/p>\n\n\n\n<p class=\"has-medium-font-size\"><strong><em>Se llevar\u00e1 a cabo el 29 de enero de 2 de la tarde a 8 de la noche en el Jard\u00edn Ju\u00e1rez.<\/em><\/strong><\/p>\n\n\n\n<p>.<\/p>\n\n\n\n<p>Con el objetivo de preservar, promover y valorar la gastronom\u00eda tradicional del municipio m\u00e1s festivalero de Zacatecas, el Gobierno de Pepe Sald\u00edvar a trav\u00e9s de la Direcci\u00f3n Municipal de Cultura, dio a conocer la convocatoria para participar en el concurso para determinar el mejor tamal tradicional de Guadalupe, en el marco del Festival, \u201cLa Candelaria y su sabor guadalupense\u201d.<\/p>\n\n\n\n<p>El evento se llevar\u00e1 a cabo en el Jard\u00edn Ju\u00e1rez este 29 de enero de 2 de la tarde a 8 de la noche y se invita a cocineras y cocineros aficionados o profesionales residentes de Guadalupe, a participar en el concurso que tiene un premio \u00fanico en la categor\u00eda de mejor tamal tradicional rojo de 8 mil pesos y tamal m\u00e1s innovador con un premio de 5 mil pesos.<\/p>\n\n\n\n<p>Con actividades culturales y art\u00edsticas se busca reconocer al \u201ctamal\u201d como un platillo emblem\u00e1tico de nuestra cultura, incentivando las tradiciones para rescatar recetas ancestrales, t\u00e9cnicas autenticas y sabores representativos de la identidad regional, fortaleciendo as\u00ed el patrimonio cultural y la convivencia comunitaria.<\/p>\n\n\n<div class=\"wp-block-image\">\n<figure class=\"alignleft size-large is-resized\"><img fetchpriority=\"high\" decoding=\"async\" width=\"671\" height=\"1024\" src=\"https:\/\/creston.com.mx\/wp-content\/uploads\/2026\/01\/IMG-20260115-WA0024-671x1024.jpg\" alt=\"\" class=\"wp-image-2211\" style=\"width:420px;height:auto\" srcset=\"https:\/\/creston.com.mx\/wp-content\/uploads\/2026\/01\/IMG-20260115-WA0024-671x1024.jpg 671w, https:\/\/creston.com.mx\/wp-content\/uploads\/2026\/01\/IMG-20260115-WA0024-197x300.jpg 197w, https:\/\/creston.com.mx\/wp-content\/uploads\/2026\/01\/IMG-20260115-WA0024-768x1173.jpg 768w, https:\/\/creston.com.mx\/wp-content\/uploads\/2026\/01\/IMG-20260115-WA0024-1006x1536.jpg 1006w, https:\/\/creston.com.mx\/wp-content\/uploads\/2026\/01\/IMG-20260115-WA0024.jpg 1048w\" sizes=\"(max-width: 671px) 100vw, 671px\" \/><\/figure>\n<\/div>\n\n\n<p>La Directora Municipal de Cultura, Yoltic D\u00edaz Inguanzo, se\u00f1al\u00f3 que la realizaci\u00f3n de este evento surge para resaltar la riqueza gastron\u00f3mica local y reconocer el talento de quienes elaboran este delicioso platillo.<\/p>\n\n\n\n<p>\u201cEste festival es totalmente gratuito para quienes quieran exponer su producto y tienen hasta el 27 de enero para completar su formato de registro con los siguientes documentos, INE, CURP, comprobante de domicilio y la receta sin cantidades, solo ingredientes\u201d, afirm\u00f3 D\u00edaz Inguanzo.<\/p>\n\n\n\n<p>Cabe resaltar que dentro del festival se podr\u00e1 vender otras variaciones de tamales para el p\u00fablico en general que asista y cada participante o equipo deber\u00e1 presentar 3 tamales el d\u00eda del concurso para la evaluaci\u00f3n del jurado, mismo que estar\u00e1 integrado por profesionales de la gastronom\u00eda.<\/p>\n\n\n\n<p>\u201cInvitamos a toda la ciudadan\u00eda a asistir y participar en este tipo de eventos que fortalecen nuestra identidad como guadalupenses y sobre todo a consumir local y valorar nuestras riquezas tur\u00edsticas y gastron\u00f3micas\u201d, finalizo la Directora Municipal de Cultura.<\/p>\n\n\n\n<p>Para mayor informaci\u00f3n las personas interesadas pueden comunicarse al tel\u00e9fono 492 154 90 51 y 492 998 32 92, o bien pueden consultar las p\u00e1ginas del Ayuntamiento y de la Direcci\u00f3n Municipal de Cultura.<\/p>\n\n\n\n<p>.<\/p>\n\n\n\n\n\n<p>.<\/p>\n\n\n<div class=\"wp-block-image\">\n<figure class=\"aligncenter size-large is-resized\"><img decoding=\"async\" width=\"870\" height=\"1024\" src=\"https:\/\/creston.com.mx\/wp-content\/uploads\/2025\/06\/Anuncio-salon-eventos-870x1024.jpg\" alt=\"\" class=\"wp-image-966\" style=\"aspect-ratio:0.8496112270054997;width:576px;height:auto\" srcset=\"https:\/\/creston.com.mx\/wp-content\/uploads\/2025\/06\/Anuncio-salon-eventos-870x1024.jpg 870w, https:\/\/creston.com.mx\/wp-content\/uploads\/2025\/06\/Anuncio-salon-eventos-255x300.jpg 255w, https:\/\/creston.com.mx\/wp-content\/uploads\/2025\/06\/Anuncio-salon-eventos-768x904.jpg 768w, https:\/\/creston.com.mx\/wp-content\/uploads\/2025\/06\/Anuncio-salon-eventos.jpg 1275w\" sizes=\"(max-width: 870px) 100vw, 870px\" \/><\/figure>\n<\/div>","protected":false},"excerpt":{"rendered":"<p>. Se llevar\u00e1 a cabo el 29 de enero de 2 de la tarde a 8 de la noche en el Jard\u00edn Ju\u00e1rez. . Con el objetivo de preservar, promover&hellip; <\/p>\n","protected":false},"author":1,"featured_media":2212,"comment_status":"open","ping_status":"closed","sticky":false,"template":"","format":"standard","meta":{"_jetpack_memberships_contains_paid_content":false,"footnotes":""},"categories":[1],"tags":[],"class_list":["post-2210","post","type-post","status-publish","format-standard","has-post-thumbnail","hentry","category-estado"],"yoast_head":"<!-- This site is optimized with the Yoast SEO plugin v24.2 - https:\/\/yoast.com\/wordpress\/plugins\/seo\/ -->\n<title>En Guadalupe preparan el \u201cFestival de la Candelaria\u201d - Peri\u00f3dico Digital de Zacatecas<\/title>\n<meta name=\"robots\" content=\"index, follow, max-snippet:-1, max-image-preview:large, max-video-preview:-1\" \/>\n<link rel=\"canonical\" href=\"https:\/\/creston.com.mx\/index.php\/01\/en-guadalupe-preparan-el-festival-de-la-candelaria\/estado\/2026\/\" \/>\n<meta property=\"og:locale\" content=\"es_ES\" \/>\n<meta property=\"og:type\" content=\"article\" \/>\n<meta property=\"og:title\" content=\"En Guadalupe preparan el \u201cFestival de la Candelaria\u201d - Peri\u00f3dico Digital de Zacatecas\" \/>\n<meta property=\"og:description\" content=\". Se llevar\u00e1 a cabo el 29 de enero de 2 de la tarde a 8 de la noche en el Jard\u00edn Ju\u00e1rez. . Con el objetivo de preservar, promover&hellip;\" \/>\n<meta property=\"og:url\" content=\"https:\/\/creston.com.mx\/index.php\/01\/en-guadalupe-preparan-el-festival-de-la-candelaria\/estado\/2026\/\" \/>\n<meta property=\"og:site_name\" content=\"Peri\u00f3dico Digital de Zacatecas\" \/>\n<meta property=\"article:published_time\" content=\"2026-01-16T02:13:00+00:00\" \/>\n<meta property=\"article:modified_time\" content=\"2026-01-23T04:17:24+00:00\" \/>\n<meta property=\"og:image\" content=\"https:\/\/creston.com.mx\/wp-content\/uploads\/2026\/01\/IMG-20260119-WA0001.jpg\" \/>\n\t<meta property=\"og:image:width\" content=\"1280\" \/>\n\t<meta property=\"og:image:height\" content=\"960\" \/>\n\t<meta property=\"og:image:type\" content=\"image\/jpeg\" \/>\n<meta name=\"author\" content=\"Periodico Creston\" \/>\n<meta name=\"twitter:card\" content=\"summary_large_image\" \/>\n<meta name=\"twitter:label1\" content=\"Escrito por\" \/>\n\t<meta name=\"twitter:data1\" content=\"Periodico Creston\" \/>\n\t<meta name=\"twitter:label2\" content=\"Tiempo de lectura\" \/>\n\t<meta name=\"twitter:data2\" content=\"3 minutos\" \/>\n<script type=\"application\/ld+json\" class=\"yoast-schema-graph\">{\"@context\":\"https:\/\/schema.org\",\"@graph\":[{\"@type\":\"Article\",\"@id\":\"https:\/\/creston.com.mx\/index.php\/01\/en-guadalupe-preparan-el-festival-de-la-candelaria\/estado\/2026\/#article\",\"isPartOf\":{\"@id\":\"https:\/\/creston.com.mx\/index.php\/01\/en-guadalupe-preparan-el-festival-de-la-candelaria\/estado\/2026\/\"},\"author\":{\"name\":\"Periodico Creston\",\"@id\":\"https:\/\/creston.com.mx\/#\/schema\/person\/01f2ce9e289bc5300c759925ef768c1d\"},\"headline\":\"En Guadalupe preparan el \u201cFestival de la Candelaria\u201d\",\"datePublished\":\"2026-01-16T02:13:00+00:00\",\"dateModified\":\"2026-01-23T04:17:24+00:00\",\"mainEntityOfPage\":{\"@id\":\"https:\/\/creston.com.mx\/index.php\/01\/en-guadalupe-preparan-el-festival-de-la-candelaria\/estado\/2026\/\"},\"wordCount\":408,\"commentCount\":0,\"publisher\":{\"@id\":\"https:\/\/creston.com.mx\/#organization\"},\"image\":{\"@id\":\"https:\/\/creston.com.mx\/index.php\/01\/en-guadalupe-preparan-el-festival-de-la-candelaria\/estado\/2026\/#primaryimage\"},\"thumbnailUrl\":\"https:\/\/creston.com.mx\/wp-content\/uploads\/2026\/01\/IMG-20260119-WA0001.jpg\",\"articleSection\":[\"Estado\"],\"inLanguage\":\"es\",\"potentialAction\":[{\"@type\":\"CommentAction\",\"name\":\"Comment\",\"target\":[\"https:\/\/creston.com.mx\/index.php\/01\/en-guadalupe-preparan-el-festival-de-la-candelaria\/estado\/2026\/#respond\"]}]},{\"@type\":\"WebPage\",\"@id\":\"https:\/\/creston.com.mx\/index.php\/01\/en-guadalupe-preparan-el-festival-de-la-candelaria\/estado\/2026\/\",\"url\":\"https:\/\/creston.com.mx\/index.php\/01\/en-guadalupe-preparan-el-festival-de-la-candelaria\/estado\/2026\/\",\"name\":\"En Guadalupe preparan el \u201cFestival de la Candelaria\u201d - Peri\u00f3dico Digital de Zacatecas\",\"isPartOf\":{\"@id\":\"https:\/\/creston.com.mx\/#website\"},\"primaryImageOfPage\":{\"@id\":\"https:\/\/creston.com.mx\/index.php\/01\/en-guadalupe-preparan-el-festival-de-la-candelaria\/estado\/2026\/#primaryimage\"},\"image\":{\"@id\":\"https:\/\/creston.com.mx\/index.php\/01\/en-guadalupe-preparan-el-festival-de-la-candelaria\/estado\/2026\/#primaryimage\"},\"thumbnailUrl\":\"https:\/\/creston.com.mx\/wp-content\/uploads\/2026\/01\/IMG-20260119-WA0001.jpg\",\"datePublished\":\"2026-01-16T02:13:00+00:00\",\"dateModified\":\"2026-01-23T04:17:24+00:00\",\"breadcrumb\":{\"@id\":\"https:\/\/creston.com.mx\/index.php\/01\/en-guadalupe-preparan-el-festival-de-la-candelaria\/estado\/2026\/#breadcrumb\"},\"inLanguage\":\"es\",\"potentialAction\":[{\"@type\":\"ReadAction\",\"target\":[\"https:\/\/creston.com.mx\/index.php\/01\/en-guadalupe-preparan-el-festival-de-la-candelaria\/estado\/2026\/\"]}]},{\"@type\":\"ImageObject\",\"inLanguage\":\"es\",\"@id\":\"https:\/\/creston.com.mx\/index.php\/01\/en-guadalupe-preparan-el-festival-de-la-candelaria\/estado\/2026\/#primaryimage\",\"url\":\"https:\/\/creston.com.mx\/wp-content\/uploads\/2026\/01\/IMG-20260119-WA0001.jpg\",\"contentUrl\":\"https:\/\/creston.com.mx\/wp-content\/uploads\/2026\/01\/IMG-20260119-WA0001.jpg\",\"width\":1280,\"height\":960},{\"@type\":\"BreadcrumbList\",\"@id\":\"https:\/\/creston.com.mx\/index.php\/01\/en-guadalupe-preparan-el-festival-de-la-candelaria\/estado\/2026\/#breadcrumb\",\"itemListElement\":[{\"@type\":\"ListItem\",\"position\":1,\"name\":\"Portada\",\"item\":\"https:\/\/creston.com.mx\/\"},{\"@type\":\"ListItem\",\"position\":2,\"name\":\"En Guadalupe preparan el \u201cFestival de la Candelaria\u201d\"}]},{\"@type\":\"WebSite\",\"@id\":\"https:\/\/creston.com.mx\/#website\",\"url\":\"https:\/\/creston.com.mx\/\",\"name\":\"Peri\u00f3dico Digital de Zacatecas\",\"description\":\"\",\"publisher\":{\"@id\":\"https:\/\/creston.com.mx\/#organization\"},\"potentialAction\":[{\"@type\":\"SearchAction\",\"target\":{\"@type\":\"EntryPoint\",\"urlTemplate\":\"https:\/\/creston.com.mx\/?s={search_term_string}\"},\"query-input\":{\"@type\":\"PropertyValueSpecification\",\"valueRequired\":true,\"valueName\":\"search_term_string\"}}],\"inLanguage\":\"es\"},{\"@type\":\"Organization\",\"@id\":\"https:\/\/creston.com.mx\/#organization\",\"name\":\"Peri\u00f3dico Digital de Zacatecas\",\"url\":\"https:\/\/creston.com.mx\/\",\"logo\":{\"@type\":\"ImageObject\",\"inLanguage\":\"es\",\"@id\":\"https:\/\/creston.com.mx\/#\/schema\/logo\/image\/\",\"url\":\"https:\/\/creston.com.mx\/wp-content\/uploads\/2026\/02\/cropped-Logo-Creston2.jpg\",\"contentUrl\":\"https:\/\/creston.com.mx\/wp-content\/uploads\/2026\/02\/cropped-Logo-Creston2.jpg\",\"width\":503,\"height\":194,\"caption\":\"Peri\u00f3dico Digital  de Zacatecas\"},\"image\":{\"@id\":\"https:\/\/creston.com.mx\/#\/schema\/logo\/image\/\"}},{\"@type\":\"Person\",\"@id\":\"https:\/\/creston.com.mx\/#\/schema\/person\/01f2ce9e289bc5300c759925ef768c1d\",\"name\":\"Periodico Creston\",\"image\":{\"@type\":\"ImageObject\",\"inLanguage\":\"es\",\"@id\":\"https:\/\/creston.com.mx\/#\/schema\/person\/image\/\",\"url\":\"https:\/\/secure.gravatar.com\/avatar\/c91eac1cf0d45897b6d294d474aa7713a194d460be0aaf72157553d050cda1c1?s=96&d=mm&r=g\",\"contentUrl\":\"https:\/\/secure.gravatar.com\/avatar\/c91eac1cf0d45897b6d294d474aa7713a194d460be0aaf72157553d050cda1c1?s=96&d=mm&r=g\",\"caption\":\"Periodico Creston\"},\"sameAs\":[\"https:\/\/creston.com.mx\"],\"url\":\"https:\/\/creston.com.mx\/index.php\/author\/cstnalja96\/\"}]}<\/script>\n<!-- \/ Yoast SEO plugin. -->","yoast_head_json":{"title":"En Guadalupe preparan el \u201cFestival de la Candelaria\u201d - Peri\u00f3dico Digital de Zacatecas","robots":{"index":"index","follow":"follow","max-snippet":"max-snippet:-1","max-image-preview":"max-image-preview:large","max-video-preview":"max-video-preview:-1"},"canonical":"https:\/\/creston.com.mx\/index.php\/01\/en-guadalupe-preparan-el-festival-de-la-candelaria\/estado\/2026\/","og_locale":"es_ES","og_type":"article","og_title":"En Guadalupe preparan el \u201cFestival de la Candelaria\u201d - Peri\u00f3dico Digital de Zacatecas","og_description":". Se llevar\u00e1 a cabo el 29 de enero de 2 de la tarde a 8 de la noche en el Jard\u00edn Ju\u00e1rez. . Con el objetivo de preservar, promover&hellip;","og_url":"https:\/\/creston.com.mx\/index.php\/01\/en-guadalupe-preparan-el-festival-de-la-candelaria\/estado\/2026\/","og_site_name":"Peri\u00f3dico Digital de Zacatecas","article_published_time":"2026-01-16T02:13:00+00:00","article_modified_time":"2026-01-23T04:17:24+00:00","og_image":[{"width":1280,"height":960,"url":"https:\/\/creston.com.mx\/wp-content\/uploads\/2026\/01\/IMG-20260119-WA0001.jpg","type":"image\/jpeg"}],"author":"Periodico Creston","twitter_card":"summary_large_image","twitter_misc":{"Escrito por":"Periodico Creston","Tiempo de lectura":"3 minutos"},"schema":{"@context":"https:\/\/schema.org","@graph":[{"@type":"Article","@id":"https:\/\/creston.com.mx\/index.php\/01\/en-guadalupe-preparan-el-festival-de-la-candelaria\/estado\/2026\/#article","isPartOf":{"@id":"https:\/\/creston.com.mx\/index.php\/01\/en-guadalupe-preparan-el-festival-de-la-candelaria\/estado\/2026\/"},"author":{"name":"Periodico Creston","@id":"https:\/\/creston.com.mx\/#\/schema\/person\/01f2ce9e289bc5300c759925ef768c1d"},"headline":"En Guadalupe preparan el \u201cFestival de la Candelaria\u201d","datePublished":"2026-01-16T02:13:00+00:00","dateModified":"2026-01-23T04:17:24+00:00","mainEntityOfPage":{"@id":"https:\/\/creston.com.mx\/index.php\/01\/en-guadalupe-preparan-el-festival-de-la-candelaria\/estado\/2026\/"},"wordCount":408,"commentCount":0,"publisher":{"@id":"https:\/\/creston.com.mx\/#organization"},"image":{"@id":"https:\/\/creston.com.mx\/index.php\/01\/en-guadalupe-preparan-el-festival-de-la-candelaria\/estado\/2026\/#primaryimage"},"thumbnailUrl":"https:\/\/creston.com.mx\/wp-content\/uploads\/2026\/01\/IMG-20260119-WA0001.jpg","articleSection":["Estado"],"inLanguage":"es","potentialAction":[{"@type":"CommentAction","name":"Comment","target":["https:\/\/creston.com.mx\/index.php\/01\/en-guadalupe-preparan-el-festival-de-la-candelaria\/estado\/2026\/#respond"]}]},{"@type":"WebPage","@id":"https:\/\/creston.com.mx\/index.php\/01\/en-guadalupe-preparan-el-festival-de-la-candelaria\/estado\/2026\/","url":"https:\/\/creston.com.mx\/index.php\/01\/en-guadalupe-preparan-el-festival-de-la-candelaria\/estado\/2026\/","name":"En Guadalupe preparan el \u201cFestival de la Candelaria\u201d - Peri\u00f3dico Digital de Zacatecas","isPartOf":{"@id":"https:\/\/creston.com.mx\/#website"},"primaryImageOfPage":{"@id":"https:\/\/creston.com.mx\/index.php\/01\/en-guadalupe-preparan-el-festival-de-la-candelaria\/estado\/2026\/#primaryimage"},"image":{"@id":"https:\/\/creston.com.mx\/index.php\/01\/en-guadalupe-preparan-el-festival-de-la-candelaria\/estado\/2026\/#primaryimage"},"thumbnailUrl":"https:\/\/creston.com.mx\/wp-content\/uploads\/2026\/01\/IMG-20260119-WA0001.jpg","datePublished":"2026-01-16T02:13:00+00:00","dateModified":"2026-01-23T04:17:24+00:00","breadcrumb":{"@id":"https:\/\/creston.com.mx\/index.php\/01\/en-guadalupe-preparan-el-festival-de-la-candelaria\/estado\/2026\/#breadcrumb"},"inLanguage":"es","potentialAction":[{"@type":"ReadAction","target":["https:\/\/creston.com.mx\/index.php\/01\/en-guadalupe-preparan-el-festival-de-la-candelaria\/estado\/2026\/"]}]},{"@type":"ImageObject","inLanguage":"es","@id":"https:\/\/creston.com.mx\/index.php\/01\/en-guadalupe-preparan-el-festival-de-la-candelaria\/estado\/2026\/#primaryimage","url":"https:\/\/creston.com.mx\/wp-content\/uploads\/2026\/01\/IMG-20260119-WA0001.jpg","contentUrl":"https:\/\/creston.com.mx\/wp-content\/uploads\/2026\/01\/IMG-20260119-WA0001.jpg","width":1280,"height":960},{"@type":"BreadcrumbList","@id":"https:\/\/creston.com.mx\/index.php\/01\/en-guadalupe-preparan-el-festival-de-la-candelaria\/estado\/2026\/#breadcrumb","itemListElement":[{"@type":"ListItem","position":1,"name":"Portada","item":"https:\/\/creston.com.mx\/"},{"@type":"ListItem","position":2,"name":"En Guadalupe preparan el \u201cFestival de la Candelaria\u201d"}]},{"@type":"WebSite","@id":"https:\/\/creston.com.mx\/#website","url":"https:\/\/creston.com.mx\/","name":"Peri\u00f3dico Digital de Zacatecas","description":"","publisher":{"@id":"https:\/\/creston.com.mx\/#organization"},"potentialAction":[{"@type":"SearchAction","target":{"@type":"EntryPoint","urlTemplate":"https:\/\/creston.com.mx\/?s={search_term_string}"},"query-input":{"@type":"PropertyValueSpecification","valueRequired":true,"valueName":"search_term_string"}}],"inLanguage":"es"},{"@type":"Organization","@id":"https:\/\/creston.com.mx\/#organization","name":"Peri\u00f3dico Digital de Zacatecas","url":"https:\/\/creston.com.mx\/","logo":{"@type":"ImageObject","inLanguage":"es","@id":"https:\/\/creston.com.mx\/#\/schema\/logo\/image\/","url":"https:\/\/creston.com.mx\/wp-content\/uploads\/2026\/02\/cropped-Logo-Creston2.jpg","contentUrl":"https:\/\/creston.com.mx\/wp-content\/uploads\/2026\/02\/cropped-Logo-Creston2.jpg","width":503,"height":194,"caption":"Peri\u00f3dico Digital  de Zacatecas"},"image":{"@id":"https:\/\/creston.com.mx\/#\/schema\/logo\/image\/"}},{"@type":"Person","@id":"https:\/\/creston.com.mx\/#\/schema\/person\/01f2ce9e289bc5300c759925ef768c1d","name":"Periodico Creston","image":{"@type":"ImageObject","inLanguage":"es","@id":"https:\/\/creston.com.mx\/#\/schema\/person\/image\/","url":"https:\/\/secure.gravatar.com\/avatar\/c91eac1cf0d45897b6d294d474aa7713a194d460be0aaf72157553d050cda1c1?s=96&d=mm&r=g","contentUrl":"https:\/\/secure.gravatar.com\/avatar\/c91eac1cf0d45897b6d294d474aa7713a194d460be0aaf72157553d050cda1c1?s=96&d=mm&r=g","caption":"Periodico Creston"},"sameAs":["https:\/\/creston.com.mx"],"url":"https:\/\/creston.com.mx\/index.php\/author\/cstnalja96\/"}]}},"jetpack_sharing_enabled":true,"jetpack_featured_media_url":"https:\/\/creston.com.mx\/wp-content\/uploads\/2026\/01\/IMG-20260119-WA0001.jpg","_links":{"self":[{"href":"https:\/\/creston.com.mx\/index.php\/wp-json\/wp\/v2\/posts\/2210","targetHints":{"allow":["GET"]}}],"collection":[{"href":"https:\/\/creston.com.mx\/index.php\/wp-json\/wp\/v2\/posts"}],"about":[{"href":"https:\/\/creston.com.mx\/index.php\/wp-json\/wp\/v2\/types\/post"}],"author":[{"embeddable":true,"href":"https:\/\/creston.com.mx\/index.php\/wp-json\/wp\/v2\/users\/1"}],"replies":[{"embeddable":true,"href":"https:\/\/creston.com.mx\/index.php\/wp-json\/wp\/v2\/comments?post=2210"}],"version-history":[{"count":1,"href":"https:\/\/creston.com.mx\/index.php\/wp-json\/wp\/v2\/posts\/2210\/revisions"}],"predecessor-version":[{"id":2213,"href":"https:\/\/creston.com.mx\/index.php\/wp-json\/wp\/v2\/posts\/2210\/revisions\/2213"}],"wp:featuredmedia":[{"embeddable":true,"href":"https:\/\/creston.com.mx\/index.php\/wp-json\/wp\/v2\/media\/2212"}],"wp:attachment":[{"href":"https:\/\/creston.com.mx\/index.php\/wp-json\/wp\/v2\/media?parent=2210"}],"wp:term":[{"taxonomy":"category","embeddable":true,"href":"https:\/\/creston.com.mx\/index.php\/wp-json\/wp\/v2\/categories?post=2210"},{"taxonomy":"post_tag","embeddable":true,"href":"https:\/\/creston.com.mx\/index.php\/wp-json\/wp\/v2\/tags?post=2210"}],"curies":[{"name":"wp","href":"https:\/\/api.w.org\/{rel}","templated":true}]}}