{"id":221,"date":"2025-01-22T04:09:08","date_gmt":"2025-01-22T04:09:08","guid":{"rendered":"https:\/\/creston.com.mx\/?p=221"},"modified":"2025-01-22T04:09:09","modified_gmt":"2025-01-22T04:09:09","slug":"legislatura-renovara-los-cargos-del-poder-judicial-del-estado","status":"publish","type":"post","link":"https:\/\/creston.com.mx\/index.php\/01\/legislatura-renovara-los-cargos-del-poder-judicial-del-estado\/politica\/2025\/","title":{"rendered":"Legislatura renovar\u00e1 los cargos del Poder Judicial del Estado"},"content":{"rendered":"\n<p class=\"has-medium-font-size\"><em><strong>Aprueban modificar la integraci\u00f3n de los \u00d3rganos de Gobierno. Ana Mar\u00eda Romo encabezar\u00e1 el OAF, mientras que el diputado Marco Vinicio Flores se integra a la JUCOPO.<\/strong><\/em><\/p>\n\n\n\n<p>.<\/p>\n\n\n\n<p>Por unanimidad de las y los integrantes de la Comisi\u00f3n Permanente, fue aprobado el Punto de Acuerdo que contiene la convocatoria para el Tercer Periodo Extraordinario de Sesiones, dentro del Primer A\u00f1o de Ejercicio de la LXV Legislatura local, el cual habr\u00e1 de llevarse a cabo los d\u00edas 22, 23 y 24 de enero del 2025, y tendr\u00e1 como objetivo:<\/p>\n\n\n\n<p>\u25cf&nbsp;&nbsp;&nbsp;&nbsp;&nbsp;&nbsp;&nbsp;&nbsp; La convocatoria para integrar los listados de las personas candidatas que participen en el Proceso Electoral Local Extraordinario 2024-2025, para renovar los cargos del Poder Judicial del Estado.<\/p>\n\n\n\n<p>\u25cf&nbsp;&nbsp;&nbsp;&nbsp;&nbsp;&nbsp;&nbsp;&nbsp; Integraci\u00f3n y toma de protesta del Comit\u00e9 de Evaluaci\u00f3n por parte del Poder Legislativo.<\/p>\n\n\n\n<p>En otro punto y de manera un\u00e1nime, la Comisi\u00f3n Permanente aprob\u00f3 el Punto de Acuerdo presentado por la Junta de Coordinaci\u00f3n Pol\u00edtica, mediante el cual se reforma el Acuerdo #16 de la H. Sexag\u00e9sima Quinta Legislatura del Estado, relativo a la conformaci\u00f3n de la Junta de Coordinaci\u00f3n Pol\u00edtica y del \u00d3rgano de Administraci\u00f3n y Finanzas.<\/p>\n\n\n\n<p>Mediante la modificaci\u00f3n del Acuerdo #16, el diputado Marco Vinicio Flores Guerrero fungir\u00e1 como Coordinador del Grupo Parlamentario del MC, y, por lo tanto, secretario de la JUCOPO; mientras que la legisladora Ana Mar\u00eda Romo Fonseca, ser\u00e1 quien represente al GP de Movimiento Ciudadano en el \u00d3rgano de Administraci\u00f3n y Finanzas.<\/p>\n\n\n\n<p>Inclusi\u00f3n de las Transversalidades como Anexos Presupuestarios<\/p>\n\n\n\n<p>La diputada Karla Esmeralda Rivera Rodr\u00edguez dio a conocer a sus hom\u00f3logos la iniciativa por la que propone reformas a diversas disposiciones de la Ley de Austeridad, Disciplina y Responsabilidad Financiera del Estado de Zacatecas y sus Municipios, en materia de la Inclusi\u00f3n de las Transversalidades como Anexos Presupuestarios.<\/p>\n\n\n\n<p>La propuesta es unificar y homologar el marco normativo al respecto de los \u00e1mbitos internacionales y nacionales, agregando el concepto de \u201cTransversalidades\u201d y su significado, para que de manera formal se incluya en el glosario de t\u00e9rminos de la Ley de Austeridad, Disciplina y Responsabilidad Financiera del Estado de Zacatecas y sus Municipios, y a la vez, armonizar su alcance en otras disposiciones de la misma ley. Con esta modificaci\u00f3n y complementariedad en nuestra legislaci\u00f3n, se\u00f1al\u00f3 la legisladora Rivera Rodr\u00edguez, se fortalecen e incentivan nuevas herramientas t\u00e9cnicas para la planeaci\u00f3n, ejecuci\u00f3n y la fiscalizaci\u00f3n con austeridad, disciplina y responsabilidad financiera.<\/p>\n","protected":false},"excerpt":{"rendered":"<p>Aprueban modificar la integraci\u00f3n de los \u00d3rganos de Gobierno. Ana Mar\u00eda Romo encabezar\u00e1 el OAF, mientras que el diputado Marco Vinicio Flores se integra a la JUCOPO. . Por unanimidad&hellip; <\/p>\n","protected":false},"author":1,"featured_media":222,"comment_status":"open","ping_status":"closed","sticky":false,"template":"","format":"standard","meta":{"_jetpack_memberships_contains_paid_content":false,"footnotes":""},"categories":[2],"tags":[],"class_list":["post-221","post","type-post","status-publish","format-standard","has-post-thumbnail","hentry","category-politica"],"yoast_head":"<!-- This site is optimized with the Yoast SEO plugin v24.2 - https:\/\/yoast.com\/wordpress\/plugins\/seo\/ -->\n<title>Legislatura renovar\u00e1 los cargos del Poder Judicial del Estado - Peri\u00f3dico Digital de Zacatecas<\/title>\n<meta name=\"robots\" content=\"index, follow, max-snippet:-1, max-image-preview:large, max-video-preview:-1\" \/>\n<link rel=\"canonical\" href=\"https:\/\/creston.com.mx\/index.php\/01\/legislatura-renovara-los-cargos-del-poder-judicial-del-estado\/politica\/2025\/\" \/>\n<meta property=\"og:locale\" content=\"es_ES\" \/>\n<meta property=\"og:type\" content=\"article\" \/>\n<meta property=\"og:title\" content=\"Legislatura renovar\u00e1 los cargos del Poder Judicial del Estado - Peri\u00f3dico Digital de Zacatecas\" \/>\n<meta property=\"og:description\" content=\"Aprueban modificar la integraci\u00f3n de los \u00d3rganos de Gobierno. Ana Mar\u00eda Romo encabezar\u00e1 el OAF, mientras que el diputado Marco Vinicio Flores se integra a la JUCOPO. . Por unanimidad&hellip;\" \/>\n<meta property=\"og:url\" content=\"https:\/\/creston.com.mx\/index.php\/01\/legislatura-renovara-los-cargos-del-poder-judicial-del-estado\/politica\/2025\/\" \/>\n<meta property=\"og:site_name\" content=\"Peri\u00f3dico Digital de Zacatecas\" \/>\n<meta property=\"article:published_time\" content=\"2025-01-22T04:09:08+00:00\" \/>\n<meta property=\"article:modified_time\" content=\"2025-01-22T04:09:09+00:00\" \/>\n<meta property=\"og:image\" content=\"https:\/\/creston.com.mx\/wp-content\/uploads\/2025\/01\/IMG-20250121-WA0019.jpg\" \/>\n\t<meta property=\"og:image:width\" content=\"1600\" \/>\n\t<meta property=\"og:image:height\" content=\"1066\" \/>\n\t<meta property=\"og:image:type\" content=\"image\/jpeg\" \/>\n<meta name=\"author\" content=\"Periodico Creston\" \/>\n<meta name=\"twitter:card\" content=\"summary_large_image\" \/>\n<meta name=\"twitter:label1\" content=\"Escrito por\" \/>\n\t<meta name=\"twitter:data1\" content=\"Periodico Creston\" \/>\n\t<meta name=\"twitter:label2\" content=\"Tiempo de lectura\" \/>\n\t<meta name=\"twitter:data2\" content=\"3 minutos\" \/>\n<script type=\"application\/ld+json\" class=\"yoast-schema-graph\">{\"@context\":\"https:\/\/schema.org\",\"@graph\":[{\"@type\":\"Article\",\"@id\":\"https:\/\/creston.com.mx\/index.php\/01\/legislatura-renovara-los-cargos-del-poder-judicial-del-estado\/politica\/2025\/#article\",\"isPartOf\":{\"@id\":\"https:\/\/creston.com.mx\/index.php\/01\/legislatura-renovara-los-cargos-del-poder-judicial-del-estado\/politica\/2025\/\"},\"author\":{\"name\":\"Periodico Creston\",\"@id\":\"https:\/\/creston.com.mx\/#\/schema\/person\/01f2ce9e289bc5300c759925ef768c1d\"},\"headline\":\"Legislatura renovar\u00e1 los cargos del Poder Judicial del Estado\",\"datePublished\":\"2025-01-22T04:09:08+00:00\",\"dateModified\":\"2025-01-22T04:09:09+00:00\",\"mainEntityOfPage\":{\"@id\":\"https:\/\/creston.com.mx\/index.php\/01\/legislatura-renovara-los-cargos-del-poder-judicial-del-estado\/politica\/2025\/\"},\"wordCount\":442,\"commentCount\":0,\"publisher\":{\"@id\":\"https:\/\/creston.com.mx\/#organization\"},\"image\":{\"@id\":\"https:\/\/creston.com.mx\/index.php\/01\/legislatura-renovara-los-cargos-del-poder-judicial-del-estado\/politica\/2025\/#primaryimage\"},\"thumbnailUrl\":\"https:\/\/creston.com.mx\/wp-content\/uploads\/2025\/01\/IMG-20250121-WA0019.jpg\",\"articleSection\":[\"Pol\u00edtica\"],\"inLanguage\":\"es\",\"potentialAction\":[{\"@type\":\"CommentAction\",\"name\":\"Comment\",\"target\":[\"https:\/\/creston.com.mx\/index.php\/01\/legislatura-renovara-los-cargos-del-poder-judicial-del-estado\/politica\/2025\/#respond\"]}]},{\"@type\":\"WebPage\",\"@id\":\"https:\/\/creston.com.mx\/index.php\/01\/legislatura-renovara-los-cargos-del-poder-judicial-del-estado\/politica\/2025\/\",\"url\":\"https:\/\/creston.com.mx\/index.php\/01\/legislatura-renovara-los-cargos-del-poder-judicial-del-estado\/politica\/2025\/\",\"name\":\"Legislatura renovar\u00e1 los cargos del Poder Judicial del Estado - Peri\u00f3dico Digital de Zacatecas\",\"isPartOf\":{\"@id\":\"https:\/\/creston.com.mx\/#website\"},\"primaryImageOfPage\":{\"@id\":\"https:\/\/creston.com.mx\/index.php\/01\/legislatura-renovara-los-cargos-del-poder-judicial-del-estado\/politica\/2025\/#primaryimage\"},\"image\":{\"@id\":\"https:\/\/creston.com.mx\/index.php\/01\/legislatura-renovara-los-cargos-del-poder-judicial-del-estado\/politica\/2025\/#primaryimage\"},\"thumbnailUrl\":\"https:\/\/creston.com.mx\/wp-content\/uploads\/2025\/01\/IMG-20250121-WA0019.jpg\",\"datePublished\":\"2025-01-22T04:09:08+00:00\",\"dateModified\":\"2025-01-22T04:09:09+00:00\",\"breadcrumb\":{\"@id\":\"https:\/\/creston.com.mx\/index.php\/01\/legislatura-renovara-los-cargos-del-poder-judicial-del-estado\/politica\/2025\/#breadcrumb\"},\"inLanguage\":\"es\",\"potentialAction\":[{\"@type\":\"ReadAction\",\"target\":[\"https:\/\/creston.com.mx\/index.php\/01\/legislatura-renovara-los-cargos-del-poder-judicial-del-estado\/politica\/2025\/\"]}]},{\"@type\":\"ImageObject\",\"inLanguage\":\"es\",\"@id\":\"https:\/\/creston.com.mx\/index.php\/01\/legislatura-renovara-los-cargos-del-poder-judicial-del-estado\/politica\/2025\/#primaryimage\",\"url\":\"https:\/\/creston.com.mx\/wp-content\/uploads\/2025\/01\/IMG-20250121-WA0019.jpg\",\"contentUrl\":\"https:\/\/creston.com.mx\/wp-content\/uploads\/2025\/01\/IMG-20250121-WA0019.jpg\",\"width\":1600,\"height\":1066},{\"@type\":\"BreadcrumbList\",\"@id\":\"https:\/\/creston.com.mx\/index.php\/01\/legislatura-renovara-los-cargos-del-poder-judicial-del-estado\/politica\/2025\/#breadcrumb\",\"itemListElement\":[{\"@type\":\"ListItem\",\"position\":1,\"name\":\"Portada\",\"item\":\"https:\/\/creston.com.mx\/\"},{\"@type\":\"ListItem\",\"position\":2,\"name\":\"Legislatura renovar\u00e1 los cargos del Poder Judicial del Estado\"}]},{\"@type\":\"WebSite\",\"@id\":\"https:\/\/creston.com.mx\/#website\",\"url\":\"https:\/\/creston.com.mx\/\",\"name\":\"Peri\u00f3dico Digital de Zacatecas\",\"description\":\"\",\"publisher\":{\"@id\":\"https:\/\/creston.com.mx\/#organization\"},\"potentialAction\":[{\"@type\":\"SearchAction\",\"target\":{\"@type\":\"EntryPoint\",\"urlTemplate\":\"https:\/\/creston.com.mx\/?s={search_term_string}\"},\"query-input\":{\"@type\":\"PropertyValueSpecification\",\"valueRequired\":true,\"valueName\":\"search_term_string\"}}],\"inLanguage\":\"es\"},{\"@type\":\"Organization\",\"@id\":\"https:\/\/creston.com.mx\/#organization\",\"name\":\"Peri\u00f3dico Digital de Zacatecas\",\"url\":\"https:\/\/creston.com.mx\/\",\"logo\":{\"@type\":\"ImageObject\",\"inLanguage\":\"es\",\"@id\":\"https:\/\/creston.com.mx\/#\/schema\/logo\/image\/\",\"url\":\"https:\/\/creston.com.mx\/wp-content\/uploads\/2026\/02\/cropped-Logo-Creston2.jpg\",\"contentUrl\":\"https:\/\/creston.com.mx\/wp-content\/uploads\/2026\/02\/cropped-Logo-Creston2.jpg\",\"width\":503,\"height\":194,\"caption\":\"Peri\u00f3dico Digital  de Zacatecas\"},\"image\":{\"@id\":\"https:\/\/creston.com.mx\/#\/schema\/logo\/image\/\"}},{\"@type\":\"Person\",\"@id\":\"https:\/\/creston.com.mx\/#\/schema\/person\/01f2ce9e289bc5300c759925ef768c1d\",\"name\":\"Periodico Creston\",\"image\":{\"@type\":\"ImageObject\",\"inLanguage\":\"es\",\"@id\":\"https:\/\/creston.com.mx\/#\/schema\/person\/image\/\",\"url\":\"https:\/\/secure.gravatar.com\/avatar\/c91eac1cf0d45897b6d294d474aa7713a194d460be0aaf72157553d050cda1c1?s=96&d=mm&r=g\",\"contentUrl\":\"https:\/\/secure.gravatar.com\/avatar\/c91eac1cf0d45897b6d294d474aa7713a194d460be0aaf72157553d050cda1c1?s=96&d=mm&r=g\",\"caption\":\"Periodico Creston\"},\"sameAs\":[\"https:\/\/creston.com.mx\"],\"url\":\"https:\/\/creston.com.mx\/index.php\/author\/cstnalja96\/\"}]}<\/script>\n<!-- \/ Yoast SEO plugin. -->","yoast_head_json":{"title":"Legislatura renovar\u00e1 los cargos del Poder Judicial del Estado - Peri\u00f3dico Digital de Zacatecas","robots":{"index":"index","follow":"follow","max-snippet":"max-snippet:-1","max-image-preview":"max-image-preview:large","max-video-preview":"max-video-preview:-1"},"canonical":"https:\/\/creston.com.mx\/index.php\/01\/legislatura-renovara-los-cargos-del-poder-judicial-del-estado\/politica\/2025\/","og_locale":"es_ES","og_type":"article","og_title":"Legislatura renovar\u00e1 los cargos del Poder Judicial del Estado - Peri\u00f3dico Digital de Zacatecas","og_description":"Aprueban modificar la integraci\u00f3n de los \u00d3rganos de Gobierno. Ana Mar\u00eda Romo encabezar\u00e1 el OAF, mientras que el diputado Marco Vinicio Flores se integra a la JUCOPO. . Por unanimidad&hellip;","og_url":"https:\/\/creston.com.mx\/index.php\/01\/legislatura-renovara-los-cargos-del-poder-judicial-del-estado\/politica\/2025\/","og_site_name":"Peri\u00f3dico Digital de Zacatecas","article_published_time":"2025-01-22T04:09:08+00:00","article_modified_time":"2025-01-22T04:09:09+00:00","og_image":[{"width":1600,"height":1066,"url":"https:\/\/creston.com.mx\/wp-content\/uploads\/2025\/01\/IMG-20250121-WA0019.jpg","type":"image\/jpeg"}],"author":"Periodico Creston","twitter_card":"summary_large_image","twitter_misc":{"Escrito por":"Periodico Creston","Tiempo de lectura":"3 minutos"},"schema":{"@context":"https:\/\/schema.org","@graph":[{"@type":"Article","@id":"https:\/\/creston.com.mx\/index.php\/01\/legislatura-renovara-los-cargos-del-poder-judicial-del-estado\/politica\/2025\/#article","isPartOf":{"@id":"https:\/\/creston.com.mx\/index.php\/01\/legislatura-renovara-los-cargos-del-poder-judicial-del-estado\/politica\/2025\/"},"author":{"name":"Periodico Creston","@id":"https:\/\/creston.com.mx\/#\/schema\/person\/01f2ce9e289bc5300c759925ef768c1d"},"headline":"Legislatura renovar\u00e1 los cargos del Poder Judicial del Estado","datePublished":"2025-01-22T04:09:08+00:00","dateModified":"2025-01-22T04:09:09+00:00","mainEntityOfPage":{"@id":"https:\/\/creston.com.mx\/index.php\/01\/legislatura-renovara-los-cargos-del-poder-judicial-del-estado\/politica\/2025\/"},"wordCount":442,"commentCount":0,"publisher":{"@id":"https:\/\/creston.com.mx\/#organization"},"image":{"@id":"https:\/\/creston.com.mx\/index.php\/01\/legislatura-renovara-los-cargos-del-poder-judicial-del-estado\/politica\/2025\/#primaryimage"},"thumbnailUrl":"https:\/\/creston.com.mx\/wp-content\/uploads\/2025\/01\/IMG-20250121-WA0019.jpg","articleSection":["Pol\u00edtica"],"inLanguage":"es","potentialAction":[{"@type":"CommentAction","name":"Comment","target":["https:\/\/creston.com.mx\/index.php\/01\/legislatura-renovara-los-cargos-del-poder-judicial-del-estado\/politica\/2025\/#respond"]}]},{"@type":"WebPage","@id":"https:\/\/creston.com.mx\/index.php\/01\/legislatura-renovara-los-cargos-del-poder-judicial-del-estado\/politica\/2025\/","url":"https:\/\/creston.com.mx\/index.php\/01\/legislatura-renovara-los-cargos-del-poder-judicial-del-estado\/politica\/2025\/","name":"Legislatura renovar\u00e1 los cargos del Poder Judicial del Estado - Peri\u00f3dico Digital de Zacatecas","isPartOf":{"@id":"https:\/\/creston.com.mx\/#website"},"primaryImageOfPage":{"@id":"https:\/\/creston.com.mx\/index.php\/01\/legislatura-renovara-los-cargos-del-poder-judicial-del-estado\/politica\/2025\/#primaryimage"},"image":{"@id":"https:\/\/creston.com.mx\/index.php\/01\/legislatura-renovara-los-cargos-del-poder-judicial-del-estado\/politica\/2025\/#primaryimage"},"thumbnailUrl":"https:\/\/creston.com.mx\/wp-content\/uploads\/2025\/01\/IMG-20250121-WA0019.jpg","datePublished":"2025-01-22T04:09:08+00:00","dateModified":"2025-01-22T04:09:09+00:00","breadcrumb":{"@id":"https:\/\/creston.com.mx\/index.php\/01\/legislatura-renovara-los-cargos-del-poder-judicial-del-estado\/politica\/2025\/#breadcrumb"},"inLanguage":"es","potentialAction":[{"@type":"ReadAction","target":["https:\/\/creston.com.mx\/index.php\/01\/legislatura-renovara-los-cargos-del-poder-judicial-del-estado\/politica\/2025\/"]}]},{"@type":"ImageObject","inLanguage":"es","@id":"https:\/\/creston.com.mx\/index.php\/01\/legislatura-renovara-los-cargos-del-poder-judicial-del-estado\/politica\/2025\/#primaryimage","url":"https:\/\/creston.com.mx\/wp-content\/uploads\/2025\/01\/IMG-20250121-WA0019.jpg","contentUrl":"https:\/\/creston.com.mx\/wp-content\/uploads\/2025\/01\/IMG-20250121-WA0019.jpg","width":1600,"height":1066},{"@type":"BreadcrumbList","@id":"https:\/\/creston.com.mx\/index.php\/01\/legislatura-renovara-los-cargos-del-poder-judicial-del-estado\/politica\/2025\/#breadcrumb","itemListElement":[{"@type":"ListItem","position":1,"name":"Portada","item":"https:\/\/creston.com.mx\/"},{"@type":"ListItem","position":2,"name":"Legislatura renovar\u00e1 los cargos del Poder Judicial del Estado"}]},{"@type":"WebSite","@id":"https:\/\/creston.com.mx\/#website","url":"https:\/\/creston.com.mx\/","name":"Peri\u00f3dico Digital de Zacatecas","description":"","publisher":{"@id":"https:\/\/creston.com.mx\/#organization"},"potentialAction":[{"@type":"SearchAction","target":{"@type":"EntryPoint","urlTemplate":"https:\/\/creston.com.mx\/?s={search_term_string}"},"query-input":{"@type":"PropertyValueSpecification","valueRequired":true,"valueName":"search_term_string"}}],"inLanguage":"es"},{"@type":"Organization","@id":"https:\/\/creston.com.mx\/#organization","name":"Peri\u00f3dico Digital de Zacatecas","url":"https:\/\/creston.com.mx\/","logo":{"@type":"ImageObject","inLanguage":"es","@id":"https:\/\/creston.com.mx\/#\/schema\/logo\/image\/","url":"https:\/\/creston.com.mx\/wp-content\/uploads\/2026\/02\/cropped-Logo-Creston2.jpg","contentUrl":"https:\/\/creston.com.mx\/wp-content\/uploads\/2026\/02\/cropped-Logo-Creston2.jpg","width":503,"height":194,"caption":"Peri\u00f3dico Digital  de Zacatecas"},"image":{"@id":"https:\/\/creston.com.mx\/#\/schema\/logo\/image\/"}},{"@type":"Person","@id":"https:\/\/creston.com.mx\/#\/schema\/person\/01f2ce9e289bc5300c759925ef768c1d","name":"Periodico Creston","image":{"@type":"ImageObject","inLanguage":"es","@id":"https:\/\/creston.com.mx\/#\/schema\/person\/image\/","url":"https:\/\/secure.gravatar.com\/avatar\/c91eac1cf0d45897b6d294d474aa7713a194d460be0aaf72157553d050cda1c1?s=96&d=mm&r=g","contentUrl":"https:\/\/secure.gravatar.com\/avatar\/c91eac1cf0d45897b6d294d474aa7713a194d460be0aaf72157553d050cda1c1?s=96&d=mm&r=g","caption":"Periodico Creston"},"sameAs":["https:\/\/creston.com.mx"],"url":"https:\/\/creston.com.mx\/index.php\/author\/cstnalja96\/"}]}},"jetpack_sharing_enabled":true,"jetpack_featured_media_url":"https:\/\/creston.com.mx\/wp-content\/uploads\/2025\/01\/IMG-20250121-WA0019.jpg","_links":{"self":[{"href":"https:\/\/creston.com.mx\/index.php\/wp-json\/wp\/v2\/posts\/221","targetHints":{"allow":["GET"]}}],"collection":[{"href":"https:\/\/creston.com.mx\/index.php\/wp-json\/wp\/v2\/posts"}],"about":[{"href":"https:\/\/creston.com.mx\/index.php\/wp-json\/wp\/v2\/types\/post"}],"author":[{"embeddable":true,"href":"https:\/\/creston.com.mx\/index.php\/wp-json\/wp\/v2\/users\/1"}],"replies":[{"embeddable":true,"href":"https:\/\/creston.com.mx\/index.php\/wp-json\/wp\/v2\/comments?post=221"}],"version-history":[{"count":1,"href":"https:\/\/creston.com.mx\/index.php\/wp-json\/wp\/v2\/posts\/221\/revisions"}],"predecessor-version":[{"id":223,"href":"https:\/\/creston.com.mx\/index.php\/wp-json\/wp\/v2\/posts\/221\/revisions\/223"}],"wp:featuredmedia":[{"embeddable":true,"href":"https:\/\/creston.com.mx\/index.php\/wp-json\/wp\/v2\/media\/222"}],"wp:attachment":[{"href":"https:\/\/creston.com.mx\/index.php\/wp-json\/wp\/v2\/media?parent=221"}],"wp:term":[{"taxonomy":"category","embeddable":true,"href":"https:\/\/creston.com.mx\/index.php\/wp-json\/wp\/v2\/categories?post=221"},{"taxonomy":"post_tag","embeddable":true,"href":"https:\/\/creston.com.mx\/index.php\/wp-json\/wp\/v2\/tags?post=221"}],"curies":[{"name":"wp","href":"https:\/\/api.w.org\/{rel}","templated":true}]}}