{"id":2168,"date":"2026-01-07T20:28:00","date_gmt":"2026-01-08T02:28:00","guid":{"rendered":"https:\/\/creston.com.mx\/?p=2168"},"modified":"2026-01-21T22:32:39","modified_gmt":"2026-01-22T04:32:39","slug":"este-ano-se-cristalizara-retos-en-el-poder-judicial-magistrado-cvm","status":"publish","type":"post","link":"https:\/\/creston.com.mx\/index.php\/01\/este-ano-se-cristalizara-retos-en-el-poder-judicial-magistrado-cvm\/informacion-general\/2026\/","title":{"rendered":"Este a\u00f1o se cristalizar\u00e1 retos en el Poder Judicial: Magistrado CVM"},"content":{"rendered":"\n<p>.<\/p>\n\n\n\n<p class=\"has-medium-font-size\"><strong><em>2026 ser\u00e1 un a\u00f1o que siga consolidando los principales retos de la Reforma Judicial.\u00a0 Se reasignan presidencias de las Salas del TSJEZ<\/em><\/strong>.<\/p>\n\n\n\n<p class=\"has-medium-font-size\">.<\/p>\n\n\n\n<p>El Pleno del Tribunal Superior de Justicia, apertur\u00f3 su primer periodo de sesiones ordinarias correspondientes al a\u00f1o 2026, que de acuerdo con el Art. 13 de la Ley Org\u00e1nica del Poder Judicial, inicia el primer d\u00eda h\u00e1bil del mes de enero y culmina el \u00faltimo d\u00eda h\u00e1bil del mes de julio.<\/p>\n\n\n\n<p>Durante la celebraci\u00f3n de esta primera sesi\u00f3n, el Magistrado Presidente, Carlos Villegas M\u00e1rquez, aprovech\u00f3 la oportunidad para desearles a sus compa\u00f1eras magistradas y magistrados un a\u00f1o de metas cumplidas, de consolidaci\u00f3n de muchos proyectos que tiene en puerta el Poder Judicial y especialmente de crecimiento en el \u00e1mbito profesional, para seguir ofreciendo al justiciable la atenci\u00f3n que demanda en cada nuevo expediente, en cada juicio y cada exigencia de justicia.<\/p>\n\n\n\n<p>De igual manera en esta primera sesi\u00f3n del periodo se reasignaron las presidencias de las salas que conforman al Tribunal Superior de Justicia, siendo reelectos para este a\u00f1o el Magistrado Virgilio Rivera Delgadillo como Presidente de la Sala Familiar, as\u00ed como el Magistrado Rafael Espinoza Olague, Presidente de la Sala Civil, mientras que la Magistrada Ver\u00f3nica Basurto Robles fue electa Presidenta de la Primera Sala Penal y el Magistrado Juan Antonio Ortega Aparicio, Presidente de la Segunda Sala Penal y Justicia para Adolescentes.<\/p>\n\n\n\n<p>En este sentido, las y los integrantes del Pleno acordaron redoblar esfuerzos para consolidar el a\u00f1o 2026 como un periodo de metas alcanzadas, proyectos cristalizados y un avance significativo en la transici\u00f3n a la tan anhelada justicia en l\u00ednea, as\u00ed como capacitaci\u00f3n y profesionalizaci\u00f3n para el personal del Poder Judicial y operadores del sistema de impartici\u00f3n y procuraci\u00f3n de justicia en el estado y gremio de abogadas y abogados postulantes.<\/p>\n\n\n\n<p>.<\/p>\n\n\n\n\n\n<p>.<\/p>\n\n\n<div class=\"wp-block-image\">\n<figure class=\"aligncenter size-large is-resized\"><img fetchpriority=\"high\" decoding=\"async\" width=\"870\" height=\"1024\" src=\"https:\/\/creston.com.mx\/wp-content\/uploads\/2025\/06\/Anuncio-salon-eventos-870x1024.jpg\" alt=\"\" class=\"wp-image-966\" style=\"aspect-ratio:0.8496112270054997;width:498px;height:auto\" srcset=\"https:\/\/creston.com.mx\/wp-content\/uploads\/2025\/06\/Anuncio-salon-eventos-870x1024.jpg 870w, https:\/\/creston.com.mx\/wp-content\/uploads\/2025\/06\/Anuncio-salon-eventos-255x300.jpg 255w, https:\/\/creston.com.mx\/wp-content\/uploads\/2025\/06\/Anuncio-salon-eventos-768x904.jpg 768w, https:\/\/creston.com.mx\/wp-content\/uploads\/2025\/06\/Anuncio-salon-eventos.jpg 1275w\" sizes=\"(max-width: 870px) 100vw, 870px\" \/><\/figure>\n<\/div>","protected":false},"excerpt":{"rendered":"<p>. 2026 ser\u00e1 un a\u00f1o que siga consolidando los principales retos de la Reforma Judicial.\u00a0 Se reasignan presidencias de las Salas del TSJEZ. . El Pleno del Tribunal Superior de&hellip; <\/p>\n","protected":false},"author":1,"featured_media":2169,"comment_status":"open","ping_status":"closed","sticky":false,"template":"","format":"standard","meta":{"_jetpack_memberships_contains_paid_content":false,"footnotes":""},"categories":[4],"tags":[],"class_list":["post-2168","post","type-post","status-publish","format-standard","has-post-thumbnail","hentry","category-informacion-general"],"yoast_head":"<!-- This site is optimized with the Yoast SEO plugin v24.2 - https:\/\/yoast.com\/wordpress\/plugins\/seo\/ -->\n<title>Este a\u00f1o se cristalizar\u00e1 retos en el Poder Judicial: Magistrado CVM - Peri\u00f3dico Digital de Zacatecas<\/title>\n<meta name=\"robots\" content=\"index, follow, max-snippet:-1, max-image-preview:large, max-video-preview:-1\" \/>\n<link rel=\"canonical\" href=\"https:\/\/creston.com.mx\/index.php\/01\/este-ano-se-cristalizara-retos-en-el-poder-judicial-magistrado-cvm\/informacion-general\/2026\/\" \/>\n<meta property=\"og:locale\" content=\"es_ES\" \/>\n<meta property=\"og:type\" content=\"article\" \/>\n<meta property=\"og:title\" content=\"Este a\u00f1o se cristalizar\u00e1 retos en el Poder Judicial: Magistrado CVM - Peri\u00f3dico Digital de Zacatecas\" \/>\n<meta property=\"og:description\" content=\". 2026 ser\u00e1 un a\u00f1o que siga consolidando los principales retos de la Reforma Judicial.\u00a0 Se reasignan presidencias de las Salas del TSJEZ. . El Pleno del Tribunal Superior de&hellip;\" \/>\n<meta property=\"og:url\" content=\"https:\/\/creston.com.mx\/index.php\/01\/este-ano-se-cristalizara-retos-en-el-poder-judicial-magistrado-cvm\/informacion-general\/2026\/\" \/>\n<meta property=\"og:site_name\" content=\"Peri\u00f3dico Digital de Zacatecas\" \/>\n<meta property=\"article:published_time\" content=\"2026-01-08T02:28:00+00:00\" \/>\n<meta property=\"article:modified_time\" content=\"2026-01-22T04:32:39+00:00\" \/>\n<meta property=\"og:image\" content=\"https:\/\/creston.com.mx\/wp-content\/uploads\/2026\/01\/IMG-20260107-WA0022.jpg\" \/>\n\t<meta property=\"og:image:width\" content=\"1600\" \/>\n\t<meta property=\"og:image:height\" content=\"1118\" \/>\n\t<meta property=\"og:image:type\" content=\"image\/jpeg\" \/>\n<meta name=\"author\" content=\"Periodico Creston\" \/>\n<meta name=\"twitter:card\" content=\"summary_large_image\" \/>\n<meta name=\"twitter:label1\" content=\"Escrito por\" \/>\n\t<meta name=\"twitter:data1\" content=\"Periodico Creston\" \/>\n\t<meta name=\"twitter:label2\" content=\"Tiempo de lectura\" \/>\n\t<meta name=\"twitter:data2\" content=\"2 minutos\" \/>\n<script type=\"application\/ld+json\" class=\"yoast-schema-graph\">{\"@context\":\"https:\/\/schema.org\",\"@graph\":[{\"@type\":\"Article\",\"@id\":\"https:\/\/creston.com.mx\/index.php\/01\/este-ano-se-cristalizara-retos-en-el-poder-judicial-magistrado-cvm\/informacion-general\/2026\/#article\",\"isPartOf\":{\"@id\":\"https:\/\/creston.com.mx\/index.php\/01\/este-ano-se-cristalizara-retos-en-el-poder-judicial-magistrado-cvm\/informacion-general\/2026\/\"},\"author\":{\"name\":\"Periodico Creston\",\"@id\":\"https:\/\/creston.com.mx\/#\/schema\/person\/01f2ce9e289bc5300c759925ef768c1d\"},\"headline\":\"Este a\u00f1o se cristalizar\u00e1 retos en el Poder Judicial: Magistrado CVM\",\"datePublished\":\"2026-01-08T02:28:00+00:00\",\"dateModified\":\"2026-01-22T04:32:39+00:00\",\"mainEntityOfPage\":{\"@id\":\"https:\/\/creston.com.mx\/index.php\/01\/este-ano-se-cristalizara-retos-en-el-poder-judicial-magistrado-cvm\/informacion-general\/2026\/\"},\"wordCount\":328,\"commentCount\":0,\"publisher\":{\"@id\":\"https:\/\/creston.com.mx\/#organization\"},\"image\":{\"@id\":\"https:\/\/creston.com.mx\/index.php\/01\/este-ano-se-cristalizara-retos-en-el-poder-judicial-magistrado-cvm\/informacion-general\/2026\/#primaryimage\"},\"thumbnailUrl\":\"https:\/\/creston.com.mx\/wp-content\/uploads\/2026\/01\/IMG-20260107-WA0022.jpg\",\"articleSection\":[\"Informaci\u00f3n General\"],\"inLanguage\":\"es\",\"potentialAction\":[{\"@type\":\"CommentAction\",\"name\":\"Comment\",\"target\":[\"https:\/\/creston.com.mx\/index.php\/01\/este-ano-se-cristalizara-retos-en-el-poder-judicial-magistrado-cvm\/informacion-general\/2026\/#respond\"]}]},{\"@type\":\"WebPage\",\"@id\":\"https:\/\/creston.com.mx\/index.php\/01\/este-ano-se-cristalizara-retos-en-el-poder-judicial-magistrado-cvm\/informacion-general\/2026\/\",\"url\":\"https:\/\/creston.com.mx\/index.php\/01\/este-ano-se-cristalizara-retos-en-el-poder-judicial-magistrado-cvm\/informacion-general\/2026\/\",\"name\":\"Este a\u00f1o se cristalizar\u00e1 retos en el Poder Judicial: Magistrado CVM - Peri\u00f3dico Digital de Zacatecas\",\"isPartOf\":{\"@id\":\"https:\/\/creston.com.mx\/#website\"},\"primaryImageOfPage\":{\"@id\":\"https:\/\/creston.com.mx\/index.php\/01\/este-ano-se-cristalizara-retos-en-el-poder-judicial-magistrado-cvm\/informacion-general\/2026\/#primaryimage\"},\"image\":{\"@id\":\"https:\/\/creston.com.mx\/index.php\/01\/este-ano-se-cristalizara-retos-en-el-poder-judicial-magistrado-cvm\/informacion-general\/2026\/#primaryimage\"},\"thumbnailUrl\":\"https:\/\/creston.com.mx\/wp-content\/uploads\/2026\/01\/IMG-20260107-WA0022.jpg\",\"datePublished\":\"2026-01-08T02:28:00+00:00\",\"dateModified\":\"2026-01-22T04:32:39+00:00\",\"breadcrumb\":{\"@id\":\"https:\/\/creston.com.mx\/index.php\/01\/este-ano-se-cristalizara-retos-en-el-poder-judicial-magistrado-cvm\/informacion-general\/2026\/#breadcrumb\"},\"inLanguage\":\"es\",\"potentialAction\":[{\"@type\":\"ReadAction\",\"target\":[\"https:\/\/creston.com.mx\/index.php\/01\/este-ano-se-cristalizara-retos-en-el-poder-judicial-magistrado-cvm\/informacion-general\/2026\/\"]}]},{\"@type\":\"ImageObject\",\"inLanguage\":\"es\",\"@id\":\"https:\/\/creston.com.mx\/index.php\/01\/este-ano-se-cristalizara-retos-en-el-poder-judicial-magistrado-cvm\/informacion-general\/2026\/#primaryimage\",\"url\":\"https:\/\/creston.com.mx\/wp-content\/uploads\/2026\/01\/IMG-20260107-WA0022.jpg\",\"contentUrl\":\"https:\/\/creston.com.mx\/wp-content\/uploads\/2026\/01\/IMG-20260107-WA0022.jpg\",\"width\":1600,\"height\":1118},{\"@type\":\"BreadcrumbList\",\"@id\":\"https:\/\/creston.com.mx\/index.php\/01\/este-ano-se-cristalizara-retos-en-el-poder-judicial-magistrado-cvm\/informacion-general\/2026\/#breadcrumb\",\"itemListElement\":[{\"@type\":\"ListItem\",\"position\":1,\"name\":\"Portada\",\"item\":\"https:\/\/creston.com.mx\/\"},{\"@type\":\"ListItem\",\"position\":2,\"name\":\"Este a\u00f1o se cristalizar\u00e1 retos en el Poder Judicial: Magistrado CVM\"}]},{\"@type\":\"WebSite\",\"@id\":\"https:\/\/creston.com.mx\/#website\",\"url\":\"https:\/\/creston.com.mx\/\",\"name\":\"Peri\u00f3dico Digital de Zacatecas\",\"description\":\"\",\"publisher\":{\"@id\":\"https:\/\/creston.com.mx\/#organization\"},\"potentialAction\":[{\"@type\":\"SearchAction\",\"target\":{\"@type\":\"EntryPoint\",\"urlTemplate\":\"https:\/\/creston.com.mx\/?s={search_term_string}\"},\"query-input\":{\"@type\":\"PropertyValueSpecification\",\"valueRequired\":true,\"valueName\":\"search_term_string\"}}],\"inLanguage\":\"es\"},{\"@type\":\"Organization\",\"@id\":\"https:\/\/creston.com.mx\/#organization\",\"name\":\"Peri\u00f3dico Digital de Zacatecas\",\"url\":\"https:\/\/creston.com.mx\/\",\"logo\":{\"@type\":\"ImageObject\",\"inLanguage\":\"es\",\"@id\":\"https:\/\/creston.com.mx\/#\/schema\/logo\/image\/\",\"url\":\"https:\/\/creston.com.mx\/wp-content\/uploads\/2026\/02\/cropped-Logo-Creston2.jpg\",\"contentUrl\":\"https:\/\/creston.com.mx\/wp-content\/uploads\/2026\/02\/cropped-Logo-Creston2.jpg\",\"width\":503,\"height\":194,\"caption\":\"Peri\u00f3dico Digital  de Zacatecas\"},\"image\":{\"@id\":\"https:\/\/creston.com.mx\/#\/schema\/logo\/image\/\"}},{\"@type\":\"Person\",\"@id\":\"https:\/\/creston.com.mx\/#\/schema\/person\/01f2ce9e289bc5300c759925ef768c1d\",\"name\":\"Periodico Creston\",\"image\":{\"@type\":\"ImageObject\",\"inLanguage\":\"es\",\"@id\":\"https:\/\/creston.com.mx\/#\/schema\/person\/image\/\",\"url\":\"https:\/\/secure.gravatar.com\/avatar\/c91eac1cf0d45897b6d294d474aa7713a194d460be0aaf72157553d050cda1c1?s=96&d=mm&r=g\",\"contentUrl\":\"https:\/\/secure.gravatar.com\/avatar\/c91eac1cf0d45897b6d294d474aa7713a194d460be0aaf72157553d050cda1c1?s=96&d=mm&r=g\",\"caption\":\"Periodico Creston\"},\"sameAs\":[\"https:\/\/creston.com.mx\"],\"url\":\"https:\/\/creston.com.mx\/index.php\/author\/cstnalja96\/\"}]}<\/script>\n<!-- \/ Yoast SEO plugin. -->","yoast_head_json":{"title":"Este a\u00f1o se cristalizar\u00e1 retos en el Poder Judicial: Magistrado CVM - Peri\u00f3dico Digital de Zacatecas","robots":{"index":"index","follow":"follow","max-snippet":"max-snippet:-1","max-image-preview":"max-image-preview:large","max-video-preview":"max-video-preview:-1"},"canonical":"https:\/\/creston.com.mx\/index.php\/01\/este-ano-se-cristalizara-retos-en-el-poder-judicial-magistrado-cvm\/informacion-general\/2026\/","og_locale":"es_ES","og_type":"article","og_title":"Este a\u00f1o se cristalizar\u00e1 retos en el Poder Judicial: Magistrado CVM - Peri\u00f3dico Digital de Zacatecas","og_description":". 2026 ser\u00e1 un a\u00f1o que siga consolidando los principales retos de la Reforma Judicial.\u00a0 Se reasignan presidencias de las Salas del TSJEZ. . El Pleno del Tribunal Superior de&hellip;","og_url":"https:\/\/creston.com.mx\/index.php\/01\/este-ano-se-cristalizara-retos-en-el-poder-judicial-magistrado-cvm\/informacion-general\/2026\/","og_site_name":"Peri\u00f3dico Digital de Zacatecas","article_published_time":"2026-01-08T02:28:00+00:00","article_modified_time":"2026-01-22T04:32:39+00:00","og_image":[{"width":1600,"height":1118,"url":"https:\/\/creston.com.mx\/wp-content\/uploads\/2026\/01\/IMG-20260107-WA0022.jpg","type":"image\/jpeg"}],"author":"Periodico Creston","twitter_card":"summary_large_image","twitter_misc":{"Escrito por":"Periodico Creston","Tiempo de lectura":"2 minutos"},"schema":{"@context":"https:\/\/schema.org","@graph":[{"@type":"Article","@id":"https:\/\/creston.com.mx\/index.php\/01\/este-ano-se-cristalizara-retos-en-el-poder-judicial-magistrado-cvm\/informacion-general\/2026\/#article","isPartOf":{"@id":"https:\/\/creston.com.mx\/index.php\/01\/este-ano-se-cristalizara-retos-en-el-poder-judicial-magistrado-cvm\/informacion-general\/2026\/"},"author":{"name":"Periodico Creston","@id":"https:\/\/creston.com.mx\/#\/schema\/person\/01f2ce9e289bc5300c759925ef768c1d"},"headline":"Este a\u00f1o se cristalizar\u00e1 retos en el Poder Judicial: Magistrado CVM","datePublished":"2026-01-08T02:28:00+00:00","dateModified":"2026-01-22T04:32:39+00:00","mainEntityOfPage":{"@id":"https:\/\/creston.com.mx\/index.php\/01\/este-ano-se-cristalizara-retos-en-el-poder-judicial-magistrado-cvm\/informacion-general\/2026\/"},"wordCount":328,"commentCount":0,"publisher":{"@id":"https:\/\/creston.com.mx\/#organization"},"image":{"@id":"https:\/\/creston.com.mx\/index.php\/01\/este-ano-se-cristalizara-retos-en-el-poder-judicial-magistrado-cvm\/informacion-general\/2026\/#primaryimage"},"thumbnailUrl":"https:\/\/creston.com.mx\/wp-content\/uploads\/2026\/01\/IMG-20260107-WA0022.jpg","articleSection":["Informaci\u00f3n General"],"inLanguage":"es","potentialAction":[{"@type":"CommentAction","name":"Comment","target":["https:\/\/creston.com.mx\/index.php\/01\/este-ano-se-cristalizara-retos-en-el-poder-judicial-magistrado-cvm\/informacion-general\/2026\/#respond"]}]},{"@type":"WebPage","@id":"https:\/\/creston.com.mx\/index.php\/01\/este-ano-se-cristalizara-retos-en-el-poder-judicial-magistrado-cvm\/informacion-general\/2026\/","url":"https:\/\/creston.com.mx\/index.php\/01\/este-ano-se-cristalizara-retos-en-el-poder-judicial-magistrado-cvm\/informacion-general\/2026\/","name":"Este a\u00f1o se cristalizar\u00e1 retos en el Poder Judicial: Magistrado CVM - Peri\u00f3dico Digital de Zacatecas","isPartOf":{"@id":"https:\/\/creston.com.mx\/#website"},"primaryImageOfPage":{"@id":"https:\/\/creston.com.mx\/index.php\/01\/este-ano-se-cristalizara-retos-en-el-poder-judicial-magistrado-cvm\/informacion-general\/2026\/#primaryimage"},"image":{"@id":"https:\/\/creston.com.mx\/index.php\/01\/este-ano-se-cristalizara-retos-en-el-poder-judicial-magistrado-cvm\/informacion-general\/2026\/#primaryimage"},"thumbnailUrl":"https:\/\/creston.com.mx\/wp-content\/uploads\/2026\/01\/IMG-20260107-WA0022.jpg","datePublished":"2026-01-08T02:28:00+00:00","dateModified":"2026-01-22T04:32:39+00:00","breadcrumb":{"@id":"https:\/\/creston.com.mx\/index.php\/01\/este-ano-se-cristalizara-retos-en-el-poder-judicial-magistrado-cvm\/informacion-general\/2026\/#breadcrumb"},"inLanguage":"es","potentialAction":[{"@type":"ReadAction","target":["https:\/\/creston.com.mx\/index.php\/01\/este-ano-se-cristalizara-retos-en-el-poder-judicial-magistrado-cvm\/informacion-general\/2026\/"]}]},{"@type":"ImageObject","inLanguage":"es","@id":"https:\/\/creston.com.mx\/index.php\/01\/este-ano-se-cristalizara-retos-en-el-poder-judicial-magistrado-cvm\/informacion-general\/2026\/#primaryimage","url":"https:\/\/creston.com.mx\/wp-content\/uploads\/2026\/01\/IMG-20260107-WA0022.jpg","contentUrl":"https:\/\/creston.com.mx\/wp-content\/uploads\/2026\/01\/IMG-20260107-WA0022.jpg","width":1600,"height":1118},{"@type":"BreadcrumbList","@id":"https:\/\/creston.com.mx\/index.php\/01\/este-ano-se-cristalizara-retos-en-el-poder-judicial-magistrado-cvm\/informacion-general\/2026\/#breadcrumb","itemListElement":[{"@type":"ListItem","position":1,"name":"Portada","item":"https:\/\/creston.com.mx\/"},{"@type":"ListItem","position":2,"name":"Este a\u00f1o se cristalizar\u00e1 retos en el Poder Judicial: Magistrado CVM"}]},{"@type":"WebSite","@id":"https:\/\/creston.com.mx\/#website","url":"https:\/\/creston.com.mx\/","name":"Peri\u00f3dico Digital de Zacatecas","description":"","publisher":{"@id":"https:\/\/creston.com.mx\/#organization"},"potentialAction":[{"@type":"SearchAction","target":{"@type":"EntryPoint","urlTemplate":"https:\/\/creston.com.mx\/?s={search_term_string}"},"query-input":{"@type":"PropertyValueSpecification","valueRequired":true,"valueName":"search_term_string"}}],"inLanguage":"es"},{"@type":"Organization","@id":"https:\/\/creston.com.mx\/#organization","name":"Peri\u00f3dico Digital de Zacatecas","url":"https:\/\/creston.com.mx\/","logo":{"@type":"ImageObject","inLanguage":"es","@id":"https:\/\/creston.com.mx\/#\/schema\/logo\/image\/","url":"https:\/\/creston.com.mx\/wp-content\/uploads\/2026\/02\/cropped-Logo-Creston2.jpg","contentUrl":"https:\/\/creston.com.mx\/wp-content\/uploads\/2026\/02\/cropped-Logo-Creston2.jpg","width":503,"height":194,"caption":"Peri\u00f3dico Digital  de Zacatecas"},"image":{"@id":"https:\/\/creston.com.mx\/#\/schema\/logo\/image\/"}},{"@type":"Person","@id":"https:\/\/creston.com.mx\/#\/schema\/person\/01f2ce9e289bc5300c759925ef768c1d","name":"Periodico Creston","image":{"@type":"ImageObject","inLanguage":"es","@id":"https:\/\/creston.com.mx\/#\/schema\/person\/image\/","url":"https:\/\/secure.gravatar.com\/avatar\/c91eac1cf0d45897b6d294d474aa7713a194d460be0aaf72157553d050cda1c1?s=96&d=mm&r=g","contentUrl":"https:\/\/secure.gravatar.com\/avatar\/c91eac1cf0d45897b6d294d474aa7713a194d460be0aaf72157553d050cda1c1?s=96&d=mm&r=g","caption":"Periodico Creston"},"sameAs":["https:\/\/creston.com.mx"],"url":"https:\/\/creston.com.mx\/index.php\/author\/cstnalja96\/"}]}},"jetpack_sharing_enabled":true,"jetpack_featured_media_url":"https:\/\/creston.com.mx\/wp-content\/uploads\/2026\/01\/IMG-20260107-WA0022.jpg","_links":{"self":[{"href":"https:\/\/creston.com.mx\/index.php\/wp-json\/wp\/v2\/posts\/2168","targetHints":{"allow":["GET"]}}],"collection":[{"href":"https:\/\/creston.com.mx\/index.php\/wp-json\/wp\/v2\/posts"}],"about":[{"href":"https:\/\/creston.com.mx\/index.php\/wp-json\/wp\/v2\/types\/post"}],"author":[{"embeddable":true,"href":"https:\/\/creston.com.mx\/index.php\/wp-json\/wp\/v2\/users\/1"}],"replies":[{"embeddable":true,"href":"https:\/\/creston.com.mx\/index.php\/wp-json\/wp\/v2\/comments?post=2168"}],"version-history":[{"count":1,"href":"https:\/\/creston.com.mx\/index.php\/wp-json\/wp\/v2\/posts\/2168\/revisions"}],"predecessor-version":[{"id":2170,"href":"https:\/\/creston.com.mx\/index.php\/wp-json\/wp\/v2\/posts\/2168\/revisions\/2170"}],"wp:featuredmedia":[{"embeddable":true,"href":"https:\/\/creston.com.mx\/index.php\/wp-json\/wp\/v2\/media\/2169"}],"wp:attachment":[{"href":"https:\/\/creston.com.mx\/index.php\/wp-json\/wp\/v2\/media?parent=2168"}],"wp:term":[{"taxonomy":"category","embeddable":true,"href":"https:\/\/creston.com.mx\/index.php\/wp-json\/wp\/v2\/categories?post=2168"},{"taxonomy":"post_tag","embeddable":true,"href":"https:\/\/creston.com.mx\/index.php\/wp-json\/wp\/v2\/tags?post=2168"}],"curies":[{"name":"wp","href":"https:\/\/api.w.org\/{rel}","templated":true}]}}