{"id":2121,"date":"2025-11-26T20:03:00","date_gmt":"2025-11-27T02:03:00","guid":{"rendered":"https:\/\/creston.com.mx\/?p=2121"},"modified":"2025-11-29T23:09:07","modified_gmt":"2025-11-30T05:09:07","slug":"crece-en-zacatecas-poblacion-economicamente-activa","status":"publish","type":"post","link":"https:\/\/creston.com.mx\/index.php\/11\/crece-en-zacatecas-poblacion-economicamente-activa\/economia\/2025\/","title":{"rendered":"Crece en Zacatecas Poblaci\u00f3n Econ\u00f3micamente Activa"},"content":{"rendered":"\n<p>.<\/p>\n\n\n\n<p class=\"has-medium-font-size\"><strong><em>La entidad alcanz\u00f3 703 mil 871 personas ocupadas en el tercer trimestre de 2025, lo que representa 14 mil 338 empleos m\u00e1s, respecto al mismo periodo de 2024, seg\u00fan la ENOE<\/em><\/strong><\/p>\n\n\n\n<p>.<\/p>\n\n\n\n<p>La actividad laboral en Zacatecas contin\u00faa con avances significativos; de acuerdo con los datos m\u00e1s recientes de la Encuesta Nacional de Ocupaci\u00f3n y Empleo (ENOE), el estado report\u00f3 un crecimiento tanto en la Poblaci\u00f3n Econ\u00f3micamente Activa (PEA) como en la Poblaci\u00f3n Ocupada.<\/p>\n\n\n\n<p>Las cifras muestran que, durante el tercer trimestre de 2025, un total de 703 mil 871 zacatecanas y zacatecanos se encontraron ocupados, lo que representa 14 mil 338 personas m\u00e1s, en comparaci\u00f3n con el mismo periodo del a\u00f1o anterior.<\/p>\n\n\n\n<p>Los sectores con mayor crecimiento fueron Industrias manufactureras, con un aumento de 11 mil 241 personas ocupadas, as\u00ed como el de Restaurantes y servicios de alojamiento, con un aumento de 10 mil 163 personas ocupadas, rubros que han mostrado un fortalecimiento sostenido, gracias al impulso de la pol\u00edtica econ\u00f3mica estatal.<\/p>\n\n\n\n<p>El Secretario de Econom\u00eda, Jorge Miranda Castro, destac\u00f3 que estos resultados son consecuencia del trabajo conjunto entre el gobierno que encabeza el mandatario David Monreal \u00c1vila, las empresas locales, y las y los trabajadores zacatecanos.<\/p>\n\n\n<div class=\"wp-block-image\">\n<figure class=\"alignright size-large is-resized\"><img fetchpriority=\"high\" decoding=\"async\" width=\"1024\" height=\"576\" src=\"https:\/\/creston.com.mx\/wp-content\/uploads\/2025\/11\/20251015_105807-1-1024x576.jpg\" alt=\"\" class=\"wp-image-2124\" style=\"width:576px;height:auto\" srcset=\"https:\/\/creston.com.mx\/wp-content\/uploads\/2025\/11\/20251015_105807-1-1024x576.jpg 1024w, https:\/\/creston.com.mx\/wp-content\/uploads\/2025\/11\/20251015_105807-1-300x169.jpg 300w, https:\/\/creston.com.mx\/wp-content\/uploads\/2025\/11\/20251015_105807-1-768x432.jpg 768w, https:\/\/creston.com.mx\/wp-content\/uploads\/2025\/11\/20251015_105807-1-1536x864.jpg 1536w, https:\/\/creston.com.mx\/wp-content\/uploads\/2025\/11\/20251015_105807-1-2048x1152.jpg 2048w\" sizes=\"(max-width: 1024px) 100vw, 1024px\" \/><\/figure>\n<\/div>\n\n\n<p>\u201cEn Zacatecas avanzamos con paso firme. Cada empleo que se genera representa una oportunidad m\u00e1s para que nuestras familias tengan bienestar y estabilidad. La administraci\u00f3n estatal fortalece las condiciones para que m\u00e1s empresas inviertan, crezcan y generen oportunidades para nuestra gente\u201d, se\u00f1al\u00f3.<\/p>\n\n\n\n<p>El funcionario subray\u00f3 que el crecimiento de la ocupaci\u00f3n laboral confirma que Zacatecas transita por una etapa de consolidaci\u00f3n econ\u00f3mica.<\/p>\n\n\n\n<p>\u201cNuestro compromiso es que este desarrollo llegue a todos los rincones del estado. Continuaremos con la implementaci\u00f3n de acciones que impulsen la productividad, la formalidad y la inclusi\u00f3n laboral\u201d, afirm\u00f3.<\/p>\n\n\n\n<p>.<\/p>\n\n\n\n\n\n<p>.<\/p>\n\n\n<div class=\"wp-block-image\">\n<figure class=\"aligncenter size-large is-resized\"><img decoding=\"async\" width=\"870\" height=\"1024\" src=\"https:\/\/creston.com.mx\/wp-content\/uploads\/2025\/06\/Anuncio-salon-eventos-870x1024.jpg\" alt=\"\" class=\"wp-image-966\" style=\"width:564px;height:auto\" srcset=\"https:\/\/creston.com.mx\/wp-content\/uploads\/2025\/06\/Anuncio-salon-eventos-870x1024.jpg 870w, https:\/\/creston.com.mx\/wp-content\/uploads\/2025\/06\/Anuncio-salon-eventos-255x300.jpg 255w, https:\/\/creston.com.mx\/wp-content\/uploads\/2025\/06\/Anuncio-salon-eventos-768x904.jpg 768w, https:\/\/creston.com.mx\/wp-content\/uploads\/2025\/06\/Anuncio-salon-eventos.jpg 1275w\" sizes=\"(max-width: 870px) 100vw, 870px\" \/><\/figure>\n<\/div>","protected":false},"excerpt":{"rendered":"<p>. La entidad alcanz\u00f3 703 mil 871 personas ocupadas en el tercer trimestre de 2025, lo que representa 14 mil 338 empleos m\u00e1s, respecto al mismo periodo de 2024, seg\u00fan&hellip; <\/p>\n","protected":false},"author":1,"featured_media":2122,"comment_status":"open","ping_status":"closed","sticky":false,"template":"","format":"standard","meta":{"_jetpack_memberships_contains_paid_content":false,"footnotes":""},"categories":[3],"tags":[],"class_list":["post-2121","post","type-post","status-publish","format-standard","has-post-thumbnail","hentry","category-economia"],"yoast_head":"<!-- This site is optimized with the Yoast SEO plugin v24.2 - https:\/\/yoast.com\/wordpress\/plugins\/seo\/ -->\n<title>Crece en Zacatecas Poblaci\u00f3n Econ\u00f3micamente Activa - Peri\u00f3dico Digital de Zacatecas<\/title>\n<meta name=\"robots\" content=\"index, follow, max-snippet:-1, max-image-preview:large, max-video-preview:-1\" \/>\n<link rel=\"canonical\" href=\"https:\/\/creston.com.mx\/index.php\/11\/crece-en-zacatecas-poblacion-economicamente-activa\/economia\/2025\/\" \/>\n<meta property=\"og:locale\" content=\"es_ES\" \/>\n<meta property=\"og:type\" content=\"article\" \/>\n<meta property=\"og:title\" content=\"Crece en Zacatecas Poblaci\u00f3n Econ\u00f3micamente Activa - Peri\u00f3dico Digital de Zacatecas\" \/>\n<meta property=\"og:description\" content=\". La entidad alcanz\u00f3 703 mil 871 personas ocupadas en el tercer trimestre de 2025, lo que representa 14 mil 338 empleos m\u00e1s, respecto al mismo periodo de 2024, seg\u00fan&hellip;\" \/>\n<meta property=\"og:url\" content=\"https:\/\/creston.com.mx\/index.php\/11\/crece-en-zacatecas-poblacion-economicamente-activa\/economia\/2025\/\" \/>\n<meta property=\"og:site_name\" content=\"Peri\u00f3dico Digital de Zacatecas\" \/>\n<meta property=\"article:published_time\" content=\"2025-11-27T02:03:00+00:00\" \/>\n<meta property=\"article:modified_time\" content=\"2025-11-30T05:09:07+00:00\" \/>\n<meta property=\"og:image\" content=\"https:\/\/creston.com.mx\/wp-content\/uploads\/2025\/11\/empleos.jpg\" \/>\n\t<meta property=\"og:image:width\" content=\"1200\" \/>\n\t<meta property=\"og:image:height\" content=\"800\" \/>\n\t<meta property=\"og:image:type\" content=\"image\/jpeg\" \/>\n<meta name=\"author\" content=\"Periodico Creston\" \/>\n<meta name=\"twitter:card\" content=\"summary_large_image\" \/>\n<meta name=\"twitter:label1\" content=\"Escrito por\" \/>\n\t<meta name=\"twitter:data1\" content=\"Periodico Creston\" \/>\n\t<meta name=\"twitter:label2\" content=\"Tiempo de lectura\" \/>\n\t<meta name=\"twitter:data2\" content=\"2 minutos\" \/>\n<script type=\"application\/ld+json\" class=\"yoast-schema-graph\">{\"@context\":\"https:\/\/schema.org\",\"@graph\":[{\"@type\":\"Article\",\"@id\":\"https:\/\/creston.com.mx\/index.php\/11\/crece-en-zacatecas-poblacion-economicamente-activa\/economia\/2025\/#article\",\"isPartOf\":{\"@id\":\"https:\/\/creston.com.mx\/index.php\/11\/crece-en-zacatecas-poblacion-economicamente-activa\/economia\/2025\/\"},\"author\":{\"name\":\"Periodico Creston\",\"@id\":\"https:\/\/creston.com.mx\/#\/schema\/person\/01f2ce9e289bc5300c759925ef768c1d\"},\"headline\":\"Crece en Zacatecas Poblaci\u00f3n Econ\u00f3micamente Activa\",\"datePublished\":\"2025-11-27T02:03:00+00:00\",\"dateModified\":\"2025-11-30T05:09:07+00:00\",\"mainEntityOfPage\":{\"@id\":\"https:\/\/creston.com.mx\/index.php\/11\/crece-en-zacatecas-poblacion-economicamente-activa\/economia\/2025\/\"},\"wordCount\":305,\"commentCount\":0,\"publisher\":{\"@id\":\"https:\/\/creston.com.mx\/#organization\"},\"image\":{\"@id\":\"https:\/\/creston.com.mx\/index.php\/11\/crece-en-zacatecas-poblacion-economicamente-activa\/economia\/2025\/#primaryimage\"},\"thumbnailUrl\":\"https:\/\/creston.com.mx\/wp-content\/uploads\/2025\/11\/empleos.jpg\",\"articleSection\":[\"Econom\u00eda\"],\"inLanguage\":\"es\",\"potentialAction\":[{\"@type\":\"CommentAction\",\"name\":\"Comment\",\"target\":[\"https:\/\/creston.com.mx\/index.php\/11\/crece-en-zacatecas-poblacion-economicamente-activa\/economia\/2025\/#respond\"]}]},{\"@type\":\"WebPage\",\"@id\":\"https:\/\/creston.com.mx\/index.php\/11\/crece-en-zacatecas-poblacion-economicamente-activa\/economia\/2025\/\",\"url\":\"https:\/\/creston.com.mx\/index.php\/11\/crece-en-zacatecas-poblacion-economicamente-activa\/economia\/2025\/\",\"name\":\"Crece en Zacatecas Poblaci\u00f3n Econ\u00f3micamente Activa - Peri\u00f3dico Digital de Zacatecas\",\"isPartOf\":{\"@id\":\"https:\/\/creston.com.mx\/#website\"},\"primaryImageOfPage\":{\"@id\":\"https:\/\/creston.com.mx\/index.php\/11\/crece-en-zacatecas-poblacion-economicamente-activa\/economia\/2025\/#primaryimage\"},\"image\":{\"@id\":\"https:\/\/creston.com.mx\/index.php\/11\/crece-en-zacatecas-poblacion-economicamente-activa\/economia\/2025\/#primaryimage\"},\"thumbnailUrl\":\"https:\/\/creston.com.mx\/wp-content\/uploads\/2025\/11\/empleos.jpg\",\"datePublished\":\"2025-11-27T02:03:00+00:00\",\"dateModified\":\"2025-11-30T05:09:07+00:00\",\"breadcrumb\":{\"@id\":\"https:\/\/creston.com.mx\/index.php\/11\/crece-en-zacatecas-poblacion-economicamente-activa\/economia\/2025\/#breadcrumb\"},\"inLanguage\":\"es\",\"potentialAction\":[{\"@type\":\"ReadAction\",\"target\":[\"https:\/\/creston.com.mx\/index.php\/11\/crece-en-zacatecas-poblacion-economicamente-activa\/economia\/2025\/\"]}]},{\"@type\":\"ImageObject\",\"inLanguage\":\"es\",\"@id\":\"https:\/\/creston.com.mx\/index.php\/11\/crece-en-zacatecas-poblacion-economicamente-activa\/economia\/2025\/#primaryimage\",\"url\":\"https:\/\/creston.com.mx\/wp-content\/uploads\/2025\/11\/empleos.jpg\",\"contentUrl\":\"https:\/\/creston.com.mx\/wp-content\/uploads\/2025\/11\/empleos.jpg\",\"width\":1200,\"height\":800},{\"@type\":\"BreadcrumbList\",\"@id\":\"https:\/\/creston.com.mx\/index.php\/11\/crece-en-zacatecas-poblacion-economicamente-activa\/economia\/2025\/#breadcrumb\",\"itemListElement\":[{\"@type\":\"ListItem\",\"position\":1,\"name\":\"Portada\",\"item\":\"https:\/\/creston.com.mx\/\"},{\"@type\":\"ListItem\",\"position\":2,\"name\":\"Crece en Zacatecas Poblaci\u00f3n Econ\u00f3micamente Activa\"}]},{\"@type\":\"WebSite\",\"@id\":\"https:\/\/creston.com.mx\/#website\",\"url\":\"https:\/\/creston.com.mx\/\",\"name\":\"Peri\u00f3dico Digital de Zacatecas\",\"description\":\"\",\"publisher\":{\"@id\":\"https:\/\/creston.com.mx\/#organization\"},\"potentialAction\":[{\"@type\":\"SearchAction\",\"target\":{\"@type\":\"EntryPoint\",\"urlTemplate\":\"https:\/\/creston.com.mx\/?s={search_term_string}\"},\"query-input\":{\"@type\":\"PropertyValueSpecification\",\"valueRequired\":true,\"valueName\":\"search_term_string\"}}],\"inLanguage\":\"es\"},{\"@type\":\"Organization\",\"@id\":\"https:\/\/creston.com.mx\/#organization\",\"name\":\"Peri\u00f3dico Digital de Zacatecas\",\"url\":\"https:\/\/creston.com.mx\/\",\"logo\":{\"@type\":\"ImageObject\",\"inLanguage\":\"es\",\"@id\":\"https:\/\/creston.com.mx\/#\/schema\/logo\/image\/\",\"url\":\"https:\/\/creston.com.mx\/wp-content\/uploads\/2026\/02\/cropped-Logo-Creston2.jpg\",\"contentUrl\":\"https:\/\/creston.com.mx\/wp-content\/uploads\/2026\/02\/cropped-Logo-Creston2.jpg\",\"width\":503,\"height\":194,\"caption\":\"Peri\u00f3dico Digital  de Zacatecas\"},\"image\":{\"@id\":\"https:\/\/creston.com.mx\/#\/schema\/logo\/image\/\"}},{\"@type\":\"Person\",\"@id\":\"https:\/\/creston.com.mx\/#\/schema\/person\/01f2ce9e289bc5300c759925ef768c1d\",\"name\":\"Periodico Creston\",\"image\":{\"@type\":\"ImageObject\",\"inLanguage\":\"es\",\"@id\":\"https:\/\/creston.com.mx\/#\/schema\/person\/image\/\",\"url\":\"https:\/\/secure.gravatar.com\/avatar\/c91eac1cf0d45897b6d294d474aa7713a194d460be0aaf72157553d050cda1c1?s=96&d=mm&r=g\",\"contentUrl\":\"https:\/\/secure.gravatar.com\/avatar\/c91eac1cf0d45897b6d294d474aa7713a194d460be0aaf72157553d050cda1c1?s=96&d=mm&r=g\",\"caption\":\"Periodico Creston\"},\"sameAs\":[\"https:\/\/creston.com.mx\"],\"url\":\"https:\/\/creston.com.mx\/index.php\/author\/cstnalja96\/\"}]}<\/script>\n<!-- \/ Yoast SEO plugin. -->","yoast_head_json":{"title":"Crece en Zacatecas Poblaci\u00f3n Econ\u00f3micamente Activa - Peri\u00f3dico Digital de Zacatecas","robots":{"index":"index","follow":"follow","max-snippet":"max-snippet:-1","max-image-preview":"max-image-preview:large","max-video-preview":"max-video-preview:-1"},"canonical":"https:\/\/creston.com.mx\/index.php\/11\/crece-en-zacatecas-poblacion-economicamente-activa\/economia\/2025\/","og_locale":"es_ES","og_type":"article","og_title":"Crece en Zacatecas Poblaci\u00f3n Econ\u00f3micamente Activa - Peri\u00f3dico Digital de Zacatecas","og_description":". La entidad alcanz\u00f3 703 mil 871 personas ocupadas en el tercer trimestre de 2025, lo que representa 14 mil 338 empleos m\u00e1s, respecto al mismo periodo de 2024, seg\u00fan&hellip;","og_url":"https:\/\/creston.com.mx\/index.php\/11\/crece-en-zacatecas-poblacion-economicamente-activa\/economia\/2025\/","og_site_name":"Peri\u00f3dico Digital de Zacatecas","article_published_time":"2025-11-27T02:03:00+00:00","article_modified_time":"2025-11-30T05:09:07+00:00","og_image":[{"width":1200,"height":800,"url":"https:\/\/creston.com.mx\/wp-content\/uploads\/2025\/11\/empleos.jpg","type":"image\/jpeg"}],"author":"Periodico Creston","twitter_card":"summary_large_image","twitter_misc":{"Escrito por":"Periodico Creston","Tiempo de lectura":"2 minutos"},"schema":{"@context":"https:\/\/schema.org","@graph":[{"@type":"Article","@id":"https:\/\/creston.com.mx\/index.php\/11\/crece-en-zacatecas-poblacion-economicamente-activa\/economia\/2025\/#article","isPartOf":{"@id":"https:\/\/creston.com.mx\/index.php\/11\/crece-en-zacatecas-poblacion-economicamente-activa\/economia\/2025\/"},"author":{"name":"Periodico Creston","@id":"https:\/\/creston.com.mx\/#\/schema\/person\/01f2ce9e289bc5300c759925ef768c1d"},"headline":"Crece en Zacatecas Poblaci\u00f3n Econ\u00f3micamente Activa","datePublished":"2025-11-27T02:03:00+00:00","dateModified":"2025-11-30T05:09:07+00:00","mainEntityOfPage":{"@id":"https:\/\/creston.com.mx\/index.php\/11\/crece-en-zacatecas-poblacion-economicamente-activa\/economia\/2025\/"},"wordCount":305,"commentCount":0,"publisher":{"@id":"https:\/\/creston.com.mx\/#organization"},"image":{"@id":"https:\/\/creston.com.mx\/index.php\/11\/crece-en-zacatecas-poblacion-economicamente-activa\/economia\/2025\/#primaryimage"},"thumbnailUrl":"https:\/\/creston.com.mx\/wp-content\/uploads\/2025\/11\/empleos.jpg","articleSection":["Econom\u00eda"],"inLanguage":"es","potentialAction":[{"@type":"CommentAction","name":"Comment","target":["https:\/\/creston.com.mx\/index.php\/11\/crece-en-zacatecas-poblacion-economicamente-activa\/economia\/2025\/#respond"]}]},{"@type":"WebPage","@id":"https:\/\/creston.com.mx\/index.php\/11\/crece-en-zacatecas-poblacion-economicamente-activa\/economia\/2025\/","url":"https:\/\/creston.com.mx\/index.php\/11\/crece-en-zacatecas-poblacion-economicamente-activa\/economia\/2025\/","name":"Crece en Zacatecas Poblaci\u00f3n Econ\u00f3micamente Activa - Peri\u00f3dico Digital de Zacatecas","isPartOf":{"@id":"https:\/\/creston.com.mx\/#website"},"primaryImageOfPage":{"@id":"https:\/\/creston.com.mx\/index.php\/11\/crece-en-zacatecas-poblacion-economicamente-activa\/economia\/2025\/#primaryimage"},"image":{"@id":"https:\/\/creston.com.mx\/index.php\/11\/crece-en-zacatecas-poblacion-economicamente-activa\/economia\/2025\/#primaryimage"},"thumbnailUrl":"https:\/\/creston.com.mx\/wp-content\/uploads\/2025\/11\/empleos.jpg","datePublished":"2025-11-27T02:03:00+00:00","dateModified":"2025-11-30T05:09:07+00:00","breadcrumb":{"@id":"https:\/\/creston.com.mx\/index.php\/11\/crece-en-zacatecas-poblacion-economicamente-activa\/economia\/2025\/#breadcrumb"},"inLanguage":"es","potentialAction":[{"@type":"ReadAction","target":["https:\/\/creston.com.mx\/index.php\/11\/crece-en-zacatecas-poblacion-economicamente-activa\/economia\/2025\/"]}]},{"@type":"ImageObject","inLanguage":"es","@id":"https:\/\/creston.com.mx\/index.php\/11\/crece-en-zacatecas-poblacion-economicamente-activa\/economia\/2025\/#primaryimage","url":"https:\/\/creston.com.mx\/wp-content\/uploads\/2025\/11\/empleos.jpg","contentUrl":"https:\/\/creston.com.mx\/wp-content\/uploads\/2025\/11\/empleos.jpg","width":1200,"height":800},{"@type":"BreadcrumbList","@id":"https:\/\/creston.com.mx\/index.php\/11\/crece-en-zacatecas-poblacion-economicamente-activa\/economia\/2025\/#breadcrumb","itemListElement":[{"@type":"ListItem","position":1,"name":"Portada","item":"https:\/\/creston.com.mx\/"},{"@type":"ListItem","position":2,"name":"Crece en Zacatecas Poblaci\u00f3n Econ\u00f3micamente Activa"}]},{"@type":"WebSite","@id":"https:\/\/creston.com.mx\/#website","url":"https:\/\/creston.com.mx\/","name":"Peri\u00f3dico Digital de Zacatecas","description":"","publisher":{"@id":"https:\/\/creston.com.mx\/#organization"},"potentialAction":[{"@type":"SearchAction","target":{"@type":"EntryPoint","urlTemplate":"https:\/\/creston.com.mx\/?s={search_term_string}"},"query-input":{"@type":"PropertyValueSpecification","valueRequired":true,"valueName":"search_term_string"}}],"inLanguage":"es"},{"@type":"Organization","@id":"https:\/\/creston.com.mx\/#organization","name":"Peri\u00f3dico Digital de Zacatecas","url":"https:\/\/creston.com.mx\/","logo":{"@type":"ImageObject","inLanguage":"es","@id":"https:\/\/creston.com.mx\/#\/schema\/logo\/image\/","url":"https:\/\/creston.com.mx\/wp-content\/uploads\/2026\/02\/cropped-Logo-Creston2.jpg","contentUrl":"https:\/\/creston.com.mx\/wp-content\/uploads\/2026\/02\/cropped-Logo-Creston2.jpg","width":503,"height":194,"caption":"Peri\u00f3dico Digital  de Zacatecas"},"image":{"@id":"https:\/\/creston.com.mx\/#\/schema\/logo\/image\/"}},{"@type":"Person","@id":"https:\/\/creston.com.mx\/#\/schema\/person\/01f2ce9e289bc5300c759925ef768c1d","name":"Periodico Creston","image":{"@type":"ImageObject","inLanguage":"es","@id":"https:\/\/creston.com.mx\/#\/schema\/person\/image\/","url":"https:\/\/secure.gravatar.com\/avatar\/c91eac1cf0d45897b6d294d474aa7713a194d460be0aaf72157553d050cda1c1?s=96&d=mm&r=g","contentUrl":"https:\/\/secure.gravatar.com\/avatar\/c91eac1cf0d45897b6d294d474aa7713a194d460be0aaf72157553d050cda1c1?s=96&d=mm&r=g","caption":"Periodico Creston"},"sameAs":["https:\/\/creston.com.mx"],"url":"https:\/\/creston.com.mx\/index.php\/author\/cstnalja96\/"}]}},"jetpack_sharing_enabled":true,"jetpack_featured_media_url":"https:\/\/creston.com.mx\/wp-content\/uploads\/2025\/11\/empleos.jpg","_links":{"self":[{"href":"https:\/\/creston.com.mx\/index.php\/wp-json\/wp\/v2\/posts\/2121","targetHints":{"allow":["GET"]}}],"collection":[{"href":"https:\/\/creston.com.mx\/index.php\/wp-json\/wp\/v2\/posts"}],"about":[{"href":"https:\/\/creston.com.mx\/index.php\/wp-json\/wp\/v2\/types\/post"}],"author":[{"embeddable":true,"href":"https:\/\/creston.com.mx\/index.php\/wp-json\/wp\/v2\/users\/1"}],"replies":[{"embeddable":true,"href":"https:\/\/creston.com.mx\/index.php\/wp-json\/wp\/v2\/comments?post=2121"}],"version-history":[{"count":1,"href":"https:\/\/creston.com.mx\/index.php\/wp-json\/wp\/v2\/posts\/2121\/revisions"}],"predecessor-version":[{"id":2125,"href":"https:\/\/creston.com.mx\/index.php\/wp-json\/wp\/v2\/posts\/2121\/revisions\/2125"}],"wp:featuredmedia":[{"embeddable":true,"href":"https:\/\/creston.com.mx\/index.php\/wp-json\/wp\/v2\/media\/2122"}],"wp:attachment":[{"href":"https:\/\/creston.com.mx\/index.php\/wp-json\/wp\/v2\/media?parent=2121"}],"wp:term":[{"taxonomy":"category","embeddable":true,"href":"https:\/\/creston.com.mx\/index.php\/wp-json\/wp\/v2\/categories?post=2121"},{"taxonomy":"post_tag","embeddable":true,"href":"https:\/\/creston.com.mx\/index.php\/wp-json\/wp\/v2\/tags?post=2121"}],"curies":[{"name":"wp","href":"https:\/\/api.w.org\/{rel}","templated":true}]}}