{"id":2113,"date":"2025-11-25T20:30:00","date_gmt":"2025-11-26T02:30:00","guid":{"rendered":"https:\/\/creston.com.mx\/?p=2113"},"modified":"2025-11-27T11:40:29","modified_gmt":"2025-11-27T17:40:29","slug":"presenta-carlos-pena-iniciativa-en-defensa-de-productores-agricolas","status":"publish","type":"post","link":"https:\/\/creston.com.mx\/index.php\/11\/presenta-carlos-pena-iniciativa-en-defensa-de-productores-agricolas\/politica\/2025\/","title":{"rendered":"Presenta Carlos Pe\u00f1a iniciativa en defensa de productores agr\u00edcolas"},"content":{"rendered":"\n<p>.<\/p>\n\n\n\n<p class=\"has-medium-font-size\"><strong><em>Solicitar\u00e1 a la C\u00e1mara de Diputados Federal, que atienda con responsabilidad a las y los productores que se manifiestan.<\/em><\/strong><\/p>\n\n\n\n<p>.<\/p>\n\n\n\n<p>El Presidente estatal del PRI, Diputado Carlos Pe\u00f1a Badillo anunci\u00f3 que el Grupo Parlamentario del partido en la LXV Legislatura presentar\u00e1 un Punto de Acuerdo para solicitar a la C\u00e1mara de Diputados Federal, que atienda con responsabilidad a las y los productores que se manifiestan en carreteras, casetas y dependencias por la falta de atenci\u00f3n del gobierno.<\/p>\n\n\n\n<p>En conferencia de prensa, Pe\u00f1a Badillo manifest\u00f3 su respaldo al sector agr\u00edcola porque se ven afectados por los altos costos de la tarifa el\u00e9ctrica y la falta de renovaci\u00f3n y retenci\u00f3n de las concesiones de agua, porque desde el gobierno quieren administrar los vol\u00famenes del vital l\u00edquido en el pa\u00eds.<\/p>\n\n\n\n<p>Lament\u00f3 que las autoridades no se den cuenta de la afectaci\u00f3n que est\u00e1n haciendo a quienes producen. Nadie est\u00e1 en contra de que el agua hay que salvaguardarla, pero no se puede afectar de manera irresponsable a las y los productores que est\u00e1n desesperados buscando atenci\u00f3n en el gobierno federal y en la C\u00e1mara de Diputados.<\/p>\n\n\n\n<p>Qu\u00e9 l\u00e1stima que qui\u00e9nes se dec\u00edan hermanos de clase renunciaron a esa hermandad y se olvidaron de la clase productiva de este pa\u00eds. Si es una estrategia para buscar generar crisis y luego resolverla, es una situaci\u00f3n grave, pero si piensan que as\u00ed se debe legislar a favor de M\u00e9xico, se equivocan porque est\u00e1n cancelando una de las actividades primarias, enfatiz\u00f3.<\/p>\n\n\n\n<p>Pe\u00f1a Badillo asever\u00f3 que esta crisis no solo perjudica al sector agr\u00edcola, sino tambi\u00e9n a la ganader\u00eda, consumidores y comercializadores, por lo que desde el PRI se alzar\u00e1 la voz para defender las causas sociales y a trav\u00e9s de la Senadora Claudia Anaya Mota y de los Diputados Federales Fuensanta Guerrero Esquivel y Miguel Alonso Reyes, se exigir\u00e1 que se atienda esta crisis.<\/p>\n\n\n\n<p>Finalmente reiter\u00f3 su compromiso, sin politiquer\u00edas y sin polarizar ni politizar, su respaldo a las y los productores de M\u00e9xico y Zacatecas.<\/p>\n\n\n\n<p>.<\/p>\n\n\n\n\n\n<p>.<\/p>\n\n\n<div class=\"wp-block-image\">\n<figure class=\"aligncenter size-large is-resized\"><img fetchpriority=\"high\" decoding=\"async\" width=\"870\" height=\"1024\" src=\"https:\/\/creston.com.mx\/wp-content\/uploads\/2025\/06\/Anuncio-salon-eventos-870x1024.jpg\" alt=\"\" class=\"wp-image-966\" style=\"width:630px;height:auto\" srcset=\"https:\/\/creston.com.mx\/wp-content\/uploads\/2025\/06\/Anuncio-salon-eventos-870x1024.jpg 870w, https:\/\/creston.com.mx\/wp-content\/uploads\/2025\/06\/Anuncio-salon-eventos-255x300.jpg 255w, https:\/\/creston.com.mx\/wp-content\/uploads\/2025\/06\/Anuncio-salon-eventos-768x904.jpg 768w, https:\/\/creston.com.mx\/wp-content\/uploads\/2025\/06\/Anuncio-salon-eventos.jpg 1275w\" sizes=\"(max-width: 870px) 100vw, 870px\" \/><\/figure>\n<\/div>","protected":false},"excerpt":{"rendered":"<p>. Solicitar\u00e1 a la C\u00e1mara de Diputados Federal, que atienda con responsabilidad a las y los productores que se manifiestan. . El Presidente estatal del PRI, Diputado Carlos Pe\u00f1a Badillo&hellip; <\/p>\n","protected":false},"author":1,"featured_media":2114,"comment_status":"open","ping_status":"closed","sticky":false,"template":"","format":"standard","meta":{"_jetpack_memberships_contains_paid_content":false,"footnotes":""},"categories":[2],"tags":[],"class_list":["post-2113","post","type-post","status-publish","format-standard","has-post-thumbnail","hentry","category-politica"],"yoast_head":"<!-- This site is optimized with the Yoast SEO plugin v24.2 - https:\/\/yoast.com\/wordpress\/plugins\/seo\/ -->\n<title>Presenta Carlos Pe\u00f1a iniciativa en defensa de productores agr\u00edcolas - Peri\u00f3dico Digital de Zacatecas<\/title>\n<meta name=\"robots\" content=\"index, follow, max-snippet:-1, max-image-preview:large, max-video-preview:-1\" \/>\n<link rel=\"canonical\" href=\"https:\/\/creston.com.mx\/index.php\/11\/presenta-carlos-pena-iniciativa-en-defensa-de-productores-agricolas\/politica\/2025\/\" \/>\n<meta property=\"og:locale\" content=\"es_ES\" \/>\n<meta property=\"og:type\" content=\"article\" \/>\n<meta property=\"og:title\" content=\"Presenta Carlos Pe\u00f1a iniciativa en defensa de productores agr\u00edcolas - Peri\u00f3dico Digital de Zacatecas\" \/>\n<meta property=\"og:description\" content=\". Solicitar\u00e1 a la C\u00e1mara de Diputados Federal, que atienda con responsabilidad a las y los productores que se manifiestan. . El Presidente estatal del PRI, Diputado Carlos Pe\u00f1a Badillo&hellip;\" \/>\n<meta property=\"og:url\" content=\"https:\/\/creston.com.mx\/index.php\/11\/presenta-carlos-pena-iniciativa-en-defensa-de-productores-agricolas\/politica\/2025\/\" \/>\n<meta property=\"og:site_name\" content=\"Peri\u00f3dico Digital de Zacatecas\" \/>\n<meta property=\"article:published_time\" content=\"2025-11-26T02:30:00+00:00\" \/>\n<meta property=\"article:modified_time\" content=\"2025-11-27T17:40:29+00:00\" \/>\n<meta property=\"og:image\" content=\"https:\/\/creston.com.mx\/wp-content\/uploads\/2025\/11\/IMG-20251125-WA0005.jpg\" \/>\n\t<meta property=\"og:image:width\" content=\"1600\" \/>\n\t<meta property=\"og:image:height\" content=\"1069\" \/>\n\t<meta property=\"og:image:type\" content=\"image\/jpeg\" \/>\n<meta name=\"author\" content=\"Periodico Creston\" \/>\n<meta name=\"twitter:card\" content=\"summary_large_image\" \/>\n<meta name=\"twitter:label1\" content=\"Escrito por\" \/>\n\t<meta name=\"twitter:data1\" content=\"Periodico Creston\" \/>\n\t<meta name=\"twitter:label2\" content=\"Tiempo de lectura\" \/>\n\t<meta name=\"twitter:data2\" content=\"2 minutos\" \/>\n<script type=\"application\/ld+json\" class=\"yoast-schema-graph\">{\"@context\":\"https:\/\/schema.org\",\"@graph\":[{\"@type\":\"Article\",\"@id\":\"https:\/\/creston.com.mx\/index.php\/11\/presenta-carlos-pena-iniciativa-en-defensa-de-productores-agricolas\/politica\/2025\/#article\",\"isPartOf\":{\"@id\":\"https:\/\/creston.com.mx\/index.php\/11\/presenta-carlos-pena-iniciativa-en-defensa-de-productores-agricolas\/politica\/2025\/\"},\"author\":{\"name\":\"Periodico Creston\",\"@id\":\"https:\/\/creston.com.mx\/#\/schema\/person\/01f2ce9e289bc5300c759925ef768c1d\"},\"headline\":\"Presenta Carlos Pe\u00f1a iniciativa en defensa de productores agr\u00edcolas\",\"datePublished\":\"2025-11-26T02:30:00+00:00\",\"dateModified\":\"2025-11-27T17:40:29+00:00\",\"mainEntityOfPage\":{\"@id\":\"https:\/\/creston.com.mx\/index.php\/11\/presenta-carlos-pena-iniciativa-en-defensa-de-productores-agricolas\/politica\/2025\/\"},\"wordCount\":370,\"commentCount\":0,\"publisher\":{\"@id\":\"https:\/\/creston.com.mx\/#organization\"},\"image\":{\"@id\":\"https:\/\/creston.com.mx\/index.php\/11\/presenta-carlos-pena-iniciativa-en-defensa-de-productores-agricolas\/politica\/2025\/#primaryimage\"},\"thumbnailUrl\":\"https:\/\/creston.com.mx\/wp-content\/uploads\/2025\/11\/IMG-20251125-WA0005.jpg\",\"articleSection\":[\"Pol\u00edtica\"],\"inLanguage\":\"es\",\"potentialAction\":[{\"@type\":\"CommentAction\",\"name\":\"Comment\",\"target\":[\"https:\/\/creston.com.mx\/index.php\/11\/presenta-carlos-pena-iniciativa-en-defensa-de-productores-agricolas\/politica\/2025\/#respond\"]}]},{\"@type\":\"WebPage\",\"@id\":\"https:\/\/creston.com.mx\/index.php\/11\/presenta-carlos-pena-iniciativa-en-defensa-de-productores-agricolas\/politica\/2025\/\",\"url\":\"https:\/\/creston.com.mx\/index.php\/11\/presenta-carlos-pena-iniciativa-en-defensa-de-productores-agricolas\/politica\/2025\/\",\"name\":\"Presenta Carlos Pe\u00f1a iniciativa en defensa de productores agr\u00edcolas - Peri\u00f3dico Digital de Zacatecas\",\"isPartOf\":{\"@id\":\"https:\/\/creston.com.mx\/#website\"},\"primaryImageOfPage\":{\"@id\":\"https:\/\/creston.com.mx\/index.php\/11\/presenta-carlos-pena-iniciativa-en-defensa-de-productores-agricolas\/politica\/2025\/#primaryimage\"},\"image\":{\"@id\":\"https:\/\/creston.com.mx\/index.php\/11\/presenta-carlos-pena-iniciativa-en-defensa-de-productores-agricolas\/politica\/2025\/#primaryimage\"},\"thumbnailUrl\":\"https:\/\/creston.com.mx\/wp-content\/uploads\/2025\/11\/IMG-20251125-WA0005.jpg\",\"datePublished\":\"2025-11-26T02:30:00+00:00\",\"dateModified\":\"2025-11-27T17:40:29+00:00\",\"breadcrumb\":{\"@id\":\"https:\/\/creston.com.mx\/index.php\/11\/presenta-carlos-pena-iniciativa-en-defensa-de-productores-agricolas\/politica\/2025\/#breadcrumb\"},\"inLanguage\":\"es\",\"potentialAction\":[{\"@type\":\"ReadAction\",\"target\":[\"https:\/\/creston.com.mx\/index.php\/11\/presenta-carlos-pena-iniciativa-en-defensa-de-productores-agricolas\/politica\/2025\/\"]}]},{\"@type\":\"ImageObject\",\"inLanguage\":\"es\",\"@id\":\"https:\/\/creston.com.mx\/index.php\/11\/presenta-carlos-pena-iniciativa-en-defensa-de-productores-agricolas\/politica\/2025\/#primaryimage\",\"url\":\"https:\/\/creston.com.mx\/wp-content\/uploads\/2025\/11\/IMG-20251125-WA0005.jpg\",\"contentUrl\":\"https:\/\/creston.com.mx\/wp-content\/uploads\/2025\/11\/IMG-20251125-WA0005.jpg\",\"width\":1600,\"height\":1069},{\"@type\":\"BreadcrumbList\",\"@id\":\"https:\/\/creston.com.mx\/index.php\/11\/presenta-carlos-pena-iniciativa-en-defensa-de-productores-agricolas\/politica\/2025\/#breadcrumb\",\"itemListElement\":[{\"@type\":\"ListItem\",\"position\":1,\"name\":\"Portada\",\"item\":\"https:\/\/creston.com.mx\/\"},{\"@type\":\"ListItem\",\"position\":2,\"name\":\"Presenta Carlos Pe\u00f1a iniciativa en defensa de productores agr\u00edcolas\"}]},{\"@type\":\"WebSite\",\"@id\":\"https:\/\/creston.com.mx\/#website\",\"url\":\"https:\/\/creston.com.mx\/\",\"name\":\"Peri\u00f3dico Digital de Zacatecas\",\"description\":\"\",\"publisher\":{\"@id\":\"https:\/\/creston.com.mx\/#organization\"},\"potentialAction\":[{\"@type\":\"SearchAction\",\"target\":{\"@type\":\"EntryPoint\",\"urlTemplate\":\"https:\/\/creston.com.mx\/?s={search_term_string}\"},\"query-input\":{\"@type\":\"PropertyValueSpecification\",\"valueRequired\":true,\"valueName\":\"search_term_string\"}}],\"inLanguage\":\"es\"},{\"@type\":\"Organization\",\"@id\":\"https:\/\/creston.com.mx\/#organization\",\"name\":\"Peri\u00f3dico Digital de Zacatecas\",\"url\":\"https:\/\/creston.com.mx\/\",\"logo\":{\"@type\":\"ImageObject\",\"inLanguage\":\"es\",\"@id\":\"https:\/\/creston.com.mx\/#\/schema\/logo\/image\/\",\"url\":\"https:\/\/creston.com.mx\/wp-content\/uploads\/2026\/02\/cropped-Logo-Creston2.jpg\",\"contentUrl\":\"https:\/\/creston.com.mx\/wp-content\/uploads\/2026\/02\/cropped-Logo-Creston2.jpg\",\"width\":503,\"height\":194,\"caption\":\"Peri\u00f3dico Digital  de Zacatecas\"},\"image\":{\"@id\":\"https:\/\/creston.com.mx\/#\/schema\/logo\/image\/\"}},{\"@type\":\"Person\",\"@id\":\"https:\/\/creston.com.mx\/#\/schema\/person\/01f2ce9e289bc5300c759925ef768c1d\",\"name\":\"Periodico Creston\",\"image\":{\"@type\":\"ImageObject\",\"inLanguage\":\"es\",\"@id\":\"https:\/\/creston.com.mx\/#\/schema\/person\/image\/\",\"url\":\"https:\/\/secure.gravatar.com\/avatar\/c91eac1cf0d45897b6d294d474aa7713a194d460be0aaf72157553d050cda1c1?s=96&d=mm&r=g\",\"contentUrl\":\"https:\/\/secure.gravatar.com\/avatar\/c91eac1cf0d45897b6d294d474aa7713a194d460be0aaf72157553d050cda1c1?s=96&d=mm&r=g\",\"caption\":\"Periodico Creston\"},\"sameAs\":[\"https:\/\/creston.com.mx\"],\"url\":\"https:\/\/creston.com.mx\/index.php\/author\/cstnalja96\/\"}]}<\/script>\n<!-- \/ Yoast SEO plugin. -->","yoast_head_json":{"title":"Presenta Carlos Pe\u00f1a iniciativa en defensa de productores agr\u00edcolas - Peri\u00f3dico Digital de Zacatecas","robots":{"index":"index","follow":"follow","max-snippet":"max-snippet:-1","max-image-preview":"max-image-preview:large","max-video-preview":"max-video-preview:-1"},"canonical":"https:\/\/creston.com.mx\/index.php\/11\/presenta-carlos-pena-iniciativa-en-defensa-de-productores-agricolas\/politica\/2025\/","og_locale":"es_ES","og_type":"article","og_title":"Presenta Carlos Pe\u00f1a iniciativa en defensa de productores agr\u00edcolas - Peri\u00f3dico Digital de Zacatecas","og_description":". Solicitar\u00e1 a la C\u00e1mara de Diputados Federal, que atienda con responsabilidad a las y los productores que se manifiestan. . El Presidente estatal del PRI, Diputado Carlos Pe\u00f1a Badillo&hellip;","og_url":"https:\/\/creston.com.mx\/index.php\/11\/presenta-carlos-pena-iniciativa-en-defensa-de-productores-agricolas\/politica\/2025\/","og_site_name":"Peri\u00f3dico Digital de Zacatecas","article_published_time":"2025-11-26T02:30:00+00:00","article_modified_time":"2025-11-27T17:40:29+00:00","og_image":[{"width":1600,"height":1069,"url":"https:\/\/creston.com.mx\/wp-content\/uploads\/2025\/11\/IMG-20251125-WA0005.jpg","type":"image\/jpeg"}],"author":"Periodico Creston","twitter_card":"summary_large_image","twitter_misc":{"Escrito por":"Periodico Creston","Tiempo de lectura":"2 minutos"},"schema":{"@context":"https:\/\/schema.org","@graph":[{"@type":"Article","@id":"https:\/\/creston.com.mx\/index.php\/11\/presenta-carlos-pena-iniciativa-en-defensa-de-productores-agricolas\/politica\/2025\/#article","isPartOf":{"@id":"https:\/\/creston.com.mx\/index.php\/11\/presenta-carlos-pena-iniciativa-en-defensa-de-productores-agricolas\/politica\/2025\/"},"author":{"name":"Periodico Creston","@id":"https:\/\/creston.com.mx\/#\/schema\/person\/01f2ce9e289bc5300c759925ef768c1d"},"headline":"Presenta Carlos Pe\u00f1a iniciativa en defensa de productores agr\u00edcolas","datePublished":"2025-11-26T02:30:00+00:00","dateModified":"2025-11-27T17:40:29+00:00","mainEntityOfPage":{"@id":"https:\/\/creston.com.mx\/index.php\/11\/presenta-carlos-pena-iniciativa-en-defensa-de-productores-agricolas\/politica\/2025\/"},"wordCount":370,"commentCount":0,"publisher":{"@id":"https:\/\/creston.com.mx\/#organization"},"image":{"@id":"https:\/\/creston.com.mx\/index.php\/11\/presenta-carlos-pena-iniciativa-en-defensa-de-productores-agricolas\/politica\/2025\/#primaryimage"},"thumbnailUrl":"https:\/\/creston.com.mx\/wp-content\/uploads\/2025\/11\/IMG-20251125-WA0005.jpg","articleSection":["Pol\u00edtica"],"inLanguage":"es","potentialAction":[{"@type":"CommentAction","name":"Comment","target":["https:\/\/creston.com.mx\/index.php\/11\/presenta-carlos-pena-iniciativa-en-defensa-de-productores-agricolas\/politica\/2025\/#respond"]}]},{"@type":"WebPage","@id":"https:\/\/creston.com.mx\/index.php\/11\/presenta-carlos-pena-iniciativa-en-defensa-de-productores-agricolas\/politica\/2025\/","url":"https:\/\/creston.com.mx\/index.php\/11\/presenta-carlos-pena-iniciativa-en-defensa-de-productores-agricolas\/politica\/2025\/","name":"Presenta Carlos Pe\u00f1a iniciativa en defensa de productores agr\u00edcolas - Peri\u00f3dico Digital de Zacatecas","isPartOf":{"@id":"https:\/\/creston.com.mx\/#website"},"primaryImageOfPage":{"@id":"https:\/\/creston.com.mx\/index.php\/11\/presenta-carlos-pena-iniciativa-en-defensa-de-productores-agricolas\/politica\/2025\/#primaryimage"},"image":{"@id":"https:\/\/creston.com.mx\/index.php\/11\/presenta-carlos-pena-iniciativa-en-defensa-de-productores-agricolas\/politica\/2025\/#primaryimage"},"thumbnailUrl":"https:\/\/creston.com.mx\/wp-content\/uploads\/2025\/11\/IMG-20251125-WA0005.jpg","datePublished":"2025-11-26T02:30:00+00:00","dateModified":"2025-11-27T17:40:29+00:00","breadcrumb":{"@id":"https:\/\/creston.com.mx\/index.php\/11\/presenta-carlos-pena-iniciativa-en-defensa-de-productores-agricolas\/politica\/2025\/#breadcrumb"},"inLanguage":"es","potentialAction":[{"@type":"ReadAction","target":["https:\/\/creston.com.mx\/index.php\/11\/presenta-carlos-pena-iniciativa-en-defensa-de-productores-agricolas\/politica\/2025\/"]}]},{"@type":"ImageObject","inLanguage":"es","@id":"https:\/\/creston.com.mx\/index.php\/11\/presenta-carlos-pena-iniciativa-en-defensa-de-productores-agricolas\/politica\/2025\/#primaryimage","url":"https:\/\/creston.com.mx\/wp-content\/uploads\/2025\/11\/IMG-20251125-WA0005.jpg","contentUrl":"https:\/\/creston.com.mx\/wp-content\/uploads\/2025\/11\/IMG-20251125-WA0005.jpg","width":1600,"height":1069},{"@type":"BreadcrumbList","@id":"https:\/\/creston.com.mx\/index.php\/11\/presenta-carlos-pena-iniciativa-en-defensa-de-productores-agricolas\/politica\/2025\/#breadcrumb","itemListElement":[{"@type":"ListItem","position":1,"name":"Portada","item":"https:\/\/creston.com.mx\/"},{"@type":"ListItem","position":2,"name":"Presenta Carlos Pe\u00f1a iniciativa en defensa de productores agr\u00edcolas"}]},{"@type":"WebSite","@id":"https:\/\/creston.com.mx\/#website","url":"https:\/\/creston.com.mx\/","name":"Peri\u00f3dico Digital de Zacatecas","description":"","publisher":{"@id":"https:\/\/creston.com.mx\/#organization"},"potentialAction":[{"@type":"SearchAction","target":{"@type":"EntryPoint","urlTemplate":"https:\/\/creston.com.mx\/?s={search_term_string}"},"query-input":{"@type":"PropertyValueSpecification","valueRequired":true,"valueName":"search_term_string"}}],"inLanguage":"es"},{"@type":"Organization","@id":"https:\/\/creston.com.mx\/#organization","name":"Peri\u00f3dico Digital de Zacatecas","url":"https:\/\/creston.com.mx\/","logo":{"@type":"ImageObject","inLanguage":"es","@id":"https:\/\/creston.com.mx\/#\/schema\/logo\/image\/","url":"https:\/\/creston.com.mx\/wp-content\/uploads\/2026\/02\/cropped-Logo-Creston2.jpg","contentUrl":"https:\/\/creston.com.mx\/wp-content\/uploads\/2026\/02\/cropped-Logo-Creston2.jpg","width":503,"height":194,"caption":"Peri\u00f3dico Digital  de Zacatecas"},"image":{"@id":"https:\/\/creston.com.mx\/#\/schema\/logo\/image\/"}},{"@type":"Person","@id":"https:\/\/creston.com.mx\/#\/schema\/person\/01f2ce9e289bc5300c759925ef768c1d","name":"Periodico Creston","image":{"@type":"ImageObject","inLanguage":"es","@id":"https:\/\/creston.com.mx\/#\/schema\/person\/image\/","url":"https:\/\/secure.gravatar.com\/avatar\/c91eac1cf0d45897b6d294d474aa7713a194d460be0aaf72157553d050cda1c1?s=96&d=mm&r=g","contentUrl":"https:\/\/secure.gravatar.com\/avatar\/c91eac1cf0d45897b6d294d474aa7713a194d460be0aaf72157553d050cda1c1?s=96&d=mm&r=g","caption":"Periodico Creston"},"sameAs":["https:\/\/creston.com.mx"],"url":"https:\/\/creston.com.mx\/index.php\/author\/cstnalja96\/"}]}},"jetpack_sharing_enabled":true,"jetpack_featured_media_url":"https:\/\/creston.com.mx\/wp-content\/uploads\/2025\/11\/IMG-20251125-WA0005.jpg","_links":{"self":[{"href":"https:\/\/creston.com.mx\/index.php\/wp-json\/wp\/v2\/posts\/2113","targetHints":{"allow":["GET"]}}],"collection":[{"href":"https:\/\/creston.com.mx\/index.php\/wp-json\/wp\/v2\/posts"}],"about":[{"href":"https:\/\/creston.com.mx\/index.php\/wp-json\/wp\/v2\/types\/post"}],"author":[{"embeddable":true,"href":"https:\/\/creston.com.mx\/index.php\/wp-json\/wp\/v2\/users\/1"}],"replies":[{"embeddable":true,"href":"https:\/\/creston.com.mx\/index.php\/wp-json\/wp\/v2\/comments?post=2113"}],"version-history":[{"count":1,"href":"https:\/\/creston.com.mx\/index.php\/wp-json\/wp\/v2\/posts\/2113\/revisions"}],"predecessor-version":[{"id":2115,"href":"https:\/\/creston.com.mx\/index.php\/wp-json\/wp\/v2\/posts\/2113\/revisions\/2115"}],"wp:featuredmedia":[{"embeddable":true,"href":"https:\/\/creston.com.mx\/index.php\/wp-json\/wp\/v2\/media\/2114"}],"wp:attachment":[{"href":"https:\/\/creston.com.mx\/index.php\/wp-json\/wp\/v2\/media?parent=2113"}],"wp:term":[{"taxonomy":"category","embeddable":true,"href":"https:\/\/creston.com.mx\/index.php\/wp-json\/wp\/v2\/categories?post=2113"},{"taxonomy":"post_tag","embeddable":true,"href":"https:\/\/creston.com.mx\/index.php\/wp-json\/wp\/v2\/tags?post=2113"}],"curies":[{"name":"wp","href":"https:\/\/api.w.org\/{rel}","templated":true}]}}