{"id":2105,"date":"2025-11-25T20:12:00","date_gmt":"2025-11-26T02:12:00","guid":{"rendered":"https:\/\/creston.com.mx\/?p=2105"},"modified":"2025-11-27T11:25:52","modified_gmt":"2025-11-27T17:25:52","slug":"gobierno-elude-responsabilidad-de-la-nomina-educativa-olvera","status":"publish","type":"post","link":"https:\/\/creston.com.mx\/index.php\/11\/gobierno-elude-responsabilidad-de-la-nomina-educativa-olvera\/informacion-general\/2025\/","title":{"rendered":"Gobierno elude responsabilidad de la n\u00f3mina educativa: Olvera"},"content":{"rendered":"\n<p>.<\/p>\n\n\n\n<p class=\"has-medium-font-size\"><strong><em>Los maestros involucrados no aceptan la federalizaci\u00f3n porque vulnera sus derechos laborales y prestaciones econ\u00f3micas.<\/em><\/strong><\/p>\n\n\n\n<p>.<\/p>\n\n\n\n<p>El Delegado General del CEN del PRI, Jos\u00e9 Marco Antonio Olvera Acevedo, mostr\u00f3 su respaldo al SNTE 58 por rechazar la transferencia de plazas estatales al sistema federal a trav\u00e9s del Programa de Apoyo Econ\u00f3mico Extraordinario 2025, porque se vulneran sus derechos laborales y prestaciones econ\u00f3micas y exigi\u00f3 al gobierno asumir su responsabilidad con la n\u00f3mina educativa.<\/p>\n\n\n\n<p>Olvera Acevedo destac\u00f3 que de acuerdo al Secretario General de la Secci\u00f3n 58, Marcelino Rodarte, esta propuesta se present\u00f3 sin consultar al magisterio e implica renunciar a derechos laborales ganados a cambio de un apoyo \u00fanico, sin garant\u00eda de conservar compensaciones, est\u00edmulos, seguridad social ni poder adquisitivo.&nbsp;<\/p>\n\n\n\n<p>Aunado a ello, dijo, tambi\u00e9n genera incertidumbre sobre jubilaciones, pensiones, antig\u00fcedad y escalaf\u00f3n, poniendo en riesgo el futuro laboral de las y los docentes estatales. Adem\u00e1s se\u00f1al\u00f3 la falta de transparencia del programa, porque no incluye mecanismos de apelaci\u00f3n, acompa\u00f1amiento jur\u00eddico, auditor\u00edas independientes ni rendici\u00f3n de cuentas.<\/p>\n\n\n\n<p>Olvera Acevedo mencion\u00f3 que la actual administraci\u00f3n debe ser sensible y buscar consensos con la clase trabajadora, respetando siempre todos los derechos adquiridos y prestaciones laborales.<\/p>\n\n\n\n<p>Se\u00f1al\u00f3 que la manifestaci\u00f3n del magisterio en&nbsp; defensa de sus logros sindicales es leg\u00edtima, por lo que lament\u00f3 los da\u00f1os colaterales que se presentan como bloqueos y suspensi\u00f3n de actividades educativas.<\/p>\n\n\n\n<p>El Delegado General del CEN, Jos\u00e9 Marco Antonio Olvera Acevedo manifest\u00f3 su alianza y coincidencia con el magisterio zacatecano y puntualiz\u00f3 que su postura no est\u00e1 basada en el oportunismo pol\u00edtico, sino en la preocupaci\u00f3n de lo que sucede en el sistema estatal educativo.<\/p>\n\n\n\n<p>.<\/p>\n\n\n\n\n\n<p>.<\/p>\n\n\n<div class=\"wp-block-image\">\n<figure class=\"aligncenter size-large is-resized\"><img fetchpriority=\"high\" decoding=\"async\" width=\"870\" height=\"1024\" src=\"https:\/\/creston.com.mx\/wp-content\/uploads\/2025\/06\/Anuncio-salon-eventos-870x1024.jpg\" alt=\"\" class=\"wp-image-966\" style=\"width:578px;height:auto\" srcset=\"https:\/\/creston.com.mx\/wp-content\/uploads\/2025\/06\/Anuncio-salon-eventos-870x1024.jpg 870w, https:\/\/creston.com.mx\/wp-content\/uploads\/2025\/06\/Anuncio-salon-eventos-255x300.jpg 255w, https:\/\/creston.com.mx\/wp-content\/uploads\/2025\/06\/Anuncio-salon-eventos-768x904.jpg 768w, https:\/\/creston.com.mx\/wp-content\/uploads\/2025\/06\/Anuncio-salon-eventos.jpg 1275w\" sizes=\"(max-width: 870px) 100vw, 870px\" \/><\/figure>\n<\/div>","protected":false},"excerpt":{"rendered":"<p>. Los maestros involucrados no aceptan la federalizaci\u00f3n porque vulnera sus derechos laborales y prestaciones econ\u00f3micas. . El Delegado General del CEN del PRI, Jos\u00e9 Marco Antonio Olvera Acevedo, mostr\u00f3&hellip; <\/p>\n","protected":false},"author":1,"featured_media":2106,"comment_status":"open","ping_status":"closed","sticky":false,"template":"","format":"standard","meta":{"_jetpack_memberships_contains_paid_content":false,"footnotes":""},"categories":[4],"tags":[],"class_list":["post-2105","post","type-post","status-publish","format-standard","has-post-thumbnail","hentry","category-informacion-general"],"yoast_head":"<!-- This site is optimized with the Yoast SEO plugin v24.2 - https:\/\/yoast.com\/wordpress\/plugins\/seo\/ -->\n<title>Gobierno elude responsabilidad de la n\u00f3mina educativa: Olvera - Peri\u00f3dico Digital de Zacatecas<\/title>\n<meta name=\"robots\" content=\"index, follow, max-snippet:-1, max-image-preview:large, max-video-preview:-1\" \/>\n<link rel=\"canonical\" href=\"https:\/\/creston.com.mx\/index.php\/11\/gobierno-elude-responsabilidad-de-la-nomina-educativa-olvera\/informacion-general\/2025\/\" \/>\n<meta property=\"og:locale\" content=\"es_ES\" \/>\n<meta property=\"og:type\" content=\"article\" \/>\n<meta property=\"og:title\" content=\"Gobierno elude responsabilidad de la n\u00f3mina educativa: Olvera - Peri\u00f3dico Digital de Zacatecas\" \/>\n<meta property=\"og:description\" content=\". Los maestros involucrados no aceptan la federalizaci\u00f3n porque vulnera sus derechos laborales y prestaciones econ\u00f3micas. . El Delegado General del CEN del PRI, Jos\u00e9 Marco Antonio Olvera Acevedo, mostr\u00f3&hellip;\" \/>\n<meta property=\"og:url\" content=\"https:\/\/creston.com.mx\/index.php\/11\/gobierno-elude-responsabilidad-de-la-nomina-educativa-olvera\/informacion-general\/2025\/\" \/>\n<meta property=\"og:site_name\" content=\"Peri\u00f3dico Digital de Zacatecas\" \/>\n<meta property=\"article:published_time\" content=\"2025-11-26T02:12:00+00:00\" \/>\n<meta property=\"article:modified_time\" content=\"2025-11-27T17:25:52+00:00\" \/>\n<meta property=\"og:image\" content=\"https:\/\/creston.com.mx\/wp-content\/uploads\/2025\/11\/IMG-20251125-WA0007.jpg\" \/>\n\t<meta property=\"og:image:width\" content=\"1600\" \/>\n\t<meta property=\"og:image:height\" content=\"1069\" \/>\n\t<meta property=\"og:image:type\" content=\"image\/jpeg\" \/>\n<meta name=\"author\" content=\"Periodico Creston\" \/>\n<meta name=\"twitter:card\" content=\"summary_large_image\" \/>\n<meta name=\"twitter:label1\" content=\"Escrito por\" \/>\n\t<meta name=\"twitter:data1\" content=\"Periodico Creston\" \/>\n\t<meta name=\"twitter:label2\" content=\"Tiempo de lectura\" \/>\n\t<meta name=\"twitter:data2\" content=\"2 minutos\" \/>\n<script type=\"application\/ld+json\" class=\"yoast-schema-graph\">{\"@context\":\"https:\/\/schema.org\",\"@graph\":[{\"@type\":\"Article\",\"@id\":\"https:\/\/creston.com.mx\/index.php\/11\/gobierno-elude-responsabilidad-de-la-nomina-educativa-olvera\/informacion-general\/2025\/#article\",\"isPartOf\":{\"@id\":\"https:\/\/creston.com.mx\/index.php\/11\/gobierno-elude-responsabilidad-de-la-nomina-educativa-olvera\/informacion-general\/2025\/\"},\"author\":{\"name\":\"Periodico Creston\",\"@id\":\"https:\/\/creston.com.mx\/#\/schema\/person\/01f2ce9e289bc5300c759925ef768c1d\"},\"headline\":\"Gobierno elude responsabilidad de la n\u00f3mina educativa: Olvera\",\"datePublished\":\"2025-11-26T02:12:00+00:00\",\"dateModified\":\"2025-11-27T17:25:52+00:00\",\"mainEntityOfPage\":{\"@id\":\"https:\/\/creston.com.mx\/index.php\/11\/gobierno-elude-responsabilidad-de-la-nomina-educativa-olvera\/informacion-general\/2025\/\"},\"wordCount\":302,\"commentCount\":0,\"publisher\":{\"@id\":\"https:\/\/creston.com.mx\/#organization\"},\"image\":{\"@id\":\"https:\/\/creston.com.mx\/index.php\/11\/gobierno-elude-responsabilidad-de-la-nomina-educativa-olvera\/informacion-general\/2025\/#primaryimage\"},\"thumbnailUrl\":\"https:\/\/creston.com.mx\/wp-content\/uploads\/2025\/11\/IMG-20251125-WA0007.jpg\",\"articleSection\":[\"Informaci\u00f3n General\"],\"inLanguage\":\"es\",\"potentialAction\":[{\"@type\":\"CommentAction\",\"name\":\"Comment\",\"target\":[\"https:\/\/creston.com.mx\/index.php\/11\/gobierno-elude-responsabilidad-de-la-nomina-educativa-olvera\/informacion-general\/2025\/#respond\"]}]},{\"@type\":\"WebPage\",\"@id\":\"https:\/\/creston.com.mx\/index.php\/11\/gobierno-elude-responsabilidad-de-la-nomina-educativa-olvera\/informacion-general\/2025\/\",\"url\":\"https:\/\/creston.com.mx\/index.php\/11\/gobierno-elude-responsabilidad-de-la-nomina-educativa-olvera\/informacion-general\/2025\/\",\"name\":\"Gobierno elude responsabilidad de la n\u00f3mina educativa: Olvera - Peri\u00f3dico Digital de Zacatecas\",\"isPartOf\":{\"@id\":\"https:\/\/creston.com.mx\/#website\"},\"primaryImageOfPage\":{\"@id\":\"https:\/\/creston.com.mx\/index.php\/11\/gobierno-elude-responsabilidad-de-la-nomina-educativa-olvera\/informacion-general\/2025\/#primaryimage\"},\"image\":{\"@id\":\"https:\/\/creston.com.mx\/index.php\/11\/gobierno-elude-responsabilidad-de-la-nomina-educativa-olvera\/informacion-general\/2025\/#primaryimage\"},\"thumbnailUrl\":\"https:\/\/creston.com.mx\/wp-content\/uploads\/2025\/11\/IMG-20251125-WA0007.jpg\",\"datePublished\":\"2025-11-26T02:12:00+00:00\",\"dateModified\":\"2025-11-27T17:25:52+00:00\",\"breadcrumb\":{\"@id\":\"https:\/\/creston.com.mx\/index.php\/11\/gobierno-elude-responsabilidad-de-la-nomina-educativa-olvera\/informacion-general\/2025\/#breadcrumb\"},\"inLanguage\":\"es\",\"potentialAction\":[{\"@type\":\"ReadAction\",\"target\":[\"https:\/\/creston.com.mx\/index.php\/11\/gobierno-elude-responsabilidad-de-la-nomina-educativa-olvera\/informacion-general\/2025\/\"]}]},{\"@type\":\"ImageObject\",\"inLanguage\":\"es\",\"@id\":\"https:\/\/creston.com.mx\/index.php\/11\/gobierno-elude-responsabilidad-de-la-nomina-educativa-olvera\/informacion-general\/2025\/#primaryimage\",\"url\":\"https:\/\/creston.com.mx\/wp-content\/uploads\/2025\/11\/IMG-20251125-WA0007.jpg\",\"contentUrl\":\"https:\/\/creston.com.mx\/wp-content\/uploads\/2025\/11\/IMG-20251125-WA0007.jpg\",\"width\":1600,\"height\":1069},{\"@type\":\"BreadcrumbList\",\"@id\":\"https:\/\/creston.com.mx\/index.php\/11\/gobierno-elude-responsabilidad-de-la-nomina-educativa-olvera\/informacion-general\/2025\/#breadcrumb\",\"itemListElement\":[{\"@type\":\"ListItem\",\"position\":1,\"name\":\"Portada\",\"item\":\"https:\/\/creston.com.mx\/\"},{\"@type\":\"ListItem\",\"position\":2,\"name\":\"Gobierno elude responsabilidad de la n\u00f3mina educativa: Olvera\"}]},{\"@type\":\"WebSite\",\"@id\":\"https:\/\/creston.com.mx\/#website\",\"url\":\"https:\/\/creston.com.mx\/\",\"name\":\"Peri\u00f3dico Digital de Zacatecas\",\"description\":\"\",\"publisher\":{\"@id\":\"https:\/\/creston.com.mx\/#organization\"},\"potentialAction\":[{\"@type\":\"SearchAction\",\"target\":{\"@type\":\"EntryPoint\",\"urlTemplate\":\"https:\/\/creston.com.mx\/?s={search_term_string}\"},\"query-input\":{\"@type\":\"PropertyValueSpecification\",\"valueRequired\":true,\"valueName\":\"search_term_string\"}}],\"inLanguage\":\"es\"},{\"@type\":\"Organization\",\"@id\":\"https:\/\/creston.com.mx\/#organization\",\"name\":\"Peri\u00f3dico Digital de Zacatecas\",\"url\":\"https:\/\/creston.com.mx\/\",\"logo\":{\"@type\":\"ImageObject\",\"inLanguage\":\"es\",\"@id\":\"https:\/\/creston.com.mx\/#\/schema\/logo\/image\/\",\"url\":\"https:\/\/creston.com.mx\/wp-content\/uploads\/2026\/02\/cropped-Logo-Creston2.jpg\",\"contentUrl\":\"https:\/\/creston.com.mx\/wp-content\/uploads\/2026\/02\/cropped-Logo-Creston2.jpg\",\"width\":503,\"height\":194,\"caption\":\"Peri\u00f3dico Digital  de Zacatecas\"},\"image\":{\"@id\":\"https:\/\/creston.com.mx\/#\/schema\/logo\/image\/\"}},{\"@type\":\"Person\",\"@id\":\"https:\/\/creston.com.mx\/#\/schema\/person\/01f2ce9e289bc5300c759925ef768c1d\",\"name\":\"Periodico Creston\",\"image\":{\"@type\":\"ImageObject\",\"inLanguage\":\"es\",\"@id\":\"https:\/\/creston.com.mx\/#\/schema\/person\/image\/\",\"url\":\"https:\/\/secure.gravatar.com\/avatar\/c91eac1cf0d45897b6d294d474aa7713a194d460be0aaf72157553d050cda1c1?s=96&d=mm&r=g\",\"contentUrl\":\"https:\/\/secure.gravatar.com\/avatar\/c91eac1cf0d45897b6d294d474aa7713a194d460be0aaf72157553d050cda1c1?s=96&d=mm&r=g\",\"caption\":\"Periodico Creston\"},\"sameAs\":[\"https:\/\/creston.com.mx\"],\"url\":\"https:\/\/creston.com.mx\/index.php\/author\/cstnalja96\/\"}]}<\/script>\n<!-- \/ Yoast SEO plugin. -->","yoast_head_json":{"title":"Gobierno elude responsabilidad de la n\u00f3mina educativa: Olvera - Peri\u00f3dico Digital de Zacatecas","robots":{"index":"index","follow":"follow","max-snippet":"max-snippet:-1","max-image-preview":"max-image-preview:large","max-video-preview":"max-video-preview:-1"},"canonical":"https:\/\/creston.com.mx\/index.php\/11\/gobierno-elude-responsabilidad-de-la-nomina-educativa-olvera\/informacion-general\/2025\/","og_locale":"es_ES","og_type":"article","og_title":"Gobierno elude responsabilidad de la n\u00f3mina educativa: Olvera - Peri\u00f3dico Digital de Zacatecas","og_description":". Los maestros involucrados no aceptan la federalizaci\u00f3n porque vulnera sus derechos laborales y prestaciones econ\u00f3micas. . El Delegado General del CEN del PRI, Jos\u00e9 Marco Antonio Olvera Acevedo, mostr\u00f3&hellip;","og_url":"https:\/\/creston.com.mx\/index.php\/11\/gobierno-elude-responsabilidad-de-la-nomina-educativa-olvera\/informacion-general\/2025\/","og_site_name":"Peri\u00f3dico Digital de Zacatecas","article_published_time":"2025-11-26T02:12:00+00:00","article_modified_time":"2025-11-27T17:25:52+00:00","og_image":[{"width":1600,"height":1069,"url":"https:\/\/creston.com.mx\/wp-content\/uploads\/2025\/11\/IMG-20251125-WA0007.jpg","type":"image\/jpeg"}],"author":"Periodico Creston","twitter_card":"summary_large_image","twitter_misc":{"Escrito por":"Periodico Creston","Tiempo de lectura":"2 minutos"},"schema":{"@context":"https:\/\/schema.org","@graph":[{"@type":"Article","@id":"https:\/\/creston.com.mx\/index.php\/11\/gobierno-elude-responsabilidad-de-la-nomina-educativa-olvera\/informacion-general\/2025\/#article","isPartOf":{"@id":"https:\/\/creston.com.mx\/index.php\/11\/gobierno-elude-responsabilidad-de-la-nomina-educativa-olvera\/informacion-general\/2025\/"},"author":{"name":"Periodico Creston","@id":"https:\/\/creston.com.mx\/#\/schema\/person\/01f2ce9e289bc5300c759925ef768c1d"},"headline":"Gobierno elude responsabilidad de la n\u00f3mina educativa: Olvera","datePublished":"2025-11-26T02:12:00+00:00","dateModified":"2025-11-27T17:25:52+00:00","mainEntityOfPage":{"@id":"https:\/\/creston.com.mx\/index.php\/11\/gobierno-elude-responsabilidad-de-la-nomina-educativa-olvera\/informacion-general\/2025\/"},"wordCount":302,"commentCount":0,"publisher":{"@id":"https:\/\/creston.com.mx\/#organization"},"image":{"@id":"https:\/\/creston.com.mx\/index.php\/11\/gobierno-elude-responsabilidad-de-la-nomina-educativa-olvera\/informacion-general\/2025\/#primaryimage"},"thumbnailUrl":"https:\/\/creston.com.mx\/wp-content\/uploads\/2025\/11\/IMG-20251125-WA0007.jpg","articleSection":["Informaci\u00f3n General"],"inLanguage":"es","potentialAction":[{"@type":"CommentAction","name":"Comment","target":["https:\/\/creston.com.mx\/index.php\/11\/gobierno-elude-responsabilidad-de-la-nomina-educativa-olvera\/informacion-general\/2025\/#respond"]}]},{"@type":"WebPage","@id":"https:\/\/creston.com.mx\/index.php\/11\/gobierno-elude-responsabilidad-de-la-nomina-educativa-olvera\/informacion-general\/2025\/","url":"https:\/\/creston.com.mx\/index.php\/11\/gobierno-elude-responsabilidad-de-la-nomina-educativa-olvera\/informacion-general\/2025\/","name":"Gobierno elude responsabilidad de la n\u00f3mina educativa: Olvera - Peri\u00f3dico Digital de Zacatecas","isPartOf":{"@id":"https:\/\/creston.com.mx\/#website"},"primaryImageOfPage":{"@id":"https:\/\/creston.com.mx\/index.php\/11\/gobierno-elude-responsabilidad-de-la-nomina-educativa-olvera\/informacion-general\/2025\/#primaryimage"},"image":{"@id":"https:\/\/creston.com.mx\/index.php\/11\/gobierno-elude-responsabilidad-de-la-nomina-educativa-olvera\/informacion-general\/2025\/#primaryimage"},"thumbnailUrl":"https:\/\/creston.com.mx\/wp-content\/uploads\/2025\/11\/IMG-20251125-WA0007.jpg","datePublished":"2025-11-26T02:12:00+00:00","dateModified":"2025-11-27T17:25:52+00:00","breadcrumb":{"@id":"https:\/\/creston.com.mx\/index.php\/11\/gobierno-elude-responsabilidad-de-la-nomina-educativa-olvera\/informacion-general\/2025\/#breadcrumb"},"inLanguage":"es","potentialAction":[{"@type":"ReadAction","target":["https:\/\/creston.com.mx\/index.php\/11\/gobierno-elude-responsabilidad-de-la-nomina-educativa-olvera\/informacion-general\/2025\/"]}]},{"@type":"ImageObject","inLanguage":"es","@id":"https:\/\/creston.com.mx\/index.php\/11\/gobierno-elude-responsabilidad-de-la-nomina-educativa-olvera\/informacion-general\/2025\/#primaryimage","url":"https:\/\/creston.com.mx\/wp-content\/uploads\/2025\/11\/IMG-20251125-WA0007.jpg","contentUrl":"https:\/\/creston.com.mx\/wp-content\/uploads\/2025\/11\/IMG-20251125-WA0007.jpg","width":1600,"height":1069},{"@type":"BreadcrumbList","@id":"https:\/\/creston.com.mx\/index.php\/11\/gobierno-elude-responsabilidad-de-la-nomina-educativa-olvera\/informacion-general\/2025\/#breadcrumb","itemListElement":[{"@type":"ListItem","position":1,"name":"Portada","item":"https:\/\/creston.com.mx\/"},{"@type":"ListItem","position":2,"name":"Gobierno elude responsabilidad de la n\u00f3mina educativa: Olvera"}]},{"@type":"WebSite","@id":"https:\/\/creston.com.mx\/#website","url":"https:\/\/creston.com.mx\/","name":"Peri\u00f3dico Digital de Zacatecas","description":"","publisher":{"@id":"https:\/\/creston.com.mx\/#organization"},"potentialAction":[{"@type":"SearchAction","target":{"@type":"EntryPoint","urlTemplate":"https:\/\/creston.com.mx\/?s={search_term_string}"},"query-input":{"@type":"PropertyValueSpecification","valueRequired":true,"valueName":"search_term_string"}}],"inLanguage":"es"},{"@type":"Organization","@id":"https:\/\/creston.com.mx\/#organization","name":"Peri\u00f3dico Digital de Zacatecas","url":"https:\/\/creston.com.mx\/","logo":{"@type":"ImageObject","inLanguage":"es","@id":"https:\/\/creston.com.mx\/#\/schema\/logo\/image\/","url":"https:\/\/creston.com.mx\/wp-content\/uploads\/2026\/02\/cropped-Logo-Creston2.jpg","contentUrl":"https:\/\/creston.com.mx\/wp-content\/uploads\/2026\/02\/cropped-Logo-Creston2.jpg","width":503,"height":194,"caption":"Peri\u00f3dico Digital  de Zacatecas"},"image":{"@id":"https:\/\/creston.com.mx\/#\/schema\/logo\/image\/"}},{"@type":"Person","@id":"https:\/\/creston.com.mx\/#\/schema\/person\/01f2ce9e289bc5300c759925ef768c1d","name":"Periodico Creston","image":{"@type":"ImageObject","inLanguage":"es","@id":"https:\/\/creston.com.mx\/#\/schema\/person\/image\/","url":"https:\/\/secure.gravatar.com\/avatar\/c91eac1cf0d45897b6d294d474aa7713a194d460be0aaf72157553d050cda1c1?s=96&d=mm&r=g","contentUrl":"https:\/\/secure.gravatar.com\/avatar\/c91eac1cf0d45897b6d294d474aa7713a194d460be0aaf72157553d050cda1c1?s=96&d=mm&r=g","caption":"Periodico Creston"},"sameAs":["https:\/\/creston.com.mx"],"url":"https:\/\/creston.com.mx\/index.php\/author\/cstnalja96\/"}]}},"jetpack_sharing_enabled":true,"jetpack_featured_media_url":"https:\/\/creston.com.mx\/wp-content\/uploads\/2025\/11\/IMG-20251125-WA0007.jpg","_links":{"self":[{"href":"https:\/\/creston.com.mx\/index.php\/wp-json\/wp\/v2\/posts\/2105","targetHints":{"allow":["GET"]}}],"collection":[{"href":"https:\/\/creston.com.mx\/index.php\/wp-json\/wp\/v2\/posts"}],"about":[{"href":"https:\/\/creston.com.mx\/index.php\/wp-json\/wp\/v2\/types\/post"}],"author":[{"embeddable":true,"href":"https:\/\/creston.com.mx\/index.php\/wp-json\/wp\/v2\/users\/1"}],"replies":[{"embeddable":true,"href":"https:\/\/creston.com.mx\/index.php\/wp-json\/wp\/v2\/comments?post=2105"}],"version-history":[{"count":1,"href":"https:\/\/creston.com.mx\/index.php\/wp-json\/wp\/v2\/posts\/2105\/revisions"}],"predecessor-version":[{"id":2107,"href":"https:\/\/creston.com.mx\/index.php\/wp-json\/wp\/v2\/posts\/2105\/revisions\/2107"}],"wp:featuredmedia":[{"embeddable":true,"href":"https:\/\/creston.com.mx\/index.php\/wp-json\/wp\/v2\/media\/2106"}],"wp:attachment":[{"href":"https:\/\/creston.com.mx\/index.php\/wp-json\/wp\/v2\/media?parent=2105"}],"wp:term":[{"taxonomy":"category","embeddable":true,"href":"https:\/\/creston.com.mx\/index.php\/wp-json\/wp\/v2\/categories?post=2105"},{"taxonomy":"post_tag","embeddable":true,"href":"https:\/\/creston.com.mx\/index.php\/wp-json\/wp\/v2\/tags?post=2105"}],"curies":[{"name":"wp","href":"https:\/\/api.w.org\/{rel}","templated":true}]}}