{"id":2101,"date":"2025-11-24T20:07:00","date_gmt":"2025-11-25T02:07:00","guid":{"rendered":"https:\/\/creston.com.mx\/?p=2101"},"modified":"2025-11-27T11:11:34","modified_gmt":"2025-11-27T17:11:34","slug":"propone-ulises-mejia-haro-reforma-para-cerrar-vacios-legales-en-violencia-vicaria","status":"publish","type":"post","link":"https:\/\/creston.com.mx\/index.php\/11\/propone-ulises-mejia-haro-reforma-para-cerrar-vacios-legales-en-violencia-vicaria\/politica\/2025\/","title":{"rendered":"Propone Ulises Mej\u00eda Haro reforma para cerrar vac\u00edos legales en violencia vicaria"},"content":{"rendered":"\n<p>.<\/p>\n\n\n\n<p class=\"has-medium-font-size\"><strong><em>El estado fue pionero en reconocer este delito, pero no se han emitido sentencias y las madres siguen enfrentando procesos lentos, inform\u00f3.<\/em><\/strong><\/p>\n\n\n\n<p>.<\/p>\n\n\n\n<p>Acompa\u00f1ado por el colectivo Madres Protectoras de Infancias, el diputado federal Ulises Mej\u00eda Haro anunci\u00f3 una iniciativa legislativa para cerrar los vac\u00edos institucionales que hoy permiten que la violencia vicaria contin\u00fae sin sanciones en Zacatecas.<\/p>\n\n\n\n<p>Mej\u00eda Haro explic\u00f3 que, a pesar de que el estado fue pionero en reconocer este delito, no se han emitido sentencias, y las madres siguen enfrentando procesos lentos, sin perspectiva de g\u00e9nero y expuestos a manipulaciones por parte de agresores.<\/p>\n\n\n<div class=\"wp-block-image\">\n<figure class=\"alignleft size-large is-resized\"><img fetchpriority=\"high\" decoding=\"async\" width=\"1024\" height=\"588\" src=\"https:\/\/creston.com.mx\/wp-content\/uploads\/2025\/11\/IMG-20251124-WA0041-1024x588.jpg\" alt=\"\" class=\"wp-image-2102\" style=\"width:613px;height:auto\" srcset=\"https:\/\/creston.com.mx\/wp-content\/uploads\/2025\/11\/IMG-20251124-WA0041-1024x588.jpg 1024w, https:\/\/creston.com.mx\/wp-content\/uploads\/2025\/11\/IMG-20251124-WA0041-300x172.jpg 300w, https:\/\/creston.com.mx\/wp-content\/uploads\/2025\/11\/IMG-20251124-WA0041-768x441.jpg 768w, https:\/\/creston.com.mx\/wp-content\/uploads\/2025\/11\/IMG-20251124-WA0041.jpg 1280w\" sizes=\"(max-width: 1024px) 100vw, 1024px\" \/><\/figure>\n<\/div>\n\n\n<p>Alondra G\u00e1mez, del colectivo Madres Protectoras de Infancias, aport\u00f3 cifras y testimonios que muestran la dimensi\u00f3n del problema: m\u00e1s de 30 casos activos, procedimientos detenidos y ni\u00f1as y ni\u00f1os separados de sus madres mediante resoluciones sin an\u00e1lisis especializado.<\/p>\n\n\n\n<p>\u201cNo pedimos privilegios, pedimos protecci\u00f3n para nuestras infancias\u201d, subray\u00f3.<\/p>\n\n\n\n<p>Por su parte, Roxana Schnaiderr, integrante del colectivo, detall\u00f3 los ejes centrales de la propuesta:<\/p>\n\n\n\n<p>\u2022 Alerta Temprana para prevenir sustracciones y agresiones.<\/p>\n\n\n\n<p>\u2022 Registro Estatal de Agresores Vicarios, de uso exclusivamente institucional.<\/p>\n\n\n\n<p>\u2022 Reconocer la violencia vicaria como delito aut\u00f3nomo, con sanciones equivalentes a la violencia familiar agravada.<\/p>\n\n\n\n<p>El diputado Ulises Mej\u00eda Haro destac\u00f3 que la iniciativa busca no solo sancionar, sino prevenir, proteger y restituir derechos, colocando en el centro la seguridad emocional y psicol\u00f3gica de ni\u00f1as, ni\u00f1os y adolescentes. Reconoci\u00f3 el acompa\u00f1amiento del colectivo, cuya labor ha sido fundamental para visibilizar una problem\u00e1tica que ha permanecido ignorada por las instituciones.<\/p>\n\n\n\n<p>Record\u00f3 que las cifras son contundentes: en siete a\u00f1os Zacatecas registr\u00f3 99,701 casos de violencia contra las mujeres, de los cuales 93.7% corresponden a violencia familiar y 42% a violencia psicol\u00f3gica. Solo en 2024 se abrieron 2,126 carpetas por violencia familiar, mientras que el colectivo mantiene m\u00e1s de 30 casos activos. Desde la tipificaci\u00f3n de la violencia vicaria en 2022, no existe una sola sentencia.<\/p>\n\n\n\n<p>Finalmente, Lourdes Delgadillo, del colectivo de mujeres de Un Movimiento Honesto, llam\u00f3 a seguir construyendo una agenda legislativa s\u00f3lida que el diputado Ulises Mej\u00eda Haro pueda impulsar en el Congreso, con el prop\u00f3sito de avanzar hacia un Zacatecas donde las mujeres vivan libres de cualquier forma de violencia.<\/p>\n\n\n\n<p>.<\/p>\n\n\n\n\n\n<p>.<\/p>\n\n\n<div class=\"wp-block-image\">\n<figure class=\"aligncenter size-large is-resized\"><img decoding=\"async\" width=\"870\" height=\"1024\" src=\"https:\/\/creston.com.mx\/wp-content\/uploads\/2025\/06\/Anuncio-salon-eventos-870x1024.jpg\" alt=\"\" class=\"wp-image-966\" style=\"width:616px;height:auto\" srcset=\"https:\/\/creston.com.mx\/wp-content\/uploads\/2025\/06\/Anuncio-salon-eventos-870x1024.jpg 870w, https:\/\/creston.com.mx\/wp-content\/uploads\/2025\/06\/Anuncio-salon-eventos-255x300.jpg 255w, https:\/\/creston.com.mx\/wp-content\/uploads\/2025\/06\/Anuncio-salon-eventos-768x904.jpg 768w, https:\/\/creston.com.mx\/wp-content\/uploads\/2025\/06\/Anuncio-salon-eventos.jpg 1275w\" sizes=\"(max-width: 870px) 100vw, 870px\" \/><\/figure>\n<\/div>","protected":false},"excerpt":{"rendered":"<p>. El estado fue pionero en reconocer este delito, pero no se han emitido sentencias y las madres siguen enfrentando procesos lentos, inform\u00f3. . Acompa\u00f1ado por el colectivo Madres Protectoras&hellip; <\/p>\n","protected":false},"author":1,"featured_media":2103,"comment_status":"open","ping_status":"closed","sticky":false,"template":"","format":"standard","meta":{"_jetpack_memberships_contains_paid_content":false,"footnotes":""},"categories":[2],"tags":[],"class_list":["post-2101","post","type-post","status-publish","format-standard","has-post-thumbnail","hentry","category-politica"],"yoast_head":"<!-- This site is optimized with the Yoast SEO plugin v24.2 - https:\/\/yoast.com\/wordpress\/plugins\/seo\/ -->\n<title>Propone Ulises Mej\u00eda Haro reforma para cerrar vac\u00edos legales en violencia vicaria - Peri\u00f3dico Digital de Zacatecas<\/title>\n<meta name=\"robots\" content=\"index, follow, max-snippet:-1, max-image-preview:large, max-video-preview:-1\" \/>\n<link rel=\"canonical\" href=\"https:\/\/creston.com.mx\/index.php\/11\/propone-ulises-mejia-haro-reforma-para-cerrar-vacios-legales-en-violencia-vicaria\/politica\/2025\/\" \/>\n<meta property=\"og:locale\" content=\"es_ES\" \/>\n<meta property=\"og:type\" content=\"article\" \/>\n<meta property=\"og:title\" content=\"Propone Ulises Mej\u00eda Haro reforma para cerrar vac\u00edos legales en violencia vicaria - Peri\u00f3dico Digital de Zacatecas\" \/>\n<meta property=\"og:description\" content=\". El estado fue pionero en reconocer este delito, pero no se han emitido sentencias y las madres siguen enfrentando procesos lentos, inform\u00f3. . Acompa\u00f1ado por el colectivo Madres Protectoras&hellip;\" \/>\n<meta property=\"og:url\" content=\"https:\/\/creston.com.mx\/index.php\/11\/propone-ulises-mejia-haro-reforma-para-cerrar-vacios-legales-en-violencia-vicaria\/politica\/2025\/\" \/>\n<meta property=\"og:site_name\" content=\"Peri\u00f3dico Digital de Zacatecas\" \/>\n<meta property=\"article:published_time\" content=\"2025-11-25T02:07:00+00:00\" \/>\n<meta property=\"article:modified_time\" content=\"2025-11-27T17:11:34+00:00\" \/>\n<meta property=\"og:image\" content=\"https:\/\/creston.com.mx\/wp-content\/uploads\/2025\/11\/IMG-20251124-WA0038.jpg\" \/>\n\t<meta property=\"og:image:width\" content=\"1280\" \/>\n\t<meta property=\"og:image:height\" content=\"853\" \/>\n\t<meta property=\"og:image:type\" content=\"image\/jpeg\" \/>\n<meta name=\"author\" content=\"Periodico Creston\" \/>\n<meta name=\"twitter:card\" content=\"summary_large_image\" \/>\n<meta name=\"twitter:label1\" content=\"Escrito por\" \/>\n\t<meta name=\"twitter:data1\" content=\"Periodico Creston\" \/>\n\t<meta name=\"twitter:label2\" content=\"Tiempo de lectura\" \/>\n\t<meta name=\"twitter:data2\" content=\"3 minutos\" \/>\n<script type=\"application\/ld+json\" class=\"yoast-schema-graph\">{\"@context\":\"https:\/\/schema.org\",\"@graph\":[{\"@type\":\"Article\",\"@id\":\"https:\/\/creston.com.mx\/index.php\/11\/propone-ulises-mejia-haro-reforma-para-cerrar-vacios-legales-en-violencia-vicaria\/politica\/2025\/#article\",\"isPartOf\":{\"@id\":\"https:\/\/creston.com.mx\/index.php\/11\/propone-ulises-mejia-haro-reforma-para-cerrar-vacios-legales-en-violencia-vicaria\/politica\/2025\/\"},\"author\":{\"name\":\"Periodico Creston\",\"@id\":\"https:\/\/creston.com.mx\/#\/schema\/person\/01f2ce9e289bc5300c759925ef768c1d\"},\"headline\":\"Propone Ulises Mej\u00eda Haro reforma para cerrar vac\u00edos legales en violencia vicaria\",\"datePublished\":\"2025-11-25T02:07:00+00:00\",\"dateModified\":\"2025-11-27T17:11:34+00:00\",\"mainEntityOfPage\":{\"@id\":\"https:\/\/creston.com.mx\/index.php\/11\/propone-ulises-mejia-haro-reforma-para-cerrar-vacios-legales-en-violencia-vicaria\/politica\/2025\/\"},\"wordCount\":390,\"commentCount\":0,\"publisher\":{\"@id\":\"https:\/\/creston.com.mx\/#organization\"},\"image\":{\"@id\":\"https:\/\/creston.com.mx\/index.php\/11\/propone-ulises-mejia-haro-reforma-para-cerrar-vacios-legales-en-violencia-vicaria\/politica\/2025\/#primaryimage\"},\"thumbnailUrl\":\"https:\/\/creston.com.mx\/wp-content\/uploads\/2025\/11\/IMG-20251124-WA0038.jpg\",\"articleSection\":[\"Pol\u00edtica\"],\"inLanguage\":\"es\",\"potentialAction\":[{\"@type\":\"CommentAction\",\"name\":\"Comment\",\"target\":[\"https:\/\/creston.com.mx\/index.php\/11\/propone-ulises-mejia-haro-reforma-para-cerrar-vacios-legales-en-violencia-vicaria\/politica\/2025\/#respond\"]}]},{\"@type\":\"WebPage\",\"@id\":\"https:\/\/creston.com.mx\/index.php\/11\/propone-ulises-mejia-haro-reforma-para-cerrar-vacios-legales-en-violencia-vicaria\/politica\/2025\/\",\"url\":\"https:\/\/creston.com.mx\/index.php\/11\/propone-ulises-mejia-haro-reforma-para-cerrar-vacios-legales-en-violencia-vicaria\/politica\/2025\/\",\"name\":\"Propone Ulises Mej\u00eda Haro reforma para cerrar vac\u00edos legales en violencia vicaria - Peri\u00f3dico Digital de Zacatecas\",\"isPartOf\":{\"@id\":\"https:\/\/creston.com.mx\/#website\"},\"primaryImageOfPage\":{\"@id\":\"https:\/\/creston.com.mx\/index.php\/11\/propone-ulises-mejia-haro-reforma-para-cerrar-vacios-legales-en-violencia-vicaria\/politica\/2025\/#primaryimage\"},\"image\":{\"@id\":\"https:\/\/creston.com.mx\/index.php\/11\/propone-ulises-mejia-haro-reforma-para-cerrar-vacios-legales-en-violencia-vicaria\/politica\/2025\/#primaryimage\"},\"thumbnailUrl\":\"https:\/\/creston.com.mx\/wp-content\/uploads\/2025\/11\/IMG-20251124-WA0038.jpg\",\"datePublished\":\"2025-11-25T02:07:00+00:00\",\"dateModified\":\"2025-11-27T17:11:34+00:00\",\"breadcrumb\":{\"@id\":\"https:\/\/creston.com.mx\/index.php\/11\/propone-ulises-mejia-haro-reforma-para-cerrar-vacios-legales-en-violencia-vicaria\/politica\/2025\/#breadcrumb\"},\"inLanguage\":\"es\",\"potentialAction\":[{\"@type\":\"ReadAction\",\"target\":[\"https:\/\/creston.com.mx\/index.php\/11\/propone-ulises-mejia-haro-reforma-para-cerrar-vacios-legales-en-violencia-vicaria\/politica\/2025\/\"]}]},{\"@type\":\"ImageObject\",\"inLanguage\":\"es\",\"@id\":\"https:\/\/creston.com.mx\/index.php\/11\/propone-ulises-mejia-haro-reforma-para-cerrar-vacios-legales-en-violencia-vicaria\/politica\/2025\/#primaryimage\",\"url\":\"https:\/\/creston.com.mx\/wp-content\/uploads\/2025\/11\/IMG-20251124-WA0038.jpg\",\"contentUrl\":\"https:\/\/creston.com.mx\/wp-content\/uploads\/2025\/11\/IMG-20251124-WA0038.jpg\",\"width\":1280,\"height\":853},{\"@type\":\"BreadcrumbList\",\"@id\":\"https:\/\/creston.com.mx\/index.php\/11\/propone-ulises-mejia-haro-reforma-para-cerrar-vacios-legales-en-violencia-vicaria\/politica\/2025\/#breadcrumb\",\"itemListElement\":[{\"@type\":\"ListItem\",\"position\":1,\"name\":\"Portada\",\"item\":\"https:\/\/creston.com.mx\/\"},{\"@type\":\"ListItem\",\"position\":2,\"name\":\"Propone Ulises Mej\u00eda Haro reforma para cerrar vac\u00edos legales en violencia vicaria\"}]},{\"@type\":\"WebSite\",\"@id\":\"https:\/\/creston.com.mx\/#website\",\"url\":\"https:\/\/creston.com.mx\/\",\"name\":\"Peri\u00f3dico Digital de Zacatecas\",\"description\":\"\",\"publisher\":{\"@id\":\"https:\/\/creston.com.mx\/#organization\"},\"potentialAction\":[{\"@type\":\"SearchAction\",\"target\":{\"@type\":\"EntryPoint\",\"urlTemplate\":\"https:\/\/creston.com.mx\/?s={search_term_string}\"},\"query-input\":{\"@type\":\"PropertyValueSpecification\",\"valueRequired\":true,\"valueName\":\"search_term_string\"}}],\"inLanguage\":\"es\"},{\"@type\":\"Organization\",\"@id\":\"https:\/\/creston.com.mx\/#organization\",\"name\":\"Peri\u00f3dico Digital de Zacatecas\",\"url\":\"https:\/\/creston.com.mx\/\",\"logo\":{\"@type\":\"ImageObject\",\"inLanguage\":\"es\",\"@id\":\"https:\/\/creston.com.mx\/#\/schema\/logo\/image\/\",\"url\":\"https:\/\/creston.com.mx\/wp-content\/uploads\/2026\/02\/cropped-Logo-Creston2.jpg\",\"contentUrl\":\"https:\/\/creston.com.mx\/wp-content\/uploads\/2026\/02\/cropped-Logo-Creston2.jpg\",\"width\":503,\"height\":194,\"caption\":\"Peri\u00f3dico Digital  de Zacatecas\"},\"image\":{\"@id\":\"https:\/\/creston.com.mx\/#\/schema\/logo\/image\/\"}},{\"@type\":\"Person\",\"@id\":\"https:\/\/creston.com.mx\/#\/schema\/person\/01f2ce9e289bc5300c759925ef768c1d\",\"name\":\"Periodico Creston\",\"image\":{\"@type\":\"ImageObject\",\"inLanguage\":\"es\",\"@id\":\"https:\/\/creston.com.mx\/#\/schema\/person\/image\/\",\"url\":\"https:\/\/secure.gravatar.com\/avatar\/c91eac1cf0d45897b6d294d474aa7713a194d460be0aaf72157553d050cda1c1?s=96&d=mm&r=g\",\"contentUrl\":\"https:\/\/secure.gravatar.com\/avatar\/c91eac1cf0d45897b6d294d474aa7713a194d460be0aaf72157553d050cda1c1?s=96&d=mm&r=g\",\"caption\":\"Periodico Creston\"},\"sameAs\":[\"https:\/\/creston.com.mx\"],\"url\":\"https:\/\/creston.com.mx\/index.php\/author\/cstnalja96\/\"}]}<\/script>\n<!-- \/ Yoast SEO plugin. -->","yoast_head_json":{"title":"Propone Ulises Mej\u00eda Haro reforma para cerrar vac\u00edos legales en violencia vicaria - Peri\u00f3dico Digital de Zacatecas","robots":{"index":"index","follow":"follow","max-snippet":"max-snippet:-1","max-image-preview":"max-image-preview:large","max-video-preview":"max-video-preview:-1"},"canonical":"https:\/\/creston.com.mx\/index.php\/11\/propone-ulises-mejia-haro-reforma-para-cerrar-vacios-legales-en-violencia-vicaria\/politica\/2025\/","og_locale":"es_ES","og_type":"article","og_title":"Propone Ulises Mej\u00eda Haro reforma para cerrar vac\u00edos legales en violencia vicaria - Peri\u00f3dico Digital de Zacatecas","og_description":". El estado fue pionero en reconocer este delito, pero no se han emitido sentencias y las madres siguen enfrentando procesos lentos, inform\u00f3. . Acompa\u00f1ado por el colectivo Madres Protectoras&hellip;","og_url":"https:\/\/creston.com.mx\/index.php\/11\/propone-ulises-mejia-haro-reforma-para-cerrar-vacios-legales-en-violencia-vicaria\/politica\/2025\/","og_site_name":"Peri\u00f3dico Digital de Zacatecas","article_published_time":"2025-11-25T02:07:00+00:00","article_modified_time":"2025-11-27T17:11:34+00:00","og_image":[{"width":1280,"height":853,"url":"https:\/\/creston.com.mx\/wp-content\/uploads\/2025\/11\/IMG-20251124-WA0038.jpg","type":"image\/jpeg"}],"author":"Periodico Creston","twitter_card":"summary_large_image","twitter_misc":{"Escrito por":"Periodico Creston","Tiempo de lectura":"3 minutos"},"schema":{"@context":"https:\/\/schema.org","@graph":[{"@type":"Article","@id":"https:\/\/creston.com.mx\/index.php\/11\/propone-ulises-mejia-haro-reforma-para-cerrar-vacios-legales-en-violencia-vicaria\/politica\/2025\/#article","isPartOf":{"@id":"https:\/\/creston.com.mx\/index.php\/11\/propone-ulises-mejia-haro-reforma-para-cerrar-vacios-legales-en-violencia-vicaria\/politica\/2025\/"},"author":{"name":"Periodico Creston","@id":"https:\/\/creston.com.mx\/#\/schema\/person\/01f2ce9e289bc5300c759925ef768c1d"},"headline":"Propone Ulises Mej\u00eda Haro reforma para cerrar vac\u00edos legales en violencia vicaria","datePublished":"2025-11-25T02:07:00+00:00","dateModified":"2025-11-27T17:11:34+00:00","mainEntityOfPage":{"@id":"https:\/\/creston.com.mx\/index.php\/11\/propone-ulises-mejia-haro-reforma-para-cerrar-vacios-legales-en-violencia-vicaria\/politica\/2025\/"},"wordCount":390,"commentCount":0,"publisher":{"@id":"https:\/\/creston.com.mx\/#organization"},"image":{"@id":"https:\/\/creston.com.mx\/index.php\/11\/propone-ulises-mejia-haro-reforma-para-cerrar-vacios-legales-en-violencia-vicaria\/politica\/2025\/#primaryimage"},"thumbnailUrl":"https:\/\/creston.com.mx\/wp-content\/uploads\/2025\/11\/IMG-20251124-WA0038.jpg","articleSection":["Pol\u00edtica"],"inLanguage":"es","potentialAction":[{"@type":"CommentAction","name":"Comment","target":["https:\/\/creston.com.mx\/index.php\/11\/propone-ulises-mejia-haro-reforma-para-cerrar-vacios-legales-en-violencia-vicaria\/politica\/2025\/#respond"]}]},{"@type":"WebPage","@id":"https:\/\/creston.com.mx\/index.php\/11\/propone-ulises-mejia-haro-reforma-para-cerrar-vacios-legales-en-violencia-vicaria\/politica\/2025\/","url":"https:\/\/creston.com.mx\/index.php\/11\/propone-ulises-mejia-haro-reforma-para-cerrar-vacios-legales-en-violencia-vicaria\/politica\/2025\/","name":"Propone Ulises Mej\u00eda Haro reforma para cerrar vac\u00edos legales en violencia vicaria - Peri\u00f3dico Digital de Zacatecas","isPartOf":{"@id":"https:\/\/creston.com.mx\/#website"},"primaryImageOfPage":{"@id":"https:\/\/creston.com.mx\/index.php\/11\/propone-ulises-mejia-haro-reforma-para-cerrar-vacios-legales-en-violencia-vicaria\/politica\/2025\/#primaryimage"},"image":{"@id":"https:\/\/creston.com.mx\/index.php\/11\/propone-ulises-mejia-haro-reforma-para-cerrar-vacios-legales-en-violencia-vicaria\/politica\/2025\/#primaryimage"},"thumbnailUrl":"https:\/\/creston.com.mx\/wp-content\/uploads\/2025\/11\/IMG-20251124-WA0038.jpg","datePublished":"2025-11-25T02:07:00+00:00","dateModified":"2025-11-27T17:11:34+00:00","breadcrumb":{"@id":"https:\/\/creston.com.mx\/index.php\/11\/propone-ulises-mejia-haro-reforma-para-cerrar-vacios-legales-en-violencia-vicaria\/politica\/2025\/#breadcrumb"},"inLanguage":"es","potentialAction":[{"@type":"ReadAction","target":["https:\/\/creston.com.mx\/index.php\/11\/propone-ulises-mejia-haro-reforma-para-cerrar-vacios-legales-en-violencia-vicaria\/politica\/2025\/"]}]},{"@type":"ImageObject","inLanguage":"es","@id":"https:\/\/creston.com.mx\/index.php\/11\/propone-ulises-mejia-haro-reforma-para-cerrar-vacios-legales-en-violencia-vicaria\/politica\/2025\/#primaryimage","url":"https:\/\/creston.com.mx\/wp-content\/uploads\/2025\/11\/IMG-20251124-WA0038.jpg","contentUrl":"https:\/\/creston.com.mx\/wp-content\/uploads\/2025\/11\/IMG-20251124-WA0038.jpg","width":1280,"height":853},{"@type":"BreadcrumbList","@id":"https:\/\/creston.com.mx\/index.php\/11\/propone-ulises-mejia-haro-reforma-para-cerrar-vacios-legales-en-violencia-vicaria\/politica\/2025\/#breadcrumb","itemListElement":[{"@type":"ListItem","position":1,"name":"Portada","item":"https:\/\/creston.com.mx\/"},{"@type":"ListItem","position":2,"name":"Propone Ulises Mej\u00eda Haro reforma para cerrar vac\u00edos legales en violencia vicaria"}]},{"@type":"WebSite","@id":"https:\/\/creston.com.mx\/#website","url":"https:\/\/creston.com.mx\/","name":"Peri\u00f3dico Digital de Zacatecas","description":"","publisher":{"@id":"https:\/\/creston.com.mx\/#organization"},"potentialAction":[{"@type":"SearchAction","target":{"@type":"EntryPoint","urlTemplate":"https:\/\/creston.com.mx\/?s={search_term_string}"},"query-input":{"@type":"PropertyValueSpecification","valueRequired":true,"valueName":"search_term_string"}}],"inLanguage":"es"},{"@type":"Organization","@id":"https:\/\/creston.com.mx\/#organization","name":"Peri\u00f3dico Digital de Zacatecas","url":"https:\/\/creston.com.mx\/","logo":{"@type":"ImageObject","inLanguage":"es","@id":"https:\/\/creston.com.mx\/#\/schema\/logo\/image\/","url":"https:\/\/creston.com.mx\/wp-content\/uploads\/2026\/02\/cropped-Logo-Creston2.jpg","contentUrl":"https:\/\/creston.com.mx\/wp-content\/uploads\/2026\/02\/cropped-Logo-Creston2.jpg","width":503,"height":194,"caption":"Peri\u00f3dico Digital  de Zacatecas"},"image":{"@id":"https:\/\/creston.com.mx\/#\/schema\/logo\/image\/"}},{"@type":"Person","@id":"https:\/\/creston.com.mx\/#\/schema\/person\/01f2ce9e289bc5300c759925ef768c1d","name":"Periodico Creston","image":{"@type":"ImageObject","inLanguage":"es","@id":"https:\/\/creston.com.mx\/#\/schema\/person\/image\/","url":"https:\/\/secure.gravatar.com\/avatar\/c91eac1cf0d45897b6d294d474aa7713a194d460be0aaf72157553d050cda1c1?s=96&d=mm&r=g","contentUrl":"https:\/\/secure.gravatar.com\/avatar\/c91eac1cf0d45897b6d294d474aa7713a194d460be0aaf72157553d050cda1c1?s=96&d=mm&r=g","caption":"Periodico Creston"},"sameAs":["https:\/\/creston.com.mx"],"url":"https:\/\/creston.com.mx\/index.php\/author\/cstnalja96\/"}]}},"jetpack_sharing_enabled":true,"jetpack_featured_media_url":"https:\/\/creston.com.mx\/wp-content\/uploads\/2025\/11\/IMG-20251124-WA0038.jpg","_links":{"self":[{"href":"https:\/\/creston.com.mx\/index.php\/wp-json\/wp\/v2\/posts\/2101","targetHints":{"allow":["GET"]}}],"collection":[{"href":"https:\/\/creston.com.mx\/index.php\/wp-json\/wp\/v2\/posts"}],"about":[{"href":"https:\/\/creston.com.mx\/index.php\/wp-json\/wp\/v2\/types\/post"}],"author":[{"embeddable":true,"href":"https:\/\/creston.com.mx\/index.php\/wp-json\/wp\/v2\/users\/1"}],"replies":[{"embeddable":true,"href":"https:\/\/creston.com.mx\/index.php\/wp-json\/wp\/v2\/comments?post=2101"}],"version-history":[{"count":1,"href":"https:\/\/creston.com.mx\/index.php\/wp-json\/wp\/v2\/posts\/2101\/revisions"}],"predecessor-version":[{"id":2104,"href":"https:\/\/creston.com.mx\/index.php\/wp-json\/wp\/v2\/posts\/2101\/revisions\/2104"}],"wp:featuredmedia":[{"embeddable":true,"href":"https:\/\/creston.com.mx\/index.php\/wp-json\/wp\/v2\/media\/2103"}],"wp:attachment":[{"href":"https:\/\/creston.com.mx\/index.php\/wp-json\/wp\/v2\/media?parent=2101"}],"wp:term":[{"taxonomy":"category","embeddable":true,"href":"https:\/\/creston.com.mx\/index.php\/wp-json\/wp\/v2\/categories?post=2101"},{"taxonomy":"post_tag","embeddable":true,"href":"https:\/\/creston.com.mx\/index.php\/wp-json\/wp\/v2\/tags?post=2101"}],"curies":[{"name":"wp","href":"https:\/\/api.w.org\/{rel}","templated":true}]}}