{"id":2098,"date":"2025-11-24T20:03:00","date_gmt":"2025-11-25T02:03:00","guid":{"rendered":"https:\/\/creston.com.mx\/?p=2098"},"modified":"2025-11-27T11:07:08","modified_gmt":"2025-11-27T17:07:08","slug":"refrendan-lealtad-y-militancia-expresidentes-del-pri","status":"publish","type":"post","link":"https:\/\/creston.com.mx\/index.php\/11\/refrendan-lealtad-y-militancia-expresidentes-del-pri\/informacion-general\/2025\/","title":{"rendered":"Refrendan lealtad y militancia expresidentes del PRI"},"content":{"rendered":"\n<p>.<\/p>\n\n\n\n<p class=\"has-medium-font-size\"><em><strong>Se reafiliaron Roberto Lu\u00e9vano Ruiz, Gustavo Salinas I\u00f1iguez, Daniel D\u00e1vila Garc\u00eda, Enrique Flores Mendoza, Adolfo Y\u00e1\u00f1ez Rodr\u00edguez y Guillermo Ulloa Carre\u00f3n.<\/strong><\/em><\/p>\n\n\n\n<p>.<\/p>\n\n\n\n<p>En el marco de la Campa\u00f1a Permanente de Afiliaci\u00f3n, Reafiliaci\u00f3n y Refrendo de Militancia, seis expresidentes del Partido Revolucionario Institucional y el dirigente actual, Carlos Pe\u00f1a Badillo, se reafiliaron a su partido, como una muestra de lealtad y compromiso institucional.<\/p>\n\n\n\n<p>Destac\u00f3 en este evento la presencia de Roberto Lu\u00e9vano Ruiz, Gustavo Salinas I\u00f1iguez, Daniel D\u00e1vila Garc\u00eda, Enrique Flores Mendoza, Adolfo Y\u00e1\u00f1ez Rodr\u00edguez, Guillermo Ulloa Carre\u00f3n y el dirigente actual, Carlos Pe\u00f1a Badillo, quienes orgullosos mostraron a la c\u00e1mara su ficha de reafiliaci\u00f3n priista.<\/p>\n\n\n\n<p>Con esta muestra de unidad y lealtad de los expresidentes del PRI, se demuestra que con voluntad, empat\u00eda y compromiso pol\u00edtico s\u00ed est\u00e1n las condiciones para una alta competitividad en el 2027 y, con una buena campa\u00f1a, ganar la elecci\u00f3n para la gubernatura, los ayuntamientos y las diputaciones federales y locales.<\/p>\n\n\n\n<p>En esta jornada tambi\u00e9n reafirmaron su militancia la Presidenta del ONMPRI, Diputada Isadora Santiva\u00f1ez R\u00edos; la Diputada Dayanne Cruz Hern\u00e1ndez y los dirigentes de la Unidad Revolucionaria, Aar\u00f3n L\u00f3pez y de la Vanguardia Juvenil Agrarista, Christian Herrera.<\/p>\n\n\n\n<p>Igualmente participaron en esta Jornada de Afiliaci\u00f3n y Refrendo de Militancia un importante grupo de la Red J\u00f3venes x M\u00e9xico, cap\u00edtulo Zacatecas encabezados por su dirigente, Regidora Carmen Lira Sandoval y la Subsecretaria de Organizaci\u00f3n, Luvianka Partida.<\/p>\n\n\n\n<p>Encabezadas por su Presidenta, dirigentes municipales del ONMPRI tambi\u00e9n participaron en esta Jornada de Afiliaci\u00f3n y Refrendo de Militancia, as\u00ed como varios integrantes de la Vanguardia Juvenil Agrarista encabezados por su l\u00edder, Christian Herrera.&nbsp;<\/p>\n\n\n\n<p>Por otra parte, se inform\u00f3 que as\u00ed como esta Jornada de Afiliaci\u00f3n y Refrendo que se llev\u00f3 a cabo en el Sal\u00f3n Presidentes de la sede estatal priista, en una buena parte de los Comit\u00e9s Directivos Municipales de este partido, tambi\u00e9n se replic\u00f3 este proceso de reafiliaci\u00f3n, que busca cumplir con la meta del Comit\u00e9 Directivo Estatal de lograr el m\u00e1s alto padr\u00f3n partidista, para consolidar su posici\u00f3n como primer partido de oposici\u00f3n en el Estado.<\/p>\n\n\n\n<p>.<\/p>\n\n\n\n\n\n<p>.<\/p>\n\n\n<div class=\"wp-block-image\">\n<figure class=\"aligncenter size-large is-resized\"><img fetchpriority=\"high\" decoding=\"async\" width=\"870\" height=\"1024\" src=\"https:\/\/creston.com.mx\/wp-content\/uploads\/2025\/06\/Anuncio-salon-eventos-870x1024.jpg\" alt=\"\" class=\"wp-image-966\" style=\"width:526px;height:auto\" srcset=\"https:\/\/creston.com.mx\/wp-content\/uploads\/2025\/06\/Anuncio-salon-eventos-870x1024.jpg 870w, https:\/\/creston.com.mx\/wp-content\/uploads\/2025\/06\/Anuncio-salon-eventos-255x300.jpg 255w, https:\/\/creston.com.mx\/wp-content\/uploads\/2025\/06\/Anuncio-salon-eventos-768x904.jpg 768w, https:\/\/creston.com.mx\/wp-content\/uploads\/2025\/06\/Anuncio-salon-eventos.jpg 1275w\" sizes=\"(max-width: 870px) 100vw, 870px\" \/><\/figure>\n<\/div>","protected":false},"excerpt":{"rendered":"<p>. Se reafiliaron Roberto Lu\u00e9vano Ruiz, Gustavo Salinas I\u00f1iguez, Daniel D\u00e1vila Garc\u00eda, Enrique Flores Mendoza, Adolfo Y\u00e1\u00f1ez Rodr\u00edguez y Guillermo Ulloa Carre\u00f3n. . En el marco de la Campa\u00f1a Permanente&hellip; <\/p>\n","protected":false},"author":1,"featured_media":2099,"comment_status":"open","ping_status":"closed","sticky":false,"template":"","format":"standard","meta":{"_jetpack_memberships_contains_paid_content":false,"footnotes":""},"categories":[4],"tags":[],"class_list":["post-2098","post","type-post","status-publish","format-standard","has-post-thumbnail","hentry","category-informacion-general"],"yoast_head":"<!-- This site is optimized with the Yoast SEO plugin v24.2 - https:\/\/yoast.com\/wordpress\/plugins\/seo\/ -->\n<title>Refrendan lealtad y militancia expresidentes del PRI - Peri\u00f3dico Digital de Zacatecas<\/title>\n<meta name=\"robots\" content=\"index, follow, max-snippet:-1, max-image-preview:large, max-video-preview:-1\" \/>\n<link rel=\"canonical\" href=\"https:\/\/creston.com.mx\/index.php\/11\/refrendan-lealtad-y-militancia-expresidentes-del-pri\/informacion-general\/2025\/\" \/>\n<meta property=\"og:locale\" content=\"es_ES\" \/>\n<meta property=\"og:type\" content=\"article\" \/>\n<meta property=\"og:title\" content=\"Refrendan lealtad y militancia expresidentes del PRI - Peri\u00f3dico Digital de Zacatecas\" \/>\n<meta property=\"og:description\" content=\". Se reafiliaron Roberto Lu\u00e9vano Ruiz, Gustavo Salinas I\u00f1iguez, Daniel D\u00e1vila Garc\u00eda, Enrique Flores Mendoza, Adolfo Y\u00e1\u00f1ez Rodr\u00edguez y Guillermo Ulloa Carre\u00f3n. . En el marco de la Campa\u00f1a Permanente&hellip;\" \/>\n<meta property=\"og:url\" content=\"https:\/\/creston.com.mx\/index.php\/11\/refrendan-lealtad-y-militancia-expresidentes-del-pri\/informacion-general\/2025\/\" \/>\n<meta property=\"og:site_name\" content=\"Peri\u00f3dico Digital de Zacatecas\" \/>\n<meta property=\"article:published_time\" content=\"2025-11-25T02:03:00+00:00\" \/>\n<meta property=\"article:modified_time\" content=\"2025-11-27T17:07:08+00:00\" \/>\n<meta property=\"og:image\" content=\"https:\/\/creston.com.mx\/wp-content\/uploads\/2025\/11\/IMG-20251124-WA0010-scaled.jpg\" \/>\n\t<meta property=\"og:image:width\" content=\"2560\" \/>\n\t<meta property=\"og:image:height\" content=\"1920\" \/>\n\t<meta property=\"og:image:type\" content=\"image\/jpeg\" \/>\n<meta name=\"author\" content=\"Periodico Creston\" \/>\n<meta name=\"twitter:card\" content=\"summary_large_image\" \/>\n<meta name=\"twitter:label1\" content=\"Escrito por\" \/>\n\t<meta name=\"twitter:data1\" content=\"Periodico Creston\" \/>\n\t<meta name=\"twitter:label2\" content=\"Tiempo de lectura\" \/>\n\t<meta name=\"twitter:data2\" content=\"2 minutos\" \/>\n<script type=\"application\/ld+json\" class=\"yoast-schema-graph\">{\"@context\":\"https:\/\/schema.org\",\"@graph\":[{\"@type\":\"Article\",\"@id\":\"https:\/\/creston.com.mx\/index.php\/11\/refrendan-lealtad-y-militancia-expresidentes-del-pri\/informacion-general\/2025\/#article\",\"isPartOf\":{\"@id\":\"https:\/\/creston.com.mx\/index.php\/11\/refrendan-lealtad-y-militancia-expresidentes-del-pri\/informacion-general\/2025\/\"},\"author\":{\"name\":\"Periodico Creston\",\"@id\":\"https:\/\/creston.com.mx\/#\/schema\/person\/01f2ce9e289bc5300c759925ef768c1d\"},\"headline\":\"Refrendan lealtad y militancia expresidentes del PRI\",\"datePublished\":\"2025-11-25T02:03:00+00:00\",\"dateModified\":\"2025-11-27T17:07:08+00:00\",\"mainEntityOfPage\":{\"@id\":\"https:\/\/creston.com.mx\/index.php\/11\/refrendan-lealtad-y-militancia-expresidentes-del-pri\/informacion-general\/2025\/\"},\"wordCount\":395,\"commentCount\":0,\"publisher\":{\"@id\":\"https:\/\/creston.com.mx\/#organization\"},\"image\":{\"@id\":\"https:\/\/creston.com.mx\/index.php\/11\/refrendan-lealtad-y-militancia-expresidentes-del-pri\/informacion-general\/2025\/#primaryimage\"},\"thumbnailUrl\":\"https:\/\/creston.com.mx\/wp-content\/uploads\/2025\/11\/IMG-20251124-WA0010-scaled.jpg\",\"articleSection\":[\"Informaci\u00f3n General\"],\"inLanguage\":\"es\",\"potentialAction\":[{\"@type\":\"CommentAction\",\"name\":\"Comment\",\"target\":[\"https:\/\/creston.com.mx\/index.php\/11\/refrendan-lealtad-y-militancia-expresidentes-del-pri\/informacion-general\/2025\/#respond\"]}]},{\"@type\":\"WebPage\",\"@id\":\"https:\/\/creston.com.mx\/index.php\/11\/refrendan-lealtad-y-militancia-expresidentes-del-pri\/informacion-general\/2025\/\",\"url\":\"https:\/\/creston.com.mx\/index.php\/11\/refrendan-lealtad-y-militancia-expresidentes-del-pri\/informacion-general\/2025\/\",\"name\":\"Refrendan lealtad y militancia expresidentes del PRI - Peri\u00f3dico Digital de Zacatecas\",\"isPartOf\":{\"@id\":\"https:\/\/creston.com.mx\/#website\"},\"primaryImageOfPage\":{\"@id\":\"https:\/\/creston.com.mx\/index.php\/11\/refrendan-lealtad-y-militancia-expresidentes-del-pri\/informacion-general\/2025\/#primaryimage\"},\"image\":{\"@id\":\"https:\/\/creston.com.mx\/index.php\/11\/refrendan-lealtad-y-militancia-expresidentes-del-pri\/informacion-general\/2025\/#primaryimage\"},\"thumbnailUrl\":\"https:\/\/creston.com.mx\/wp-content\/uploads\/2025\/11\/IMG-20251124-WA0010-scaled.jpg\",\"datePublished\":\"2025-11-25T02:03:00+00:00\",\"dateModified\":\"2025-11-27T17:07:08+00:00\",\"breadcrumb\":{\"@id\":\"https:\/\/creston.com.mx\/index.php\/11\/refrendan-lealtad-y-militancia-expresidentes-del-pri\/informacion-general\/2025\/#breadcrumb\"},\"inLanguage\":\"es\",\"potentialAction\":[{\"@type\":\"ReadAction\",\"target\":[\"https:\/\/creston.com.mx\/index.php\/11\/refrendan-lealtad-y-militancia-expresidentes-del-pri\/informacion-general\/2025\/\"]}]},{\"@type\":\"ImageObject\",\"inLanguage\":\"es\",\"@id\":\"https:\/\/creston.com.mx\/index.php\/11\/refrendan-lealtad-y-militancia-expresidentes-del-pri\/informacion-general\/2025\/#primaryimage\",\"url\":\"https:\/\/creston.com.mx\/wp-content\/uploads\/2025\/11\/IMG-20251124-WA0010-scaled.jpg\",\"contentUrl\":\"https:\/\/creston.com.mx\/wp-content\/uploads\/2025\/11\/IMG-20251124-WA0010-scaled.jpg\",\"width\":2560,\"height\":1920},{\"@type\":\"BreadcrumbList\",\"@id\":\"https:\/\/creston.com.mx\/index.php\/11\/refrendan-lealtad-y-militancia-expresidentes-del-pri\/informacion-general\/2025\/#breadcrumb\",\"itemListElement\":[{\"@type\":\"ListItem\",\"position\":1,\"name\":\"Portada\",\"item\":\"https:\/\/creston.com.mx\/\"},{\"@type\":\"ListItem\",\"position\":2,\"name\":\"Refrendan lealtad y militancia expresidentes del PRI\"}]},{\"@type\":\"WebSite\",\"@id\":\"https:\/\/creston.com.mx\/#website\",\"url\":\"https:\/\/creston.com.mx\/\",\"name\":\"Peri\u00f3dico Digital de Zacatecas\",\"description\":\"\",\"publisher\":{\"@id\":\"https:\/\/creston.com.mx\/#organization\"},\"potentialAction\":[{\"@type\":\"SearchAction\",\"target\":{\"@type\":\"EntryPoint\",\"urlTemplate\":\"https:\/\/creston.com.mx\/?s={search_term_string}\"},\"query-input\":{\"@type\":\"PropertyValueSpecification\",\"valueRequired\":true,\"valueName\":\"search_term_string\"}}],\"inLanguage\":\"es\"},{\"@type\":\"Organization\",\"@id\":\"https:\/\/creston.com.mx\/#organization\",\"name\":\"Peri\u00f3dico Digital de Zacatecas\",\"url\":\"https:\/\/creston.com.mx\/\",\"logo\":{\"@type\":\"ImageObject\",\"inLanguage\":\"es\",\"@id\":\"https:\/\/creston.com.mx\/#\/schema\/logo\/image\/\",\"url\":\"https:\/\/creston.com.mx\/wp-content\/uploads\/2026\/02\/cropped-Logo-Creston2.jpg\",\"contentUrl\":\"https:\/\/creston.com.mx\/wp-content\/uploads\/2026\/02\/cropped-Logo-Creston2.jpg\",\"width\":503,\"height\":194,\"caption\":\"Peri\u00f3dico Digital  de Zacatecas\"},\"image\":{\"@id\":\"https:\/\/creston.com.mx\/#\/schema\/logo\/image\/\"}},{\"@type\":\"Person\",\"@id\":\"https:\/\/creston.com.mx\/#\/schema\/person\/01f2ce9e289bc5300c759925ef768c1d\",\"name\":\"Periodico Creston\",\"image\":{\"@type\":\"ImageObject\",\"inLanguage\":\"es\",\"@id\":\"https:\/\/creston.com.mx\/#\/schema\/person\/image\/\",\"url\":\"https:\/\/secure.gravatar.com\/avatar\/c91eac1cf0d45897b6d294d474aa7713a194d460be0aaf72157553d050cda1c1?s=96&d=mm&r=g\",\"contentUrl\":\"https:\/\/secure.gravatar.com\/avatar\/c91eac1cf0d45897b6d294d474aa7713a194d460be0aaf72157553d050cda1c1?s=96&d=mm&r=g\",\"caption\":\"Periodico Creston\"},\"sameAs\":[\"https:\/\/creston.com.mx\"],\"url\":\"https:\/\/creston.com.mx\/index.php\/author\/cstnalja96\/\"}]}<\/script>\n<!-- \/ Yoast SEO plugin. -->","yoast_head_json":{"title":"Refrendan lealtad y militancia expresidentes del PRI - Peri\u00f3dico Digital de Zacatecas","robots":{"index":"index","follow":"follow","max-snippet":"max-snippet:-1","max-image-preview":"max-image-preview:large","max-video-preview":"max-video-preview:-1"},"canonical":"https:\/\/creston.com.mx\/index.php\/11\/refrendan-lealtad-y-militancia-expresidentes-del-pri\/informacion-general\/2025\/","og_locale":"es_ES","og_type":"article","og_title":"Refrendan lealtad y militancia expresidentes del PRI - Peri\u00f3dico Digital de Zacatecas","og_description":". Se reafiliaron Roberto Lu\u00e9vano Ruiz, Gustavo Salinas I\u00f1iguez, Daniel D\u00e1vila Garc\u00eda, Enrique Flores Mendoza, Adolfo Y\u00e1\u00f1ez Rodr\u00edguez y Guillermo Ulloa Carre\u00f3n. . En el marco de la Campa\u00f1a Permanente&hellip;","og_url":"https:\/\/creston.com.mx\/index.php\/11\/refrendan-lealtad-y-militancia-expresidentes-del-pri\/informacion-general\/2025\/","og_site_name":"Peri\u00f3dico Digital de Zacatecas","article_published_time":"2025-11-25T02:03:00+00:00","article_modified_time":"2025-11-27T17:07:08+00:00","og_image":[{"width":2560,"height":1920,"url":"https:\/\/creston.com.mx\/wp-content\/uploads\/2025\/11\/IMG-20251124-WA0010-scaled.jpg","type":"image\/jpeg"}],"author":"Periodico Creston","twitter_card":"summary_large_image","twitter_misc":{"Escrito por":"Periodico Creston","Tiempo de lectura":"2 minutos"},"schema":{"@context":"https:\/\/schema.org","@graph":[{"@type":"Article","@id":"https:\/\/creston.com.mx\/index.php\/11\/refrendan-lealtad-y-militancia-expresidentes-del-pri\/informacion-general\/2025\/#article","isPartOf":{"@id":"https:\/\/creston.com.mx\/index.php\/11\/refrendan-lealtad-y-militancia-expresidentes-del-pri\/informacion-general\/2025\/"},"author":{"name":"Periodico Creston","@id":"https:\/\/creston.com.mx\/#\/schema\/person\/01f2ce9e289bc5300c759925ef768c1d"},"headline":"Refrendan lealtad y militancia expresidentes del PRI","datePublished":"2025-11-25T02:03:00+00:00","dateModified":"2025-11-27T17:07:08+00:00","mainEntityOfPage":{"@id":"https:\/\/creston.com.mx\/index.php\/11\/refrendan-lealtad-y-militancia-expresidentes-del-pri\/informacion-general\/2025\/"},"wordCount":395,"commentCount":0,"publisher":{"@id":"https:\/\/creston.com.mx\/#organization"},"image":{"@id":"https:\/\/creston.com.mx\/index.php\/11\/refrendan-lealtad-y-militancia-expresidentes-del-pri\/informacion-general\/2025\/#primaryimage"},"thumbnailUrl":"https:\/\/creston.com.mx\/wp-content\/uploads\/2025\/11\/IMG-20251124-WA0010-scaled.jpg","articleSection":["Informaci\u00f3n General"],"inLanguage":"es","potentialAction":[{"@type":"CommentAction","name":"Comment","target":["https:\/\/creston.com.mx\/index.php\/11\/refrendan-lealtad-y-militancia-expresidentes-del-pri\/informacion-general\/2025\/#respond"]}]},{"@type":"WebPage","@id":"https:\/\/creston.com.mx\/index.php\/11\/refrendan-lealtad-y-militancia-expresidentes-del-pri\/informacion-general\/2025\/","url":"https:\/\/creston.com.mx\/index.php\/11\/refrendan-lealtad-y-militancia-expresidentes-del-pri\/informacion-general\/2025\/","name":"Refrendan lealtad y militancia expresidentes del PRI - Peri\u00f3dico Digital de Zacatecas","isPartOf":{"@id":"https:\/\/creston.com.mx\/#website"},"primaryImageOfPage":{"@id":"https:\/\/creston.com.mx\/index.php\/11\/refrendan-lealtad-y-militancia-expresidentes-del-pri\/informacion-general\/2025\/#primaryimage"},"image":{"@id":"https:\/\/creston.com.mx\/index.php\/11\/refrendan-lealtad-y-militancia-expresidentes-del-pri\/informacion-general\/2025\/#primaryimage"},"thumbnailUrl":"https:\/\/creston.com.mx\/wp-content\/uploads\/2025\/11\/IMG-20251124-WA0010-scaled.jpg","datePublished":"2025-11-25T02:03:00+00:00","dateModified":"2025-11-27T17:07:08+00:00","breadcrumb":{"@id":"https:\/\/creston.com.mx\/index.php\/11\/refrendan-lealtad-y-militancia-expresidentes-del-pri\/informacion-general\/2025\/#breadcrumb"},"inLanguage":"es","potentialAction":[{"@type":"ReadAction","target":["https:\/\/creston.com.mx\/index.php\/11\/refrendan-lealtad-y-militancia-expresidentes-del-pri\/informacion-general\/2025\/"]}]},{"@type":"ImageObject","inLanguage":"es","@id":"https:\/\/creston.com.mx\/index.php\/11\/refrendan-lealtad-y-militancia-expresidentes-del-pri\/informacion-general\/2025\/#primaryimage","url":"https:\/\/creston.com.mx\/wp-content\/uploads\/2025\/11\/IMG-20251124-WA0010-scaled.jpg","contentUrl":"https:\/\/creston.com.mx\/wp-content\/uploads\/2025\/11\/IMG-20251124-WA0010-scaled.jpg","width":2560,"height":1920},{"@type":"BreadcrumbList","@id":"https:\/\/creston.com.mx\/index.php\/11\/refrendan-lealtad-y-militancia-expresidentes-del-pri\/informacion-general\/2025\/#breadcrumb","itemListElement":[{"@type":"ListItem","position":1,"name":"Portada","item":"https:\/\/creston.com.mx\/"},{"@type":"ListItem","position":2,"name":"Refrendan lealtad y militancia expresidentes del PRI"}]},{"@type":"WebSite","@id":"https:\/\/creston.com.mx\/#website","url":"https:\/\/creston.com.mx\/","name":"Peri\u00f3dico Digital de Zacatecas","description":"","publisher":{"@id":"https:\/\/creston.com.mx\/#organization"},"potentialAction":[{"@type":"SearchAction","target":{"@type":"EntryPoint","urlTemplate":"https:\/\/creston.com.mx\/?s={search_term_string}"},"query-input":{"@type":"PropertyValueSpecification","valueRequired":true,"valueName":"search_term_string"}}],"inLanguage":"es"},{"@type":"Organization","@id":"https:\/\/creston.com.mx\/#organization","name":"Peri\u00f3dico Digital de Zacatecas","url":"https:\/\/creston.com.mx\/","logo":{"@type":"ImageObject","inLanguage":"es","@id":"https:\/\/creston.com.mx\/#\/schema\/logo\/image\/","url":"https:\/\/creston.com.mx\/wp-content\/uploads\/2026\/02\/cropped-Logo-Creston2.jpg","contentUrl":"https:\/\/creston.com.mx\/wp-content\/uploads\/2026\/02\/cropped-Logo-Creston2.jpg","width":503,"height":194,"caption":"Peri\u00f3dico Digital  de Zacatecas"},"image":{"@id":"https:\/\/creston.com.mx\/#\/schema\/logo\/image\/"}},{"@type":"Person","@id":"https:\/\/creston.com.mx\/#\/schema\/person\/01f2ce9e289bc5300c759925ef768c1d","name":"Periodico Creston","image":{"@type":"ImageObject","inLanguage":"es","@id":"https:\/\/creston.com.mx\/#\/schema\/person\/image\/","url":"https:\/\/secure.gravatar.com\/avatar\/c91eac1cf0d45897b6d294d474aa7713a194d460be0aaf72157553d050cda1c1?s=96&d=mm&r=g","contentUrl":"https:\/\/secure.gravatar.com\/avatar\/c91eac1cf0d45897b6d294d474aa7713a194d460be0aaf72157553d050cda1c1?s=96&d=mm&r=g","caption":"Periodico Creston"},"sameAs":["https:\/\/creston.com.mx"],"url":"https:\/\/creston.com.mx\/index.php\/author\/cstnalja96\/"}]}},"jetpack_sharing_enabled":true,"jetpack_featured_media_url":"https:\/\/creston.com.mx\/wp-content\/uploads\/2025\/11\/IMG-20251124-WA0010-scaled.jpg","_links":{"self":[{"href":"https:\/\/creston.com.mx\/index.php\/wp-json\/wp\/v2\/posts\/2098","targetHints":{"allow":["GET"]}}],"collection":[{"href":"https:\/\/creston.com.mx\/index.php\/wp-json\/wp\/v2\/posts"}],"about":[{"href":"https:\/\/creston.com.mx\/index.php\/wp-json\/wp\/v2\/types\/post"}],"author":[{"embeddable":true,"href":"https:\/\/creston.com.mx\/index.php\/wp-json\/wp\/v2\/users\/1"}],"replies":[{"embeddable":true,"href":"https:\/\/creston.com.mx\/index.php\/wp-json\/wp\/v2\/comments?post=2098"}],"version-history":[{"count":1,"href":"https:\/\/creston.com.mx\/index.php\/wp-json\/wp\/v2\/posts\/2098\/revisions"}],"predecessor-version":[{"id":2100,"href":"https:\/\/creston.com.mx\/index.php\/wp-json\/wp\/v2\/posts\/2098\/revisions\/2100"}],"wp:featuredmedia":[{"embeddable":true,"href":"https:\/\/creston.com.mx\/index.php\/wp-json\/wp\/v2\/media\/2099"}],"wp:attachment":[{"href":"https:\/\/creston.com.mx\/index.php\/wp-json\/wp\/v2\/media?parent=2098"}],"wp:term":[{"taxonomy":"category","embeddable":true,"href":"https:\/\/creston.com.mx\/index.php\/wp-json\/wp\/v2\/categories?post=2098"},{"taxonomy":"post_tag","embeddable":true,"href":"https:\/\/creston.com.mx\/index.php\/wp-json\/wp\/v2\/tags?post=2098"}],"curies":[{"name":"wp","href":"https:\/\/api.w.org\/{rel}","templated":true}]}}