{"id":208,"date":"2025-01-22T03:48:47","date_gmt":"2025-01-22T03:48:47","guid":{"rendered":"https:\/\/creston.com.mx\/?p=208"},"modified":"2025-01-22T03:48:48","modified_gmt":"2025-01-22T03:48:48","slug":"ulises-mejia-haro-reafirma-compromiso-desde-el-norte-del-estado","status":"publish","type":"post","link":"https:\/\/creston.com.mx\/index.php\/01\/ulises-mejia-haro-reafirma-compromiso-desde-el-norte-del-estado\/politica\/2025\/","title":{"rendered":"Ulises Mej\u00eda Haro reafirma compromiso\u00a0 desde el norte del estado"},"content":{"rendered":"\n<p class=\"has-medium-font-size\">Sostuvo reuniones con vecinos de los municipios de Miguel Auza y Juan Aldama.<\/p>\n\n\n\n<p>.<\/p>\n\n\n\n<p>El diputado federal Ulises Mej\u00eda Haro reafirm\u00f3 su compromiso de continuar trabajando intensamente para consolidar la esperanza de Zacatecas. Durante su recorrido, sostuvo reuniones con vecinos de los municipios de Miguel Auza y Juan Aldama, escuchando de cerca sus inquietudes y planteamientos para trabajar juntos en beneficio de sus comunidades.<\/p>\n\n\n\n<p>El legislador expres\u00f3 su agradecimiento por las muestras de apoyo y cari\u00f1o recibidas durante estas reuniones, destacando la importancia de mantener informada a la poblaci\u00f3n sobre el trabajo legislativo en el Congreso de la Uni\u00f3n. Tambi\u00e9n subray\u00f3 las acciones y programas que se est\u00e1n implementando en coordinaci\u00f3n con la presidenta de M\u00e9xico, la doctora Claudia Sheinbaum Pardo, orientados al desarrollo de Zacatecas y al bienestar de las familias mexicanas.<\/p>\n\n\n\n<p>Ulises Mej\u00eda Haro reiter\u00f3 que su compromiso es trabajar hombro a hombro con las y los zacatecanos para transformar la realidad de las comunidades del norte del estado. \u201cEl trabajo todo lo vence\u201d, enfatiz\u00f3, invitando a seguir trabajando en equipo por el bien del estado\u201d.<\/p>\n","protected":false},"excerpt":{"rendered":"<p>Sostuvo reuniones con vecinos de los municipios de Miguel Auza y Juan Aldama. . El diputado federal Ulises Mej\u00eda Haro reafirm\u00f3 su compromiso de continuar trabajando intensamente para consolidar la&hellip; <\/p>\n","protected":false},"author":1,"featured_media":209,"comment_status":"open","ping_status":"closed","sticky":false,"template":"","format":"standard","meta":{"_jetpack_memberships_contains_paid_content":false,"footnotes":""},"categories":[2],"tags":[],"class_list":["post-208","post","type-post","status-publish","format-standard","has-post-thumbnail","hentry","category-politica"],"yoast_head":"<!-- This site is optimized with the Yoast SEO plugin v24.2 - https:\/\/yoast.com\/wordpress\/plugins\/seo\/ -->\n<title>Ulises Mej\u00eda Haro reafirma compromiso\u00a0 desde el norte del estado - Peri\u00f3dico Digital de Zacatecas<\/title>\n<meta name=\"robots\" content=\"index, follow, max-snippet:-1, max-image-preview:large, max-video-preview:-1\" \/>\n<link rel=\"canonical\" href=\"https:\/\/creston.com.mx\/index.php\/01\/ulises-mejia-haro-reafirma-compromiso-desde-el-norte-del-estado\/politica\/2025\/\" \/>\n<meta property=\"og:locale\" content=\"es_ES\" \/>\n<meta property=\"og:type\" content=\"article\" \/>\n<meta property=\"og:title\" content=\"Ulises Mej\u00eda Haro reafirma compromiso\u00a0 desde el norte del estado - Peri\u00f3dico Digital de Zacatecas\" \/>\n<meta property=\"og:description\" content=\"Sostuvo reuniones con vecinos de los municipios de Miguel Auza y Juan Aldama. . El diputado federal Ulises Mej\u00eda Haro reafirm\u00f3 su compromiso de continuar trabajando intensamente para consolidar la&hellip;\" \/>\n<meta property=\"og:url\" content=\"https:\/\/creston.com.mx\/index.php\/01\/ulises-mejia-haro-reafirma-compromiso-desde-el-norte-del-estado\/politica\/2025\/\" \/>\n<meta property=\"og:site_name\" content=\"Peri\u00f3dico Digital de Zacatecas\" \/>\n<meta property=\"article:published_time\" content=\"2025-01-22T03:48:47+00:00\" \/>\n<meta property=\"article:modified_time\" content=\"2025-01-22T03:48:48+00:00\" \/>\n<meta property=\"og:image\" content=\"https:\/\/creston.com.mx\/wp-content\/uploads\/2025\/01\/IMG-20250119-WA0022.jpg\" \/>\n\t<meta property=\"og:image:width\" content=\"1600\" \/>\n\t<meta property=\"og:image:height\" content=\"1067\" \/>\n\t<meta property=\"og:image:type\" content=\"image\/jpeg\" \/>\n<meta name=\"author\" content=\"Periodico Creston\" \/>\n<meta name=\"twitter:card\" content=\"summary_large_image\" \/>\n<meta name=\"twitter:label1\" content=\"Escrito por\" \/>\n\t<meta name=\"twitter:data1\" content=\"Periodico Creston\" \/>\n\t<meta name=\"twitter:label2\" content=\"Tiempo de lectura\" \/>\n\t<meta name=\"twitter:data2\" content=\"2 minutos\" \/>\n<script type=\"application\/ld+json\" class=\"yoast-schema-graph\">{\"@context\":\"https:\/\/schema.org\",\"@graph\":[{\"@type\":\"Article\",\"@id\":\"https:\/\/creston.com.mx\/index.php\/01\/ulises-mejia-haro-reafirma-compromiso-desde-el-norte-del-estado\/politica\/2025\/#article\",\"isPartOf\":{\"@id\":\"https:\/\/creston.com.mx\/index.php\/01\/ulises-mejia-haro-reafirma-compromiso-desde-el-norte-del-estado\/politica\/2025\/\"},\"author\":{\"name\":\"Periodico Creston\",\"@id\":\"https:\/\/creston.com.mx\/#\/schema\/person\/01f2ce9e289bc5300c759925ef768c1d\"},\"headline\":\"Ulises Mej\u00eda Haro reafirma compromiso\u00a0 desde el norte del estado\",\"datePublished\":\"2025-01-22T03:48:47+00:00\",\"dateModified\":\"2025-01-22T03:48:48+00:00\",\"mainEntityOfPage\":{\"@id\":\"https:\/\/creston.com.mx\/index.php\/01\/ulises-mejia-haro-reafirma-compromiso-desde-el-norte-del-estado\/politica\/2025\/\"},\"wordCount\":197,\"commentCount\":0,\"publisher\":{\"@id\":\"https:\/\/creston.com.mx\/#organization\"},\"image\":{\"@id\":\"https:\/\/creston.com.mx\/index.php\/01\/ulises-mejia-haro-reafirma-compromiso-desde-el-norte-del-estado\/politica\/2025\/#primaryimage\"},\"thumbnailUrl\":\"https:\/\/creston.com.mx\/wp-content\/uploads\/2025\/01\/IMG-20250119-WA0022.jpg\",\"articleSection\":[\"Pol\u00edtica\"],\"inLanguage\":\"es\",\"potentialAction\":[{\"@type\":\"CommentAction\",\"name\":\"Comment\",\"target\":[\"https:\/\/creston.com.mx\/index.php\/01\/ulises-mejia-haro-reafirma-compromiso-desde-el-norte-del-estado\/politica\/2025\/#respond\"]}]},{\"@type\":\"WebPage\",\"@id\":\"https:\/\/creston.com.mx\/index.php\/01\/ulises-mejia-haro-reafirma-compromiso-desde-el-norte-del-estado\/politica\/2025\/\",\"url\":\"https:\/\/creston.com.mx\/index.php\/01\/ulises-mejia-haro-reafirma-compromiso-desde-el-norte-del-estado\/politica\/2025\/\",\"name\":\"Ulises Mej\u00eda Haro reafirma compromiso\u00a0 desde el norte del estado - Peri\u00f3dico Digital de Zacatecas\",\"isPartOf\":{\"@id\":\"https:\/\/creston.com.mx\/#website\"},\"primaryImageOfPage\":{\"@id\":\"https:\/\/creston.com.mx\/index.php\/01\/ulises-mejia-haro-reafirma-compromiso-desde-el-norte-del-estado\/politica\/2025\/#primaryimage\"},\"image\":{\"@id\":\"https:\/\/creston.com.mx\/index.php\/01\/ulises-mejia-haro-reafirma-compromiso-desde-el-norte-del-estado\/politica\/2025\/#primaryimage\"},\"thumbnailUrl\":\"https:\/\/creston.com.mx\/wp-content\/uploads\/2025\/01\/IMG-20250119-WA0022.jpg\",\"datePublished\":\"2025-01-22T03:48:47+00:00\",\"dateModified\":\"2025-01-22T03:48:48+00:00\",\"breadcrumb\":{\"@id\":\"https:\/\/creston.com.mx\/index.php\/01\/ulises-mejia-haro-reafirma-compromiso-desde-el-norte-del-estado\/politica\/2025\/#breadcrumb\"},\"inLanguage\":\"es\",\"potentialAction\":[{\"@type\":\"ReadAction\",\"target\":[\"https:\/\/creston.com.mx\/index.php\/01\/ulises-mejia-haro-reafirma-compromiso-desde-el-norte-del-estado\/politica\/2025\/\"]}]},{\"@type\":\"ImageObject\",\"inLanguage\":\"es\",\"@id\":\"https:\/\/creston.com.mx\/index.php\/01\/ulises-mejia-haro-reafirma-compromiso-desde-el-norte-del-estado\/politica\/2025\/#primaryimage\",\"url\":\"https:\/\/creston.com.mx\/wp-content\/uploads\/2025\/01\/IMG-20250119-WA0022.jpg\",\"contentUrl\":\"https:\/\/creston.com.mx\/wp-content\/uploads\/2025\/01\/IMG-20250119-WA0022.jpg\",\"width\":1600,\"height\":1067},{\"@type\":\"BreadcrumbList\",\"@id\":\"https:\/\/creston.com.mx\/index.php\/01\/ulises-mejia-haro-reafirma-compromiso-desde-el-norte-del-estado\/politica\/2025\/#breadcrumb\",\"itemListElement\":[{\"@type\":\"ListItem\",\"position\":1,\"name\":\"Portada\",\"item\":\"https:\/\/creston.com.mx\/\"},{\"@type\":\"ListItem\",\"position\":2,\"name\":\"Ulises Mej\u00eda Haro reafirma compromiso\u00a0 desde el norte del estado\"}]},{\"@type\":\"WebSite\",\"@id\":\"https:\/\/creston.com.mx\/#website\",\"url\":\"https:\/\/creston.com.mx\/\",\"name\":\"Peri\u00f3dico Digital de Zacatecas\",\"description\":\"\",\"publisher\":{\"@id\":\"https:\/\/creston.com.mx\/#organization\"},\"potentialAction\":[{\"@type\":\"SearchAction\",\"target\":{\"@type\":\"EntryPoint\",\"urlTemplate\":\"https:\/\/creston.com.mx\/?s={search_term_string}\"},\"query-input\":{\"@type\":\"PropertyValueSpecification\",\"valueRequired\":true,\"valueName\":\"search_term_string\"}}],\"inLanguage\":\"es\"},{\"@type\":\"Organization\",\"@id\":\"https:\/\/creston.com.mx\/#organization\",\"name\":\"Peri\u00f3dico Digital de Zacatecas\",\"url\":\"https:\/\/creston.com.mx\/\",\"logo\":{\"@type\":\"ImageObject\",\"inLanguage\":\"es\",\"@id\":\"https:\/\/creston.com.mx\/#\/schema\/logo\/image\/\",\"url\":\"https:\/\/creston.com.mx\/wp-content\/uploads\/2026\/02\/cropped-Logo-Creston2.jpg\",\"contentUrl\":\"https:\/\/creston.com.mx\/wp-content\/uploads\/2026\/02\/cropped-Logo-Creston2.jpg\",\"width\":503,\"height\":194,\"caption\":\"Peri\u00f3dico Digital  de Zacatecas\"},\"image\":{\"@id\":\"https:\/\/creston.com.mx\/#\/schema\/logo\/image\/\"}},{\"@type\":\"Person\",\"@id\":\"https:\/\/creston.com.mx\/#\/schema\/person\/01f2ce9e289bc5300c759925ef768c1d\",\"name\":\"Periodico Creston\",\"image\":{\"@type\":\"ImageObject\",\"inLanguage\":\"es\",\"@id\":\"https:\/\/creston.com.mx\/#\/schema\/person\/image\/\",\"url\":\"https:\/\/secure.gravatar.com\/avatar\/c91eac1cf0d45897b6d294d474aa7713a194d460be0aaf72157553d050cda1c1?s=96&d=mm&r=g\",\"contentUrl\":\"https:\/\/secure.gravatar.com\/avatar\/c91eac1cf0d45897b6d294d474aa7713a194d460be0aaf72157553d050cda1c1?s=96&d=mm&r=g\",\"caption\":\"Periodico Creston\"},\"sameAs\":[\"https:\/\/creston.com.mx\"],\"url\":\"https:\/\/creston.com.mx\/index.php\/author\/cstnalja96\/\"}]}<\/script>\n<!-- \/ Yoast SEO plugin. -->","yoast_head_json":{"title":"Ulises Mej\u00eda Haro reafirma compromiso\u00a0 desde el norte del estado - Peri\u00f3dico Digital de Zacatecas","robots":{"index":"index","follow":"follow","max-snippet":"max-snippet:-1","max-image-preview":"max-image-preview:large","max-video-preview":"max-video-preview:-1"},"canonical":"https:\/\/creston.com.mx\/index.php\/01\/ulises-mejia-haro-reafirma-compromiso-desde-el-norte-del-estado\/politica\/2025\/","og_locale":"es_ES","og_type":"article","og_title":"Ulises Mej\u00eda Haro reafirma compromiso\u00a0 desde el norte del estado - Peri\u00f3dico Digital de Zacatecas","og_description":"Sostuvo reuniones con vecinos de los municipios de Miguel Auza y Juan Aldama. . El diputado federal Ulises Mej\u00eda Haro reafirm\u00f3 su compromiso de continuar trabajando intensamente para consolidar la&hellip;","og_url":"https:\/\/creston.com.mx\/index.php\/01\/ulises-mejia-haro-reafirma-compromiso-desde-el-norte-del-estado\/politica\/2025\/","og_site_name":"Peri\u00f3dico Digital de Zacatecas","article_published_time":"2025-01-22T03:48:47+00:00","article_modified_time":"2025-01-22T03:48:48+00:00","og_image":[{"width":1600,"height":1067,"url":"https:\/\/creston.com.mx\/wp-content\/uploads\/2025\/01\/IMG-20250119-WA0022.jpg","type":"image\/jpeg"}],"author":"Periodico Creston","twitter_card":"summary_large_image","twitter_misc":{"Escrito por":"Periodico Creston","Tiempo de lectura":"2 minutos"},"schema":{"@context":"https:\/\/schema.org","@graph":[{"@type":"Article","@id":"https:\/\/creston.com.mx\/index.php\/01\/ulises-mejia-haro-reafirma-compromiso-desde-el-norte-del-estado\/politica\/2025\/#article","isPartOf":{"@id":"https:\/\/creston.com.mx\/index.php\/01\/ulises-mejia-haro-reafirma-compromiso-desde-el-norte-del-estado\/politica\/2025\/"},"author":{"name":"Periodico Creston","@id":"https:\/\/creston.com.mx\/#\/schema\/person\/01f2ce9e289bc5300c759925ef768c1d"},"headline":"Ulises Mej\u00eda Haro reafirma compromiso\u00a0 desde el norte del estado","datePublished":"2025-01-22T03:48:47+00:00","dateModified":"2025-01-22T03:48:48+00:00","mainEntityOfPage":{"@id":"https:\/\/creston.com.mx\/index.php\/01\/ulises-mejia-haro-reafirma-compromiso-desde-el-norte-del-estado\/politica\/2025\/"},"wordCount":197,"commentCount":0,"publisher":{"@id":"https:\/\/creston.com.mx\/#organization"},"image":{"@id":"https:\/\/creston.com.mx\/index.php\/01\/ulises-mejia-haro-reafirma-compromiso-desde-el-norte-del-estado\/politica\/2025\/#primaryimage"},"thumbnailUrl":"https:\/\/creston.com.mx\/wp-content\/uploads\/2025\/01\/IMG-20250119-WA0022.jpg","articleSection":["Pol\u00edtica"],"inLanguage":"es","potentialAction":[{"@type":"CommentAction","name":"Comment","target":["https:\/\/creston.com.mx\/index.php\/01\/ulises-mejia-haro-reafirma-compromiso-desde-el-norte-del-estado\/politica\/2025\/#respond"]}]},{"@type":"WebPage","@id":"https:\/\/creston.com.mx\/index.php\/01\/ulises-mejia-haro-reafirma-compromiso-desde-el-norte-del-estado\/politica\/2025\/","url":"https:\/\/creston.com.mx\/index.php\/01\/ulises-mejia-haro-reafirma-compromiso-desde-el-norte-del-estado\/politica\/2025\/","name":"Ulises Mej\u00eda Haro reafirma compromiso\u00a0 desde el norte del estado - Peri\u00f3dico Digital de Zacatecas","isPartOf":{"@id":"https:\/\/creston.com.mx\/#website"},"primaryImageOfPage":{"@id":"https:\/\/creston.com.mx\/index.php\/01\/ulises-mejia-haro-reafirma-compromiso-desde-el-norte-del-estado\/politica\/2025\/#primaryimage"},"image":{"@id":"https:\/\/creston.com.mx\/index.php\/01\/ulises-mejia-haro-reafirma-compromiso-desde-el-norte-del-estado\/politica\/2025\/#primaryimage"},"thumbnailUrl":"https:\/\/creston.com.mx\/wp-content\/uploads\/2025\/01\/IMG-20250119-WA0022.jpg","datePublished":"2025-01-22T03:48:47+00:00","dateModified":"2025-01-22T03:48:48+00:00","breadcrumb":{"@id":"https:\/\/creston.com.mx\/index.php\/01\/ulises-mejia-haro-reafirma-compromiso-desde-el-norte-del-estado\/politica\/2025\/#breadcrumb"},"inLanguage":"es","potentialAction":[{"@type":"ReadAction","target":["https:\/\/creston.com.mx\/index.php\/01\/ulises-mejia-haro-reafirma-compromiso-desde-el-norte-del-estado\/politica\/2025\/"]}]},{"@type":"ImageObject","inLanguage":"es","@id":"https:\/\/creston.com.mx\/index.php\/01\/ulises-mejia-haro-reafirma-compromiso-desde-el-norte-del-estado\/politica\/2025\/#primaryimage","url":"https:\/\/creston.com.mx\/wp-content\/uploads\/2025\/01\/IMG-20250119-WA0022.jpg","contentUrl":"https:\/\/creston.com.mx\/wp-content\/uploads\/2025\/01\/IMG-20250119-WA0022.jpg","width":1600,"height":1067},{"@type":"BreadcrumbList","@id":"https:\/\/creston.com.mx\/index.php\/01\/ulises-mejia-haro-reafirma-compromiso-desde-el-norte-del-estado\/politica\/2025\/#breadcrumb","itemListElement":[{"@type":"ListItem","position":1,"name":"Portada","item":"https:\/\/creston.com.mx\/"},{"@type":"ListItem","position":2,"name":"Ulises Mej\u00eda Haro reafirma compromiso\u00a0 desde el norte del estado"}]},{"@type":"WebSite","@id":"https:\/\/creston.com.mx\/#website","url":"https:\/\/creston.com.mx\/","name":"Peri\u00f3dico Digital de Zacatecas","description":"","publisher":{"@id":"https:\/\/creston.com.mx\/#organization"},"potentialAction":[{"@type":"SearchAction","target":{"@type":"EntryPoint","urlTemplate":"https:\/\/creston.com.mx\/?s={search_term_string}"},"query-input":{"@type":"PropertyValueSpecification","valueRequired":true,"valueName":"search_term_string"}}],"inLanguage":"es"},{"@type":"Organization","@id":"https:\/\/creston.com.mx\/#organization","name":"Peri\u00f3dico Digital de Zacatecas","url":"https:\/\/creston.com.mx\/","logo":{"@type":"ImageObject","inLanguage":"es","@id":"https:\/\/creston.com.mx\/#\/schema\/logo\/image\/","url":"https:\/\/creston.com.mx\/wp-content\/uploads\/2026\/02\/cropped-Logo-Creston2.jpg","contentUrl":"https:\/\/creston.com.mx\/wp-content\/uploads\/2026\/02\/cropped-Logo-Creston2.jpg","width":503,"height":194,"caption":"Peri\u00f3dico Digital  de Zacatecas"},"image":{"@id":"https:\/\/creston.com.mx\/#\/schema\/logo\/image\/"}},{"@type":"Person","@id":"https:\/\/creston.com.mx\/#\/schema\/person\/01f2ce9e289bc5300c759925ef768c1d","name":"Periodico Creston","image":{"@type":"ImageObject","inLanguage":"es","@id":"https:\/\/creston.com.mx\/#\/schema\/person\/image\/","url":"https:\/\/secure.gravatar.com\/avatar\/c91eac1cf0d45897b6d294d474aa7713a194d460be0aaf72157553d050cda1c1?s=96&d=mm&r=g","contentUrl":"https:\/\/secure.gravatar.com\/avatar\/c91eac1cf0d45897b6d294d474aa7713a194d460be0aaf72157553d050cda1c1?s=96&d=mm&r=g","caption":"Periodico Creston"},"sameAs":["https:\/\/creston.com.mx"],"url":"https:\/\/creston.com.mx\/index.php\/author\/cstnalja96\/"}]}},"jetpack_sharing_enabled":true,"jetpack_featured_media_url":"https:\/\/creston.com.mx\/wp-content\/uploads\/2025\/01\/IMG-20250119-WA0022.jpg","_links":{"self":[{"href":"https:\/\/creston.com.mx\/index.php\/wp-json\/wp\/v2\/posts\/208","targetHints":{"allow":["GET"]}}],"collection":[{"href":"https:\/\/creston.com.mx\/index.php\/wp-json\/wp\/v2\/posts"}],"about":[{"href":"https:\/\/creston.com.mx\/index.php\/wp-json\/wp\/v2\/types\/post"}],"author":[{"embeddable":true,"href":"https:\/\/creston.com.mx\/index.php\/wp-json\/wp\/v2\/users\/1"}],"replies":[{"embeddable":true,"href":"https:\/\/creston.com.mx\/index.php\/wp-json\/wp\/v2\/comments?post=208"}],"version-history":[{"count":1,"href":"https:\/\/creston.com.mx\/index.php\/wp-json\/wp\/v2\/posts\/208\/revisions"}],"predecessor-version":[{"id":210,"href":"https:\/\/creston.com.mx\/index.php\/wp-json\/wp\/v2\/posts\/208\/revisions\/210"}],"wp:featuredmedia":[{"embeddable":true,"href":"https:\/\/creston.com.mx\/index.php\/wp-json\/wp\/v2\/media\/209"}],"wp:attachment":[{"href":"https:\/\/creston.com.mx\/index.php\/wp-json\/wp\/v2\/media?parent=208"}],"wp:term":[{"taxonomy":"category","embeddable":true,"href":"https:\/\/creston.com.mx\/index.php\/wp-json\/wp\/v2\/categories?post=208"},{"taxonomy":"post_tag","embeddable":true,"href":"https:\/\/creston.com.mx\/index.php\/wp-json\/wp\/v2\/tags?post=208"}],"curies":[{"name":"wp","href":"https:\/\/api.w.org\/{rel}","templated":true}]}}