{"id":2078,"date":"2025-11-21T20:15:00","date_gmt":"2025-11-22T02:15:00","guid":{"rendered":"https:\/\/creston.com.mx\/?p=2078"},"modified":"2025-11-26T21:28:39","modified_gmt":"2025-11-27T03:28:39","slug":"festival-de-cine-en-fresnillo-rinde-homenaje-a-erika-avila-duenas","status":"publish","type":"post","link":"https:\/\/creston.com.mx\/index.php\/11\/festival-de-cine-en-fresnillo-rinde-homenaje-a-erika-avila-duenas\/informacion-general\/2025\/","title":{"rendered":"Festival de Cine en Fresnillo rinde homenaje a \u00c9rika \u00c1vila Due\u00f1as"},"content":{"rendered":"\n<p>.<\/p>\n\n\n\n<p class=\"has-medium-font-size\"><strong><em>Destaca la proyecci\u00f3n de estrenos nacionales e internacionales, di\u00e1logos y reflexi\u00f3n en torno al cine, exposiciones colectivas y premiaciones de los concursos estatales y nacionales de cortometrajes<\/em><\/strong>.<\/p>\n\n\n\n<p class=\"has-medium-font-size\">.<\/p>\n\n\n\n<p>El Mineral de Fresnillo ser\u00e1 sede de la decimos\u00e9ptima edici\u00f3n del Festival de Cine en Fresnillo 2025 que ser\u00e1 del 25 al 29 de noviembre, uno de los encuentros cinematogr\u00e1ficos m\u00e1s relevantes del estado, que este a\u00f1o rinde homenaje a \u00c9rika \u00c1vila Due\u00f1as, cineasta zacatecana cuya trayectoria ha dejado una marca valiosa en la cinematograf\u00eda nacional e internacional.<\/p>\n\n\n\n<p>En conferencia de prensa, Gabriela Marcial Reyes, directora de la Cineteca Zacatecas, anunci\u00f3 los pormenores del festival, acompa\u00f1ada por Uriel M\u00e1rquez Romo, director del Sistema Estatal de Museos, en representaci\u00f3n de Mar\u00eda de Jes\u00fas Mu\u00f1oz Reyes, directora general del Instituto Zacatecano de Cultura (IZC) \u201cRam\u00f3n L\u00f3pez Velarde\u201d.<\/p>\n\n\n\n<p>Ante Valeria Hern\u00e1ndez, rectora de la UNID Campus Fresnillo, y Omar Enrique Acu\u00f1a Ulloa, jefe del Departamento de Planeaci\u00f3n y Evaluaci\u00f3n del Centro de Bachillerato Tecnol\u00f3gico Industrial y de Servicios (CBTis) 1, Uriel M\u00e1rquez Romo habl\u00f3 del festival, del homenaje a la productora y cineasta zacatecana \u00c9rika \u00c1vila, figura destacada del quehacer audiovisual en la entidad.<\/p>\n\n\n\n<p>El funcionario se\u00f1al\u00f3 que el Festival de Cine en Fresnillo responde, adem\u00e1s, a la instrucci\u00f3n del Gobierno del Estado de descentralizar la oferta cultural, a fin de acercar el cine a m\u00e1s municipios y fortalecer una tradici\u00f3n que, en particular en Fresnillo, ha demostrado dinamismo y una continua participaci\u00f3n comunitaria.<\/p>\n\n\n\n<p>Gabriela Marcial detall\u00f3 que el festival presentar\u00e1 una selecci\u00f3n de la obra de la cineasta zacatecana \u00c9rika \u00c1vila Due\u00f1as como reconocimiento a la diversidad de temas que aborda y a su trabajo con directoras y directores de alto rigor creativo en los \u00e1mbitos de ficci\u00f3n y documental.<\/p>\n\n\n\n<p>Detall\u00f3 que \u00c9rika \u00c1vila, originaria de la ciudad de Zacatecas, es egresada del ITESO y de la Escuela Nacional de Artes Cinematogr\u00e1ficas (ENAC) de la Universidad Nacional Aut\u00f3noma de M\u00e9xico (UNAM) y, a lo largo de su trayectoria, ha participado en la producci\u00f3n de una decena de largometrajes y m\u00e1s de 20 cortometrajes, muchos de ellos reconocidos en cert\u00e1menes como el Ariel, el Festival de Sundance y la C\u00e1mara de Oro del Festival de Cannes.<\/p>\n\n\n\n<p>Asimismo, Marcial Reyes expuso que, en este marco, se presentar\u00e1 la selecci\u00f3n oficial de los concursos \u201cImpulso al cortometraje mexicano\u201d en su tercera edici\u00f3n, en categor\u00edas estatal y nacional, as\u00ed como del concurso \u201cFragmentos del mundo adolescente\u201d, en su segunda emisi\u00f3n.<\/p>\n\n\n<div class=\"wp-block-image\">\n<figure class=\"alignright size-large is-resized\"><img fetchpriority=\"high\" decoding=\"async\" width=\"1024\" height=\"682\" src=\"https:\/\/creston.com.mx\/wp-content\/uploads\/2025\/11\/Muestra-cine-Fllo03-1024x682.jpeg\" alt=\"\" class=\"wp-image-2080\" style=\"width:556px;height:auto\" srcset=\"https:\/\/creston.com.mx\/wp-content\/uploads\/2025\/11\/Muestra-cine-Fllo03-1024x682.jpeg 1024w, https:\/\/creston.com.mx\/wp-content\/uploads\/2025\/11\/Muestra-cine-Fllo03-300x200.jpeg 300w, https:\/\/creston.com.mx\/wp-content\/uploads\/2025\/11\/Muestra-cine-Fllo03-768x512.jpeg 768w, https:\/\/creston.com.mx\/wp-content\/uploads\/2025\/11\/Muestra-cine-Fllo03-1536x1023.jpeg 1536w, https:\/\/creston.com.mx\/wp-content\/uploads\/2025\/11\/Muestra-cine-Fllo03.jpeg 1600w\" sizes=\"(max-width: 1024px) 100vw, 1024px\" \/><\/figure>\n<\/div>\n\n\n<p>La programaci\u00f3n tambi\u00e9n incluye estrenos nacionales como \u201cEl Diablo fuma (y guarda las cabezas de los cerillos quemados en la misma caja)\u201d, del director Ernesto Mart\u00ednez Bucio, e internacionales como \u201cEn el fin del mundo\u201d, del director zacatecano Abraham Escobedo.<\/p>\n\n\n\n<p>Adem\u00e1s, se proyectar\u00e1 una selecci\u00f3n del 29\u00ba Tour de Cine Franc\u00e9s, entre ellas \u201cLos colores del tiempo\u201d, de la directora C\u00e9dric Klapisch. Estas funciones tendr\u00e1n lugar en diversas instituciones educativas y culturales de Fresnillo, entre ellas el Centro Cultural \u201cEl Tunal\u201d, la Universidad Aut\u00f3noma de Fresnillo, el Centro Cultural Aridia y el CBTis 1.<\/p>\n\n\n\n<p>Las actividades acad\u00e9micas del Festival incluyen pl\u00e1ticas y mesas de discusi\u00f3n sobre cine, guion y actuaci\u00f3n, con la participaci\u00f3n de la directora y guionista zacatecana Claudia Garibaldi y el actor Silverio Palacios. Asimismo, se realizar\u00e1 una charla acerca de los retos que enfrenta el Festival en los pr\u00f3ximos a\u00f1os ante escenarios de bajos apoyos y financiamientos culturales.<\/p>\n\n\n\n<p>Esta \u00faltima modalidad contar\u00e1 con la presencia del exdirector de Cultura de Fresnillo, Leopoldo El\u00edas Smith; Alfredo Castellanos, director del Instituto Municipal de Cultura de Fresnillo; y el artista pl\u00e1stico Omar Lemus, actividades que tendr\u00e1n lugar el viernes 28 de noviembre en espacios como la UNID Campus Fresnillo y el caf\u00e9 Hidra Coffee, en el Centro Hist\u00f3rico.<\/p>\n\n\n\n<p>El Festival tambi\u00e9n contar\u00e1 con la inauguraci\u00f3n de dos exposiciones colectivas: \u201cClaquetas intervenidas\u201d, con la participaci\u00f3n de 23 artistas zacatecanos, y \u201cVino, m\u00fasica y cine\u201d, integrada por 13 autores del estado; ambas abrir\u00e1n al p\u00fablico el viernes 28 en el Centro Cultural Aridia y en el restaurante La Parrilla Steak Beer, a las 17:30 y 19:30 horas, respectivamente.<\/p>\n\n\n\n<p>La premiaci\u00f3n de los concursos se llevar\u00e1 a cabo el 29 de noviembre en el auditorio \u201cJos\u00e9 Bonilla\u201d B15, de Fresnillo, donde se presentar\u00e1n las selecciones oficiales de \u201cFragmentos del mundo adolescente\u201d e \u201cImpulso al cortometraje mexicano\u201d, ceremonia con la que se dar\u00e1 cierre a la 17\u00aa edici\u00f3n del Festival de Cine en Fresnillo.<\/p>\n\n\n\n<p>.<\/p>\n\n\n\n\n\n<p>.<\/p>\n\n\n<div class=\"wp-block-image\">\n<figure class=\"aligncenter size-large is-resized\"><img decoding=\"async\" width=\"870\" height=\"1024\" src=\"https:\/\/creston.com.mx\/wp-content\/uploads\/2025\/06\/Anuncio-salon-eventos-870x1024.jpg\" alt=\"\" class=\"wp-image-966\" style=\"width:594px;height:auto\" srcset=\"https:\/\/creston.com.mx\/wp-content\/uploads\/2025\/06\/Anuncio-salon-eventos-870x1024.jpg 870w, https:\/\/creston.com.mx\/wp-content\/uploads\/2025\/06\/Anuncio-salon-eventos-255x300.jpg 255w, https:\/\/creston.com.mx\/wp-content\/uploads\/2025\/06\/Anuncio-salon-eventos-768x904.jpg 768w, https:\/\/creston.com.mx\/wp-content\/uploads\/2025\/06\/Anuncio-salon-eventos.jpg 1275w\" sizes=\"(max-width: 870px) 100vw, 870px\" \/><\/figure>\n<\/div>","protected":false},"excerpt":{"rendered":"<p>. Destaca la proyecci\u00f3n de estrenos nacionales e internacionales, di\u00e1logos y reflexi\u00f3n en torno al cine, exposiciones colectivas y premiaciones de los concursos estatales y nacionales de cortometrajes. . El&hellip; <\/p>\n","protected":false},"author":1,"featured_media":2079,"comment_status":"open","ping_status":"closed","sticky":false,"template":"","format":"standard","meta":{"_jetpack_memberships_contains_paid_content":false,"footnotes":""},"categories":[4],"tags":[],"class_list":["post-2078","post","type-post","status-publish","format-standard","has-post-thumbnail","hentry","category-informacion-general"],"yoast_head":"<!-- This site is optimized with the Yoast SEO plugin v24.2 - https:\/\/yoast.com\/wordpress\/plugins\/seo\/ -->\n<title>Festival de Cine en Fresnillo rinde homenaje a \u00c9rika \u00c1vila Due\u00f1as - Peri\u00f3dico Digital de Zacatecas<\/title>\n<meta name=\"robots\" content=\"index, follow, max-snippet:-1, max-image-preview:large, max-video-preview:-1\" \/>\n<link rel=\"canonical\" href=\"https:\/\/creston.com.mx\/index.php\/11\/festival-de-cine-en-fresnillo-rinde-homenaje-a-erika-avila-duenas\/informacion-general\/2025\/\" \/>\n<meta property=\"og:locale\" content=\"es_ES\" \/>\n<meta property=\"og:type\" content=\"article\" \/>\n<meta property=\"og:title\" content=\"Festival de Cine en Fresnillo rinde homenaje a \u00c9rika \u00c1vila Due\u00f1as - Peri\u00f3dico Digital de Zacatecas\" \/>\n<meta property=\"og:description\" content=\". Destaca la proyecci\u00f3n de estrenos nacionales e internacionales, di\u00e1logos y reflexi\u00f3n en torno al cine, exposiciones colectivas y premiaciones de los concursos estatales y nacionales de cortometrajes. . El&hellip;\" \/>\n<meta property=\"og:url\" content=\"https:\/\/creston.com.mx\/index.php\/11\/festival-de-cine-en-fresnillo-rinde-homenaje-a-erika-avila-duenas\/informacion-general\/2025\/\" \/>\n<meta property=\"og:site_name\" content=\"Peri\u00f3dico Digital de Zacatecas\" \/>\n<meta property=\"article:published_time\" content=\"2025-11-22T02:15:00+00:00\" \/>\n<meta property=\"article:modified_time\" content=\"2025-11-27T03:28:39+00:00\" \/>\n<meta property=\"og:image\" content=\"https:\/\/creston.com.mx\/wp-content\/uploads\/2025\/11\/Muestra-cine-Fllo04.jpeg\" \/>\n\t<meta property=\"og:image:width\" content=\"1600\" \/>\n\t<meta property=\"og:image:height\" content=\"1066\" \/>\n\t<meta property=\"og:image:type\" content=\"image\/jpeg\" \/>\n<meta name=\"author\" content=\"Periodico Creston\" \/>\n<meta name=\"twitter:card\" content=\"summary_large_image\" \/>\n<meta name=\"twitter:label1\" content=\"Escrito por\" \/>\n\t<meta name=\"twitter:data1\" content=\"Periodico Creston\" \/>\n\t<meta name=\"twitter:label2\" content=\"Tiempo de lectura\" \/>\n\t<meta name=\"twitter:data2\" content=\"4 minutos\" \/>\n<script type=\"application\/ld+json\" class=\"yoast-schema-graph\">{\"@context\":\"https:\/\/schema.org\",\"@graph\":[{\"@type\":\"Article\",\"@id\":\"https:\/\/creston.com.mx\/index.php\/11\/festival-de-cine-en-fresnillo-rinde-homenaje-a-erika-avila-duenas\/informacion-general\/2025\/#article\",\"isPartOf\":{\"@id\":\"https:\/\/creston.com.mx\/index.php\/11\/festival-de-cine-en-fresnillo-rinde-homenaje-a-erika-avila-duenas\/informacion-general\/2025\/\"},\"author\":{\"name\":\"Periodico Creston\",\"@id\":\"https:\/\/creston.com.mx\/#\/schema\/person\/01f2ce9e289bc5300c759925ef768c1d\"},\"headline\":\"Festival de Cine en Fresnillo rinde homenaje a \u00c9rika \u00c1vila Due\u00f1as\",\"datePublished\":\"2025-11-22T02:15:00+00:00\",\"dateModified\":\"2025-11-27T03:28:39+00:00\",\"mainEntityOfPage\":{\"@id\":\"https:\/\/creston.com.mx\/index.php\/11\/festival-de-cine-en-fresnillo-rinde-homenaje-a-erika-avila-duenas\/informacion-general\/2025\/\"},\"wordCount\":791,\"commentCount\":0,\"publisher\":{\"@id\":\"https:\/\/creston.com.mx\/#organization\"},\"image\":{\"@id\":\"https:\/\/creston.com.mx\/index.php\/11\/festival-de-cine-en-fresnillo-rinde-homenaje-a-erika-avila-duenas\/informacion-general\/2025\/#primaryimage\"},\"thumbnailUrl\":\"https:\/\/creston.com.mx\/wp-content\/uploads\/2025\/11\/Muestra-cine-Fllo04.jpeg\",\"articleSection\":[\"Informaci\u00f3n General\"],\"inLanguage\":\"es\",\"potentialAction\":[{\"@type\":\"CommentAction\",\"name\":\"Comment\",\"target\":[\"https:\/\/creston.com.mx\/index.php\/11\/festival-de-cine-en-fresnillo-rinde-homenaje-a-erika-avila-duenas\/informacion-general\/2025\/#respond\"]}]},{\"@type\":\"WebPage\",\"@id\":\"https:\/\/creston.com.mx\/index.php\/11\/festival-de-cine-en-fresnillo-rinde-homenaje-a-erika-avila-duenas\/informacion-general\/2025\/\",\"url\":\"https:\/\/creston.com.mx\/index.php\/11\/festival-de-cine-en-fresnillo-rinde-homenaje-a-erika-avila-duenas\/informacion-general\/2025\/\",\"name\":\"Festival de Cine en Fresnillo rinde homenaje a \u00c9rika \u00c1vila Due\u00f1as - Peri\u00f3dico Digital de Zacatecas\",\"isPartOf\":{\"@id\":\"https:\/\/creston.com.mx\/#website\"},\"primaryImageOfPage\":{\"@id\":\"https:\/\/creston.com.mx\/index.php\/11\/festival-de-cine-en-fresnillo-rinde-homenaje-a-erika-avila-duenas\/informacion-general\/2025\/#primaryimage\"},\"image\":{\"@id\":\"https:\/\/creston.com.mx\/index.php\/11\/festival-de-cine-en-fresnillo-rinde-homenaje-a-erika-avila-duenas\/informacion-general\/2025\/#primaryimage\"},\"thumbnailUrl\":\"https:\/\/creston.com.mx\/wp-content\/uploads\/2025\/11\/Muestra-cine-Fllo04.jpeg\",\"datePublished\":\"2025-11-22T02:15:00+00:00\",\"dateModified\":\"2025-11-27T03:28:39+00:00\",\"breadcrumb\":{\"@id\":\"https:\/\/creston.com.mx\/index.php\/11\/festival-de-cine-en-fresnillo-rinde-homenaje-a-erika-avila-duenas\/informacion-general\/2025\/#breadcrumb\"},\"inLanguage\":\"es\",\"potentialAction\":[{\"@type\":\"ReadAction\",\"target\":[\"https:\/\/creston.com.mx\/index.php\/11\/festival-de-cine-en-fresnillo-rinde-homenaje-a-erika-avila-duenas\/informacion-general\/2025\/\"]}]},{\"@type\":\"ImageObject\",\"inLanguage\":\"es\",\"@id\":\"https:\/\/creston.com.mx\/index.php\/11\/festival-de-cine-en-fresnillo-rinde-homenaje-a-erika-avila-duenas\/informacion-general\/2025\/#primaryimage\",\"url\":\"https:\/\/creston.com.mx\/wp-content\/uploads\/2025\/11\/Muestra-cine-Fllo04.jpeg\",\"contentUrl\":\"https:\/\/creston.com.mx\/wp-content\/uploads\/2025\/11\/Muestra-cine-Fllo04.jpeg\",\"width\":1600,\"height\":1066},{\"@type\":\"BreadcrumbList\",\"@id\":\"https:\/\/creston.com.mx\/index.php\/11\/festival-de-cine-en-fresnillo-rinde-homenaje-a-erika-avila-duenas\/informacion-general\/2025\/#breadcrumb\",\"itemListElement\":[{\"@type\":\"ListItem\",\"position\":1,\"name\":\"Portada\",\"item\":\"https:\/\/creston.com.mx\/\"},{\"@type\":\"ListItem\",\"position\":2,\"name\":\"Festival de Cine en Fresnillo rinde homenaje a \u00c9rika \u00c1vila Due\u00f1as\"}]},{\"@type\":\"WebSite\",\"@id\":\"https:\/\/creston.com.mx\/#website\",\"url\":\"https:\/\/creston.com.mx\/\",\"name\":\"Peri\u00f3dico Digital de Zacatecas\",\"description\":\"\",\"publisher\":{\"@id\":\"https:\/\/creston.com.mx\/#organization\"},\"potentialAction\":[{\"@type\":\"SearchAction\",\"target\":{\"@type\":\"EntryPoint\",\"urlTemplate\":\"https:\/\/creston.com.mx\/?s={search_term_string}\"},\"query-input\":{\"@type\":\"PropertyValueSpecification\",\"valueRequired\":true,\"valueName\":\"search_term_string\"}}],\"inLanguage\":\"es\"},{\"@type\":\"Organization\",\"@id\":\"https:\/\/creston.com.mx\/#organization\",\"name\":\"Peri\u00f3dico Digital de Zacatecas\",\"url\":\"https:\/\/creston.com.mx\/\",\"logo\":{\"@type\":\"ImageObject\",\"inLanguage\":\"es\",\"@id\":\"https:\/\/creston.com.mx\/#\/schema\/logo\/image\/\",\"url\":\"https:\/\/creston.com.mx\/wp-content\/uploads\/2026\/02\/cropped-Logo-Creston2.jpg\",\"contentUrl\":\"https:\/\/creston.com.mx\/wp-content\/uploads\/2026\/02\/cropped-Logo-Creston2.jpg\",\"width\":503,\"height\":194,\"caption\":\"Peri\u00f3dico Digital  de Zacatecas\"},\"image\":{\"@id\":\"https:\/\/creston.com.mx\/#\/schema\/logo\/image\/\"}},{\"@type\":\"Person\",\"@id\":\"https:\/\/creston.com.mx\/#\/schema\/person\/01f2ce9e289bc5300c759925ef768c1d\",\"name\":\"Periodico Creston\",\"image\":{\"@type\":\"ImageObject\",\"inLanguage\":\"es\",\"@id\":\"https:\/\/creston.com.mx\/#\/schema\/person\/image\/\",\"url\":\"https:\/\/secure.gravatar.com\/avatar\/c91eac1cf0d45897b6d294d474aa7713a194d460be0aaf72157553d050cda1c1?s=96&d=mm&r=g\",\"contentUrl\":\"https:\/\/secure.gravatar.com\/avatar\/c91eac1cf0d45897b6d294d474aa7713a194d460be0aaf72157553d050cda1c1?s=96&d=mm&r=g\",\"caption\":\"Periodico Creston\"},\"sameAs\":[\"https:\/\/creston.com.mx\"],\"url\":\"https:\/\/creston.com.mx\/index.php\/author\/cstnalja96\/\"}]}<\/script>\n<!-- \/ Yoast SEO plugin. -->","yoast_head_json":{"title":"Festival de Cine en Fresnillo rinde homenaje a \u00c9rika \u00c1vila Due\u00f1as - Peri\u00f3dico Digital de Zacatecas","robots":{"index":"index","follow":"follow","max-snippet":"max-snippet:-1","max-image-preview":"max-image-preview:large","max-video-preview":"max-video-preview:-1"},"canonical":"https:\/\/creston.com.mx\/index.php\/11\/festival-de-cine-en-fresnillo-rinde-homenaje-a-erika-avila-duenas\/informacion-general\/2025\/","og_locale":"es_ES","og_type":"article","og_title":"Festival de Cine en Fresnillo rinde homenaje a \u00c9rika \u00c1vila Due\u00f1as - Peri\u00f3dico Digital de Zacatecas","og_description":". Destaca la proyecci\u00f3n de estrenos nacionales e internacionales, di\u00e1logos y reflexi\u00f3n en torno al cine, exposiciones colectivas y premiaciones de los concursos estatales y nacionales de cortometrajes. . El&hellip;","og_url":"https:\/\/creston.com.mx\/index.php\/11\/festival-de-cine-en-fresnillo-rinde-homenaje-a-erika-avila-duenas\/informacion-general\/2025\/","og_site_name":"Peri\u00f3dico Digital de Zacatecas","article_published_time":"2025-11-22T02:15:00+00:00","article_modified_time":"2025-11-27T03:28:39+00:00","og_image":[{"width":1600,"height":1066,"url":"https:\/\/creston.com.mx\/wp-content\/uploads\/2025\/11\/Muestra-cine-Fllo04.jpeg","type":"image\/jpeg"}],"author":"Periodico Creston","twitter_card":"summary_large_image","twitter_misc":{"Escrito por":"Periodico Creston","Tiempo de lectura":"4 minutos"},"schema":{"@context":"https:\/\/schema.org","@graph":[{"@type":"Article","@id":"https:\/\/creston.com.mx\/index.php\/11\/festival-de-cine-en-fresnillo-rinde-homenaje-a-erika-avila-duenas\/informacion-general\/2025\/#article","isPartOf":{"@id":"https:\/\/creston.com.mx\/index.php\/11\/festival-de-cine-en-fresnillo-rinde-homenaje-a-erika-avila-duenas\/informacion-general\/2025\/"},"author":{"name":"Periodico Creston","@id":"https:\/\/creston.com.mx\/#\/schema\/person\/01f2ce9e289bc5300c759925ef768c1d"},"headline":"Festival de Cine en Fresnillo rinde homenaje a \u00c9rika \u00c1vila Due\u00f1as","datePublished":"2025-11-22T02:15:00+00:00","dateModified":"2025-11-27T03:28:39+00:00","mainEntityOfPage":{"@id":"https:\/\/creston.com.mx\/index.php\/11\/festival-de-cine-en-fresnillo-rinde-homenaje-a-erika-avila-duenas\/informacion-general\/2025\/"},"wordCount":791,"commentCount":0,"publisher":{"@id":"https:\/\/creston.com.mx\/#organization"},"image":{"@id":"https:\/\/creston.com.mx\/index.php\/11\/festival-de-cine-en-fresnillo-rinde-homenaje-a-erika-avila-duenas\/informacion-general\/2025\/#primaryimage"},"thumbnailUrl":"https:\/\/creston.com.mx\/wp-content\/uploads\/2025\/11\/Muestra-cine-Fllo04.jpeg","articleSection":["Informaci\u00f3n General"],"inLanguage":"es","potentialAction":[{"@type":"CommentAction","name":"Comment","target":["https:\/\/creston.com.mx\/index.php\/11\/festival-de-cine-en-fresnillo-rinde-homenaje-a-erika-avila-duenas\/informacion-general\/2025\/#respond"]}]},{"@type":"WebPage","@id":"https:\/\/creston.com.mx\/index.php\/11\/festival-de-cine-en-fresnillo-rinde-homenaje-a-erika-avila-duenas\/informacion-general\/2025\/","url":"https:\/\/creston.com.mx\/index.php\/11\/festival-de-cine-en-fresnillo-rinde-homenaje-a-erika-avila-duenas\/informacion-general\/2025\/","name":"Festival de Cine en Fresnillo rinde homenaje a \u00c9rika \u00c1vila Due\u00f1as - Peri\u00f3dico Digital de Zacatecas","isPartOf":{"@id":"https:\/\/creston.com.mx\/#website"},"primaryImageOfPage":{"@id":"https:\/\/creston.com.mx\/index.php\/11\/festival-de-cine-en-fresnillo-rinde-homenaje-a-erika-avila-duenas\/informacion-general\/2025\/#primaryimage"},"image":{"@id":"https:\/\/creston.com.mx\/index.php\/11\/festival-de-cine-en-fresnillo-rinde-homenaje-a-erika-avila-duenas\/informacion-general\/2025\/#primaryimage"},"thumbnailUrl":"https:\/\/creston.com.mx\/wp-content\/uploads\/2025\/11\/Muestra-cine-Fllo04.jpeg","datePublished":"2025-11-22T02:15:00+00:00","dateModified":"2025-11-27T03:28:39+00:00","breadcrumb":{"@id":"https:\/\/creston.com.mx\/index.php\/11\/festival-de-cine-en-fresnillo-rinde-homenaje-a-erika-avila-duenas\/informacion-general\/2025\/#breadcrumb"},"inLanguage":"es","potentialAction":[{"@type":"ReadAction","target":["https:\/\/creston.com.mx\/index.php\/11\/festival-de-cine-en-fresnillo-rinde-homenaje-a-erika-avila-duenas\/informacion-general\/2025\/"]}]},{"@type":"ImageObject","inLanguage":"es","@id":"https:\/\/creston.com.mx\/index.php\/11\/festival-de-cine-en-fresnillo-rinde-homenaje-a-erika-avila-duenas\/informacion-general\/2025\/#primaryimage","url":"https:\/\/creston.com.mx\/wp-content\/uploads\/2025\/11\/Muestra-cine-Fllo04.jpeg","contentUrl":"https:\/\/creston.com.mx\/wp-content\/uploads\/2025\/11\/Muestra-cine-Fllo04.jpeg","width":1600,"height":1066},{"@type":"BreadcrumbList","@id":"https:\/\/creston.com.mx\/index.php\/11\/festival-de-cine-en-fresnillo-rinde-homenaje-a-erika-avila-duenas\/informacion-general\/2025\/#breadcrumb","itemListElement":[{"@type":"ListItem","position":1,"name":"Portada","item":"https:\/\/creston.com.mx\/"},{"@type":"ListItem","position":2,"name":"Festival de Cine en Fresnillo rinde homenaje a \u00c9rika \u00c1vila Due\u00f1as"}]},{"@type":"WebSite","@id":"https:\/\/creston.com.mx\/#website","url":"https:\/\/creston.com.mx\/","name":"Peri\u00f3dico Digital de Zacatecas","description":"","publisher":{"@id":"https:\/\/creston.com.mx\/#organization"},"potentialAction":[{"@type":"SearchAction","target":{"@type":"EntryPoint","urlTemplate":"https:\/\/creston.com.mx\/?s={search_term_string}"},"query-input":{"@type":"PropertyValueSpecification","valueRequired":true,"valueName":"search_term_string"}}],"inLanguage":"es"},{"@type":"Organization","@id":"https:\/\/creston.com.mx\/#organization","name":"Peri\u00f3dico Digital de Zacatecas","url":"https:\/\/creston.com.mx\/","logo":{"@type":"ImageObject","inLanguage":"es","@id":"https:\/\/creston.com.mx\/#\/schema\/logo\/image\/","url":"https:\/\/creston.com.mx\/wp-content\/uploads\/2026\/02\/cropped-Logo-Creston2.jpg","contentUrl":"https:\/\/creston.com.mx\/wp-content\/uploads\/2026\/02\/cropped-Logo-Creston2.jpg","width":503,"height":194,"caption":"Peri\u00f3dico Digital  de Zacatecas"},"image":{"@id":"https:\/\/creston.com.mx\/#\/schema\/logo\/image\/"}},{"@type":"Person","@id":"https:\/\/creston.com.mx\/#\/schema\/person\/01f2ce9e289bc5300c759925ef768c1d","name":"Periodico Creston","image":{"@type":"ImageObject","inLanguage":"es","@id":"https:\/\/creston.com.mx\/#\/schema\/person\/image\/","url":"https:\/\/secure.gravatar.com\/avatar\/c91eac1cf0d45897b6d294d474aa7713a194d460be0aaf72157553d050cda1c1?s=96&d=mm&r=g","contentUrl":"https:\/\/secure.gravatar.com\/avatar\/c91eac1cf0d45897b6d294d474aa7713a194d460be0aaf72157553d050cda1c1?s=96&d=mm&r=g","caption":"Periodico Creston"},"sameAs":["https:\/\/creston.com.mx"],"url":"https:\/\/creston.com.mx\/index.php\/author\/cstnalja96\/"}]}},"jetpack_sharing_enabled":true,"jetpack_featured_media_url":"https:\/\/creston.com.mx\/wp-content\/uploads\/2025\/11\/Muestra-cine-Fllo04.jpeg","_links":{"self":[{"href":"https:\/\/creston.com.mx\/index.php\/wp-json\/wp\/v2\/posts\/2078","targetHints":{"allow":["GET"]}}],"collection":[{"href":"https:\/\/creston.com.mx\/index.php\/wp-json\/wp\/v2\/posts"}],"about":[{"href":"https:\/\/creston.com.mx\/index.php\/wp-json\/wp\/v2\/types\/post"}],"author":[{"embeddable":true,"href":"https:\/\/creston.com.mx\/index.php\/wp-json\/wp\/v2\/users\/1"}],"replies":[{"embeddable":true,"href":"https:\/\/creston.com.mx\/index.php\/wp-json\/wp\/v2\/comments?post=2078"}],"version-history":[{"count":1,"href":"https:\/\/creston.com.mx\/index.php\/wp-json\/wp\/v2\/posts\/2078\/revisions"}],"predecessor-version":[{"id":2081,"href":"https:\/\/creston.com.mx\/index.php\/wp-json\/wp\/v2\/posts\/2078\/revisions\/2081"}],"wp:featuredmedia":[{"embeddable":true,"href":"https:\/\/creston.com.mx\/index.php\/wp-json\/wp\/v2\/media\/2079"}],"wp:attachment":[{"href":"https:\/\/creston.com.mx\/index.php\/wp-json\/wp\/v2\/media?parent=2078"}],"wp:term":[{"taxonomy":"category","embeddable":true,"href":"https:\/\/creston.com.mx\/index.php\/wp-json\/wp\/v2\/categories?post=2078"},{"taxonomy":"post_tag","embeddable":true,"href":"https:\/\/creston.com.mx\/index.php\/wp-json\/wp\/v2\/tags?post=2078"}],"curies":[{"name":"wp","href":"https:\/\/api.w.org\/{rel}","templated":true}]}}