{"id":2067,"date":"2025-11-19T20:19:00","date_gmt":"2025-11-20T02:19:00","guid":{"rendered":"https:\/\/creston.com.mx\/?p=2067"},"modified":"2025-11-26T11:29:44","modified_gmt":"2025-11-26T17:29:44","slug":"impulsaran-investigacion-con-perspectiva-humanista-y-de-genero","status":"publish","type":"post","link":"https:\/\/creston.com.mx\/index.php\/11\/impulsaran-investigacion-con-perspectiva-humanista-y-de-genero\/informacion-general\/2025\/","title":{"rendered":"Impulsaran investigaci\u00f3n con perspectiva humanista y de g\u00e9nero"},"content":{"rendered":"\n<p>.<\/p>\n\n\n\n<p class=\"has-medium-font-size\"><strong><em>La UAZ y Semujer firman convenio de colaboraci\u00f3n que permitir\u00e1 impulsar la formaci\u00f3n profesional<\/em><\/strong>.<\/p>\n\n\n\n<p>.<\/p>\n\n\n\n<p>La Universidad Aut\u00f3noma de Zacatecas, a trav\u00e9s del Doctorado en Humanidades con especialidad en Patrimonio y Cultura para la Paz, y la Secretar\u00eda de las Mujeres del Estado de Zacatecas (Semujer) signaron un convenio espec\u00edfico de colaboraci\u00f3n que permitir\u00e1 impulsar la formaci\u00f3n profesional, la investigaci\u00f3n y la intervenci\u00f3n social desde una y de construcci\u00f3n de paz.<\/p>\n\n\n\n<p>Mediante este acuerdo se favorecer\u00e1 la formaci\u00f3n acad\u00e9mica del alumnado al promover la investigaci\u00f3n aplicada, consolidar la responsabilidad social universitaria y fomentar la cooperaci\u00f3n interinstitucional en \u00e1mbitos de formaci\u00f3n, capacitaci\u00f3n especializada, pr\u00e1cticas profesionales, estancias acad\u00e9micas e investigaci\u00f3n con enfoque de igualdad sustantiva y derechos humanos.<\/p>\n\n\n\n<p>Al hacer uso de la voz, el rector de la instituci\u00f3n, \u00c1ngel Rom\u00e1n Guti\u00e9rrez se congratul\u00f3 por este esfuerzo interinstitucional, se\u00f1alando que la Universidad tiene la responsabilidad de garantizar la convivencia arm\u00f3nica y de generar acciones que se conviertan en un efecto multiplicador tanto dentro como fuera de la instituci\u00f3n, en beneficio de las familias y de la sociedad zacatecana.<\/p>\n\n\n<div class=\"wp-block-image\">\n<figure class=\"alignright size-large is-resized\"><img fetchpriority=\"high\" decoding=\"async\" width=\"1024\" height=\"447\" src=\"https:\/\/creston.com.mx\/wp-content\/uploads\/2025\/11\/Conve-UAZ-y-Semujer-e1764178161382-1024x447.jpeg\" alt=\"\" class=\"wp-image-2068\" style=\"width:599px;height:auto\" srcset=\"https:\/\/creston.com.mx\/wp-content\/uploads\/2025\/11\/Conve-UAZ-y-Semujer-e1764178161382-1024x447.jpeg 1024w, https:\/\/creston.com.mx\/wp-content\/uploads\/2025\/11\/Conve-UAZ-y-Semujer-e1764178161382-300x131.jpeg 300w, https:\/\/creston.com.mx\/wp-content\/uploads\/2025\/11\/Conve-UAZ-y-Semujer-e1764178161382-768x336.jpeg 768w, https:\/\/creston.com.mx\/wp-content\/uploads\/2025\/11\/Conve-UAZ-y-Semujer-e1764178161382.jpeg 1197w\" sizes=\"(max-width: 1024px) 100vw, 1024px\" \/><\/figure>\n<\/div>\n\n\n<p>Asimismo, enfatiz\u00f3 en la necesidad de plantear soluciones efectivas ante las diversas formas de violencia, por lo que reconoci\u00f3 que convenios como este permiten emprender acciones conjuntas que pueden traducirse en pol\u00edticas institucionales de prevenci\u00f3n y educaci\u00f3n para erradicar la violencia contra las mujeres.<\/p>\n\n\n\n<p>En su intervenci\u00f3n, la directora de la Unidad Acad\u00e9mica de Historia, Amelia del Roc\u00edo Carrillo Flores se\u00f1al\u00f3 que esta colaboraci\u00f3n representa mucho m\u00e1s que un documento formal, pues implica un compromiso \u00e9tico, acad\u00e9mico y social para contribuir a la construcci\u00f3n de entornos m\u00e1s justos, igualitarios y pac\u00edficos.<\/p>\n\n\n\n<p>Por esta raz\u00f3n, agradeci\u00f3 a la Secretar\u00eda de las Mujeres por su disposici\u00f3n para trabajar de la mano con la Universidad y reconoci\u00f3 el esfuerzo del equipo del Doctorado, encabezado por su responsable de programa, Luc\u00eda Mu\u00f1oz Casta\u00f1\u00f3n, por hacer posible este acuerdo.<\/p>\n\n\n\n<p>Por su parte, la secretaria de las Mujeres, Karla Oropeza afirm\u00f3 que el trabajo conjunto beneficiar\u00e1 tanto al alumnado como a la instituci\u00f3n, pues permitir\u00e1 incorporar talento acad\u00e9mico en \u00e1reas que requieren fortalecimiento, especialmente en temas jur\u00eddicos, formativos y de investigaci\u00f3n aplicada.<\/p>\n\n\n\n<p>Finalmente, la secretaria general de la UAZ, Lorena Jim\u00e9nez Sandoval y la secretaria administrativa, Ang\u00e9lica Col\u00edn Mercado celebraron dicha firma y estuvieron de acuerdo en que el marco del Mes de la Eliminaci\u00f3n de la Violencia contra las Mujeres, es fundamental generar acciones educativas que permitan desmontar violencias, superar desigualdades y promover nuevas formas de convivencia.<\/p>\n\n\n\n<p>.<\/p>\n\n\n\n\n\n<p>.<\/p>\n\n\n<div class=\"wp-block-image\">\n<figure class=\"aligncenter size-large is-resized\"><img decoding=\"async\" width=\"870\" height=\"1024\" src=\"https:\/\/creston.com.mx\/wp-content\/uploads\/2025\/06\/Anuncio-salon-eventos-870x1024.jpg\" alt=\"\" class=\"wp-image-966\" style=\"width:656px;height:auto\" srcset=\"https:\/\/creston.com.mx\/wp-content\/uploads\/2025\/06\/Anuncio-salon-eventos-870x1024.jpg 870w, https:\/\/creston.com.mx\/wp-content\/uploads\/2025\/06\/Anuncio-salon-eventos-255x300.jpg 255w, https:\/\/creston.com.mx\/wp-content\/uploads\/2025\/06\/Anuncio-salon-eventos-768x904.jpg 768w, https:\/\/creston.com.mx\/wp-content\/uploads\/2025\/06\/Anuncio-salon-eventos.jpg 1275w\" sizes=\"(max-width: 870px) 100vw, 870px\" \/><\/figure>\n<\/div>","protected":false},"excerpt":{"rendered":"<p>. La UAZ y Semujer firman convenio de colaboraci\u00f3n que permitir\u00e1 impulsar la formaci\u00f3n profesional. . La Universidad Aut\u00f3noma de Zacatecas, a trav\u00e9s del Doctorado en Humanidades con especialidad en&hellip; <\/p>\n","protected":false},"author":1,"featured_media":2069,"comment_status":"open","ping_status":"closed","sticky":false,"template":"","format":"standard","meta":{"_jetpack_memberships_contains_paid_content":false,"footnotes":""},"categories":[4],"tags":[],"class_list":["post-2067","post","type-post","status-publish","format-standard","has-post-thumbnail","hentry","category-informacion-general"],"yoast_head":"<!-- This site is optimized with the Yoast SEO plugin v24.2 - https:\/\/yoast.com\/wordpress\/plugins\/seo\/ -->\n<title>Impulsaran investigaci\u00f3n con perspectiva humanista y de g\u00e9nero - Peri\u00f3dico Digital de Zacatecas<\/title>\n<meta name=\"robots\" content=\"index, follow, max-snippet:-1, max-image-preview:large, max-video-preview:-1\" \/>\n<link rel=\"canonical\" href=\"https:\/\/creston.com.mx\/index.php\/11\/impulsaran-investigacion-con-perspectiva-humanista-y-de-genero\/informacion-general\/2025\/\" \/>\n<meta property=\"og:locale\" content=\"es_ES\" \/>\n<meta property=\"og:type\" content=\"article\" \/>\n<meta property=\"og:title\" content=\"Impulsaran investigaci\u00f3n con perspectiva humanista y de g\u00e9nero - Peri\u00f3dico Digital de Zacatecas\" \/>\n<meta property=\"og:description\" content=\". La UAZ y Semujer firman convenio de colaboraci\u00f3n que permitir\u00e1 impulsar la formaci\u00f3n profesional. . La Universidad Aut\u00f3noma de Zacatecas, a trav\u00e9s del Doctorado en Humanidades con especialidad en&hellip;\" \/>\n<meta property=\"og:url\" content=\"https:\/\/creston.com.mx\/index.php\/11\/impulsaran-investigacion-con-perspectiva-humanista-y-de-genero\/informacion-general\/2025\/\" \/>\n<meta property=\"og:site_name\" content=\"Peri\u00f3dico Digital de Zacatecas\" \/>\n<meta property=\"article:published_time\" content=\"2025-11-20T02:19:00+00:00\" \/>\n<meta property=\"article:modified_time\" content=\"2025-11-26T17:29:44+00:00\" \/>\n<meta property=\"og:image\" content=\"https:\/\/creston.com.mx\/wp-content\/uploads\/2025\/11\/ConvenUAZ-y-Semujer02.jpeg\" \/>\n\t<meta property=\"og:image:width\" content=\"1280\" \/>\n\t<meta property=\"og:image:height\" content=\"960\" \/>\n\t<meta property=\"og:image:type\" content=\"image\/jpeg\" \/>\n<meta name=\"author\" content=\"Periodico Creston\" \/>\n<meta name=\"twitter:card\" content=\"summary_large_image\" \/>\n<meta name=\"twitter:label1\" content=\"Escrito por\" \/>\n\t<meta name=\"twitter:data1\" content=\"Periodico Creston\" \/>\n\t<meta name=\"twitter:label2\" content=\"Tiempo de lectura\" \/>\n\t<meta name=\"twitter:data2\" content=\"3 minutos\" \/>\n<script type=\"application\/ld+json\" class=\"yoast-schema-graph\">{\"@context\":\"https:\/\/schema.org\",\"@graph\":[{\"@type\":\"Article\",\"@id\":\"https:\/\/creston.com.mx\/index.php\/11\/impulsaran-investigacion-con-perspectiva-humanista-y-de-genero\/informacion-general\/2025\/#article\",\"isPartOf\":{\"@id\":\"https:\/\/creston.com.mx\/index.php\/11\/impulsaran-investigacion-con-perspectiva-humanista-y-de-genero\/informacion-general\/2025\/\"},\"author\":{\"name\":\"Periodico Creston\",\"@id\":\"https:\/\/creston.com.mx\/#\/schema\/person\/01f2ce9e289bc5300c759925ef768c1d\"},\"headline\":\"Impulsaran investigaci\u00f3n con perspectiva humanista y de g\u00e9nero\",\"datePublished\":\"2025-11-20T02:19:00+00:00\",\"dateModified\":\"2025-11-26T17:29:44+00:00\",\"mainEntityOfPage\":{\"@id\":\"https:\/\/creston.com.mx\/index.php\/11\/impulsaran-investigacion-con-perspectiva-humanista-y-de-genero\/informacion-general\/2025\/\"},\"wordCount\":470,\"commentCount\":0,\"publisher\":{\"@id\":\"https:\/\/creston.com.mx\/#organization\"},\"image\":{\"@id\":\"https:\/\/creston.com.mx\/index.php\/11\/impulsaran-investigacion-con-perspectiva-humanista-y-de-genero\/informacion-general\/2025\/#primaryimage\"},\"thumbnailUrl\":\"https:\/\/creston.com.mx\/wp-content\/uploads\/2025\/11\/ConvenUAZ-y-Semujer02.jpeg\",\"articleSection\":[\"Informaci\u00f3n General\"],\"inLanguage\":\"es\",\"potentialAction\":[{\"@type\":\"CommentAction\",\"name\":\"Comment\",\"target\":[\"https:\/\/creston.com.mx\/index.php\/11\/impulsaran-investigacion-con-perspectiva-humanista-y-de-genero\/informacion-general\/2025\/#respond\"]}]},{\"@type\":\"WebPage\",\"@id\":\"https:\/\/creston.com.mx\/index.php\/11\/impulsaran-investigacion-con-perspectiva-humanista-y-de-genero\/informacion-general\/2025\/\",\"url\":\"https:\/\/creston.com.mx\/index.php\/11\/impulsaran-investigacion-con-perspectiva-humanista-y-de-genero\/informacion-general\/2025\/\",\"name\":\"Impulsaran investigaci\u00f3n con perspectiva humanista y de g\u00e9nero - Peri\u00f3dico Digital de Zacatecas\",\"isPartOf\":{\"@id\":\"https:\/\/creston.com.mx\/#website\"},\"primaryImageOfPage\":{\"@id\":\"https:\/\/creston.com.mx\/index.php\/11\/impulsaran-investigacion-con-perspectiva-humanista-y-de-genero\/informacion-general\/2025\/#primaryimage\"},\"image\":{\"@id\":\"https:\/\/creston.com.mx\/index.php\/11\/impulsaran-investigacion-con-perspectiva-humanista-y-de-genero\/informacion-general\/2025\/#primaryimage\"},\"thumbnailUrl\":\"https:\/\/creston.com.mx\/wp-content\/uploads\/2025\/11\/ConvenUAZ-y-Semujer02.jpeg\",\"datePublished\":\"2025-11-20T02:19:00+00:00\",\"dateModified\":\"2025-11-26T17:29:44+00:00\",\"breadcrumb\":{\"@id\":\"https:\/\/creston.com.mx\/index.php\/11\/impulsaran-investigacion-con-perspectiva-humanista-y-de-genero\/informacion-general\/2025\/#breadcrumb\"},\"inLanguage\":\"es\",\"potentialAction\":[{\"@type\":\"ReadAction\",\"target\":[\"https:\/\/creston.com.mx\/index.php\/11\/impulsaran-investigacion-con-perspectiva-humanista-y-de-genero\/informacion-general\/2025\/\"]}]},{\"@type\":\"ImageObject\",\"inLanguage\":\"es\",\"@id\":\"https:\/\/creston.com.mx\/index.php\/11\/impulsaran-investigacion-con-perspectiva-humanista-y-de-genero\/informacion-general\/2025\/#primaryimage\",\"url\":\"https:\/\/creston.com.mx\/wp-content\/uploads\/2025\/11\/ConvenUAZ-y-Semujer02.jpeg\",\"contentUrl\":\"https:\/\/creston.com.mx\/wp-content\/uploads\/2025\/11\/ConvenUAZ-y-Semujer02.jpeg\",\"width\":1280,\"height\":960},{\"@type\":\"BreadcrumbList\",\"@id\":\"https:\/\/creston.com.mx\/index.php\/11\/impulsaran-investigacion-con-perspectiva-humanista-y-de-genero\/informacion-general\/2025\/#breadcrumb\",\"itemListElement\":[{\"@type\":\"ListItem\",\"position\":1,\"name\":\"Portada\",\"item\":\"https:\/\/creston.com.mx\/\"},{\"@type\":\"ListItem\",\"position\":2,\"name\":\"Impulsaran investigaci\u00f3n con perspectiva humanista y de g\u00e9nero\"}]},{\"@type\":\"WebSite\",\"@id\":\"https:\/\/creston.com.mx\/#website\",\"url\":\"https:\/\/creston.com.mx\/\",\"name\":\"Peri\u00f3dico Digital de Zacatecas\",\"description\":\"\",\"publisher\":{\"@id\":\"https:\/\/creston.com.mx\/#organization\"},\"potentialAction\":[{\"@type\":\"SearchAction\",\"target\":{\"@type\":\"EntryPoint\",\"urlTemplate\":\"https:\/\/creston.com.mx\/?s={search_term_string}\"},\"query-input\":{\"@type\":\"PropertyValueSpecification\",\"valueRequired\":true,\"valueName\":\"search_term_string\"}}],\"inLanguage\":\"es\"},{\"@type\":\"Organization\",\"@id\":\"https:\/\/creston.com.mx\/#organization\",\"name\":\"Peri\u00f3dico Digital de Zacatecas\",\"url\":\"https:\/\/creston.com.mx\/\",\"logo\":{\"@type\":\"ImageObject\",\"inLanguage\":\"es\",\"@id\":\"https:\/\/creston.com.mx\/#\/schema\/logo\/image\/\",\"url\":\"https:\/\/creston.com.mx\/wp-content\/uploads\/2026\/02\/cropped-Logo-Creston2.jpg\",\"contentUrl\":\"https:\/\/creston.com.mx\/wp-content\/uploads\/2026\/02\/cropped-Logo-Creston2.jpg\",\"width\":503,\"height\":194,\"caption\":\"Peri\u00f3dico Digital  de Zacatecas\"},\"image\":{\"@id\":\"https:\/\/creston.com.mx\/#\/schema\/logo\/image\/\"}},{\"@type\":\"Person\",\"@id\":\"https:\/\/creston.com.mx\/#\/schema\/person\/01f2ce9e289bc5300c759925ef768c1d\",\"name\":\"Periodico Creston\",\"image\":{\"@type\":\"ImageObject\",\"inLanguage\":\"es\",\"@id\":\"https:\/\/creston.com.mx\/#\/schema\/person\/image\/\",\"url\":\"https:\/\/secure.gravatar.com\/avatar\/c91eac1cf0d45897b6d294d474aa7713a194d460be0aaf72157553d050cda1c1?s=96&d=mm&r=g\",\"contentUrl\":\"https:\/\/secure.gravatar.com\/avatar\/c91eac1cf0d45897b6d294d474aa7713a194d460be0aaf72157553d050cda1c1?s=96&d=mm&r=g\",\"caption\":\"Periodico Creston\"},\"sameAs\":[\"https:\/\/creston.com.mx\"],\"url\":\"https:\/\/creston.com.mx\/index.php\/author\/cstnalja96\/\"}]}<\/script>\n<!-- \/ Yoast SEO plugin. -->","yoast_head_json":{"title":"Impulsaran investigaci\u00f3n con perspectiva humanista y de g\u00e9nero - Peri\u00f3dico Digital de Zacatecas","robots":{"index":"index","follow":"follow","max-snippet":"max-snippet:-1","max-image-preview":"max-image-preview:large","max-video-preview":"max-video-preview:-1"},"canonical":"https:\/\/creston.com.mx\/index.php\/11\/impulsaran-investigacion-con-perspectiva-humanista-y-de-genero\/informacion-general\/2025\/","og_locale":"es_ES","og_type":"article","og_title":"Impulsaran investigaci\u00f3n con perspectiva humanista y de g\u00e9nero - Peri\u00f3dico Digital de Zacatecas","og_description":". La UAZ y Semujer firman convenio de colaboraci\u00f3n que permitir\u00e1 impulsar la formaci\u00f3n profesional. . La Universidad Aut\u00f3noma de Zacatecas, a trav\u00e9s del Doctorado en Humanidades con especialidad en&hellip;","og_url":"https:\/\/creston.com.mx\/index.php\/11\/impulsaran-investigacion-con-perspectiva-humanista-y-de-genero\/informacion-general\/2025\/","og_site_name":"Peri\u00f3dico Digital de Zacatecas","article_published_time":"2025-11-20T02:19:00+00:00","article_modified_time":"2025-11-26T17:29:44+00:00","og_image":[{"width":1280,"height":960,"url":"https:\/\/creston.com.mx\/wp-content\/uploads\/2025\/11\/ConvenUAZ-y-Semujer02.jpeg","type":"image\/jpeg"}],"author":"Periodico Creston","twitter_card":"summary_large_image","twitter_misc":{"Escrito por":"Periodico Creston","Tiempo de lectura":"3 minutos"},"schema":{"@context":"https:\/\/schema.org","@graph":[{"@type":"Article","@id":"https:\/\/creston.com.mx\/index.php\/11\/impulsaran-investigacion-con-perspectiva-humanista-y-de-genero\/informacion-general\/2025\/#article","isPartOf":{"@id":"https:\/\/creston.com.mx\/index.php\/11\/impulsaran-investigacion-con-perspectiva-humanista-y-de-genero\/informacion-general\/2025\/"},"author":{"name":"Periodico Creston","@id":"https:\/\/creston.com.mx\/#\/schema\/person\/01f2ce9e289bc5300c759925ef768c1d"},"headline":"Impulsaran investigaci\u00f3n con perspectiva humanista y de g\u00e9nero","datePublished":"2025-11-20T02:19:00+00:00","dateModified":"2025-11-26T17:29:44+00:00","mainEntityOfPage":{"@id":"https:\/\/creston.com.mx\/index.php\/11\/impulsaran-investigacion-con-perspectiva-humanista-y-de-genero\/informacion-general\/2025\/"},"wordCount":470,"commentCount":0,"publisher":{"@id":"https:\/\/creston.com.mx\/#organization"},"image":{"@id":"https:\/\/creston.com.mx\/index.php\/11\/impulsaran-investigacion-con-perspectiva-humanista-y-de-genero\/informacion-general\/2025\/#primaryimage"},"thumbnailUrl":"https:\/\/creston.com.mx\/wp-content\/uploads\/2025\/11\/ConvenUAZ-y-Semujer02.jpeg","articleSection":["Informaci\u00f3n General"],"inLanguage":"es","potentialAction":[{"@type":"CommentAction","name":"Comment","target":["https:\/\/creston.com.mx\/index.php\/11\/impulsaran-investigacion-con-perspectiva-humanista-y-de-genero\/informacion-general\/2025\/#respond"]}]},{"@type":"WebPage","@id":"https:\/\/creston.com.mx\/index.php\/11\/impulsaran-investigacion-con-perspectiva-humanista-y-de-genero\/informacion-general\/2025\/","url":"https:\/\/creston.com.mx\/index.php\/11\/impulsaran-investigacion-con-perspectiva-humanista-y-de-genero\/informacion-general\/2025\/","name":"Impulsaran investigaci\u00f3n con perspectiva humanista y de g\u00e9nero - Peri\u00f3dico Digital de Zacatecas","isPartOf":{"@id":"https:\/\/creston.com.mx\/#website"},"primaryImageOfPage":{"@id":"https:\/\/creston.com.mx\/index.php\/11\/impulsaran-investigacion-con-perspectiva-humanista-y-de-genero\/informacion-general\/2025\/#primaryimage"},"image":{"@id":"https:\/\/creston.com.mx\/index.php\/11\/impulsaran-investigacion-con-perspectiva-humanista-y-de-genero\/informacion-general\/2025\/#primaryimage"},"thumbnailUrl":"https:\/\/creston.com.mx\/wp-content\/uploads\/2025\/11\/ConvenUAZ-y-Semujer02.jpeg","datePublished":"2025-11-20T02:19:00+00:00","dateModified":"2025-11-26T17:29:44+00:00","breadcrumb":{"@id":"https:\/\/creston.com.mx\/index.php\/11\/impulsaran-investigacion-con-perspectiva-humanista-y-de-genero\/informacion-general\/2025\/#breadcrumb"},"inLanguage":"es","potentialAction":[{"@type":"ReadAction","target":["https:\/\/creston.com.mx\/index.php\/11\/impulsaran-investigacion-con-perspectiva-humanista-y-de-genero\/informacion-general\/2025\/"]}]},{"@type":"ImageObject","inLanguage":"es","@id":"https:\/\/creston.com.mx\/index.php\/11\/impulsaran-investigacion-con-perspectiva-humanista-y-de-genero\/informacion-general\/2025\/#primaryimage","url":"https:\/\/creston.com.mx\/wp-content\/uploads\/2025\/11\/ConvenUAZ-y-Semujer02.jpeg","contentUrl":"https:\/\/creston.com.mx\/wp-content\/uploads\/2025\/11\/ConvenUAZ-y-Semujer02.jpeg","width":1280,"height":960},{"@type":"BreadcrumbList","@id":"https:\/\/creston.com.mx\/index.php\/11\/impulsaran-investigacion-con-perspectiva-humanista-y-de-genero\/informacion-general\/2025\/#breadcrumb","itemListElement":[{"@type":"ListItem","position":1,"name":"Portada","item":"https:\/\/creston.com.mx\/"},{"@type":"ListItem","position":2,"name":"Impulsaran investigaci\u00f3n con perspectiva humanista y de g\u00e9nero"}]},{"@type":"WebSite","@id":"https:\/\/creston.com.mx\/#website","url":"https:\/\/creston.com.mx\/","name":"Peri\u00f3dico Digital de Zacatecas","description":"","publisher":{"@id":"https:\/\/creston.com.mx\/#organization"},"potentialAction":[{"@type":"SearchAction","target":{"@type":"EntryPoint","urlTemplate":"https:\/\/creston.com.mx\/?s={search_term_string}"},"query-input":{"@type":"PropertyValueSpecification","valueRequired":true,"valueName":"search_term_string"}}],"inLanguage":"es"},{"@type":"Organization","@id":"https:\/\/creston.com.mx\/#organization","name":"Peri\u00f3dico Digital de Zacatecas","url":"https:\/\/creston.com.mx\/","logo":{"@type":"ImageObject","inLanguage":"es","@id":"https:\/\/creston.com.mx\/#\/schema\/logo\/image\/","url":"https:\/\/creston.com.mx\/wp-content\/uploads\/2026\/02\/cropped-Logo-Creston2.jpg","contentUrl":"https:\/\/creston.com.mx\/wp-content\/uploads\/2026\/02\/cropped-Logo-Creston2.jpg","width":503,"height":194,"caption":"Peri\u00f3dico Digital  de Zacatecas"},"image":{"@id":"https:\/\/creston.com.mx\/#\/schema\/logo\/image\/"}},{"@type":"Person","@id":"https:\/\/creston.com.mx\/#\/schema\/person\/01f2ce9e289bc5300c759925ef768c1d","name":"Periodico Creston","image":{"@type":"ImageObject","inLanguage":"es","@id":"https:\/\/creston.com.mx\/#\/schema\/person\/image\/","url":"https:\/\/secure.gravatar.com\/avatar\/c91eac1cf0d45897b6d294d474aa7713a194d460be0aaf72157553d050cda1c1?s=96&d=mm&r=g","contentUrl":"https:\/\/secure.gravatar.com\/avatar\/c91eac1cf0d45897b6d294d474aa7713a194d460be0aaf72157553d050cda1c1?s=96&d=mm&r=g","caption":"Periodico Creston"},"sameAs":["https:\/\/creston.com.mx"],"url":"https:\/\/creston.com.mx\/index.php\/author\/cstnalja96\/"}]}},"jetpack_sharing_enabled":true,"jetpack_featured_media_url":"https:\/\/creston.com.mx\/wp-content\/uploads\/2025\/11\/ConvenUAZ-y-Semujer02.jpeg","_links":{"self":[{"href":"https:\/\/creston.com.mx\/index.php\/wp-json\/wp\/v2\/posts\/2067","targetHints":{"allow":["GET"]}}],"collection":[{"href":"https:\/\/creston.com.mx\/index.php\/wp-json\/wp\/v2\/posts"}],"about":[{"href":"https:\/\/creston.com.mx\/index.php\/wp-json\/wp\/v2\/types\/post"}],"author":[{"embeddable":true,"href":"https:\/\/creston.com.mx\/index.php\/wp-json\/wp\/v2\/users\/1"}],"replies":[{"embeddable":true,"href":"https:\/\/creston.com.mx\/index.php\/wp-json\/wp\/v2\/comments?post=2067"}],"version-history":[{"count":1,"href":"https:\/\/creston.com.mx\/index.php\/wp-json\/wp\/v2\/posts\/2067\/revisions"}],"predecessor-version":[{"id":2070,"href":"https:\/\/creston.com.mx\/index.php\/wp-json\/wp\/v2\/posts\/2067\/revisions\/2070"}],"wp:featuredmedia":[{"embeddable":true,"href":"https:\/\/creston.com.mx\/index.php\/wp-json\/wp\/v2\/media\/2069"}],"wp:attachment":[{"href":"https:\/\/creston.com.mx\/index.php\/wp-json\/wp\/v2\/media?parent=2067"}],"wp:term":[{"taxonomy":"category","embeddable":true,"href":"https:\/\/creston.com.mx\/index.php\/wp-json\/wp\/v2\/categories?post=2067"},{"taxonomy":"post_tag","embeddable":true,"href":"https:\/\/creston.com.mx\/index.php\/wp-json\/wp\/v2\/tags?post=2067"}],"curies":[{"name":"wp","href":"https:\/\/api.w.org\/{rel}","templated":true}]}}