{"id":202,"date":"2025-01-21T22:11:56","date_gmt":"2025-01-21T22:11:56","guid":{"rendered":"https:\/\/creston.com.mx\/?p=202"},"modified":"2025-01-21T22:11:58","modified_gmt":"2025-01-21T22:11:58","slug":"condena-saul-monreal-actitud-xenofobica-y-racista-de-trump","status":"publish","type":"post","link":"https:\/\/creston.com.mx\/index.php\/01\/condena-saul-monreal-actitud-xenofobica-y-racista-de-trump\/politica\/2025\/","title":{"rendered":"Condena Sa\u00fal Monreal actitud xenof\u00f3bica y racista de Trump"},"content":{"rendered":"\n<p class=\"has-medium-font-size\"><em><strong>El senador de la Rep\u00fablica conden\u00f3 que un zacatecano haya sido el primer migrante deportado; s\u00e9 que el gobierno de M\u00e9xico de la presidenta Sheinbaum Pardo lo ayudar\u00e1<\/strong><\/em><\/p>\n\n\n\n<p>.<\/p>\n\n\n\n<p>Al enterarse que fue un zacatecano el primer migrante deportado en la nueva era de Donald Trump, el senador de la Rep\u00fablica, Sa\u00fal Monreal \u00c1vila reprob\u00f3 tajantemente la actitud xenof\u00f3bica y racista del presidente n\u00famero 47 de los EU, ante ello, el pol\u00edtico de Fresnillo respald\u00f3 a la presidenta Claudia Sheinbaum Pardo en su pol\u00edtica migratoria para ayudar a los migrantes, ante las amenazas de quien ya gobern\u00f3 el pa\u00eds vecino.<\/p>\n\n\n\n<p>\u201cNo es de un buen vecino las amenazas de quien se supone tambi\u00e9n es un socio comercial, no se vale esa actitud de este presidente (Trump) que s\u00f3lo infunde miedo. Nuestra solidaridad para nuestro migrante Mart\u00edn Escare\u00f1o D\u00edaz, originario de Guadalupe, Zacatecas, quien se convirti\u00f3 en el primer mexicano deportado\u201d.<\/p>\n\n\n\n<p>En conferencia de prensa, el senador Monreal inform\u00f3 que ya viene el primer per\u00edodo de sesiones para el 1 de febrero. Asimismo, detall\u00f3 las principales prioridades legislativas para dicho periodo legislativo, subrayando su compromiso con la defensa de la soberan\u00eda nacional y con reformas clave para el desarrollo del pa\u00eds. \u201cEstamos trabajando ya un paquete de iniciativas de ley en diferentes t\u00f3picos\u201d.<\/p>\n\n\n\n<p><strong><em>LA SOBERAN\u00cdA DE M\u00c9XICO<\/em><\/strong><\/p>\n\n\n\n<p>En otro orden de ideas, Monreal \u00c1vila enfatiz\u00f3 la importancia de fortalecer la soberan\u00eda de M\u00e9xico ante cualquier intento de injerencia externa, adelant\u00f3 que, el Senado asumir\u00e1 un papel vigilante y activo en la protecci\u00f3n de la soberan\u00eda nacional. \u201cNo permitiremos intromisiones ni amenazas a nuestra independencia, como senador, hemos decidido cerrar filas con la doctora Sheinbaum Pardo para garantizar un pa\u00eds fuerte y soberano\u201d.<\/p>\n\n\n\n<p>Record\u00f3 el senador de la Rep\u00fablica parte de la agenda legislativa que tendr\u00e1 a partir del 1 de febrero.<\/p>\n\n\n\n<p>Durante su encuentro con medios de comunicaci\u00f3n, Sa\u00fal Monreal desglos\u00f3 las iniciativas prioritarias que se discutir\u00e1n en este nuevo periodo, destacando:<\/p>\n\n\n\n<p>Reforma pol\u00edtico-electoral: busca la reducci\u00f3n de los diputados plurinominales, la prohibici\u00f3n de la reelecci\u00f3n y del nepotismo.<\/p>\n\n\n\n<p>Reforma minera: propone la regulaci\u00f3n ambiental, mejoras en las condiciones laborales y un enfoque en el desarrollo econ\u00f3mico sostenible, con especial atenci\u00f3n a estados mineros como Zacatecas y.<\/p>\n\n\n\n<p>La prohibici\u00f3n del ma\u00edz transg\u00e9nico: una medida urgente y fundamental para fortalecer la soberan\u00eda alimentaria del pa\u00eds y proteger la biodiversidad.<\/p>\n\n\n\n<p><strong><em>OTRAS REFORMAS QUE VIENEN<\/em><\/strong><\/p>\n\n\n\n<p>Anunci\u00f3 el senador zacatecano que se impulsar\u00e1n iniciativas en favor de los pueblos originarios y reformas para fortalecer la Guardia Nacional, priorizando la seguridad en comunidades vulnerables. \u201cZacatecas siempre ser\u00e1 una prioridad\u201d.<\/p>\n\n\n\n<p>Igual de importante, se\u00f1al\u00f3, Monreal \u00c1vila ser\u00e1 el proceso de la selecci\u00f3n de nuevos ministros y magistrados que concluir\u00e1 el 31 de enero, momento procesal justo en que se enviar\u00e1 al Senado la lista definitiva de los aspirantes a ministros y magistrados. Subray\u00f3 la importancia de garantizar un Poder Judicial s\u00f3lido y confiable, que responda a las necesidades del pa\u00eds. Ante las preguntas expresas de los medios de comunicaci\u00f3n, sobre el impacto de la reforma minera en Zacatecas, el senador subray\u00f3 la urgencia de establecer regulaciones que equilibren el desarrollo econ\u00f3mico con la protecci\u00f3n ambiental y laboral. \u201cDesde la Comisi\u00f3n de Minas, trabajo de la mano con la industria para implementar medidas que beneficien tanto al sector como a las comunidades zacatecanas\u201d.<\/p>\n","protected":false},"excerpt":{"rendered":"<p>El senador de la Rep\u00fablica conden\u00f3 que un zacatecano haya sido el primer migrante deportado; s\u00e9 que el gobierno de M\u00e9xico de la presidenta Sheinbaum Pardo lo ayudar\u00e1 . Al&hellip; <\/p>\n","protected":false},"author":1,"featured_media":203,"comment_status":"open","ping_status":"closed","sticky":false,"template":"","format":"standard","meta":{"_jetpack_memberships_contains_paid_content":false,"footnotes":""},"categories":[2],"tags":[],"class_list":["post-202","post","type-post","status-publish","format-standard","has-post-thumbnail","hentry","category-politica"],"yoast_head":"<!-- This site is optimized with the Yoast SEO plugin v24.2 - https:\/\/yoast.com\/wordpress\/plugins\/seo\/ -->\n<title>Condena Sa\u00fal Monreal actitud xenof\u00f3bica y racista de Trump - Peri\u00f3dico Digital de Zacatecas<\/title>\n<meta name=\"robots\" content=\"index, follow, max-snippet:-1, max-image-preview:large, max-video-preview:-1\" \/>\n<link rel=\"canonical\" href=\"https:\/\/creston.com.mx\/index.php\/01\/condena-saul-monreal-actitud-xenofobica-y-racista-de-trump\/politica\/2025\/\" \/>\n<meta property=\"og:locale\" content=\"es_ES\" \/>\n<meta property=\"og:type\" content=\"article\" \/>\n<meta property=\"og:title\" content=\"Condena Sa\u00fal Monreal actitud xenof\u00f3bica y racista de Trump - Peri\u00f3dico Digital de Zacatecas\" \/>\n<meta property=\"og:description\" content=\"El senador de la Rep\u00fablica conden\u00f3 que un zacatecano haya sido el primer migrante deportado; s\u00e9 que el gobierno de M\u00e9xico de la presidenta Sheinbaum Pardo lo ayudar\u00e1 . Al&hellip;\" \/>\n<meta property=\"og:url\" content=\"https:\/\/creston.com.mx\/index.php\/01\/condena-saul-monreal-actitud-xenofobica-y-racista-de-trump\/politica\/2025\/\" \/>\n<meta property=\"og:site_name\" content=\"Peri\u00f3dico Digital de Zacatecas\" \/>\n<meta property=\"article:published_time\" content=\"2025-01-21T22:11:56+00:00\" \/>\n<meta property=\"article:modified_time\" content=\"2025-01-21T22:11:58+00:00\" \/>\n<meta property=\"og:image\" content=\"https:\/\/creston.com.mx\/wp-content\/uploads\/2025\/01\/IMG-20250120-WA0032.jpg\" \/>\n\t<meta property=\"og:image:width\" content=\"1600\" \/>\n\t<meta property=\"og:image:height\" content=\"1200\" \/>\n\t<meta property=\"og:image:type\" content=\"image\/jpeg\" \/>\n<meta name=\"author\" content=\"Periodico Creston\" \/>\n<meta name=\"twitter:card\" content=\"summary_large_image\" \/>\n<meta name=\"twitter:label1\" content=\"Escrito por\" \/>\n\t<meta name=\"twitter:data1\" content=\"Periodico Creston\" \/>\n\t<meta name=\"twitter:label2\" content=\"Tiempo de lectura\" \/>\n\t<meta name=\"twitter:data2\" content=\"3 minutos\" \/>\n<script type=\"application\/ld+json\" class=\"yoast-schema-graph\">{\"@context\":\"https:\/\/schema.org\",\"@graph\":[{\"@type\":\"Article\",\"@id\":\"https:\/\/creston.com.mx\/index.php\/01\/condena-saul-monreal-actitud-xenofobica-y-racista-de-trump\/politica\/2025\/#article\",\"isPartOf\":{\"@id\":\"https:\/\/creston.com.mx\/index.php\/01\/condena-saul-monreal-actitud-xenofobica-y-racista-de-trump\/politica\/2025\/\"},\"author\":{\"name\":\"Periodico Creston\",\"@id\":\"https:\/\/creston.com.mx\/#\/schema\/person\/01f2ce9e289bc5300c759925ef768c1d\"},\"headline\":\"Condena Sa\u00fal Monreal actitud xenof\u00f3bica y racista de Trump\",\"datePublished\":\"2025-01-21T22:11:56+00:00\",\"dateModified\":\"2025-01-21T22:11:58+00:00\",\"mainEntityOfPage\":{\"@id\":\"https:\/\/creston.com.mx\/index.php\/01\/condena-saul-monreal-actitud-xenofobica-y-racista-de-trump\/politica\/2025\/\"},\"wordCount\":601,\"commentCount\":0,\"publisher\":{\"@id\":\"https:\/\/creston.com.mx\/#organization\"},\"image\":{\"@id\":\"https:\/\/creston.com.mx\/index.php\/01\/condena-saul-monreal-actitud-xenofobica-y-racista-de-trump\/politica\/2025\/#primaryimage\"},\"thumbnailUrl\":\"https:\/\/creston.com.mx\/wp-content\/uploads\/2025\/01\/IMG-20250120-WA0032.jpg\",\"articleSection\":[\"Pol\u00edtica\"],\"inLanguage\":\"es\",\"potentialAction\":[{\"@type\":\"CommentAction\",\"name\":\"Comment\",\"target\":[\"https:\/\/creston.com.mx\/index.php\/01\/condena-saul-monreal-actitud-xenofobica-y-racista-de-trump\/politica\/2025\/#respond\"]}]},{\"@type\":\"WebPage\",\"@id\":\"https:\/\/creston.com.mx\/index.php\/01\/condena-saul-monreal-actitud-xenofobica-y-racista-de-trump\/politica\/2025\/\",\"url\":\"https:\/\/creston.com.mx\/index.php\/01\/condena-saul-monreal-actitud-xenofobica-y-racista-de-trump\/politica\/2025\/\",\"name\":\"Condena Sa\u00fal Monreal actitud xenof\u00f3bica y racista de Trump - Peri\u00f3dico Digital de Zacatecas\",\"isPartOf\":{\"@id\":\"https:\/\/creston.com.mx\/#website\"},\"primaryImageOfPage\":{\"@id\":\"https:\/\/creston.com.mx\/index.php\/01\/condena-saul-monreal-actitud-xenofobica-y-racista-de-trump\/politica\/2025\/#primaryimage\"},\"image\":{\"@id\":\"https:\/\/creston.com.mx\/index.php\/01\/condena-saul-monreal-actitud-xenofobica-y-racista-de-trump\/politica\/2025\/#primaryimage\"},\"thumbnailUrl\":\"https:\/\/creston.com.mx\/wp-content\/uploads\/2025\/01\/IMG-20250120-WA0032.jpg\",\"datePublished\":\"2025-01-21T22:11:56+00:00\",\"dateModified\":\"2025-01-21T22:11:58+00:00\",\"breadcrumb\":{\"@id\":\"https:\/\/creston.com.mx\/index.php\/01\/condena-saul-monreal-actitud-xenofobica-y-racista-de-trump\/politica\/2025\/#breadcrumb\"},\"inLanguage\":\"es\",\"potentialAction\":[{\"@type\":\"ReadAction\",\"target\":[\"https:\/\/creston.com.mx\/index.php\/01\/condena-saul-monreal-actitud-xenofobica-y-racista-de-trump\/politica\/2025\/\"]}]},{\"@type\":\"ImageObject\",\"inLanguage\":\"es\",\"@id\":\"https:\/\/creston.com.mx\/index.php\/01\/condena-saul-monreal-actitud-xenofobica-y-racista-de-trump\/politica\/2025\/#primaryimage\",\"url\":\"https:\/\/creston.com.mx\/wp-content\/uploads\/2025\/01\/IMG-20250120-WA0032.jpg\",\"contentUrl\":\"https:\/\/creston.com.mx\/wp-content\/uploads\/2025\/01\/IMG-20250120-WA0032.jpg\",\"width\":1600,\"height\":1200},{\"@type\":\"BreadcrumbList\",\"@id\":\"https:\/\/creston.com.mx\/index.php\/01\/condena-saul-monreal-actitud-xenofobica-y-racista-de-trump\/politica\/2025\/#breadcrumb\",\"itemListElement\":[{\"@type\":\"ListItem\",\"position\":1,\"name\":\"Portada\",\"item\":\"https:\/\/creston.com.mx\/\"},{\"@type\":\"ListItem\",\"position\":2,\"name\":\"Condena Sa\u00fal Monreal actitud xenof\u00f3bica y racista de Trump\"}]},{\"@type\":\"WebSite\",\"@id\":\"https:\/\/creston.com.mx\/#website\",\"url\":\"https:\/\/creston.com.mx\/\",\"name\":\"Peri\u00f3dico Digital de Zacatecas\",\"description\":\"\",\"publisher\":{\"@id\":\"https:\/\/creston.com.mx\/#organization\"},\"potentialAction\":[{\"@type\":\"SearchAction\",\"target\":{\"@type\":\"EntryPoint\",\"urlTemplate\":\"https:\/\/creston.com.mx\/?s={search_term_string}\"},\"query-input\":{\"@type\":\"PropertyValueSpecification\",\"valueRequired\":true,\"valueName\":\"search_term_string\"}}],\"inLanguage\":\"es\"},{\"@type\":\"Organization\",\"@id\":\"https:\/\/creston.com.mx\/#organization\",\"name\":\"Peri\u00f3dico Digital de Zacatecas\",\"url\":\"https:\/\/creston.com.mx\/\",\"logo\":{\"@type\":\"ImageObject\",\"inLanguage\":\"es\",\"@id\":\"https:\/\/creston.com.mx\/#\/schema\/logo\/image\/\",\"url\":\"https:\/\/creston.com.mx\/wp-content\/uploads\/2026\/02\/cropped-Logo-Creston2.jpg\",\"contentUrl\":\"https:\/\/creston.com.mx\/wp-content\/uploads\/2026\/02\/cropped-Logo-Creston2.jpg\",\"width\":503,\"height\":194,\"caption\":\"Peri\u00f3dico Digital  de Zacatecas\"},\"image\":{\"@id\":\"https:\/\/creston.com.mx\/#\/schema\/logo\/image\/\"}},{\"@type\":\"Person\",\"@id\":\"https:\/\/creston.com.mx\/#\/schema\/person\/01f2ce9e289bc5300c759925ef768c1d\",\"name\":\"Periodico Creston\",\"image\":{\"@type\":\"ImageObject\",\"inLanguage\":\"es\",\"@id\":\"https:\/\/creston.com.mx\/#\/schema\/person\/image\/\",\"url\":\"https:\/\/secure.gravatar.com\/avatar\/c91eac1cf0d45897b6d294d474aa7713a194d460be0aaf72157553d050cda1c1?s=96&d=mm&r=g\",\"contentUrl\":\"https:\/\/secure.gravatar.com\/avatar\/c91eac1cf0d45897b6d294d474aa7713a194d460be0aaf72157553d050cda1c1?s=96&d=mm&r=g\",\"caption\":\"Periodico Creston\"},\"sameAs\":[\"https:\/\/creston.com.mx\"],\"url\":\"https:\/\/creston.com.mx\/index.php\/author\/cstnalja96\/\"}]}<\/script>\n<!-- \/ Yoast SEO plugin. -->","yoast_head_json":{"title":"Condena Sa\u00fal Monreal actitud xenof\u00f3bica y racista de Trump - Peri\u00f3dico Digital de Zacatecas","robots":{"index":"index","follow":"follow","max-snippet":"max-snippet:-1","max-image-preview":"max-image-preview:large","max-video-preview":"max-video-preview:-1"},"canonical":"https:\/\/creston.com.mx\/index.php\/01\/condena-saul-monreal-actitud-xenofobica-y-racista-de-trump\/politica\/2025\/","og_locale":"es_ES","og_type":"article","og_title":"Condena Sa\u00fal Monreal actitud xenof\u00f3bica y racista de Trump - Peri\u00f3dico Digital de Zacatecas","og_description":"El senador de la Rep\u00fablica conden\u00f3 que un zacatecano haya sido el primer migrante deportado; s\u00e9 que el gobierno de M\u00e9xico de la presidenta Sheinbaum Pardo lo ayudar\u00e1 . Al&hellip;","og_url":"https:\/\/creston.com.mx\/index.php\/01\/condena-saul-monreal-actitud-xenofobica-y-racista-de-trump\/politica\/2025\/","og_site_name":"Peri\u00f3dico Digital de Zacatecas","article_published_time":"2025-01-21T22:11:56+00:00","article_modified_time":"2025-01-21T22:11:58+00:00","og_image":[{"width":1600,"height":1200,"url":"https:\/\/creston.com.mx\/wp-content\/uploads\/2025\/01\/IMG-20250120-WA0032.jpg","type":"image\/jpeg"}],"author":"Periodico Creston","twitter_card":"summary_large_image","twitter_misc":{"Escrito por":"Periodico Creston","Tiempo de lectura":"3 minutos"},"schema":{"@context":"https:\/\/schema.org","@graph":[{"@type":"Article","@id":"https:\/\/creston.com.mx\/index.php\/01\/condena-saul-monreal-actitud-xenofobica-y-racista-de-trump\/politica\/2025\/#article","isPartOf":{"@id":"https:\/\/creston.com.mx\/index.php\/01\/condena-saul-monreal-actitud-xenofobica-y-racista-de-trump\/politica\/2025\/"},"author":{"name":"Periodico Creston","@id":"https:\/\/creston.com.mx\/#\/schema\/person\/01f2ce9e289bc5300c759925ef768c1d"},"headline":"Condena Sa\u00fal Monreal actitud xenof\u00f3bica y racista de Trump","datePublished":"2025-01-21T22:11:56+00:00","dateModified":"2025-01-21T22:11:58+00:00","mainEntityOfPage":{"@id":"https:\/\/creston.com.mx\/index.php\/01\/condena-saul-monreal-actitud-xenofobica-y-racista-de-trump\/politica\/2025\/"},"wordCount":601,"commentCount":0,"publisher":{"@id":"https:\/\/creston.com.mx\/#organization"},"image":{"@id":"https:\/\/creston.com.mx\/index.php\/01\/condena-saul-monreal-actitud-xenofobica-y-racista-de-trump\/politica\/2025\/#primaryimage"},"thumbnailUrl":"https:\/\/creston.com.mx\/wp-content\/uploads\/2025\/01\/IMG-20250120-WA0032.jpg","articleSection":["Pol\u00edtica"],"inLanguage":"es","potentialAction":[{"@type":"CommentAction","name":"Comment","target":["https:\/\/creston.com.mx\/index.php\/01\/condena-saul-monreal-actitud-xenofobica-y-racista-de-trump\/politica\/2025\/#respond"]}]},{"@type":"WebPage","@id":"https:\/\/creston.com.mx\/index.php\/01\/condena-saul-monreal-actitud-xenofobica-y-racista-de-trump\/politica\/2025\/","url":"https:\/\/creston.com.mx\/index.php\/01\/condena-saul-monreal-actitud-xenofobica-y-racista-de-trump\/politica\/2025\/","name":"Condena Sa\u00fal Monreal actitud xenof\u00f3bica y racista de Trump - Peri\u00f3dico Digital de Zacatecas","isPartOf":{"@id":"https:\/\/creston.com.mx\/#website"},"primaryImageOfPage":{"@id":"https:\/\/creston.com.mx\/index.php\/01\/condena-saul-monreal-actitud-xenofobica-y-racista-de-trump\/politica\/2025\/#primaryimage"},"image":{"@id":"https:\/\/creston.com.mx\/index.php\/01\/condena-saul-monreal-actitud-xenofobica-y-racista-de-trump\/politica\/2025\/#primaryimage"},"thumbnailUrl":"https:\/\/creston.com.mx\/wp-content\/uploads\/2025\/01\/IMG-20250120-WA0032.jpg","datePublished":"2025-01-21T22:11:56+00:00","dateModified":"2025-01-21T22:11:58+00:00","breadcrumb":{"@id":"https:\/\/creston.com.mx\/index.php\/01\/condena-saul-monreal-actitud-xenofobica-y-racista-de-trump\/politica\/2025\/#breadcrumb"},"inLanguage":"es","potentialAction":[{"@type":"ReadAction","target":["https:\/\/creston.com.mx\/index.php\/01\/condena-saul-monreal-actitud-xenofobica-y-racista-de-trump\/politica\/2025\/"]}]},{"@type":"ImageObject","inLanguage":"es","@id":"https:\/\/creston.com.mx\/index.php\/01\/condena-saul-monreal-actitud-xenofobica-y-racista-de-trump\/politica\/2025\/#primaryimage","url":"https:\/\/creston.com.mx\/wp-content\/uploads\/2025\/01\/IMG-20250120-WA0032.jpg","contentUrl":"https:\/\/creston.com.mx\/wp-content\/uploads\/2025\/01\/IMG-20250120-WA0032.jpg","width":1600,"height":1200},{"@type":"BreadcrumbList","@id":"https:\/\/creston.com.mx\/index.php\/01\/condena-saul-monreal-actitud-xenofobica-y-racista-de-trump\/politica\/2025\/#breadcrumb","itemListElement":[{"@type":"ListItem","position":1,"name":"Portada","item":"https:\/\/creston.com.mx\/"},{"@type":"ListItem","position":2,"name":"Condena Sa\u00fal Monreal actitud xenof\u00f3bica y racista de Trump"}]},{"@type":"WebSite","@id":"https:\/\/creston.com.mx\/#website","url":"https:\/\/creston.com.mx\/","name":"Peri\u00f3dico Digital de Zacatecas","description":"","publisher":{"@id":"https:\/\/creston.com.mx\/#organization"},"potentialAction":[{"@type":"SearchAction","target":{"@type":"EntryPoint","urlTemplate":"https:\/\/creston.com.mx\/?s={search_term_string}"},"query-input":{"@type":"PropertyValueSpecification","valueRequired":true,"valueName":"search_term_string"}}],"inLanguage":"es"},{"@type":"Organization","@id":"https:\/\/creston.com.mx\/#organization","name":"Peri\u00f3dico Digital de Zacatecas","url":"https:\/\/creston.com.mx\/","logo":{"@type":"ImageObject","inLanguage":"es","@id":"https:\/\/creston.com.mx\/#\/schema\/logo\/image\/","url":"https:\/\/creston.com.mx\/wp-content\/uploads\/2026\/02\/cropped-Logo-Creston2.jpg","contentUrl":"https:\/\/creston.com.mx\/wp-content\/uploads\/2026\/02\/cropped-Logo-Creston2.jpg","width":503,"height":194,"caption":"Peri\u00f3dico Digital  de Zacatecas"},"image":{"@id":"https:\/\/creston.com.mx\/#\/schema\/logo\/image\/"}},{"@type":"Person","@id":"https:\/\/creston.com.mx\/#\/schema\/person\/01f2ce9e289bc5300c759925ef768c1d","name":"Periodico Creston","image":{"@type":"ImageObject","inLanguage":"es","@id":"https:\/\/creston.com.mx\/#\/schema\/person\/image\/","url":"https:\/\/secure.gravatar.com\/avatar\/c91eac1cf0d45897b6d294d474aa7713a194d460be0aaf72157553d050cda1c1?s=96&d=mm&r=g","contentUrl":"https:\/\/secure.gravatar.com\/avatar\/c91eac1cf0d45897b6d294d474aa7713a194d460be0aaf72157553d050cda1c1?s=96&d=mm&r=g","caption":"Periodico Creston"},"sameAs":["https:\/\/creston.com.mx"],"url":"https:\/\/creston.com.mx\/index.php\/author\/cstnalja96\/"}]}},"jetpack_sharing_enabled":true,"jetpack_featured_media_url":"https:\/\/creston.com.mx\/wp-content\/uploads\/2025\/01\/IMG-20250120-WA0032.jpg","_links":{"self":[{"href":"https:\/\/creston.com.mx\/index.php\/wp-json\/wp\/v2\/posts\/202","targetHints":{"allow":["GET"]}}],"collection":[{"href":"https:\/\/creston.com.mx\/index.php\/wp-json\/wp\/v2\/posts"}],"about":[{"href":"https:\/\/creston.com.mx\/index.php\/wp-json\/wp\/v2\/types\/post"}],"author":[{"embeddable":true,"href":"https:\/\/creston.com.mx\/index.php\/wp-json\/wp\/v2\/users\/1"}],"replies":[{"embeddable":true,"href":"https:\/\/creston.com.mx\/index.php\/wp-json\/wp\/v2\/comments?post=202"}],"version-history":[{"count":1,"href":"https:\/\/creston.com.mx\/index.php\/wp-json\/wp\/v2\/posts\/202\/revisions"}],"predecessor-version":[{"id":204,"href":"https:\/\/creston.com.mx\/index.php\/wp-json\/wp\/v2\/posts\/202\/revisions\/204"}],"wp:featuredmedia":[{"embeddable":true,"href":"https:\/\/creston.com.mx\/index.php\/wp-json\/wp\/v2\/media\/203"}],"wp:attachment":[{"href":"https:\/\/creston.com.mx\/index.php\/wp-json\/wp\/v2\/media?parent=202"}],"wp:term":[{"taxonomy":"category","embeddable":true,"href":"https:\/\/creston.com.mx\/index.php\/wp-json\/wp\/v2\/categories?post=202"},{"taxonomy":"post_tag","embeddable":true,"href":"https:\/\/creston.com.mx\/index.php\/wp-json\/wp\/v2\/tags?post=202"}],"curies":[{"name":"wp","href":"https:\/\/api.w.org\/{rel}","templated":true}]}}