{"id":173,"date":"2025-01-21T20:27:12","date_gmt":"2025-01-21T20:27:12","guid":{"rendered":"https:\/\/creston.com.mx\/?p=173"},"modified":"2025-01-21T20:35:27","modified_gmt":"2025-01-21T20:35:27","slug":"la-magistrada-martha-elena-berumen-ingresa-al-organo-de-administracion-judicial","status":"publish","type":"post","link":"https:\/\/creston.com.mx\/index.php\/01\/la-magistrada-martha-elena-berumen-ingresa-al-organo-de-administracion-judicial\/politica\/2025\/","title":{"rendered":"La magistrada Martha Elena Berumen ingresa al \u00d3rgano de Administraci\u00f3n Judicial"},"content":{"rendered":"\n<p class=\"has-medium-font-size\"><strong><em>Al igual en la misma sesi\u00f3n de Pleno se aprueba el Proyecto para el Ejercicio Fiscal 2025 del Poder Judicial.<\/em><\/strong><\/p>\n\n\n\n<p>.<\/p>\n\n\n\n<p><\/p>\n\n\n\n<p>En el marco de la conmemoraci\u00f3n del Bicentenario de la Constituci\u00f3n Pol\u00edtica del Estado Libre de Zacatecas, y destacando la relevancia hist\u00f3rica de este acontecimiento, el Pleno del Tribunal Superior de Justicia del Estado de Zacatecas (TSJEZ), encabezado por el Magistrado Presidente Carlos Villegas M\u00e1rquez, celebr\u00f3 una sesi\u00f3n ordinaria en la que se aprob\u00f3 el Proyecto de Presupuesto de Ingresos y Egresos del Poder Judicial para el Ejercicio Fiscal 2025. Asimismo, de forma un\u00e1nime, se design\u00f3 a la Magistrada Martha Elena Berumen Navarro como integrante del \u00d3rgano de Administraci\u00f3n Judicial.<\/p>\n\n\n\n<p>La designaci\u00f3n responde a las recientes reformas constitucionales publicadas en el Suplemento 4 al n\u00famero 4 del Peri\u00f3dico Oficial del Estado, que establecen la integraci\u00f3n del \u00d3rgano de Administraci\u00f3n Judicial con tres Consejer\u00edas, una de las cuales corresponde al Poder Judicial del Estado.<\/p>\n\n\n\n<figure class=\"wp-block-image\"><img fetchpriority=\"high\" decoding=\"async\" width=\"1104\" height=\"1116\" src=\"https:\/\/creston.com.mx\/wp-content\/uploads\/2025\/01\/IMG-20250119-WA0000.jpg\" alt=\"\" class=\"wp-image-176\" srcset=\"https:\/\/creston.com.mx\/wp-content\/uploads\/2025\/01\/IMG-20250119-WA0000.jpg 1104w, https:\/\/creston.com.mx\/wp-content\/uploads\/2025\/01\/IMG-20250119-WA0000-297x300.jpg 297w, https:\/\/creston.com.mx\/wp-content\/uploads\/2025\/01\/IMG-20250119-WA0000-1013x1024.jpg 1013w, https:\/\/creston.com.mx\/wp-content\/uploads\/2025\/01\/IMG-20250119-WA0000-768x776.jpg 768w\" sizes=\"(max-width: 1104px) 100vw, 1104px\" \/><\/figure>\n\n\n\n<p>La Magistrada Martha Elena Berumen Navarro cuenta con una destacada trayectoria judicial de m\u00e1s de 40 a\u00f1os, habi\u00e9ndose desempe\u00f1ado como Secretaria de Acuerdos, Jueza de Primera Instancia y Directora del Centro Estatal de Justicia Alternativa. Es Maestra en Administraci\u00f3n de Justicia por la Escuela de Formaci\u00f3n y Especializaci\u00f3n Judicial del Tribunal Superior de Justicia y ha realizado especialidades&nbsp; en la Universidad Bonaterra. Esta sesi\u00f3n adquiere una relevancia especial al coincidir con la conmemoraci\u00f3n de los 200 a\u00f1os de la Constituci\u00f3n Pol\u00edtica del Estado Libre de Zacatecas, documento fundamental que representa los principios de autonom\u00eda y justicia que gu\u00edan al estado. Con estas acciones, el TSJEZ reafirma su compromiso con el fortalecimiento institucional y el respeto a la historia y tradici\u00f3n jur\u00eddica de Zacatecas.<\/p>\n","protected":false},"excerpt":{"rendered":"<p>Al igual en la misma sesi\u00f3n de Pleno se aprueba el Proyecto para el Ejercicio Fiscal 2025 del Poder Judicial. . En el marco de la conmemoraci\u00f3n del Bicentenario de&hellip; <\/p>\n","protected":false},"author":1,"featured_media":174,"comment_status":"open","ping_status":"closed","sticky":false,"template":"","format":"standard","meta":{"_jetpack_memberships_contains_paid_content":false,"footnotes":""},"categories":[2],"tags":[],"class_list":["post-173","post","type-post","status-publish","format-standard","has-post-thumbnail","hentry","category-politica"],"yoast_head":"<!-- This site is optimized with the Yoast SEO plugin v24.2 - https:\/\/yoast.com\/wordpress\/plugins\/seo\/ -->\n<title>La magistrada Martha Elena Berumen ingresa al \u00d3rgano de Administraci\u00f3n Judicial - Peri\u00f3dico Digital de Zacatecas<\/title>\n<meta name=\"robots\" content=\"index, follow, max-snippet:-1, max-image-preview:large, max-video-preview:-1\" \/>\n<link rel=\"canonical\" href=\"https:\/\/creston.com.mx\/index.php\/01\/la-magistrada-martha-elena-berumen-ingresa-al-organo-de-administracion-judicial\/politica\/2025\/\" \/>\n<meta property=\"og:locale\" content=\"es_ES\" \/>\n<meta property=\"og:type\" content=\"article\" \/>\n<meta property=\"og:title\" content=\"La magistrada Martha Elena Berumen ingresa al \u00d3rgano de Administraci\u00f3n Judicial - Peri\u00f3dico Digital de Zacatecas\" \/>\n<meta property=\"og:description\" content=\"Al igual en la misma sesi\u00f3n de Pleno se aprueba el Proyecto para el Ejercicio Fiscal 2025 del Poder Judicial. . En el marco de la conmemoraci\u00f3n del Bicentenario de&hellip;\" \/>\n<meta property=\"og:url\" content=\"https:\/\/creston.com.mx\/index.php\/01\/la-magistrada-martha-elena-berumen-ingresa-al-organo-de-administracion-judicial\/politica\/2025\/\" \/>\n<meta property=\"og:site_name\" content=\"Peri\u00f3dico Digital de Zacatecas\" \/>\n<meta property=\"article:published_time\" content=\"2025-01-21T20:27:12+00:00\" \/>\n<meta property=\"article:modified_time\" content=\"2025-01-21T20:35:27+00:00\" \/>\n<meta property=\"og:image\" content=\"https:\/\/creston.com.mx\/wp-content\/uploads\/2025\/01\/IMG-20250119-WA0001.jpg\" \/>\n\t<meta property=\"og:image:width\" content=\"1600\" \/>\n\t<meta property=\"og:image:height\" content=\"1066\" \/>\n\t<meta property=\"og:image:type\" content=\"image\/jpeg\" \/>\n<meta name=\"author\" content=\"Periodico Creston\" \/>\n<meta name=\"twitter:card\" content=\"summary_large_image\" \/>\n<meta name=\"twitter:label1\" content=\"Escrito por\" \/>\n\t<meta name=\"twitter:data1\" content=\"Periodico Creston\" \/>\n\t<meta name=\"twitter:label2\" content=\"Tiempo de lectura\" \/>\n\t<meta name=\"twitter:data2\" content=\"2 minutos\" \/>\n<script type=\"application\/ld+json\" class=\"yoast-schema-graph\">{\"@context\":\"https:\/\/schema.org\",\"@graph\":[{\"@type\":\"Article\",\"@id\":\"https:\/\/creston.com.mx\/index.php\/01\/la-magistrada-martha-elena-berumen-ingresa-al-organo-de-administracion-judicial\/politica\/2025\/#article\",\"isPartOf\":{\"@id\":\"https:\/\/creston.com.mx\/index.php\/01\/la-magistrada-martha-elena-berumen-ingresa-al-organo-de-administracion-judicial\/politica\/2025\/\"},\"author\":{\"name\":\"Periodico Creston\",\"@id\":\"https:\/\/creston.com.mx\/#\/schema\/person\/01f2ce9e289bc5300c759925ef768c1d\"},\"headline\":\"La magistrada Martha Elena Berumen ingresa al \u00d3rgano de Administraci\u00f3n Judicial\",\"datePublished\":\"2025-01-21T20:27:12+00:00\",\"dateModified\":\"2025-01-21T20:35:27+00:00\",\"mainEntityOfPage\":{\"@id\":\"https:\/\/creston.com.mx\/index.php\/01\/la-magistrada-martha-elena-berumen-ingresa-al-organo-de-administracion-judicial\/politica\/2025\/\"},\"wordCount\":314,\"commentCount\":0,\"publisher\":{\"@id\":\"https:\/\/creston.com.mx\/#organization\"},\"image\":{\"@id\":\"https:\/\/creston.com.mx\/index.php\/01\/la-magistrada-martha-elena-berumen-ingresa-al-organo-de-administracion-judicial\/politica\/2025\/#primaryimage\"},\"thumbnailUrl\":\"https:\/\/creston.com.mx\/wp-content\/uploads\/2025\/01\/IMG-20250119-WA0001.jpg\",\"articleSection\":[\"Pol\u00edtica\"],\"inLanguage\":\"es\",\"potentialAction\":[{\"@type\":\"CommentAction\",\"name\":\"Comment\",\"target\":[\"https:\/\/creston.com.mx\/index.php\/01\/la-magistrada-martha-elena-berumen-ingresa-al-organo-de-administracion-judicial\/politica\/2025\/#respond\"]}]},{\"@type\":\"WebPage\",\"@id\":\"https:\/\/creston.com.mx\/index.php\/01\/la-magistrada-martha-elena-berumen-ingresa-al-organo-de-administracion-judicial\/politica\/2025\/\",\"url\":\"https:\/\/creston.com.mx\/index.php\/01\/la-magistrada-martha-elena-berumen-ingresa-al-organo-de-administracion-judicial\/politica\/2025\/\",\"name\":\"La magistrada Martha Elena Berumen ingresa al \u00d3rgano de Administraci\u00f3n Judicial - Peri\u00f3dico Digital de Zacatecas\",\"isPartOf\":{\"@id\":\"https:\/\/creston.com.mx\/#website\"},\"primaryImageOfPage\":{\"@id\":\"https:\/\/creston.com.mx\/index.php\/01\/la-magistrada-martha-elena-berumen-ingresa-al-organo-de-administracion-judicial\/politica\/2025\/#primaryimage\"},\"image\":{\"@id\":\"https:\/\/creston.com.mx\/index.php\/01\/la-magistrada-martha-elena-berumen-ingresa-al-organo-de-administracion-judicial\/politica\/2025\/#primaryimage\"},\"thumbnailUrl\":\"https:\/\/creston.com.mx\/wp-content\/uploads\/2025\/01\/IMG-20250119-WA0001.jpg\",\"datePublished\":\"2025-01-21T20:27:12+00:00\",\"dateModified\":\"2025-01-21T20:35:27+00:00\",\"breadcrumb\":{\"@id\":\"https:\/\/creston.com.mx\/index.php\/01\/la-magistrada-martha-elena-berumen-ingresa-al-organo-de-administracion-judicial\/politica\/2025\/#breadcrumb\"},\"inLanguage\":\"es\",\"potentialAction\":[{\"@type\":\"ReadAction\",\"target\":[\"https:\/\/creston.com.mx\/index.php\/01\/la-magistrada-martha-elena-berumen-ingresa-al-organo-de-administracion-judicial\/politica\/2025\/\"]}]},{\"@type\":\"ImageObject\",\"inLanguage\":\"es\",\"@id\":\"https:\/\/creston.com.mx\/index.php\/01\/la-magistrada-martha-elena-berumen-ingresa-al-organo-de-administracion-judicial\/politica\/2025\/#primaryimage\",\"url\":\"https:\/\/creston.com.mx\/wp-content\/uploads\/2025\/01\/IMG-20250119-WA0001.jpg\",\"contentUrl\":\"https:\/\/creston.com.mx\/wp-content\/uploads\/2025\/01\/IMG-20250119-WA0001.jpg\",\"width\":1600,\"height\":1066},{\"@type\":\"BreadcrumbList\",\"@id\":\"https:\/\/creston.com.mx\/index.php\/01\/la-magistrada-martha-elena-berumen-ingresa-al-organo-de-administracion-judicial\/politica\/2025\/#breadcrumb\",\"itemListElement\":[{\"@type\":\"ListItem\",\"position\":1,\"name\":\"Portada\",\"item\":\"https:\/\/creston.com.mx\/\"},{\"@type\":\"ListItem\",\"position\":2,\"name\":\"La magistrada Martha Elena Berumen ingresa al \u00d3rgano de Administraci\u00f3n Judicial\"}]},{\"@type\":\"WebSite\",\"@id\":\"https:\/\/creston.com.mx\/#website\",\"url\":\"https:\/\/creston.com.mx\/\",\"name\":\"Peri\u00f3dico Digital de Zacatecas\",\"description\":\"\",\"publisher\":{\"@id\":\"https:\/\/creston.com.mx\/#organization\"},\"potentialAction\":[{\"@type\":\"SearchAction\",\"target\":{\"@type\":\"EntryPoint\",\"urlTemplate\":\"https:\/\/creston.com.mx\/?s={search_term_string}\"},\"query-input\":{\"@type\":\"PropertyValueSpecification\",\"valueRequired\":true,\"valueName\":\"search_term_string\"}}],\"inLanguage\":\"es\"},{\"@type\":\"Organization\",\"@id\":\"https:\/\/creston.com.mx\/#organization\",\"name\":\"Peri\u00f3dico Digital de Zacatecas\",\"url\":\"https:\/\/creston.com.mx\/\",\"logo\":{\"@type\":\"ImageObject\",\"inLanguage\":\"es\",\"@id\":\"https:\/\/creston.com.mx\/#\/schema\/logo\/image\/\",\"url\":\"https:\/\/creston.com.mx\/wp-content\/uploads\/2026\/02\/cropped-Logo-Creston2.jpg\",\"contentUrl\":\"https:\/\/creston.com.mx\/wp-content\/uploads\/2026\/02\/cropped-Logo-Creston2.jpg\",\"width\":503,\"height\":194,\"caption\":\"Peri\u00f3dico Digital  de Zacatecas\"},\"image\":{\"@id\":\"https:\/\/creston.com.mx\/#\/schema\/logo\/image\/\"}},{\"@type\":\"Person\",\"@id\":\"https:\/\/creston.com.mx\/#\/schema\/person\/01f2ce9e289bc5300c759925ef768c1d\",\"name\":\"Periodico Creston\",\"image\":{\"@type\":\"ImageObject\",\"inLanguage\":\"es\",\"@id\":\"https:\/\/creston.com.mx\/#\/schema\/person\/image\/\",\"url\":\"https:\/\/secure.gravatar.com\/avatar\/c91eac1cf0d45897b6d294d474aa7713a194d460be0aaf72157553d050cda1c1?s=96&d=mm&r=g\",\"contentUrl\":\"https:\/\/secure.gravatar.com\/avatar\/c91eac1cf0d45897b6d294d474aa7713a194d460be0aaf72157553d050cda1c1?s=96&d=mm&r=g\",\"caption\":\"Periodico Creston\"},\"sameAs\":[\"https:\/\/creston.com.mx\"],\"url\":\"https:\/\/creston.com.mx\/index.php\/author\/cstnalja96\/\"}]}<\/script>\n<!-- \/ Yoast SEO plugin. -->","yoast_head_json":{"title":"La magistrada Martha Elena Berumen ingresa al \u00d3rgano de Administraci\u00f3n Judicial - Peri\u00f3dico Digital de Zacatecas","robots":{"index":"index","follow":"follow","max-snippet":"max-snippet:-1","max-image-preview":"max-image-preview:large","max-video-preview":"max-video-preview:-1"},"canonical":"https:\/\/creston.com.mx\/index.php\/01\/la-magistrada-martha-elena-berumen-ingresa-al-organo-de-administracion-judicial\/politica\/2025\/","og_locale":"es_ES","og_type":"article","og_title":"La magistrada Martha Elena Berumen ingresa al \u00d3rgano de Administraci\u00f3n Judicial - Peri\u00f3dico Digital de Zacatecas","og_description":"Al igual en la misma sesi\u00f3n de Pleno se aprueba el Proyecto para el Ejercicio Fiscal 2025 del Poder Judicial. . En el marco de la conmemoraci\u00f3n del Bicentenario de&hellip;","og_url":"https:\/\/creston.com.mx\/index.php\/01\/la-magistrada-martha-elena-berumen-ingresa-al-organo-de-administracion-judicial\/politica\/2025\/","og_site_name":"Peri\u00f3dico Digital de Zacatecas","article_published_time":"2025-01-21T20:27:12+00:00","article_modified_time":"2025-01-21T20:35:27+00:00","og_image":[{"width":1600,"height":1066,"url":"https:\/\/creston.com.mx\/wp-content\/uploads\/2025\/01\/IMG-20250119-WA0001.jpg","type":"image\/jpeg"}],"author":"Periodico Creston","twitter_card":"summary_large_image","twitter_misc":{"Escrito por":"Periodico Creston","Tiempo de lectura":"2 minutos"},"schema":{"@context":"https:\/\/schema.org","@graph":[{"@type":"Article","@id":"https:\/\/creston.com.mx\/index.php\/01\/la-magistrada-martha-elena-berumen-ingresa-al-organo-de-administracion-judicial\/politica\/2025\/#article","isPartOf":{"@id":"https:\/\/creston.com.mx\/index.php\/01\/la-magistrada-martha-elena-berumen-ingresa-al-organo-de-administracion-judicial\/politica\/2025\/"},"author":{"name":"Periodico Creston","@id":"https:\/\/creston.com.mx\/#\/schema\/person\/01f2ce9e289bc5300c759925ef768c1d"},"headline":"La magistrada Martha Elena Berumen ingresa al \u00d3rgano de Administraci\u00f3n Judicial","datePublished":"2025-01-21T20:27:12+00:00","dateModified":"2025-01-21T20:35:27+00:00","mainEntityOfPage":{"@id":"https:\/\/creston.com.mx\/index.php\/01\/la-magistrada-martha-elena-berumen-ingresa-al-organo-de-administracion-judicial\/politica\/2025\/"},"wordCount":314,"commentCount":0,"publisher":{"@id":"https:\/\/creston.com.mx\/#organization"},"image":{"@id":"https:\/\/creston.com.mx\/index.php\/01\/la-magistrada-martha-elena-berumen-ingresa-al-organo-de-administracion-judicial\/politica\/2025\/#primaryimage"},"thumbnailUrl":"https:\/\/creston.com.mx\/wp-content\/uploads\/2025\/01\/IMG-20250119-WA0001.jpg","articleSection":["Pol\u00edtica"],"inLanguage":"es","potentialAction":[{"@type":"CommentAction","name":"Comment","target":["https:\/\/creston.com.mx\/index.php\/01\/la-magistrada-martha-elena-berumen-ingresa-al-organo-de-administracion-judicial\/politica\/2025\/#respond"]}]},{"@type":"WebPage","@id":"https:\/\/creston.com.mx\/index.php\/01\/la-magistrada-martha-elena-berumen-ingresa-al-organo-de-administracion-judicial\/politica\/2025\/","url":"https:\/\/creston.com.mx\/index.php\/01\/la-magistrada-martha-elena-berumen-ingresa-al-organo-de-administracion-judicial\/politica\/2025\/","name":"La magistrada Martha Elena Berumen ingresa al \u00d3rgano de Administraci\u00f3n Judicial - Peri\u00f3dico Digital de Zacatecas","isPartOf":{"@id":"https:\/\/creston.com.mx\/#website"},"primaryImageOfPage":{"@id":"https:\/\/creston.com.mx\/index.php\/01\/la-magistrada-martha-elena-berumen-ingresa-al-organo-de-administracion-judicial\/politica\/2025\/#primaryimage"},"image":{"@id":"https:\/\/creston.com.mx\/index.php\/01\/la-magistrada-martha-elena-berumen-ingresa-al-organo-de-administracion-judicial\/politica\/2025\/#primaryimage"},"thumbnailUrl":"https:\/\/creston.com.mx\/wp-content\/uploads\/2025\/01\/IMG-20250119-WA0001.jpg","datePublished":"2025-01-21T20:27:12+00:00","dateModified":"2025-01-21T20:35:27+00:00","breadcrumb":{"@id":"https:\/\/creston.com.mx\/index.php\/01\/la-magistrada-martha-elena-berumen-ingresa-al-organo-de-administracion-judicial\/politica\/2025\/#breadcrumb"},"inLanguage":"es","potentialAction":[{"@type":"ReadAction","target":["https:\/\/creston.com.mx\/index.php\/01\/la-magistrada-martha-elena-berumen-ingresa-al-organo-de-administracion-judicial\/politica\/2025\/"]}]},{"@type":"ImageObject","inLanguage":"es","@id":"https:\/\/creston.com.mx\/index.php\/01\/la-magistrada-martha-elena-berumen-ingresa-al-organo-de-administracion-judicial\/politica\/2025\/#primaryimage","url":"https:\/\/creston.com.mx\/wp-content\/uploads\/2025\/01\/IMG-20250119-WA0001.jpg","contentUrl":"https:\/\/creston.com.mx\/wp-content\/uploads\/2025\/01\/IMG-20250119-WA0001.jpg","width":1600,"height":1066},{"@type":"BreadcrumbList","@id":"https:\/\/creston.com.mx\/index.php\/01\/la-magistrada-martha-elena-berumen-ingresa-al-organo-de-administracion-judicial\/politica\/2025\/#breadcrumb","itemListElement":[{"@type":"ListItem","position":1,"name":"Portada","item":"https:\/\/creston.com.mx\/"},{"@type":"ListItem","position":2,"name":"La magistrada Martha Elena Berumen ingresa al \u00d3rgano de Administraci\u00f3n Judicial"}]},{"@type":"WebSite","@id":"https:\/\/creston.com.mx\/#website","url":"https:\/\/creston.com.mx\/","name":"Peri\u00f3dico Digital de Zacatecas","description":"","publisher":{"@id":"https:\/\/creston.com.mx\/#organization"},"potentialAction":[{"@type":"SearchAction","target":{"@type":"EntryPoint","urlTemplate":"https:\/\/creston.com.mx\/?s={search_term_string}"},"query-input":{"@type":"PropertyValueSpecification","valueRequired":true,"valueName":"search_term_string"}}],"inLanguage":"es"},{"@type":"Organization","@id":"https:\/\/creston.com.mx\/#organization","name":"Peri\u00f3dico Digital de Zacatecas","url":"https:\/\/creston.com.mx\/","logo":{"@type":"ImageObject","inLanguage":"es","@id":"https:\/\/creston.com.mx\/#\/schema\/logo\/image\/","url":"https:\/\/creston.com.mx\/wp-content\/uploads\/2026\/02\/cropped-Logo-Creston2.jpg","contentUrl":"https:\/\/creston.com.mx\/wp-content\/uploads\/2026\/02\/cropped-Logo-Creston2.jpg","width":503,"height":194,"caption":"Peri\u00f3dico Digital  de Zacatecas"},"image":{"@id":"https:\/\/creston.com.mx\/#\/schema\/logo\/image\/"}},{"@type":"Person","@id":"https:\/\/creston.com.mx\/#\/schema\/person\/01f2ce9e289bc5300c759925ef768c1d","name":"Periodico Creston","image":{"@type":"ImageObject","inLanguage":"es","@id":"https:\/\/creston.com.mx\/#\/schema\/person\/image\/","url":"https:\/\/secure.gravatar.com\/avatar\/c91eac1cf0d45897b6d294d474aa7713a194d460be0aaf72157553d050cda1c1?s=96&d=mm&r=g","contentUrl":"https:\/\/secure.gravatar.com\/avatar\/c91eac1cf0d45897b6d294d474aa7713a194d460be0aaf72157553d050cda1c1?s=96&d=mm&r=g","caption":"Periodico Creston"},"sameAs":["https:\/\/creston.com.mx"],"url":"https:\/\/creston.com.mx\/index.php\/author\/cstnalja96\/"}]}},"jetpack_sharing_enabled":true,"jetpack_featured_media_url":"https:\/\/creston.com.mx\/wp-content\/uploads\/2025\/01\/IMG-20250119-WA0001.jpg","_links":{"self":[{"href":"https:\/\/creston.com.mx\/index.php\/wp-json\/wp\/v2\/posts\/173","targetHints":{"allow":["GET"]}}],"collection":[{"href":"https:\/\/creston.com.mx\/index.php\/wp-json\/wp\/v2\/posts"}],"about":[{"href":"https:\/\/creston.com.mx\/index.php\/wp-json\/wp\/v2\/types\/post"}],"author":[{"embeddable":true,"href":"https:\/\/creston.com.mx\/index.php\/wp-json\/wp\/v2\/users\/1"}],"replies":[{"embeddable":true,"href":"https:\/\/creston.com.mx\/index.php\/wp-json\/wp\/v2\/comments?post=173"}],"version-history":[{"count":2,"href":"https:\/\/creston.com.mx\/index.php\/wp-json\/wp\/v2\/posts\/173\/revisions"}],"predecessor-version":[{"id":178,"href":"https:\/\/creston.com.mx\/index.php\/wp-json\/wp\/v2\/posts\/173\/revisions\/178"}],"wp:featuredmedia":[{"embeddable":true,"href":"https:\/\/creston.com.mx\/index.php\/wp-json\/wp\/v2\/media\/174"}],"wp:attachment":[{"href":"https:\/\/creston.com.mx\/index.php\/wp-json\/wp\/v2\/media?parent=173"}],"wp:term":[{"taxonomy":"category","embeddable":true,"href":"https:\/\/creston.com.mx\/index.php\/wp-json\/wp\/v2\/categories?post=173"},{"taxonomy":"post_tag","embeddable":true,"href":"https:\/\/creston.com.mx\/index.php\/wp-json\/wp\/v2\/tags?post=173"}],"curies":[{"name":"wp","href":"https:\/\/api.w.org\/{rel}","templated":true}]}}