{"id":17,"date":"2025-01-15T03:04:27","date_gmt":"2025-01-15T03:04:27","guid":{"rendered":"https:\/\/creston.com.mx\/?p=17"},"modified":"2025-01-15T03:06:09","modified_gmt":"2025-01-15T03:06:09","slug":"planta-automotriz-alemana-se-instalara-en-calera","status":"publish","type":"post","link":"https:\/\/creston.com.mx\/index.php\/01\/planta-automotriz-alemana-se-instalara-en-calera\/economia\/2025\/","title":{"rendered":"Planta automotriz alemana se instalar\u00e1 en Calera"},"content":{"rendered":"\n<p class=\"has-medium-font-size\">La empresa se dedica al sector de autopartes y representa la generaci\u00f3n de 650 nuevos empleos<\/p>\n\n\n\n<p><\/p>\n\n\n\n<p>Dieron comienzo los trabajos de construcci\u00f3n de una nueva planta especializada en autopartes en Zacatecas, que tendr\u00e1 una inversi\u00f3n estimada de 400 millones de pesos.<\/p>\n\n\n\n<p>La empresa se ubicar\u00e1 en el Parque Industrial Aeropuerto I, en el municipio de Calera, y se proyecta para generar alrededor de 650 nuevos empleos directos e indirectos, con lo que se beneficiar\u00e1 a la econom\u00eda local.<\/p>\n\n\n\n<p>El proyecto contempla la edificaci\u00f3n de infraestructura industrial de vanguardia, as\u00ed como la instalaci\u00f3n de tecnolog\u00eda y maquinaria de \u00faltima generaci\u00f3n, lo que permitir\u00e1 cumplir con los est\u00e1ndares m\u00e1s exigentes del sector automotriz.<\/p>\n\n\n\n<p>Esta inversi\u00f3n es parte de una serie de proyectos industriales que se pondr\u00e1n en marcha a lo largo de 2025, con lo que se consolidar\u00e1 a Zacatecas como un nuevo polo de desarrollo industrial en la regi\u00f3n centro-norte del pa\u00eds.<\/p>\n\n\n\n<p>La llegada de esta industria alemana no s\u00f3lo fortalece el tejido econ\u00f3mico local, sino que posiciona a Zacatecas como un actor clave dentro del ecosistema automotriz nacional, un sector estrat\u00e9gico para el desarrollo econ\u00f3mico sostenible. El establecimiento de esta planta es testimonio del aumento de la confianza del sector empresarial en el estado de Zacatecas, ante las medidas aplicadas en favor de la paz y el bienestar de la ciudadan\u00eda.<\/p>\n","protected":false},"excerpt":{"rendered":"<p>La empresa se dedica al sector de autopartes y representa la generaci\u00f3n de 650 nuevos empleos Dieron comienzo los trabajos de construcci\u00f3n de una nueva planta especializada en autopartes en&hellip; <\/p>\n","protected":false},"author":1,"featured_media":18,"comment_status":"open","ping_status":"closed","sticky":false,"template":"","format":"standard","meta":{"_jetpack_memberships_contains_paid_content":false,"footnotes":""},"categories":[3],"tags":[],"class_list":["post-17","post","type-post","status-publish","format-standard","has-post-thumbnail","hentry","category-economia"],"yoast_head":"<!-- This site is optimized with the Yoast SEO plugin v24.2 - https:\/\/yoast.com\/wordpress\/plugins\/seo\/ -->\n<title>Planta automotriz alemana se instalar\u00e1 en Calera - Peri\u00f3dico Digital de Zacatecas<\/title>\n<meta name=\"robots\" content=\"index, follow, max-snippet:-1, max-image-preview:large, max-video-preview:-1\" \/>\n<link rel=\"canonical\" href=\"https:\/\/creston.com.mx\/index.php\/01\/planta-automotriz-alemana-se-instalara-en-calera\/economia\/2025\/\" \/>\n<meta property=\"og:locale\" content=\"es_ES\" \/>\n<meta property=\"og:type\" content=\"article\" \/>\n<meta property=\"og:title\" content=\"Planta automotriz alemana se instalar\u00e1 en Calera - Peri\u00f3dico Digital de Zacatecas\" \/>\n<meta property=\"og:description\" content=\"La empresa se dedica al sector de autopartes y representa la generaci\u00f3n de 650 nuevos empleos Dieron comienzo los trabajos de construcci\u00f3n de una nueva planta especializada en autopartes en&hellip;\" \/>\n<meta property=\"og:url\" content=\"https:\/\/creston.com.mx\/index.php\/01\/planta-automotriz-alemana-se-instalara-en-calera\/economia\/2025\/\" \/>\n<meta property=\"og:site_name\" content=\"Peri\u00f3dico Digital de Zacatecas\" \/>\n<meta property=\"article:published_time\" content=\"2025-01-15T03:04:27+00:00\" \/>\n<meta property=\"article:modified_time\" content=\"2025-01-15T03:06:09+00:00\" \/>\n<meta property=\"og:image\" content=\"https:\/\/creston.com.mx\/wp-content\/uploads\/2025\/01\/inst-empresa-alemana.jpeg\" \/>\n\t<meta property=\"og:image:width\" content=\"2560\" \/>\n\t<meta property=\"og:image:height\" content=\"1152\" \/>\n\t<meta property=\"og:image:type\" content=\"image\/jpeg\" \/>\n<meta name=\"author\" content=\"Periodico Creston\" \/>\n<meta name=\"twitter:card\" content=\"summary_large_image\" \/>\n<meta name=\"twitter:label1\" content=\"Escrito por\" \/>\n\t<meta name=\"twitter:data1\" content=\"Periodico Creston\" \/>\n\t<meta name=\"twitter:label2\" content=\"Tiempo de lectura\" \/>\n\t<meta name=\"twitter:data2\" content=\"2 minutos\" \/>\n<script type=\"application\/ld+json\" class=\"yoast-schema-graph\">{\"@context\":\"https:\/\/schema.org\",\"@graph\":[{\"@type\":\"Article\",\"@id\":\"https:\/\/creston.com.mx\/index.php\/01\/planta-automotriz-alemana-se-instalara-en-calera\/economia\/2025\/#article\",\"isPartOf\":{\"@id\":\"https:\/\/creston.com.mx\/index.php\/01\/planta-automotriz-alemana-se-instalara-en-calera\/economia\/2025\/\"},\"author\":{\"name\":\"Periodico Creston\",\"@id\":\"https:\/\/creston.com.mx\/#\/schema\/person\/01f2ce9e289bc5300c759925ef768c1d\"},\"headline\":\"Planta automotriz alemana se instalar\u00e1 en Calera\",\"datePublished\":\"2025-01-15T03:04:27+00:00\",\"dateModified\":\"2025-01-15T03:06:09+00:00\",\"mainEntityOfPage\":{\"@id\":\"https:\/\/creston.com.mx\/index.php\/01\/planta-automotriz-alemana-se-instalara-en-calera\/economia\/2025\/\"},\"wordCount\":243,\"commentCount\":0,\"publisher\":{\"@id\":\"https:\/\/creston.com.mx\/#organization\"},\"image\":{\"@id\":\"https:\/\/creston.com.mx\/index.php\/01\/planta-automotriz-alemana-se-instalara-en-calera\/economia\/2025\/#primaryimage\"},\"thumbnailUrl\":\"https:\/\/creston.com.mx\/wp-content\/uploads\/2025\/01\/inst-empresa-alemana.jpeg\",\"articleSection\":[\"Econom\u00eda\"],\"inLanguage\":\"es\",\"potentialAction\":[{\"@type\":\"CommentAction\",\"name\":\"Comment\",\"target\":[\"https:\/\/creston.com.mx\/index.php\/01\/planta-automotriz-alemana-se-instalara-en-calera\/economia\/2025\/#respond\"]}]},{\"@type\":\"WebPage\",\"@id\":\"https:\/\/creston.com.mx\/index.php\/01\/planta-automotriz-alemana-se-instalara-en-calera\/economia\/2025\/\",\"url\":\"https:\/\/creston.com.mx\/index.php\/01\/planta-automotriz-alemana-se-instalara-en-calera\/economia\/2025\/\",\"name\":\"Planta automotriz alemana se instalar\u00e1 en Calera - Peri\u00f3dico Digital de Zacatecas\",\"isPartOf\":{\"@id\":\"https:\/\/creston.com.mx\/#website\"},\"primaryImageOfPage\":{\"@id\":\"https:\/\/creston.com.mx\/index.php\/01\/planta-automotriz-alemana-se-instalara-en-calera\/economia\/2025\/#primaryimage\"},\"image\":{\"@id\":\"https:\/\/creston.com.mx\/index.php\/01\/planta-automotriz-alemana-se-instalara-en-calera\/economia\/2025\/#primaryimage\"},\"thumbnailUrl\":\"https:\/\/creston.com.mx\/wp-content\/uploads\/2025\/01\/inst-empresa-alemana.jpeg\",\"datePublished\":\"2025-01-15T03:04:27+00:00\",\"dateModified\":\"2025-01-15T03:06:09+00:00\",\"breadcrumb\":{\"@id\":\"https:\/\/creston.com.mx\/index.php\/01\/planta-automotriz-alemana-se-instalara-en-calera\/economia\/2025\/#breadcrumb\"},\"inLanguage\":\"es\",\"potentialAction\":[{\"@type\":\"ReadAction\",\"target\":[\"https:\/\/creston.com.mx\/index.php\/01\/planta-automotriz-alemana-se-instalara-en-calera\/economia\/2025\/\"]}]},{\"@type\":\"ImageObject\",\"inLanguage\":\"es\",\"@id\":\"https:\/\/creston.com.mx\/index.php\/01\/planta-automotriz-alemana-se-instalara-en-calera\/economia\/2025\/#primaryimage\",\"url\":\"https:\/\/creston.com.mx\/wp-content\/uploads\/2025\/01\/inst-empresa-alemana.jpeg\",\"contentUrl\":\"https:\/\/creston.com.mx\/wp-content\/uploads\/2025\/01\/inst-empresa-alemana.jpeg\",\"width\":2560,\"height\":1152},{\"@type\":\"BreadcrumbList\",\"@id\":\"https:\/\/creston.com.mx\/index.php\/01\/planta-automotriz-alemana-se-instalara-en-calera\/economia\/2025\/#breadcrumb\",\"itemListElement\":[{\"@type\":\"ListItem\",\"position\":1,\"name\":\"Portada\",\"item\":\"https:\/\/creston.com.mx\/\"},{\"@type\":\"ListItem\",\"position\":2,\"name\":\"Planta automotriz alemana se instalar\u00e1 en Calera\"}]},{\"@type\":\"WebSite\",\"@id\":\"https:\/\/creston.com.mx\/#website\",\"url\":\"https:\/\/creston.com.mx\/\",\"name\":\"Peri\u00f3dico Digital de Zacatecas\",\"description\":\"\",\"publisher\":{\"@id\":\"https:\/\/creston.com.mx\/#organization\"},\"potentialAction\":[{\"@type\":\"SearchAction\",\"target\":{\"@type\":\"EntryPoint\",\"urlTemplate\":\"https:\/\/creston.com.mx\/?s={search_term_string}\"},\"query-input\":{\"@type\":\"PropertyValueSpecification\",\"valueRequired\":true,\"valueName\":\"search_term_string\"}}],\"inLanguage\":\"es\"},{\"@type\":\"Organization\",\"@id\":\"https:\/\/creston.com.mx\/#organization\",\"name\":\"Peri\u00f3dico Digital de Zacatecas\",\"url\":\"https:\/\/creston.com.mx\/\",\"logo\":{\"@type\":\"ImageObject\",\"inLanguage\":\"es\",\"@id\":\"https:\/\/creston.com.mx\/#\/schema\/logo\/image\/\",\"url\":\"https:\/\/creston.com.mx\/wp-content\/uploads\/2026\/02\/cropped-Logo-Creston2.jpg\",\"contentUrl\":\"https:\/\/creston.com.mx\/wp-content\/uploads\/2026\/02\/cropped-Logo-Creston2.jpg\",\"width\":503,\"height\":194,\"caption\":\"Peri\u00f3dico Digital  de Zacatecas\"},\"image\":{\"@id\":\"https:\/\/creston.com.mx\/#\/schema\/logo\/image\/\"}},{\"@type\":\"Person\",\"@id\":\"https:\/\/creston.com.mx\/#\/schema\/person\/01f2ce9e289bc5300c759925ef768c1d\",\"name\":\"Periodico Creston\",\"image\":{\"@type\":\"ImageObject\",\"inLanguage\":\"es\",\"@id\":\"https:\/\/creston.com.mx\/#\/schema\/person\/image\/\",\"url\":\"https:\/\/secure.gravatar.com\/avatar\/c91eac1cf0d45897b6d294d474aa7713a194d460be0aaf72157553d050cda1c1?s=96&d=mm&r=g\",\"contentUrl\":\"https:\/\/secure.gravatar.com\/avatar\/c91eac1cf0d45897b6d294d474aa7713a194d460be0aaf72157553d050cda1c1?s=96&d=mm&r=g\",\"caption\":\"Periodico Creston\"},\"sameAs\":[\"https:\/\/creston.com.mx\"],\"url\":\"https:\/\/creston.com.mx\/index.php\/author\/cstnalja96\/\"}]}<\/script>\n<!-- \/ Yoast SEO plugin. -->","yoast_head_json":{"title":"Planta automotriz alemana se instalar\u00e1 en Calera - Peri\u00f3dico Digital de Zacatecas","robots":{"index":"index","follow":"follow","max-snippet":"max-snippet:-1","max-image-preview":"max-image-preview:large","max-video-preview":"max-video-preview:-1"},"canonical":"https:\/\/creston.com.mx\/index.php\/01\/planta-automotriz-alemana-se-instalara-en-calera\/economia\/2025\/","og_locale":"es_ES","og_type":"article","og_title":"Planta automotriz alemana se instalar\u00e1 en Calera - Peri\u00f3dico Digital de Zacatecas","og_description":"La empresa se dedica al sector de autopartes y representa la generaci\u00f3n de 650 nuevos empleos Dieron comienzo los trabajos de construcci\u00f3n de una nueva planta especializada en autopartes en&hellip;","og_url":"https:\/\/creston.com.mx\/index.php\/01\/planta-automotriz-alemana-se-instalara-en-calera\/economia\/2025\/","og_site_name":"Peri\u00f3dico Digital de Zacatecas","article_published_time":"2025-01-15T03:04:27+00:00","article_modified_time":"2025-01-15T03:06:09+00:00","og_image":[{"width":2560,"height":1152,"url":"https:\/\/creston.com.mx\/wp-content\/uploads\/2025\/01\/inst-empresa-alemana.jpeg","type":"image\/jpeg"}],"author":"Periodico Creston","twitter_card":"summary_large_image","twitter_misc":{"Escrito por":"Periodico Creston","Tiempo de lectura":"2 minutos"},"schema":{"@context":"https:\/\/schema.org","@graph":[{"@type":"Article","@id":"https:\/\/creston.com.mx\/index.php\/01\/planta-automotriz-alemana-se-instalara-en-calera\/economia\/2025\/#article","isPartOf":{"@id":"https:\/\/creston.com.mx\/index.php\/01\/planta-automotriz-alemana-se-instalara-en-calera\/economia\/2025\/"},"author":{"name":"Periodico Creston","@id":"https:\/\/creston.com.mx\/#\/schema\/person\/01f2ce9e289bc5300c759925ef768c1d"},"headline":"Planta automotriz alemana se instalar\u00e1 en Calera","datePublished":"2025-01-15T03:04:27+00:00","dateModified":"2025-01-15T03:06:09+00:00","mainEntityOfPage":{"@id":"https:\/\/creston.com.mx\/index.php\/01\/planta-automotriz-alemana-se-instalara-en-calera\/economia\/2025\/"},"wordCount":243,"commentCount":0,"publisher":{"@id":"https:\/\/creston.com.mx\/#organization"},"image":{"@id":"https:\/\/creston.com.mx\/index.php\/01\/planta-automotriz-alemana-se-instalara-en-calera\/economia\/2025\/#primaryimage"},"thumbnailUrl":"https:\/\/creston.com.mx\/wp-content\/uploads\/2025\/01\/inst-empresa-alemana.jpeg","articleSection":["Econom\u00eda"],"inLanguage":"es","potentialAction":[{"@type":"CommentAction","name":"Comment","target":["https:\/\/creston.com.mx\/index.php\/01\/planta-automotriz-alemana-se-instalara-en-calera\/economia\/2025\/#respond"]}]},{"@type":"WebPage","@id":"https:\/\/creston.com.mx\/index.php\/01\/planta-automotriz-alemana-se-instalara-en-calera\/economia\/2025\/","url":"https:\/\/creston.com.mx\/index.php\/01\/planta-automotriz-alemana-se-instalara-en-calera\/economia\/2025\/","name":"Planta automotriz alemana se instalar\u00e1 en Calera - Peri\u00f3dico Digital de Zacatecas","isPartOf":{"@id":"https:\/\/creston.com.mx\/#website"},"primaryImageOfPage":{"@id":"https:\/\/creston.com.mx\/index.php\/01\/planta-automotriz-alemana-se-instalara-en-calera\/economia\/2025\/#primaryimage"},"image":{"@id":"https:\/\/creston.com.mx\/index.php\/01\/planta-automotriz-alemana-se-instalara-en-calera\/economia\/2025\/#primaryimage"},"thumbnailUrl":"https:\/\/creston.com.mx\/wp-content\/uploads\/2025\/01\/inst-empresa-alemana.jpeg","datePublished":"2025-01-15T03:04:27+00:00","dateModified":"2025-01-15T03:06:09+00:00","breadcrumb":{"@id":"https:\/\/creston.com.mx\/index.php\/01\/planta-automotriz-alemana-se-instalara-en-calera\/economia\/2025\/#breadcrumb"},"inLanguage":"es","potentialAction":[{"@type":"ReadAction","target":["https:\/\/creston.com.mx\/index.php\/01\/planta-automotriz-alemana-se-instalara-en-calera\/economia\/2025\/"]}]},{"@type":"ImageObject","inLanguage":"es","@id":"https:\/\/creston.com.mx\/index.php\/01\/planta-automotriz-alemana-se-instalara-en-calera\/economia\/2025\/#primaryimage","url":"https:\/\/creston.com.mx\/wp-content\/uploads\/2025\/01\/inst-empresa-alemana.jpeg","contentUrl":"https:\/\/creston.com.mx\/wp-content\/uploads\/2025\/01\/inst-empresa-alemana.jpeg","width":2560,"height":1152},{"@type":"BreadcrumbList","@id":"https:\/\/creston.com.mx\/index.php\/01\/planta-automotriz-alemana-se-instalara-en-calera\/economia\/2025\/#breadcrumb","itemListElement":[{"@type":"ListItem","position":1,"name":"Portada","item":"https:\/\/creston.com.mx\/"},{"@type":"ListItem","position":2,"name":"Planta automotriz alemana se instalar\u00e1 en Calera"}]},{"@type":"WebSite","@id":"https:\/\/creston.com.mx\/#website","url":"https:\/\/creston.com.mx\/","name":"Peri\u00f3dico Digital de Zacatecas","description":"","publisher":{"@id":"https:\/\/creston.com.mx\/#organization"},"potentialAction":[{"@type":"SearchAction","target":{"@type":"EntryPoint","urlTemplate":"https:\/\/creston.com.mx\/?s={search_term_string}"},"query-input":{"@type":"PropertyValueSpecification","valueRequired":true,"valueName":"search_term_string"}}],"inLanguage":"es"},{"@type":"Organization","@id":"https:\/\/creston.com.mx\/#organization","name":"Peri\u00f3dico Digital de Zacatecas","url":"https:\/\/creston.com.mx\/","logo":{"@type":"ImageObject","inLanguage":"es","@id":"https:\/\/creston.com.mx\/#\/schema\/logo\/image\/","url":"https:\/\/creston.com.mx\/wp-content\/uploads\/2026\/02\/cropped-Logo-Creston2.jpg","contentUrl":"https:\/\/creston.com.mx\/wp-content\/uploads\/2026\/02\/cropped-Logo-Creston2.jpg","width":503,"height":194,"caption":"Peri\u00f3dico Digital  de Zacatecas"},"image":{"@id":"https:\/\/creston.com.mx\/#\/schema\/logo\/image\/"}},{"@type":"Person","@id":"https:\/\/creston.com.mx\/#\/schema\/person\/01f2ce9e289bc5300c759925ef768c1d","name":"Periodico Creston","image":{"@type":"ImageObject","inLanguage":"es","@id":"https:\/\/creston.com.mx\/#\/schema\/person\/image\/","url":"https:\/\/secure.gravatar.com\/avatar\/c91eac1cf0d45897b6d294d474aa7713a194d460be0aaf72157553d050cda1c1?s=96&d=mm&r=g","contentUrl":"https:\/\/secure.gravatar.com\/avatar\/c91eac1cf0d45897b6d294d474aa7713a194d460be0aaf72157553d050cda1c1?s=96&d=mm&r=g","caption":"Periodico Creston"},"sameAs":["https:\/\/creston.com.mx"],"url":"https:\/\/creston.com.mx\/index.php\/author\/cstnalja96\/"}]}},"jetpack_sharing_enabled":true,"jetpack_featured_media_url":"https:\/\/creston.com.mx\/wp-content\/uploads\/2025\/01\/inst-empresa-alemana.jpeg","_links":{"self":[{"href":"https:\/\/creston.com.mx\/index.php\/wp-json\/wp\/v2\/posts\/17","targetHints":{"allow":["GET"]}}],"collection":[{"href":"https:\/\/creston.com.mx\/index.php\/wp-json\/wp\/v2\/posts"}],"about":[{"href":"https:\/\/creston.com.mx\/index.php\/wp-json\/wp\/v2\/types\/post"}],"author":[{"embeddable":true,"href":"https:\/\/creston.com.mx\/index.php\/wp-json\/wp\/v2\/users\/1"}],"replies":[{"embeddable":true,"href":"https:\/\/creston.com.mx\/index.php\/wp-json\/wp\/v2\/comments?post=17"}],"version-history":[{"count":1,"href":"https:\/\/creston.com.mx\/index.php\/wp-json\/wp\/v2\/posts\/17\/revisions"}],"predecessor-version":[{"id":19,"href":"https:\/\/creston.com.mx\/index.php\/wp-json\/wp\/v2\/posts\/17\/revisions\/19"}],"wp:featuredmedia":[{"embeddable":true,"href":"https:\/\/creston.com.mx\/index.php\/wp-json\/wp\/v2\/media\/18"}],"wp:attachment":[{"href":"https:\/\/creston.com.mx\/index.php\/wp-json\/wp\/v2\/media?parent=17"}],"wp:term":[{"taxonomy":"category","embeddable":true,"href":"https:\/\/creston.com.mx\/index.php\/wp-json\/wp\/v2\/categories?post=17"},{"taxonomy":"post_tag","embeddable":true,"href":"https:\/\/creston.com.mx\/index.php\/wp-json\/wp\/v2\/tags?post=17"}],"curies":[{"name":"wp","href":"https:\/\/api.w.org\/{rel}","templated":true}]}}