{"id":156,"date":"2025-01-17T03:42:10","date_gmt":"2025-01-17T03:42:10","guid":{"rendered":"https:\/\/creston.com.mx\/?p=156"},"modified":"2025-01-17T03:42:11","modified_gmt":"2025-01-17T03:42:11","slug":"no-permitiremos-el-atropello-del-segundo-piso-miguel-varela","status":"publish","type":"post","link":"https:\/\/creston.com.mx\/index.php\/01\/no-permitiremos-el-atropello-del-segundo-piso-miguel-varela\/estado\/2025\/","title":{"rendered":"No permitiremos el atropello del segundo piso: Miguel Varela"},"content":{"rendered":"\n<p class=\"has-medium-font-size\"><strong>El proyecto afecta el patrimonio cultural, la econom\u00eda local y el medio ambiente, denuncia Varela, reitera su compromiso de escuchar a los zacatecanos.<\/strong><\/p>\n\n\n\n<p><\/p>\n\n\n\n<p><\/p>\n\n\n\n<p>El alcalde de la Capital, Miguel Varela, ha informado que el amparo interpuesto para detener la obra del segundo piso en la capital ha sido desechado. Pese a esta resoluci\u00f3n judicial, Miguel Varela reafirm\u00f3 su postura en pro de los zacatecanos y en contra del proyecto, se\u00f1alando que la construcci\u00f3n a\u00fan no cuenta con los permisos correspondientes.<\/p>\n\n\n\n<p>\u00abDetener el proyecto del piso elevado no es frenar el desarrollo de Zacatecas. No se trata de cumplir con un capricho personal, son miles de millones de pesos que pueden emplearse en temas verdaderamente prioritarios para la capital\u00bb, se\u00f1al\u00f3 el alcalde con firmeza.<\/p>\n\n\n\n<p>Varela hizo hincapi\u00e9 en los m\u00faltiples efectos negativos que la obra est\u00e1 generando para la ciudad. Desde la afectaci\u00f3n al sello distintivo de Zacatecas como una de las 10 Ciudades Patrimonio de la Humanidad, hasta el impacto en la econom\u00eda de los peque\u00f1os comerciantes que operan en la zona, el alcalde subray\u00f3 que las consecuencias de la construcci\u00f3n del segundo piso van mucho m\u00e1s all\u00e1 de lo est\u00e9tico.<\/p>\n\n\n\n<p>\u00abAfecta nuestra flora y fauna, y tambi\u00e9n compromete la atenci\u00f3n m\u00e9dica de urgencia, ya que el proyecto interfiere con el paso al hospital\u00bb, a\u00f1adi\u00f3 Varela, cuestionando hasta cu\u00e1ndo se permitir\u00e1 que el beneficio personal prevalezca sobre el beneficio colectivo.<\/p>\n\n\n\n<p>Miguel Varela, en sinton\u00eda con la voluntad de los zacatecanos, dej\u00f3 claro su compromiso: \u00abSi la gente de Zacatecas no quiere un segundo piso y no es necesario, har\u00e9 hasta lo imposible por detener lo que la ciudadan\u00eda considera el robo del siglo\u00bb. En respuesta a la desestimaci\u00f3n del amparo, el alcalde anunci\u00f3 que ya se est\u00e1 preparando una ruta jur\u00eddica para no permitir que la voz de los zacatecanos no sea escuchada.<\/p>\n","protected":false},"excerpt":{"rendered":"<p>El proyecto afecta el patrimonio cultural, la econom\u00eda local y el medio ambiente, denuncia Varela, reitera su compromiso de escuchar a los zacatecanos. El alcalde de la Capital, Miguel Varela,&hellip; <\/p>\n","protected":false},"author":1,"featured_media":157,"comment_status":"open","ping_status":"closed","sticky":false,"template":"","format":"standard","meta":{"_jetpack_memberships_contains_paid_content":false,"footnotes":""},"categories":[1],"tags":[],"class_list":["post-156","post","type-post","status-publish","format-standard","has-post-thumbnail","hentry","category-estado"],"yoast_head":"<!-- This site is optimized with the Yoast SEO plugin v24.2 - https:\/\/yoast.com\/wordpress\/plugins\/seo\/ -->\n<title>No permitiremos el atropello del segundo piso: Miguel Varela - Peri\u00f3dico Digital de Zacatecas<\/title>\n<meta name=\"robots\" content=\"index, follow, max-snippet:-1, max-image-preview:large, max-video-preview:-1\" \/>\n<link rel=\"canonical\" href=\"https:\/\/creston.com.mx\/index.php\/01\/no-permitiremos-el-atropello-del-segundo-piso-miguel-varela\/estado\/2025\/\" \/>\n<meta property=\"og:locale\" content=\"es_ES\" \/>\n<meta property=\"og:type\" content=\"article\" \/>\n<meta property=\"og:title\" content=\"No permitiremos el atropello del segundo piso: Miguel Varela - Peri\u00f3dico Digital de Zacatecas\" \/>\n<meta property=\"og:description\" content=\"El proyecto afecta el patrimonio cultural, la econom\u00eda local y el medio ambiente, denuncia Varela, reitera su compromiso de escuchar a los zacatecanos. El alcalde de la Capital, Miguel Varela,&hellip;\" \/>\n<meta property=\"og:url\" content=\"https:\/\/creston.com.mx\/index.php\/01\/no-permitiremos-el-atropello-del-segundo-piso-miguel-varela\/estado\/2025\/\" \/>\n<meta property=\"og:site_name\" content=\"Peri\u00f3dico Digital de Zacatecas\" \/>\n<meta property=\"article:published_time\" content=\"2025-01-17T03:42:10+00:00\" \/>\n<meta property=\"article:modified_time\" content=\"2025-01-17T03:42:11+00:00\" \/>\n<meta property=\"og:image\" content=\"https:\/\/creston.com.mx\/wp-content\/uploads\/2025\/01\/IMG-20250116-WA0010.jpg\" \/>\n\t<meta property=\"og:image:width\" content=\"1600\" \/>\n\t<meta property=\"og:image:height\" content=\"1600\" \/>\n\t<meta property=\"og:image:type\" content=\"image\/jpeg\" \/>\n<meta name=\"author\" content=\"Periodico Creston\" \/>\n<meta name=\"twitter:card\" content=\"summary_large_image\" \/>\n<meta name=\"twitter:label1\" content=\"Escrito por\" \/>\n\t<meta name=\"twitter:data1\" content=\"Periodico Creston\" \/>\n\t<meta name=\"twitter:label2\" content=\"Tiempo de lectura\" \/>\n\t<meta name=\"twitter:data2\" content=\"2 minutos\" \/>\n<script type=\"application\/ld+json\" class=\"yoast-schema-graph\">{\"@context\":\"https:\/\/schema.org\",\"@graph\":[{\"@type\":\"Article\",\"@id\":\"https:\/\/creston.com.mx\/index.php\/01\/no-permitiremos-el-atropello-del-segundo-piso-miguel-varela\/estado\/2025\/#article\",\"isPartOf\":{\"@id\":\"https:\/\/creston.com.mx\/index.php\/01\/no-permitiremos-el-atropello-del-segundo-piso-miguel-varela\/estado\/2025\/\"},\"author\":{\"name\":\"Periodico Creston\",\"@id\":\"https:\/\/creston.com.mx\/#\/schema\/person\/01f2ce9e289bc5300c759925ef768c1d\"},\"headline\":\"No permitiremos el atropello del segundo piso: Miguel Varela\",\"datePublished\":\"2025-01-17T03:42:10+00:00\",\"dateModified\":\"2025-01-17T03:42:11+00:00\",\"mainEntityOfPage\":{\"@id\":\"https:\/\/creston.com.mx\/index.php\/01\/no-permitiremos-el-atropello-del-segundo-piso-miguel-varela\/estado\/2025\/\"},\"wordCount\":333,\"commentCount\":0,\"publisher\":{\"@id\":\"https:\/\/creston.com.mx\/#organization\"},\"image\":{\"@id\":\"https:\/\/creston.com.mx\/index.php\/01\/no-permitiremos-el-atropello-del-segundo-piso-miguel-varela\/estado\/2025\/#primaryimage\"},\"thumbnailUrl\":\"https:\/\/creston.com.mx\/wp-content\/uploads\/2025\/01\/IMG-20250116-WA0010.jpg\",\"articleSection\":[\"Estado\"],\"inLanguage\":\"es\",\"potentialAction\":[{\"@type\":\"CommentAction\",\"name\":\"Comment\",\"target\":[\"https:\/\/creston.com.mx\/index.php\/01\/no-permitiremos-el-atropello-del-segundo-piso-miguel-varela\/estado\/2025\/#respond\"]}]},{\"@type\":\"WebPage\",\"@id\":\"https:\/\/creston.com.mx\/index.php\/01\/no-permitiremos-el-atropello-del-segundo-piso-miguel-varela\/estado\/2025\/\",\"url\":\"https:\/\/creston.com.mx\/index.php\/01\/no-permitiremos-el-atropello-del-segundo-piso-miguel-varela\/estado\/2025\/\",\"name\":\"No permitiremos el atropello del segundo piso: Miguel Varela - Peri\u00f3dico Digital de Zacatecas\",\"isPartOf\":{\"@id\":\"https:\/\/creston.com.mx\/#website\"},\"primaryImageOfPage\":{\"@id\":\"https:\/\/creston.com.mx\/index.php\/01\/no-permitiremos-el-atropello-del-segundo-piso-miguel-varela\/estado\/2025\/#primaryimage\"},\"image\":{\"@id\":\"https:\/\/creston.com.mx\/index.php\/01\/no-permitiremos-el-atropello-del-segundo-piso-miguel-varela\/estado\/2025\/#primaryimage\"},\"thumbnailUrl\":\"https:\/\/creston.com.mx\/wp-content\/uploads\/2025\/01\/IMG-20250116-WA0010.jpg\",\"datePublished\":\"2025-01-17T03:42:10+00:00\",\"dateModified\":\"2025-01-17T03:42:11+00:00\",\"breadcrumb\":{\"@id\":\"https:\/\/creston.com.mx\/index.php\/01\/no-permitiremos-el-atropello-del-segundo-piso-miguel-varela\/estado\/2025\/#breadcrumb\"},\"inLanguage\":\"es\",\"potentialAction\":[{\"@type\":\"ReadAction\",\"target\":[\"https:\/\/creston.com.mx\/index.php\/01\/no-permitiremos-el-atropello-del-segundo-piso-miguel-varela\/estado\/2025\/\"]}]},{\"@type\":\"ImageObject\",\"inLanguage\":\"es\",\"@id\":\"https:\/\/creston.com.mx\/index.php\/01\/no-permitiremos-el-atropello-del-segundo-piso-miguel-varela\/estado\/2025\/#primaryimage\",\"url\":\"https:\/\/creston.com.mx\/wp-content\/uploads\/2025\/01\/IMG-20250116-WA0010.jpg\",\"contentUrl\":\"https:\/\/creston.com.mx\/wp-content\/uploads\/2025\/01\/IMG-20250116-WA0010.jpg\",\"width\":1600,\"height\":1600},{\"@type\":\"BreadcrumbList\",\"@id\":\"https:\/\/creston.com.mx\/index.php\/01\/no-permitiremos-el-atropello-del-segundo-piso-miguel-varela\/estado\/2025\/#breadcrumb\",\"itemListElement\":[{\"@type\":\"ListItem\",\"position\":1,\"name\":\"Portada\",\"item\":\"https:\/\/creston.com.mx\/\"},{\"@type\":\"ListItem\",\"position\":2,\"name\":\"No permitiremos el atropello del segundo piso: Miguel Varela\"}]},{\"@type\":\"WebSite\",\"@id\":\"https:\/\/creston.com.mx\/#website\",\"url\":\"https:\/\/creston.com.mx\/\",\"name\":\"Peri\u00f3dico Digital de Zacatecas\",\"description\":\"\",\"publisher\":{\"@id\":\"https:\/\/creston.com.mx\/#organization\"},\"potentialAction\":[{\"@type\":\"SearchAction\",\"target\":{\"@type\":\"EntryPoint\",\"urlTemplate\":\"https:\/\/creston.com.mx\/?s={search_term_string}\"},\"query-input\":{\"@type\":\"PropertyValueSpecification\",\"valueRequired\":true,\"valueName\":\"search_term_string\"}}],\"inLanguage\":\"es\"},{\"@type\":\"Organization\",\"@id\":\"https:\/\/creston.com.mx\/#organization\",\"name\":\"Peri\u00f3dico Digital de Zacatecas\",\"url\":\"https:\/\/creston.com.mx\/\",\"logo\":{\"@type\":\"ImageObject\",\"inLanguage\":\"es\",\"@id\":\"https:\/\/creston.com.mx\/#\/schema\/logo\/image\/\",\"url\":\"https:\/\/creston.com.mx\/wp-content\/uploads\/2026\/02\/cropped-Logo-Creston2.jpg\",\"contentUrl\":\"https:\/\/creston.com.mx\/wp-content\/uploads\/2026\/02\/cropped-Logo-Creston2.jpg\",\"width\":503,\"height\":194,\"caption\":\"Peri\u00f3dico Digital  de Zacatecas\"},\"image\":{\"@id\":\"https:\/\/creston.com.mx\/#\/schema\/logo\/image\/\"}},{\"@type\":\"Person\",\"@id\":\"https:\/\/creston.com.mx\/#\/schema\/person\/01f2ce9e289bc5300c759925ef768c1d\",\"name\":\"Periodico Creston\",\"image\":{\"@type\":\"ImageObject\",\"inLanguage\":\"es\",\"@id\":\"https:\/\/creston.com.mx\/#\/schema\/person\/image\/\",\"url\":\"https:\/\/secure.gravatar.com\/avatar\/c91eac1cf0d45897b6d294d474aa7713a194d460be0aaf72157553d050cda1c1?s=96&d=mm&r=g\",\"contentUrl\":\"https:\/\/secure.gravatar.com\/avatar\/c91eac1cf0d45897b6d294d474aa7713a194d460be0aaf72157553d050cda1c1?s=96&d=mm&r=g\",\"caption\":\"Periodico Creston\"},\"sameAs\":[\"https:\/\/creston.com.mx\"],\"url\":\"https:\/\/creston.com.mx\/index.php\/author\/cstnalja96\/\"}]}<\/script>\n<!-- \/ Yoast SEO plugin. -->","yoast_head_json":{"title":"No permitiremos el atropello del segundo piso: Miguel Varela - Peri\u00f3dico Digital de Zacatecas","robots":{"index":"index","follow":"follow","max-snippet":"max-snippet:-1","max-image-preview":"max-image-preview:large","max-video-preview":"max-video-preview:-1"},"canonical":"https:\/\/creston.com.mx\/index.php\/01\/no-permitiremos-el-atropello-del-segundo-piso-miguel-varela\/estado\/2025\/","og_locale":"es_ES","og_type":"article","og_title":"No permitiremos el atropello del segundo piso: Miguel Varela - Peri\u00f3dico Digital de Zacatecas","og_description":"El proyecto afecta el patrimonio cultural, la econom\u00eda local y el medio ambiente, denuncia Varela, reitera su compromiso de escuchar a los zacatecanos. El alcalde de la Capital, Miguel Varela,&hellip;","og_url":"https:\/\/creston.com.mx\/index.php\/01\/no-permitiremos-el-atropello-del-segundo-piso-miguel-varela\/estado\/2025\/","og_site_name":"Peri\u00f3dico Digital de Zacatecas","article_published_time":"2025-01-17T03:42:10+00:00","article_modified_time":"2025-01-17T03:42:11+00:00","og_image":[{"width":1600,"height":1600,"url":"https:\/\/creston.com.mx\/wp-content\/uploads\/2025\/01\/IMG-20250116-WA0010.jpg","type":"image\/jpeg"}],"author":"Periodico Creston","twitter_card":"summary_large_image","twitter_misc":{"Escrito por":"Periodico Creston","Tiempo de lectura":"2 minutos"},"schema":{"@context":"https:\/\/schema.org","@graph":[{"@type":"Article","@id":"https:\/\/creston.com.mx\/index.php\/01\/no-permitiremos-el-atropello-del-segundo-piso-miguel-varela\/estado\/2025\/#article","isPartOf":{"@id":"https:\/\/creston.com.mx\/index.php\/01\/no-permitiremos-el-atropello-del-segundo-piso-miguel-varela\/estado\/2025\/"},"author":{"name":"Periodico Creston","@id":"https:\/\/creston.com.mx\/#\/schema\/person\/01f2ce9e289bc5300c759925ef768c1d"},"headline":"No permitiremos el atropello del segundo piso: Miguel Varela","datePublished":"2025-01-17T03:42:10+00:00","dateModified":"2025-01-17T03:42:11+00:00","mainEntityOfPage":{"@id":"https:\/\/creston.com.mx\/index.php\/01\/no-permitiremos-el-atropello-del-segundo-piso-miguel-varela\/estado\/2025\/"},"wordCount":333,"commentCount":0,"publisher":{"@id":"https:\/\/creston.com.mx\/#organization"},"image":{"@id":"https:\/\/creston.com.mx\/index.php\/01\/no-permitiremos-el-atropello-del-segundo-piso-miguel-varela\/estado\/2025\/#primaryimage"},"thumbnailUrl":"https:\/\/creston.com.mx\/wp-content\/uploads\/2025\/01\/IMG-20250116-WA0010.jpg","articleSection":["Estado"],"inLanguage":"es","potentialAction":[{"@type":"CommentAction","name":"Comment","target":["https:\/\/creston.com.mx\/index.php\/01\/no-permitiremos-el-atropello-del-segundo-piso-miguel-varela\/estado\/2025\/#respond"]}]},{"@type":"WebPage","@id":"https:\/\/creston.com.mx\/index.php\/01\/no-permitiremos-el-atropello-del-segundo-piso-miguel-varela\/estado\/2025\/","url":"https:\/\/creston.com.mx\/index.php\/01\/no-permitiremos-el-atropello-del-segundo-piso-miguel-varela\/estado\/2025\/","name":"No permitiremos el atropello del segundo piso: Miguel Varela - Peri\u00f3dico Digital de Zacatecas","isPartOf":{"@id":"https:\/\/creston.com.mx\/#website"},"primaryImageOfPage":{"@id":"https:\/\/creston.com.mx\/index.php\/01\/no-permitiremos-el-atropello-del-segundo-piso-miguel-varela\/estado\/2025\/#primaryimage"},"image":{"@id":"https:\/\/creston.com.mx\/index.php\/01\/no-permitiremos-el-atropello-del-segundo-piso-miguel-varela\/estado\/2025\/#primaryimage"},"thumbnailUrl":"https:\/\/creston.com.mx\/wp-content\/uploads\/2025\/01\/IMG-20250116-WA0010.jpg","datePublished":"2025-01-17T03:42:10+00:00","dateModified":"2025-01-17T03:42:11+00:00","breadcrumb":{"@id":"https:\/\/creston.com.mx\/index.php\/01\/no-permitiremos-el-atropello-del-segundo-piso-miguel-varela\/estado\/2025\/#breadcrumb"},"inLanguage":"es","potentialAction":[{"@type":"ReadAction","target":["https:\/\/creston.com.mx\/index.php\/01\/no-permitiremos-el-atropello-del-segundo-piso-miguel-varela\/estado\/2025\/"]}]},{"@type":"ImageObject","inLanguage":"es","@id":"https:\/\/creston.com.mx\/index.php\/01\/no-permitiremos-el-atropello-del-segundo-piso-miguel-varela\/estado\/2025\/#primaryimage","url":"https:\/\/creston.com.mx\/wp-content\/uploads\/2025\/01\/IMG-20250116-WA0010.jpg","contentUrl":"https:\/\/creston.com.mx\/wp-content\/uploads\/2025\/01\/IMG-20250116-WA0010.jpg","width":1600,"height":1600},{"@type":"BreadcrumbList","@id":"https:\/\/creston.com.mx\/index.php\/01\/no-permitiremos-el-atropello-del-segundo-piso-miguel-varela\/estado\/2025\/#breadcrumb","itemListElement":[{"@type":"ListItem","position":1,"name":"Portada","item":"https:\/\/creston.com.mx\/"},{"@type":"ListItem","position":2,"name":"No permitiremos el atropello del segundo piso: Miguel Varela"}]},{"@type":"WebSite","@id":"https:\/\/creston.com.mx\/#website","url":"https:\/\/creston.com.mx\/","name":"Peri\u00f3dico Digital de Zacatecas","description":"","publisher":{"@id":"https:\/\/creston.com.mx\/#organization"},"potentialAction":[{"@type":"SearchAction","target":{"@type":"EntryPoint","urlTemplate":"https:\/\/creston.com.mx\/?s={search_term_string}"},"query-input":{"@type":"PropertyValueSpecification","valueRequired":true,"valueName":"search_term_string"}}],"inLanguage":"es"},{"@type":"Organization","@id":"https:\/\/creston.com.mx\/#organization","name":"Peri\u00f3dico Digital de Zacatecas","url":"https:\/\/creston.com.mx\/","logo":{"@type":"ImageObject","inLanguage":"es","@id":"https:\/\/creston.com.mx\/#\/schema\/logo\/image\/","url":"https:\/\/creston.com.mx\/wp-content\/uploads\/2026\/02\/cropped-Logo-Creston2.jpg","contentUrl":"https:\/\/creston.com.mx\/wp-content\/uploads\/2026\/02\/cropped-Logo-Creston2.jpg","width":503,"height":194,"caption":"Peri\u00f3dico Digital  de Zacatecas"},"image":{"@id":"https:\/\/creston.com.mx\/#\/schema\/logo\/image\/"}},{"@type":"Person","@id":"https:\/\/creston.com.mx\/#\/schema\/person\/01f2ce9e289bc5300c759925ef768c1d","name":"Periodico Creston","image":{"@type":"ImageObject","inLanguage":"es","@id":"https:\/\/creston.com.mx\/#\/schema\/person\/image\/","url":"https:\/\/secure.gravatar.com\/avatar\/c91eac1cf0d45897b6d294d474aa7713a194d460be0aaf72157553d050cda1c1?s=96&d=mm&r=g","contentUrl":"https:\/\/secure.gravatar.com\/avatar\/c91eac1cf0d45897b6d294d474aa7713a194d460be0aaf72157553d050cda1c1?s=96&d=mm&r=g","caption":"Periodico Creston"},"sameAs":["https:\/\/creston.com.mx"],"url":"https:\/\/creston.com.mx\/index.php\/author\/cstnalja96\/"}]}},"jetpack_sharing_enabled":true,"jetpack_featured_media_url":"https:\/\/creston.com.mx\/wp-content\/uploads\/2025\/01\/IMG-20250116-WA0010.jpg","_links":{"self":[{"href":"https:\/\/creston.com.mx\/index.php\/wp-json\/wp\/v2\/posts\/156","targetHints":{"allow":["GET"]}}],"collection":[{"href":"https:\/\/creston.com.mx\/index.php\/wp-json\/wp\/v2\/posts"}],"about":[{"href":"https:\/\/creston.com.mx\/index.php\/wp-json\/wp\/v2\/types\/post"}],"author":[{"embeddable":true,"href":"https:\/\/creston.com.mx\/index.php\/wp-json\/wp\/v2\/users\/1"}],"replies":[{"embeddable":true,"href":"https:\/\/creston.com.mx\/index.php\/wp-json\/wp\/v2\/comments?post=156"}],"version-history":[{"count":1,"href":"https:\/\/creston.com.mx\/index.php\/wp-json\/wp\/v2\/posts\/156\/revisions"}],"predecessor-version":[{"id":158,"href":"https:\/\/creston.com.mx\/index.php\/wp-json\/wp\/v2\/posts\/156\/revisions\/158"}],"wp:featuredmedia":[{"embeddable":true,"href":"https:\/\/creston.com.mx\/index.php\/wp-json\/wp\/v2\/media\/157"}],"wp:attachment":[{"href":"https:\/\/creston.com.mx\/index.php\/wp-json\/wp\/v2\/media?parent=156"}],"wp:term":[{"taxonomy":"category","embeddable":true,"href":"https:\/\/creston.com.mx\/index.php\/wp-json\/wp\/v2\/categories?post=156"},{"taxonomy":"post_tag","embeddable":true,"href":"https:\/\/creston.com.mx\/index.php\/wp-json\/wp\/v2\/tags?post=156"}],"curies":[{"name":"wp","href":"https:\/\/api.w.org\/{rel}","templated":true}]}}